{"id":48887,"date":"2020-11-25T19:23:23","date_gmt":"2020-11-26T01:23:23","guid":{"rendered":"http:\/\/www.aliados17.com\/?p=48887"},"modified":"2020-11-25T19:23:23","modified_gmt":"2020-11-26T01:23:23","slug":"las-mujeres-tienen-el-potencial-de-salir-adelante-por-si-mismas-lalo-rivera-santamaria","status":"publish","type":"post","link":"https:\/\/www.aliadospuebla.com\/?p=48887","title":{"rendered":"Las mujeres tienen el potencial de salir adelante por si mismas: Lalo Rivera Santamar\u00eda"},"content":{"rendered":"<p style=\"font-weight: 400;\">En el marco internacional del D\u00eda Naranja, el empresario en medios de comunicaci\u00f3n Lalo Rivera Santamar\u00eda se reuni\u00f3 con aproximadamente con 150 mujeres poblanas para hablar, por una parte, de la lucha constante para erradicar la violencia de g\u00e9nero y por otra para ofrecer su apoyo a todas aquellas que cuentan con un comercio local.<\/p>\n<p style=\"font-weight: 400;\">Durante la reuni\u00f3n hablo sobre la violencia contra la mujer, la cual ha ido en aumento durante los \u00faltimos a\u00f1os y que dijo es una \u201cverg\u00fcenza\u201d existan personas que agredan al g\u00e9nero femenino. Asimismo, externo su apoyo para este sector que sigue en la lucha de obtener oportunidades equitativas dentro de la sociedad.<\/p>\n<p style=\"font-weight: 400;\">Rivera Santamar\u00eda mencion\u00f3 que la crisis econ\u00f3mica que vivimos actualmente a causa de la pandemia por Covid-19 y las pocas oportunidades laborales que actualmente existen, enfatiz\u00f3 en que las mujeres poblanas han sido ejemplo de perseverancia y esfuerzo invirtiendo su poco dinero para apostarle al emprendimiento.<\/p>\n<p style=\"font-weight: 400;\">Ante esto vio la necesidad de crear una Red de Mujeres activas en Networking y as\u00ed impulsar el talento y el trabajo de las poblanas. Explic\u00f3 que la finalidad de este proyecto es crear una base de datos d\u00f3nde se concentre la informaci\u00f3n de servicios y productos que ofrece cada una de las microempresarias poblanas. Con ello cada una de las participantes pueden ofrecer sus art\u00edculos de una manera f\u00e1cil y gratuita.<\/p>\n<p style=\"font-weight: 400;\">El empresario tambi\u00e9n les ofreci\u00f3 un espacio en su programa \u201cSiempre Contigo\u201d, que se transmite los d\u00edas martes y jueves a trav\u00e9s de la Tropical Caliente, para que puedan ser escuchadas por millones de poblanos que lo sintonizan y promocionen sus comercios, impulsando as\u00ed el consumo local.<\/p>\n<p style=\"font-weight: 400;\">Mencion\u00f3 que este proyecto inicio hace varias semanas y ya cuenta con la participaci\u00f3n de 3 mil 700 poblanas emprendedoras que ofrecen sus productos a trav\u00e9s de la Red de Mujeres activas en Netwroking.<\/p>\n<p style=\"font-weight: 400;\">Subray\u00f3 que para \u00e9l las mujeres representan un sector importante en la sociedad y quiere reconocer la labor que como amas de casa, empresarias y madres realizan apoy\u00e1ndoles en sus proyectos como emprendedoras.<\/p>\n<p style=\"font-weight: 400;\">Finaliz\u00f3 invitando a todos a continuar con las medidas sanitarias pertinentes para evitar el aumento de contagios, pero, sobre todo hizo un llamado a trabajar en equipo para salir delante de la crisis que ha dejado la pandemia ocasionada por el Covid-19.<\/p>\n","protected":false},"excerpt":{"rendered":"<p>En el marco internacional del D\u00eda Naranja, el empresario en medios de comunicaci\u00f3n Lalo Rivera Santamar\u00eda se reuni\u00f3 con aproximadamente con 150 mujeres poblanas para hablar, por una parte, de la lucha constante para erradicar la violencia de g\u00e9nero y por otra para ofrecer su apoyo a todas aquellas que cuentan con un comercio local. Durante la reuni\u00f3n hablo sobre la violencia contra la mujer, la cual ha ido en aumento durante los \u00faltimos a\u00f1os y que dijo es una \u201cverg\u00fcenza\u201d existan personas que agredan al g\u00e9nero femenino. Asimismo, externo su apoyo para este sector que sigue en la lucha de obtener oportunidades equitativas dentro de la sociedad. Rivera Santamar\u00eda mencion\u00f3 que la crisis econ\u00f3mica que vivimos actualmente a causa de la pandemia por Covid-19&hellip;<\/p>\n<p class=\"excerpt-more\"><a class=\"blog-excerpt button\" href=\"https:\/\/www.aliadospuebla.com\/?p=48887\">Leer m\u00e1s&#8230;<\/a><\/p>\n","protected":false},"author":3,"featured_media":48888,"comment_status":"open","ping_status":"open","sticky":false,"template":"","format":"standard","meta":{"_monsterinsights_skip_tracking":false,"footnotes":""},"categories":[6],"tags":[56,14954,77,72],"class_list":["post-48887","post","type-post","status-publish","format-standard","has-post-thumbnail","hentry","category-politica","tag-capital","tag-lalo-rivera","tag-municipios","tag-puebla"],"yoast_head":"<!-- This site is optimized with the Yoast SEO plugin v28.4 - https:\/\/yoast.com\/product\/yoast-seo-wordpress\/ -->\n<title>Las mujeres tienen el potencial de salir adelante por si mismas: Lalo Rivera Santamar\u00eda - AliadosPuebla<\/title>\n<meta name=\"robots\" content=\"index, follow, max-snippet:-1, max-image-preview:large, max-video-preview:-1\" \/>\n<link rel=\"canonical\" href=\"https:\/\/www.aliadospuebla.com\/?p=48887\" \/>\n<meta property=\"og:locale\" content=\"es_ES\" \/>\n<meta property=\"og:type\" content=\"article\" \/>\n<meta property=\"og:title\" content=\"Las mujeres tienen el potencial de salir adelante por si mismas: Lalo Rivera Santamar\u00eda - AliadosPuebla\" \/>\n<meta property=\"og:description\" content=\"En el marco internacional del D\u00eda Naranja, el empresario en medios de comunicaci\u00f3n Lalo Rivera Santamar\u00eda se reuni\u00f3 con aproximadamente con 150 mujeres poblanas para hablar, por una parte, de la lucha constante para erradicar la violencia de g\u00e9nero y por otra para ofrecer su apoyo a todas aquellas que cuentan con un comercio local. Durante la reuni\u00f3n hablo sobre la violencia contra la mujer, la cual ha ido en aumento durante los \u00faltimos a\u00f1os y que dijo es una \u201cverg\u00fcenza\u201d existan personas que agredan al g\u00e9nero femenino. Asimismo, externo su apoyo para este sector que sigue en la lucha de obtener oportunidades equitativas dentro de la sociedad. Rivera Santamar\u00eda mencion\u00f3 que la crisis econ\u00f3mica que vivimos actualmente a causa de la pandemia por Covid-19&hellip;Leer m\u00e1s...\" \/>\n<meta property=\"og:url\" content=\"https:\/\/www.aliadospuebla.com\/?p=48887\" \/>\n<meta property=\"og:site_name\" content=\"AliadosPuebla\" \/>\n<meta property=\"article:published_time\" content=\"2020-11-26T01:23:23+00:00\" \/>\n<meta property=\"og:image\" content=\"https:\/\/www.aliadospuebla.com\/web2017\/wp-content\/uploads\/2020\/11\/POLI.jpg\" \/>\n\t<meta property=\"og:image:width\" content=\"600\" \/>\n\t<meta property=\"og:image:height\" content=\"450\" \/>\n\t<meta property=\"og:image:type\" content=\"image\/jpeg\" \/>\n<meta name=\"author\" content=\"Aliados Videos\" \/>\n<meta name=\"twitter:card\" content=\"summary_large_image\" \/>\n<meta name=\"twitter:label1\" content=\"Escrito por\" \/>\n\t<meta name=\"twitter:data1\" content=\"Aliados Videos\" \/>\n\t<meta name=\"twitter:label2\" content=\"Tiempo de lectura\" \/>\n\t<meta name=\"twitter:data2\" content=\"2 minutos\" \/>\n<script type=\"application\/ld+json\" class=\"yoast-schema-graph\">{\"@context\":\"https:\\\/\\\/schema.org\",\"@graph\":[{\"@type\":\"Article\",\"@id\":\"https:\\\/\\\/www.aliadospuebla.com\\\/?p=48887#article\",\"isPartOf\":{\"@id\":\"https:\\\/\\\/www.aliadospuebla.com\\\/?p=48887\"},\"author\":{\"name\":\"Aliados Videos\",\"@id\":\"https:\\\/\\\/www.aliadospuebla.com\\\/#\\\/schema\\\/person\\\/0fd017f23cc5c3f7988d5d58850eec8e\"},\"headline\":\"Las mujeres tienen el potencial de salir adelante por si mismas: Lalo Rivera Santamar\u00eda\",\"datePublished\":\"2020-11-26T01:23:23+00:00\",\"mainEntityOfPage\":{\"@id\":\"https:\\\/\\\/www.aliadospuebla.com\\\/?p=48887\"},\"wordCount\":414,\"commentCount\":0,\"image\":{\"@id\":\"https:\\\/\\\/www.aliadospuebla.com\\\/?p=48887#primaryimage\"},\"thumbnailUrl\":\"https:\\\/\\\/www.aliadospuebla.com\\\/web2017\\\/wp-content\\\/uploads\\\/2020\\\/11\\\/POLI.jpg\",\"keywords\":[\"capital\",\"LALO RIVERA\",\"Municipios\",\"Puebla\"],\"articleSection\":[\"Pol\u00edtica\"],\"inLanguage\":\"es\",\"potentialAction\":[{\"@type\":\"CommentAction\",\"name\":\"Comment\",\"target\":[\"https:\\\/\\\/www.aliadospuebla.com\\\/?p=48887#respond\"]}]},{\"@type\":\"WebPage\",\"@id\":\"https:\\\/\\\/www.aliadospuebla.com\\\/?p=48887\",\"url\":\"https:\\\/\\\/www.aliadospuebla.com\\\/?p=48887\",\"name\":\"Las mujeres tienen el potencial de salir adelante por si mismas: Lalo Rivera Santamar\u00eda - AliadosPuebla\",\"isPartOf\":{\"@id\":\"https:\\\/\\\/www.aliadospuebla.com\\\/#website\"},\"primaryImageOfPage\":{\"@id\":\"https:\\\/\\\/www.aliadospuebla.com\\\/?p=48887#primaryimage\"},\"image\":{\"@id\":\"https:\\\/\\\/www.aliadospuebla.com\\\/?p=48887#primaryimage\"},\"thumbnailUrl\":\"https:\\\/\\\/www.aliadospuebla.com\\\/web2017\\\/wp-content\\\/uploads\\\/2020\\\/11\\\/POLI.jpg\",\"datePublished\":\"2020-11-26T01:23:23+00:00\",\"author\":{\"@id\":\"https:\\\/\\\/www.aliadospuebla.com\\\/#\\\/schema\\\/person\\\/0fd017f23cc5c3f7988d5d58850eec8e\"},\"breadcrumb\":{\"@id\":\"https:\\\/\\\/www.aliadospuebla.com\\\/?p=48887#breadcrumb\"},\"inLanguage\":\"es\",\"potentialAction\":[{\"@type\":\"ReadAction\",\"target\":[\"https:\\\/\\\/www.aliadospuebla.com\\\/?p=48887\"]}]},{\"@type\":\"ImageObject\",\"inLanguage\":\"es\",\"@id\":\"https:\\\/\\\/www.aliadospuebla.com\\\/?p=48887#primaryimage\",\"url\":\"https:\\\/\\\/www.aliadospuebla.com\\\/web2017\\\/wp-content\\\/uploads\\\/2020\\\/11\\\/POLI.jpg\",\"contentUrl\":\"https:\\\/\\\/www.aliadospuebla.com\\\/web2017\\\/wp-content\\\/uploads\\\/2020\\\/11\\\/POLI.jpg\",\"width\":600,\"height\":450},{\"@type\":\"BreadcrumbList\",\"@id\":\"https:\\\/\\\/www.aliadospuebla.com\\\/?p=48887#breadcrumb\",\"itemListElement\":[{\"@type\":\"ListItem\",\"position\":1,\"name\":\"Portada\",\"item\":\"https:\\\/\\\/www.aliadospuebla.com\\\/\"},{\"@type\":\"ListItem\",\"position\":2,\"name\":\"Las mujeres tienen el potencial de salir adelante por si mismas: Lalo Rivera Santamar\u00eda\"}]},{\"@type\":\"WebSite\",\"@id\":\"https:\\\/\\\/www.aliadospuebla.com\\\/#website\",\"url\":\"https:\\\/\\\/www.aliadospuebla.com\\\/\",\"name\":\"AliadosPuebla\",\"description\":\"La informaci\u00f3n en tus manos\",\"potentialAction\":[{\"@type\":\"SearchAction\",\"target\":{\"@type\":\"EntryPoint\",\"urlTemplate\":\"https:\\\/\\\/www.aliadospuebla.com\\\/?s={search_term_string}\"},\"query-input\":{\"@type\":\"PropertyValueSpecification\",\"valueRequired\":true,\"valueName\":\"search_term_string\"}}],\"inLanguage\":\"es\"},{\"@type\":\"Person\",\"@id\":\"https:\\\/\\\/www.aliadospuebla.com\\\/#\\\/schema\\\/person\\\/0fd017f23cc5c3f7988d5d58850eec8e\",\"name\":\"Aliados Videos\",\"image\":{\"@type\":\"ImageObject\",\"inLanguage\":\"es\",\"@id\":\"https:\\\/\\\/secure.gravatar.com\\\/avatar\\\/42b92de8b2d8339e1e824f3a73ab023a0bec0ee2e3920248085eb1f3160b4083?s=96&d=mm&r=g\",\"url\":\"https:\\\/\\\/secure.gravatar.com\\\/avatar\\\/42b92de8b2d8339e1e824f3a73ab023a0bec0ee2e3920248085eb1f3160b4083?s=96&d=mm&r=g\",\"contentUrl\":\"https:\\\/\\\/secure.gravatar.com\\\/avatar\\\/42b92de8b2d8339e1e824f3a73ab023a0bec0ee2e3920248085eb1f3160b4083?s=96&d=mm&r=g\",\"caption\":\"Aliados Videos\"},\"url\":\"https:\\\/\\\/www.aliadospuebla.com\\\/?author=3\"}]}<\/script>\n<!-- \/ Yoast SEO plugin. -->","yoast_head_json":{"title":"Las mujeres tienen el potencial de salir adelante por si mismas: Lalo Rivera Santamar\u00eda - AliadosPuebla","robots":{"index":"index","follow":"follow","max-snippet":"max-snippet:-1","max-image-preview":"max-image-preview:large","max-video-preview":"max-video-preview:-1"},"canonical":"https:\/\/www.aliadospuebla.com\/?p=48887","og_locale":"es_ES","og_type":"article","og_title":"Las mujeres tienen el potencial de salir adelante por si mismas: Lalo Rivera Santamar\u00eda - AliadosPuebla","og_description":"En el marco internacional del D\u00eda Naranja, el empresario en medios de comunicaci\u00f3n Lalo Rivera Santamar\u00eda se reuni\u00f3 con aproximadamente con 150 mujeres poblanas para hablar, por una parte, de la lucha constante para erradicar la violencia de g\u00e9nero y por otra para ofrecer su apoyo a todas aquellas que cuentan con un comercio local. Durante la reuni\u00f3n hablo sobre la violencia contra la mujer, la cual ha ido en aumento durante los \u00faltimos a\u00f1os y que dijo es una \u201cverg\u00fcenza\u201d existan personas que agredan al g\u00e9nero femenino. Asimismo, externo su apoyo para este sector que sigue en la lucha de obtener oportunidades equitativas dentro de la sociedad. Rivera Santamar\u00eda mencion\u00f3 que la crisis econ\u00f3mica que vivimos actualmente a causa de la pandemia por Covid-19&hellip;Leer m\u00e1s...","og_url":"https:\/\/www.aliadospuebla.com\/?p=48887","og_site_name":"AliadosPuebla","article_published_time":"2020-11-26T01:23:23+00:00","og_image":[{"width":600,"height":450,"url":"https:\/\/www.aliadospuebla.com\/web2017\/wp-content\/uploads\/2020\/11\/POLI.jpg","type":"image\/jpeg"}],"author":"Aliados Videos","twitter_card":"summary_large_image","twitter_misc":{"Escrito por":"Aliados Videos","Tiempo de lectura":"2 minutos"},"schema":{"@context":"https:\/\/schema.org","@graph":[{"@type":"Article","@id":"https:\/\/www.aliadospuebla.com\/?p=48887#article","isPartOf":{"@id":"https:\/\/www.aliadospuebla.com\/?p=48887"},"author":{"name":"Aliados Videos","@id":"https:\/\/www.aliadospuebla.com\/#\/schema\/person\/0fd017f23cc5c3f7988d5d58850eec8e"},"headline":"Las mujeres tienen el potencial de salir adelante por si mismas: Lalo Rivera Santamar\u00eda","datePublished":"2020-11-26T01:23:23+00:00","mainEntityOfPage":{"@id":"https:\/\/www.aliadospuebla.com\/?p=48887"},"wordCount":414,"commentCount":0,"image":{"@id":"https:\/\/www.aliadospuebla.com\/?p=48887#primaryimage"},"thumbnailUrl":"https:\/\/www.aliadospuebla.com\/web2017\/wp-content\/uploads\/2020\/11\/POLI.jpg","keywords":["capital","LALO RIVERA","Municipios","Puebla"],"articleSection":["Pol\u00edtica"],"inLanguage":"es","potentialAction":[{"@type":"CommentAction","name":"Comment","target":["https:\/\/www.aliadospuebla.com\/?p=48887#respond"]}]},{"@type":"WebPage","@id":"https:\/\/www.aliadospuebla.com\/?p=48887","url":"https:\/\/www.aliadospuebla.com\/?p=48887","name":"Las mujeres tienen el potencial de salir adelante por si mismas: Lalo Rivera Santamar\u00eda - AliadosPuebla","isPartOf":{"@id":"https:\/\/www.aliadospuebla.com\/#website"},"primaryImageOfPage":{"@id":"https:\/\/www.aliadospuebla.com\/?p=48887#primaryimage"},"image":{"@id":"https:\/\/www.aliadospuebla.com\/?p=48887#primaryimage"},"thumbnailUrl":"https:\/\/www.aliadospuebla.com\/web2017\/wp-content\/uploads\/2020\/11\/POLI.jpg","datePublished":"2020-11-26T01:23:23+00:00","author":{"@id":"https:\/\/www.aliadospuebla.com\/#\/schema\/person\/0fd017f23cc5c3f7988d5d58850eec8e"},"breadcrumb":{"@id":"https:\/\/www.aliadospuebla.com\/?p=48887#breadcrumb"},"inLanguage":"es","potentialAction":[{"@type":"ReadAction","target":["https:\/\/www.aliadospuebla.com\/?p=48887"]}]},{"@type":"ImageObject","inLanguage":"es","@id":"https:\/\/www.aliadospuebla.com\/?p=48887#primaryimage","url":"https:\/\/www.aliadospuebla.com\/web2017\/wp-content\/uploads\/2020\/11\/POLI.jpg","contentUrl":"https:\/\/www.aliadospuebla.com\/web2017\/wp-content\/uploads\/2020\/11\/POLI.jpg","width":600,"height":450},{"@type":"BreadcrumbList","@id":"https:\/\/www.aliadospuebla.com\/?p=48887#breadcrumb","itemListElement":[{"@type":"ListItem","position":1,"name":"Portada","item":"https:\/\/www.aliadospuebla.com\/"},{"@type":"ListItem","position":2,"name":"Las mujeres tienen el potencial de salir adelante por si mismas: Lalo Rivera Santamar\u00eda"}]},{"@type":"WebSite","@id":"https:\/\/www.aliadospuebla.com\/#website","url":"https:\/\/www.aliadospuebla.com\/","name":"AliadosPuebla","description":"La informaci\u00f3n en tus manos","potentialAction":[{"@type":"SearchAction","target":{"@type":"EntryPoint","urlTemplate":"https:\/\/www.aliadospuebla.com\/?s={search_term_string}"},"query-input":{"@type":"PropertyValueSpecification","valueRequired":true,"valueName":"search_term_string"}}],"inLanguage":"es"},{"@type":"Person","@id":"https:\/\/www.aliadospuebla.com\/#\/schema\/person\/0fd017f23cc5c3f7988d5d58850eec8e","name":"Aliados Videos","image":{"@type":"ImageObject","inLanguage":"es","@id":"https:\/\/secure.gravatar.com\/avatar\/42b92de8b2d8339e1e824f3a73ab023a0bec0ee2e3920248085eb1f3160b4083?s=96&d=mm&r=g","url":"https:\/\/secure.gravatar.com\/avatar\/42b92de8b2d8339e1e824f3a73ab023a0bec0ee2e3920248085eb1f3160b4083?s=96&d=mm&r=g","contentUrl":"https:\/\/secure.gravatar.com\/avatar\/42b92de8b2d8339e1e824f3a73ab023a0bec0ee2e3920248085eb1f3160b4083?s=96&d=mm&r=g","caption":"Aliados Videos"},"url":"https:\/\/www.aliadospuebla.com\/?author=3"}]}},"views":10,"_links":{"self":[{"href":"https:\/\/www.aliadospuebla.com\/index.php?rest_route=\/wp\/v2\/posts\/48887","targetHints":{"allow":["GET"]}}],"collection":[{"href":"https:\/\/www.aliadospuebla.com\/index.php?rest_route=\/wp\/v2\/posts"}],"about":[{"href":"https:\/\/www.aliadospuebla.com\/index.php?rest_route=\/wp\/v2\/types\/post"}],"author":[{"embeddable":true,"href":"https:\/\/www.aliadospuebla.com\/index.php?rest_route=\/wp\/v2\/users\/3"}],"replies":[{"embeddable":true,"href":"https:\/\/www.aliadospuebla.com\/index.php?rest_route=%2Fwp%2Fv2%2Fcomments&post=48887"}],"version-history":[{"count":1,"href":"https:\/\/www.aliadospuebla.com\/index.php?rest_route=\/wp\/v2\/posts\/48887\/revisions"}],"predecessor-version":[{"id":48889,"href":"https:\/\/www.aliadospuebla.com\/index.php?rest_route=\/wp\/v2\/posts\/48887\/revisions\/48889"}],"wp:featuredmedia":[{"embeddable":true,"href":"https:\/\/www.aliadospuebla.com\/index.php?rest_route=\/wp\/v2\/media\/48888"}],"wp:attachment":[{"href":"https:\/\/www.aliadospuebla.com\/index.php?rest_route=%2Fwp%2Fv2%2Fmedia&parent=48887"}],"wp:term":[{"taxonomy":"category","embeddable":true,"href":"https:\/\/www.aliadospuebla.com\/index.php?rest_route=%2Fwp%2Fv2%2Fcategories&post=48887"},{"taxonomy":"post_tag","embeddable":true,"href":"https:\/\/www.aliadospuebla.com\/index.php?rest_route=%2Fwp%2Fv2%2Ftags&post=48887"}],"curies":[{"name":"wp","href":"https:\/\/api.w.org\/{rel}","templated":true}]}}