{"id":48836,"date":"2020-11-24T18:23:01","date_gmt":"2020-11-25T00:23:01","guid":{"rendered":"http:\/\/www.aliados17.com\/?p=48836"},"modified":"2020-11-24T18:23:01","modified_gmt":"2020-11-25T00:23:01","slug":"aprueban-iniciativa-en-materia-de-paridad-de-genero-a-jonathan-collantes","status":"publish","type":"post","link":"https:\/\/www.aliadospuebla.com\/?p=48836","title":{"rendered":"APRUEBAN INICIATIVA EN MATERIA DE PARIDAD DE G\u00c9NERO A JONATHAN COLLANTES"},"content":{"rendered":"<p style=\"font-weight: 400;\">Promover la paridad de g\u00e9nero en las instituciones, as\u00ed como el uso debido de los recursos p\u00fablicos son temas que se abordaron en las Iniciativas que present\u00f3 el Legislador Jonathan Collantes Caba\u00f1as en la Sesi\u00f3n Virtual Ordinaria del Congreso del Estado de Puebla.<\/p>\n<p style=\"font-weight: 400;\">En la iniciativa que reforma diversas disposiciones de la Ley de Transparencia y Acceso a la Informaci\u00f3n P\u00fablica del Estado, el Diputado se\u00f1al\u00f3 que la paridad de g\u00e9nero se ha convertido en uno de los medios para alcanzar la democracia en nuestro pa\u00eds y as\u00ed hacer un Estado m\u00e1s justo, libre e igualitario para todas y todos.<\/p>\n<p style=\"font-weight: 400;\">\u201cGenerar un camino igualitario para hombres y mujeres hacia la b\u00fasqueda de una igualdad sustantiva, es una acci\u00f3n que debemos de realizar, por lo que es de vital importancia actualizar las leyes que rigen nuestro estado para hacer m\u00e1s efectivo el respeto de los derechos humanos de todas las personas sin distinci\u00f3n\u201d, mencion\u00f3 Collantes Caba\u00f1as.<\/p>\n<p style=\"font-weight: 400;\">En otro tema, recalc\u00f3 que los actos de corrupci\u00f3n son uno de los problemas m\u00e1s grandes de la sociedad mexicana y que es por ello, que no se les tiene confianza a los gobiernos, ni a las autoridades.<\/p>\n<p style=\"font-weight: 400;\">Es por ello, que present\u00f3 una Iniciativa que reforma la Ley de Responsabilidades de los Servidores P\u00fablicos del Estado, que busca establecer que la Secretar\u00eda de la Funci\u00f3n P\u00fablica del Estado es una autoridad competente para aplicar la citada Ley, adem\u00e1s de realizar la actualizaci\u00f3n que tiene esta Secretar\u00eda desde el a\u00f1o pasado en la Ley Org\u00e1nica de la Administraci\u00f3n P\u00fablica.<\/p>\n<p style=\"font-weight: 400;\">Destac\u00f3 que en Puebla a trav\u00e9s de la expedici\u00f3n de esa ley la Secretar\u00eda de la Funci\u00f3n P\u00fablica es competente para:<\/p>\n<ul>\n<li style=\"font-weight: 400;\">Auditar e inspeccionar el ejercicio del gasto p\u00fablico estatal.<\/li>\n<li style=\"font-weight: 400;\">Organizar, supervisar y coordinar el Sistema de Control Interno de la Administraci\u00f3n P\u00fablica del Estado.<\/li>\n<li style=\"font-weight: 400;\">Inspeccionar que las dependencias y entidades de la Administraci\u00f3n P\u00fablica Estatal cumplan con las normas y disposiciones en materia de sistemas de registro y contabilidad.<\/li>\n<li style=\"font-weight: 400;\">Coadyuvar en la conformaci\u00f3n de la Plataforma Digital Estatal del Sistema Estatal Anticorrupci\u00f3n.<\/li>\n<li style=\"font-weight: 400;\">Vigilar y controlar la administraci\u00f3n de los recursos patrimoniales del estado y los que la Federaci\u00f3n le transfiera o aporte.<\/li>\n<li style=\"font-weight: 400;\">Conocer e investigar las conductas de las y los servidores p\u00fablicos de la Administraci\u00f3n P\u00fablica Estatal que puedan constituir responsabilidades administrativas.<\/li>\n<\/ul>\n<p style=\"font-weight: 400;\">Cabe resaltar que ambas Iniciativas fueron votadas a favor por las y los integrantes de la #LX Legislatura, con lo que se confirma el trabajo que realiza Jonathan Collantes a favor de Puebla y de su gente.<\/p>\n","protected":false},"excerpt":{"rendered":"<p>Promover la paridad de g\u00e9nero en las instituciones, as\u00ed como el uso debido de los recursos p\u00fablicos son temas que se abordaron en las Iniciativas que present\u00f3 el Legislador Jonathan Collantes Caba\u00f1as en la Sesi\u00f3n Virtual Ordinaria del Congreso del Estado de Puebla. En la iniciativa que reforma diversas disposiciones de la Ley de Transparencia y Acceso a la Informaci\u00f3n P\u00fablica del Estado, el Diputado se\u00f1al\u00f3 que la paridad de g\u00e9nero se ha convertido en uno de los medios para alcanzar la democracia en nuestro pa\u00eds y as\u00ed hacer un Estado m\u00e1s justo, libre e igualitario para todas y todos. \u201cGenerar un camino igualitario para hombres y mujeres hacia la b\u00fasqueda de una igualdad sustantiva, es una acci\u00f3n que debemos de realizar, por lo que&hellip;<\/p>\n<p class=\"excerpt-more\"><a class=\"blog-excerpt button\" href=\"https:\/\/www.aliadospuebla.com\/?p=48836\">Leer m\u00e1s&#8230;<\/a><\/p>\n","protected":false},"author":2,"featured_media":48837,"comment_status":"open","ping_status":"open","sticky":false,"template":"","format":"standard","meta":{"_monsterinsights_skip_tracking":false,"footnotes":""},"categories":[6],"tags":[88,9886,8373,1125,12773],"class_list":["post-48836","post","type-post","status-publish","format-standard","has-post-thumbnail","hentry","category-politica","tag-congreso-del-estado","tag-igualdad-sustantiva","tag-jonathan-collantes-cabanas","tag-paridad-de-genero","tag-sesion-virtual"],"yoast_head":"<!-- This site is optimized with the Yoast SEO plugin v28.4 - https:\/\/yoast.com\/product\/yoast-seo-wordpress\/ -->\n<title>APRUEBAN INICIATIVA EN MATERIA DE PARIDAD DE G\u00c9NERO A JONATHAN COLLANTES - AliadosPuebla<\/title>\n<meta name=\"robots\" content=\"index, follow, max-snippet:-1, max-image-preview:large, max-video-preview:-1\" \/>\n<link rel=\"canonical\" href=\"https:\/\/www.aliadospuebla.com\/?p=48836\" \/>\n<meta property=\"og:locale\" content=\"es_ES\" \/>\n<meta property=\"og:type\" content=\"article\" \/>\n<meta property=\"og:title\" content=\"APRUEBAN INICIATIVA EN MATERIA DE PARIDAD DE G\u00c9NERO A JONATHAN COLLANTES - AliadosPuebla\" \/>\n<meta property=\"og:description\" content=\"Promover la paridad de g\u00e9nero en las instituciones, as\u00ed como el uso debido de los recursos p\u00fablicos son temas que se abordaron en las Iniciativas que present\u00f3 el Legislador Jonathan Collantes Caba\u00f1as en la Sesi\u00f3n Virtual Ordinaria del Congreso del Estado de Puebla. En la iniciativa que reforma diversas disposiciones de la Ley de Transparencia y Acceso a la Informaci\u00f3n P\u00fablica del Estado, el Diputado se\u00f1al\u00f3 que la paridad de g\u00e9nero se ha convertido en uno de los medios para alcanzar la democracia en nuestro pa\u00eds y as\u00ed hacer un Estado m\u00e1s justo, libre e igualitario para todas y todos. \u201cGenerar un camino igualitario para hombres y mujeres hacia la b\u00fasqueda de una igualdad sustantiva, es una acci\u00f3n que debemos de realizar, por lo que&hellip;Leer m\u00e1s...\" \/>\n<meta property=\"og:url\" content=\"https:\/\/www.aliadospuebla.com\/?p=48836\" \/>\n<meta property=\"og:site_name\" content=\"AliadosPuebla\" \/>\n<meta property=\"article:author\" content=\"https:\/\/www.facebook.com\/Aliados17Pue\" \/>\n<meta property=\"article:published_time\" content=\"2020-11-25T00:23:01+00:00\" \/>\n<meta property=\"og:image\" content=\"https:\/\/www.aliadospuebla.com\/web2017\/wp-content\/uploads\/2020\/11\/106-Jonathan.jpg\" \/>\n\t<meta property=\"og:image:width\" content=\"600\" \/>\n\t<meta property=\"og:image:height\" content=\"450\" \/>\n\t<meta property=\"og:image:type\" content=\"image\/jpeg\" \/>\n<meta name=\"author\" content=\"Aliados17\" \/>\n<meta name=\"twitter:card\" content=\"summary_large_image\" \/>\n<meta name=\"twitter:creator\" content=\"@AliadosPuebla\" \/>\n<meta name=\"twitter:label1\" content=\"Escrito por\" \/>\n\t<meta name=\"twitter:data1\" content=\"Aliados17\" \/>\n\t<meta name=\"twitter:label2\" content=\"Tiempo de lectura\" \/>\n\t<meta name=\"twitter:data2\" content=\"2 minutos\" \/>\n<script type=\"application\/ld+json\" class=\"yoast-schema-graph\">{\"@context\":\"https:\\\/\\\/schema.org\",\"@graph\":[{\"@type\":\"Article\",\"@id\":\"https:\\\/\\\/www.aliadospuebla.com\\\/?p=48836#article\",\"isPartOf\":{\"@id\":\"https:\\\/\\\/www.aliadospuebla.com\\\/?p=48836\"},\"author\":{\"name\":\"Aliados17\",\"@id\":\"https:\\\/\\\/www.aliadospuebla.com\\\/#\\\/schema\\\/person\\\/5da7dd09320bd4f392b710017ed5f8ad\"},\"headline\":\"APRUEBAN INICIATIVA EN MATERIA DE PARIDAD DE G\u00c9NERO A JONATHAN COLLANTES\",\"datePublished\":\"2020-11-25T00:23:01+00:00\",\"mainEntityOfPage\":{\"@id\":\"https:\\\/\\\/www.aliadospuebla.com\\\/?p=48836\"},\"wordCount\":472,\"commentCount\":0,\"image\":{\"@id\":\"https:\\\/\\\/www.aliadospuebla.com\\\/?p=48836#primaryimage\"},\"thumbnailUrl\":\"https:\\\/\\\/www.aliadospuebla.com\\\/web2017\\\/wp-content\\\/uploads\\\/2020\\\/11\\\/106-Jonathan.jpg\",\"keywords\":[\"Congreso del Estado\",\"Igualdad sustantiva\",\"Jonathan Collantes Caba\u00f1as\",\"PARIDAD DE G\u00c9NERO\",\"sesi\u00f3n virtual\"],\"articleSection\":[\"Pol\u00edtica\"],\"inLanguage\":\"es\",\"potentialAction\":[{\"@type\":\"CommentAction\",\"name\":\"Comment\",\"target\":[\"https:\\\/\\\/www.aliadospuebla.com\\\/?p=48836#respond\"]}]},{\"@type\":\"WebPage\",\"@id\":\"https:\\\/\\\/www.aliadospuebla.com\\\/?p=48836\",\"url\":\"https:\\\/\\\/www.aliadospuebla.com\\\/?p=48836\",\"name\":\"APRUEBAN INICIATIVA EN MATERIA DE PARIDAD DE G\u00c9NERO A JONATHAN COLLANTES - AliadosPuebla\",\"isPartOf\":{\"@id\":\"https:\\\/\\\/www.aliadospuebla.com\\\/#website\"},\"primaryImageOfPage\":{\"@id\":\"https:\\\/\\\/www.aliadospuebla.com\\\/?p=48836#primaryimage\"},\"image\":{\"@id\":\"https:\\\/\\\/www.aliadospuebla.com\\\/?p=48836#primaryimage\"},\"thumbnailUrl\":\"https:\\\/\\\/www.aliadospuebla.com\\\/web2017\\\/wp-content\\\/uploads\\\/2020\\\/11\\\/106-Jonathan.jpg\",\"datePublished\":\"2020-11-25T00:23:01+00:00\",\"author\":{\"@id\":\"https:\\\/\\\/www.aliadospuebla.com\\\/#\\\/schema\\\/person\\\/5da7dd09320bd4f392b710017ed5f8ad\"},\"breadcrumb\":{\"@id\":\"https:\\\/\\\/www.aliadospuebla.com\\\/?p=48836#breadcrumb\"},\"inLanguage\":\"es\",\"potentialAction\":[{\"@type\":\"ReadAction\",\"target\":[\"https:\\\/\\\/www.aliadospuebla.com\\\/?p=48836\"]}]},{\"@type\":\"ImageObject\",\"inLanguage\":\"es\",\"@id\":\"https:\\\/\\\/www.aliadospuebla.com\\\/?p=48836#primaryimage\",\"url\":\"https:\\\/\\\/www.aliadospuebla.com\\\/web2017\\\/wp-content\\\/uploads\\\/2020\\\/11\\\/106-Jonathan.jpg\",\"contentUrl\":\"https:\\\/\\\/www.aliadospuebla.com\\\/web2017\\\/wp-content\\\/uploads\\\/2020\\\/11\\\/106-Jonathan.jpg\",\"width\":600,\"height\":450},{\"@type\":\"BreadcrumbList\",\"@id\":\"https:\\\/\\\/www.aliadospuebla.com\\\/?p=48836#breadcrumb\",\"itemListElement\":[{\"@type\":\"ListItem\",\"position\":1,\"name\":\"Portada\",\"item\":\"https:\\\/\\\/www.aliadospuebla.com\\\/\"},{\"@type\":\"ListItem\",\"position\":2,\"name\":\"APRUEBAN INICIATIVA EN MATERIA DE PARIDAD DE G\u00c9NERO A JONATHAN COLLANTES\"}]},{\"@type\":\"WebSite\",\"@id\":\"https:\\\/\\\/www.aliadospuebla.com\\\/#website\",\"url\":\"https:\\\/\\\/www.aliadospuebla.com\\\/\",\"name\":\"AliadosPuebla\",\"description\":\"La informaci\u00f3n en tus manos\",\"potentialAction\":[{\"@type\":\"SearchAction\",\"target\":{\"@type\":\"EntryPoint\",\"urlTemplate\":\"https:\\\/\\\/www.aliadospuebla.com\\\/?s={search_term_string}\"},\"query-input\":{\"@type\":\"PropertyValueSpecification\",\"valueRequired\":true,\"valueName\":\"search_term_string\"}}],\"inLanguage\":\"es\"},{\"@type\":\"Person\",\"@id\":\"https:\\\/\\\/www.aliadospuebla.com\\\/#\\\/schema\\\/person\\\/5da7dd09320bd4f392b710017ed5f8ad\",\"name\":\"Aliados17\",\"image\":{\"@type\":\"ImageObject\",\"inLanguage\":\"es\",\"@id\":\"https:\\\/\\\/www.aliadospuebla.com\\\/web2017\\\/wp-content\\\/uploads\\\/2025\\\/03\\\/cropped-para-perfil-8-anos-1-96x96.jpg\",\"url\":\"https:\\\/\\\/www.aliadospuebla.com\\\/web2017\\\/wp-content\\\/uploads\\\/2025\\\/03\\\/cropped-para-perfil-8-anos-1-96x96.jpg\",\"contentUrl\":\"https:\\\/\\\/www.aliadospuebla.com\\\/web2017\\\/wp-content\\\/uploads\\\/2025\\\/03\\\/cropped-para-perfil-8-anos-1-96x96.jpg\",\"caption\":\"Aliados17\"},\"sameAs\":[\"https:\\\/\\\/www.aliados17.com\",\"https:\\\/\\\/www.facebook.com\\\/Aliados17Pue\",\"https:\\\/\\\/x.com\\\/AliadosPuebla\"],\"url\":\"https:\\\/\\\/www.aliadospuebla.com\\\/?author=2\"}]}<\/script>\n<!-- \/ Yoast SEO plugin. -->","yoast_head_json":{"title":"APRUEBAN INICIATIVA EN MATERIA DE PARIDAD DE G\u00c9NERO A JONATHAN COLLANTES - AliadosPuebla","robots":{"index":"index","follow":"follow","max-snippet":"max-snippet:-1","max-image-preview":"max-image-preview:large","max-video-preview":"max-video-preview:-1"},"canonical":"https:\/\/www.aliadospuebla.com\/?p=48836","og_locale":"es_ES","og_type":"article","og_title":"APRUEBAN INICIATIVA EN MATERIA DE PARIDAD DE G\u00c9NERO A JONATHAN COLLANTES - AliadosPuebla","og_description":"Promover la paridad de g\u00e9nero en las instituciones, as\u00ed como el uso debido de los recursos p\u00fablicos son temas que se abordaron en las Iniciativas que present\u00f3 el Legislador Jonathan Collantes Caba\u00f1as en la Sesi\u00f3n Virtual Ordinaria del Congreso del Estado de Puebla. En la iniciativa que reforma diversas disposiciones de la Ley de Transparencia y Acceso a la Informaci\u00f3n P\u00fablica del Estado, el Diputado se\u00f1al\u00f3 que la paridad de g\u00e9nero se ha convertido en uno de los medios para alcanzar la democracia en nuestro pa\u00eds y as\u00ed hacer un Estado m\u00e1s justo, libre e igualitario para todas y todos. \u201cGenerar un camino igualitario para hombres y mujeres hacia la b\u00fasqueda de una igualdad sustantiva, es una acci\u00f3n que debemos de realizar, por lo que&hellip;Leer m\u00e1s...","og_url":"https:\/\/www.aliadospuebla.com\/?p=48836","og_site_name":"AliadosPuebla","article_author":"https:\/\/www.facebook.com\/Aliados17Pue","article_published_time":"2020-11-25T00:23:01+00:00","og_image":[{"width":600,"height":450,"url":"https:\/\/www.aliadospuebla.com\/web2017\/wp-content\/uploads\/2020\/11\/106-Jonathan.jpg","type":"image\/jpeg"}],"author":"Aliados17","twitter_card":"summary_large_image","twitter_creator":"@AliadosPuebla","twitter_misc":{"Escrito por":"Aliados17","Tiempo de lectura":"2 minutos"},"schema":{"@context":"https:\/\/schema.org","@graph":[{"@type":"Article","@id":"https:\/\/www.aliadospuebla.com\/?p=48836#article","isPartOf":{"@id":"https:\/\/www.aliadospuebla.com\/?p=48836"},"author":{"name":"Aliados17","@id":"https:\/\/www.aliadospuebla.com\/#\/schema\/person\/5da7dd09320bd4f392b710017ed5f8ad"},"headline":"APRUEBAN INICIATIVA EN MATERIA DE PARIDAD DE G\u00c9NERO A JONATHAN COLLANTES","datePublished":"2020-11-25T00:23:01+00:00","mainEntityOfPage":{"@id":"https:\/\/www.aliadospuebla.com\/?p=48836"},"wordCount":472,"commentCount":0,"image":{"@id":"https:\/\/www.aliadospuebla.com\/?p=48836#primaryimage"},"thumbnailUrl":"https:\/\/www.aliadospuebla.com\/web2017\/wp-content\/uploads\/2020\/11\/106-Jonathan.jpg","keywords":["Congreso del Estado","Igualdad sustantiva","Jonathan Collantes Caba\u00f1as","PARIDAD DE G\u00c9NERO","sesi\u00f3n virtual"],"articleSection":["Pol\u00edtica"],"inLanguage":"es","potentialAction":[{"@type":"CommentAction","name":"Comment","target":["https:\/\/www.aliadospuebla.com\/?p=48836#respond"]}]},{"@type":"WebPage","@id":"https:\/\/www.aliadospuebla.com\/?p=48836","url":"https:\/\/www.aliadospuebla.com\/?p=48836","name":"APRUEBAN INICIATIVA EN MATERIA DE PARIDAD DE G\u00c9NERO A JONATHAN COLLANTES - AliadosPuebla","isPartOf":{"@id":"https:\/\/www.aliadospuebla.com\/#website"},"primaryImageOfPage":{"@id":"https:\/\/www.aliadospuebla.com\/?p=48836#primaryimage"},"image":{"@id":"https:\/\/www.aliadospuebla.com\/?p=48836#primaryimage"},"thumbnailUrl":"https:\/\/www.aliadospuebla.com\/web2017\/wp-content\/uploads\/2020\/11\/106-Jonathan.jpg","datePublished":"2020-11-25T00:23:01+00:00","author":{"@id":"https:\/\/www.aliadospuebla.com\/#\/schema\/person\/5da7dd09320bd4f392b710017ed5f8ad"},"breadcrumb":{"@id":"https:\/\/www.aliadospuebla.com\/?p=48836#breadcrumb"},"inLanguage":"es","potentialAction":[{"@type":"ReadAction","target":["https:\/\/www.aliadospuebla.com\/?p=48836"]}]},{"@type":"ImageObject","inLanguage":"es","@id":"https:\/\/www.aliadospuebla.com\/?p=48836#primaryimage","url":"https:\/\/www.aliadospuebla.com\/web2017\/wp-content\/uploads\/2020\/11\/106-Jonathan.jpg","contentUrl":"https:\/\/www.aliadospuebla.com\/web2017\/wp-content\/uploads\/2020\/11\/106-Jonathan.jpg","width":600,"height":450},{"@type":"BreadcrumbList","@id":"https:\/\/www.aliadospuebla.com\/?p=48836#breadcrumb","itemListElement":[{"@type":"ListItem","position":1,"name":"Portada","item":"https:\/\/www.aliadospuebla.com\/"},{"@type":"ListItem","position":2,"name":"APRUEBAN INICIATIVA EN MATERIA DE PARIDAD DE G\u00c9NERO A JONATHAN COLLANTES"}]},{"@type":"WebSite","@id":"https:\/\/www.aliadospuebla.com\/#website","url":"https:\/\/www.aliadospuebla.com\/","name":"AliadosPuebla","description":"La informaci\u00f3n en tus manos","potentialAction":[{"@type":"SearchAction","target":{"@type":"EntryPoint","urlTemplate":"https:\/\/www.aliadospuebla.com\/?s={search_term_string}"},"query-input":{"@type":"PropertyValueSpecification","valueRequired":true,"valueName":"search_term_string"}}],"inLanguage":"es"},{"@type":"Person","@id":"https:\/\/www.aliadospuebla.com\/#\/schema\/person\/5da7dd09320bd4f392b710017ed5f8ad","name":"Aliados17","image":{"@type":"ImageObject","inLanguage":"es","@id":"https:\/\/www.aliadospuebla.com\/web2017\/wp-content\/uploads\/2025\/03\/cropped-para-perfil-8-anos-1-96x96.jpg","url":"https:\/\/www.aliadospuebla.com\/web2017\/wp-content\/uploads\/2025\/03\/cropped-para-perfil-8-anos-1-96x96.jpg","contentUrl":"https:\/\/www.aliadospuebla.com\/web2017\/wp-content\/uploads\/2025\/03\/cropped-para-perfil-8-anos-1-96x96.jpg","caption":"Aliados17"},"sameAs":["https:\/\/www.aliados17.com","https:\/\/www.facebook.com\/Aliados17Pue","https:\/\/x.com\/AliadosPuebla"],"url":"https:\/\/www.aliadospuebla.com\/?author=2"}]}},"views":15,"_links":{"self":[{"href":"https:\/\/www.aliadospuebla.com\/index.php?rest_route=\/wp\/v2\/posts\/48836","targetHints":{"allow":["GET"]}}],"collection":[{"href":"https:\/\/www.aliadospuebla.com\/index.php?rest_route=\/wp\/v2\/posts"}],"about":[{"href":"https:\/\/www.aliadospuebla.com\/index.php?rest_route=\/wp\/v2\/types\/post"}],"author":[{"embeddable":true,"href":"https:\/\/www.aliadospuebla.com\/index.php?rest_route=\/wp\/v2\/users\/2"}],"replies":[{"embeddable":true,"href":"https:\/\/www.aliadospuebla.com\/index.php?rest_route=%2Fwp%2Fv2%2Fcomments&post=48836"}],"version-history":[{"count":1,"href":"https:\/\/www.aliadospuebla.com\/index.php?rest_route=\/wp\/v2\/posts\/48836\/revisions"}],"predecessor-version":[{"id":48838,"href":"https:\/\/www.aliadospuebla.com\/index.php?rest_route=\/wp\/v2\/posts\/48836\/revisions\/48838"}],"wp:featuredmedia":[{"embeddable":true,"href":"https:\/\/www.aliadospuebla.com\/index.php?rest_route=\/wp\/v2\/media\/48837"}],"wp:attachment":[{"href":"https:\/\/www.aliadospuebla.com\/index.php?rest_route=%2Fwp%2Fv2%2Fmedia&parent=48836"}],"wp:term":[{"taxonomy":"category","embeddable":true,"href":"https:\/\/www.aliadospuebla.com\/index.php?rest_route=%2Fwp%2Fv2%2Fcategories&post=48836"},{"taxonomy":"post_tag","embeddable":true,"href":"https:\/\/www.aliadospuebla.com\/index.php?rest_route=%2Fwp%2Fv2%2Ftags&post=48836"}],"curies":[{"name":"wp","href":"https:\/\/api.w.org\/{rel}","templated":true}]}}