{"id":48819,"date":"2020-11-24T14:21:25","date_gmt":"2020-11-24T20:21:25","guid":{"rendered":"http:\/\/www.aliados17.com\/?p=48819"},"modified":"2020-11-24T14:21:25","modified_gmt":"2020-11-24T20:21:25","slug":"resultados-de-las-alertas-de-violencia-de-genero-deben-ser-transparentados-e-informados-a-la-ciudadania-fernando-manzanilla","status":"publish","type":"post","link":"https:\/\/www.aliadospuebla.com\/?p=48819","title":{"rendered":"RESULTADOS DE LAS ALERTAS DE VIOLENCIA DE G\u00c9NERO DEBEN SER TRANSPARENTADOS E INFORMADOS A LA CIUDADAN\u00cdA: FERNANDO  MANZANILLA"},"content":{"rendered":"<p>En el marco de la conmemoraci\u00f3n del D\u00eda Internacional de la Eliminaci\u00f3n de la Violencia<br \/>\ncontra la Mujer, el Diputado Federal por el Distrito 12 de la ciudad de Puebla, Fernando<br \/>\nManzanilla Prieto, present\u00f3 en la C\u00e1mara de Diputados un punto de acuerdo para pedir<br \/>\nmayor rendici\u00f3n de cuentas sobre las acciones y avances de las Alertas de Violencia de<br \/>\nG\u00e9nero contra las Mujeres, emitidas a lo largo del pa\u00eds.<\/p>\n<p>Record\u00f3 que la Alerta es un mecanismo impulsado por la sociedad civil para detener la<br \/>\nviolencia contra las mujeres en alg\u00fan municipio o entidad federativa y actualmente se<br \/>\nencuentra activo en 19 estados del pa\u00eds, incluido Puebla, aunque no se han transparentado<br \/>\nsus resultados.<\/p>\n<p>En este sentido, exhort\u00f3 al Gobierno federal para que promueva que en el Reglamento de la<br \/>\nLey General de Acceso de las Mujeres a una Vida Libre de Violencia se incluyan los<br \/>\nmecanismos de cumplimiento y rendici\u00f3n de cuentas sobre las acciones y recursos de las<br \/>\nAlertas de Violencia de G\u00e9nero contra las Mujeres.<\/p>\n<p>As\u00ed mismo, pidi\u00f3 a la Secretar\u00eda de Gobernaci\u00f3n, a la Comisi\u00f3n Nacional para Prevenir y<br \/>\nErradicar la Violencia Contra las Mujeres (CONAVIM), al Instituto Nacional de las Mujeres y<br \/>\na los Gobiernos Estatales a que se realicen mesas de trabajo y parlamentos abiertos<br \/>\nvirtuales, para la consolidaci\u00f3n y creaci\u00f3n de un Sistema Nacional de Monitoreo y<br \/>\nEvaluaci\u00f3n de las Alertas de Violencia de G\u00e9nero contra las Mujeres.<\/p>\n<p>Tambi\u00e9n, inst\u00f3 a los Gobiernos Estatales, a que en el \u00e1mbito de sus atribuciones se emitan<br \/>\nversiones ejecutivas y accesibles para toda la poblaci\u00f3n, sobre los avances de la<br \/>\nimplementaci\u00f3n de las acciones de la Alerta de Violencia de G\u00e9nero contra las Mujeres, que<br \/>\nse haya implementado.<\/p>\n<p>Recalc\u00f3 que seg\u00fan datos del Sistema Nacional de Seguridad P\u00fablica, de enero a marzo del<br \/>\npresente a\u00f1o 964 mujeres fueron asesinadas en el pa\u00eds, lo cual se ahond\u00f3 con la pandemia,<br \/>\nya que si bien durante los siguientes meses de la pandemia disminuyeron los homicidios<br \/>\ndolosos, se registr\u00f3 un aumento de 46% en las llamadas de emergencia al 911 por violencia<br \/>\nde g\u00e9nero.<\/p>\n<p>\u201cNo vamos a poder construir un pa\u00eds pr\u00f3spero e incluyente si somos incapaces de erradicar<br \/>\ntoda forma de violencia contra las mujeres y cuando digo toda, es toda: violencia<br \/>\npsicol\u00f3gica, f\u00edsica, patrimonial, familiar, comunitaria, laboral o sexual, ya que cada vez que<br \/>\nuna mujer sufre alguna forma de violencia, no s\u00f3lo se atenta contra su persona, sino contra<br \/>\nlos valores y los derechos de todos, por ello \u00a1cero tolerancia ante conductas violentas en<br \/>\ncontra de las mujeres!<\/p>\n","protected":false},"excerpt":{"rendered":"<p>En el marco de la conmemoraci\u00f3n del D\u00eda Internacional de la Eliminaci\u00f3n de la Violencia contra la Mujer, el Diputado Federal por el Distrito 12 de la ciudad de Puebla, Fernando Manzanilla Prieto, present\u00f3 en la C\u00e1mara de Diputados un punto de acuerdo para pedir mayor rendici\u00f3n de cuentas sobre las acciones y avances de las Alertas de Violencia de G\u00e9nero contra las Mujeres, emitidas a lo largo del pa\u00eds. Record\u00f3 que la Alerta es un mecanismo impulsado por la sociedad civil para detener la violencia contra las mujeres en alg\u00fan municipio o entidad federativa y actualmente se encuentra activo en 19 estados del pa\u00eds, incluido Puebla, aunque no se han transparentado sus resultados. En este sentido, exhort\u00f3 al Gobierno federal para que promueva que&hellip;<\/p>\n<p class=\"excerpt-more\"><a class=\"blog-excerpt button\" href=\"https:\/\/www.aliadospuebla.com\/?p=48819\">Leer m\u00e1s&#8230;<\/a><\/p>\n","protected":false},"author":3,"featured_media":47380,"comment_status":"open","ping_status":"open","sticky":false,"template":"","format":"standard","meta":{"_monsterinsights_skip_tracking":false,"footnotes":""},"categories":[6],"tags":[171,56,8367,77,72,3002],"class_list":["post-48819","post","type-post","status-publish","format-standard","has-post-thumbnail","hentry","category-politica","tag-ayuntamiento","tag-capital","tag-marco-mena","tag-municipios","tag-puebla","tag-regidores"],"yoast_head":"<!-- This site is optimized with the Yoast SEO plugin v28.4 - https:\/\/yoast.com\/product\/yoast-seo-wordpress\/ -->\n<title>RESULTADOS DE LAS ALERTAS DE VIOLENCIA DE G\u00c9NERO DEBEN SER TRANSPARENTADOS E INFORMADOS A LA CIUDADAN\u00cdA: FERNANDO MANZANILLA - AliadosPuebla<\/title>\n<meta name=\"robots\" content=\"index, follow, max-snippet:-1, max-image-preview:large, max-video-preview:-1\" \/>\n<link rel=\"canonical\" href=\"https:\/\/www.aliadospuebla.com\/?p=48819\" \/>\n<meta property=\"og:locale\" content=\"es_ES\" \/>\n<meta property=\"og:type\" content=\"article\" \/>\n<meta property=\"og:title\" content=\"RESULTADOS DE LAS ALERTAS DE VIOLENCIA DE G\u00c9NERO DEBEN SER TRANSPARENTADOS E INFORMADOS A LA CIUDADAN\u00cdA: FERNANDO MANZANILLA - AliadosPuebla\" \/>\n<meta property=\"og:description\" content=\"En el marco de la conmemoraci\u00f3n del D\u00eda Internacional de la Eliminaci\u00f3n de la Violencia contra la Mujer, el Diputado Federal por el Distrito 12 de la ciudad de Puebla, Fernando Manzanilla Prieto, present\u00f3 en la C\u00e1mara de Diputados un punto de acuerdo para pedir mayor rendici\u00f3n de cuentas sobre las acciones y avances de las Alertas de Violencia de G\u00e9nero contra las Mujeres, emitidas a lo largo del pa\u00eds. Record\u00f3 que la Alerta es un mecanismo impulsado por la sociedad civil para detener la violencia contra las mujeres en alg\u00fan municipio o entidad federativa y actualmente se encuentra activo en 19 estados del pa\u00eds, incluido Puebla, aunque no se han transparentado sus resultados. En este sentido, exhort\u00f3 al Gobierno federal para que promueva que&hellip;Leer m\u00e1s...\" \/>\n<meta property=\"og:url\" content=\"https:\/\/www.aliadospuebla.com\/?p=48819\" \/>\n<meta property=\"og:site_name\" content=\"AliadosPuebla\" \/>\n<meta property=\"article:published_time\" content=\"2020-11-24T20:21:25+00:00\" \/>\n<meta property=\"og:image\" content=\"https:\/\/www.aliadospuebla.com\/web2017\/wp-content\/uploads\/2020\/10\/229-Fernando-Manzanilla.jpg\" \/>\n\t<meta property=\"og:image:width\" content=\"600\" \/>\n\t<meta property=\"og:image:height\" content=\"450\" \/>\n\t<meta property=\"og:image:type\" content=\"image\/jpeg\" \/>\n<meta name=\"author\" content=\"Aliados Videos\" \/>\n<meta name=\"twitter:card\" content=\"summary_large_image\" \/>\n<meta name=\"twitter:label1\" content=\"Escrito por\" \/>\n\t<meta name=\"twitter:data1\" content=\"Aliados Videos\" \/>\n\t<meta name=\"twitter:label2\" content=\"Tiempo de lectura\" \/>\n\t<meta name=\"twitter:data2\" content=\"2 minutos\" \/>\n<script type=\"application\/ld+json\" class=\"yoast-schema-graph\">{\"@context\":\"https:\\\/\\\/schema.org\",\"@graph\":[{\"@type\":\"Article\",\"@id\":\"https:\\\/\\\/www.aliadospuebla.com\\\/?p=48819#article\",\"isPartOf\":{\"@id\":\"https:\\\/\\\/www.aliadospuebla.com\\\/?p=48819\"},\"author\":{\"name\":\"Aliados Videos\",\"@id\":\"https:\\\/\\\/www.aliadospuebla.com\\\/#\\\/schema\\\/person\\\/0fd017f23cc5c3f7988d5d58850eec8e\"},\"headline\":\"RESULTADOS DE LAS ALERTAS DE VIOLENCIA DE G\u00c9NERO DEBEN SER TRANSPARENTADOS E INFORMADOS A LA CIUDADAN\u00cdA: FERNANDO MANZANILLA\",\"datePublished\":\"2020-11-24T20:21:25+00:00\",\"mainEntityOfPage\":{\"@id\":\"https:\\\/\\\/www.aliadospuebla.com\\\/?p=48819\"},\"wordCount\":469,\"commentCount\":0,\"image\":{\"@id\":\"https:\\\/\\\/www.aliadospuebla.com\\\/?p=48819#primaryimage\"},\"thumbnailUrl\":\"https:\\\/\\\/www.aliadospuebla.com\\\/web2017\\\/wp-content\\\/uploads\\\/2020\\\/10\\\/229-Fernando-Manzanilla.jpg\",\"keywords\":[\"Ayuntamiento\",\"capital\",\"MARCO MENA\",\"Municipios\",\"Puebla\",\"REGIDORES\"],\"articleSection\":[\"Pol\u00edtica\"],\"inLanguage\":\"es\",\"potentialAction\":[{\"@type\":\"CommentAction\",\"name\":\"Comment\",\"target\":[\"https:\\\/\\\/www.aliadospuebla.com\\\/?p=48819#respond\"]}]},{\"@type\":\"WebPage\",\"@id\":\"https:\\\/\\\/www.aliadospuebla.com\\\/?p=48819\",\"url\":\"https:\\\/\\\/www.aliadospuebla.com\\\/?p=48819\",\"name\":\"RESULTADOS DE LAS ALERTAS DE VIOLENCIA DE G\u00c9NERO DEBEN SER TRANSPARENTADOS E INFORMADOS A LA CIUDADAN\u00cdA: FERNANDO MANZANILLA - AliadosPuebla\",\"isPartOf\":{\"@id\":\"https:\\\/\\\/www.aliadospuebla.com\\\/#website\"},\"primaryImageOfPage\":{\"@id\":\"https:\\\/\\\/www.aliadospuebla.com\\\/?p=48819#primaryimage\"},\"image\":{\"@id\":\"https:\\\/\\\/www.aliadospuebla.com\\\/?p=48819#primaryimage\"},\"thumbnailUrl\":\"https:\\\/\\\/www.aliadospuebla.com\\\/web2017\\\/wp-content\\\/uploads\\\/2020\\\/10\\\/229-Fernando-Manzanilla.jpg\",\"datePublished\":\"2020-11-24T20:21:25+00:00\",\"author\":{\"@id\":\"https:\\\/\\\/www.aliadospuebla.com\\\/#\\\/schema\\\/person\\\/0fd017f23cc5c3f7988d5d58850eec8e\"},\"breadcrumb\":{\"@id\":\"https:\\\/\\\/www.aliadospuebla.com\\\/?p=48819#breadcrumb\"},\"inLanguage\":\"es\",\"potentialAction\":[{\"@type\":\"ReadAction\",\"target\":[\"https:\\\/\\\/www.aliadospuebla.com\\\/?p=48819\"]}]},{\"@type\":\"ImageObject\",\"inLanguage\":\"es\",\"@id\":\"https:\\\/\\\/www.aliadospuebla.com\\\/?p=48819#primaryimage\",\"url\":\"https:\\\/\\\/www.aliadospuebla.com\\\/web2017\\\/wp-content\\\/uploads\\\/2020\\\/10\\\/229-Fernando-Manzanilla.jpg\",\"contentUrl\":\"https:\\\/\\\/www.aliadospuebla.com\\\/web2017\\\/wp-content\\\/uploads\\\/2020\\\/10\\\/229-Fernando-Manzanilla.jpg\",\"width\":600,\"height\":450},{\"@type\":\"BreadcrumbList\",\"@id\":\"https:\\\/\\\/www.aliadospuebla.com\\\/?p=48819#breadcrumb\",\"itemListElement\":[{\"@type\":\"ListItem\",\"position\":1,\"name\":\"Portada\",\"item\":\"https:\\\/\\\/www.aliadospuebla.com\\\/\"},{\"@type\":\"ListItem\",\"position\":2,\"name\":\"RESULTADOS DE LAS ALERTAS DE VIOLENCIA DE G\u00c9NERO DEBEN SER TRANSPARENTADOS E INFORMADOS A LA CIUDADAN\u00cdA: FERNANDO MANZANILLA\"}]},{\"@type\":\"WebSite\",\"@id\":\"https:\\\/\\\/www.aliadospuebla.com\\\/#website\",\"url\":\"https:\\\/\\\/www.aliadospuebla.com\\\/\",\"name\":\"AliadosPuebla\",\"description\":\"La informaci\u00f3n en tus manos\",\"potentialAction\":[{\"@type\":\"SearchAction\",\"target\":{\"@type\":\"EntryPoint\",\"urlTemplate\":\"https:\\\/\\\/www.aliadospuebla.com\\\/?s={search_term_string}\"},\"query-input\":{\"@type\":\"PropertyValueSpecification\",\"valueRequired\":true,\"valueName\":\"search_term_string\"}}],\"inLanguage\":\"es\"},{\"@type\":\"Person\",\"@id\":\"https:\\\/\\\/www.aliadospuebla.com\\\/#\\\/schema\\\/person\\\/0fd017f23cc5c3f7988d5d58850eec8e\",\"name\":\"Aliados Videos\",\"image\":{\"@type\":\"ImageObject\",\"inLanguage\":\"es\",\"@id\":\"https:\\\/\\\/secure.gravatar.com\\\/avatar\\\/42b92de8b2d8339e1e824f3a73ab023a0bec0ee2e3920248085eb1f3160b4083?s=96&d=mm&r=g\",\"url\":\"https:\\\/\\\/secure.gravatar.com\\\/avatar\\\/42b92de8b2d8339e1e824f3a73ab023a0bec0ee2e3920248085eb1f3160b4083?s=96&d=mm&r=g\",\"contentUrl\":\"https:\\\/\\\/secure.gravatar.com\\\/avatar\\\/42b92de8b2d8339e1e824f3a73ab023a0bec0ee2e3920248085eb1f3160b4083?s=96&d=mm&r=g\",\"caption\":\"Aliados Videos\"},\"url\":\"https:\\\/\\\/www.aliadospuebla.com\\\/?author=3\"}]}<\/script>\n<!-- \/ Yoast SEO plugin. -->","yoast_head_json":{"title":"RESULTADOS DE LAS ALERTAS DE VIOLENCIA DE G\u00c9NERO DEBEN SER TRANSPARENTADOS E INFORMADOS A LA CIUDADAN\u00cdA: FERNANDO MANZANILLA - AliadosPuebla","robots":{"index":"index","follow":"follow","max-snippet":"max-snippet:-1","max-image-preview":"max-image-preview:large","max-video-preview":"max-video-preview:-1"},"canonical":"https:\/\/www.aliadospuebla.com\/?p=48819","og_locale":"es_ES","og_type":"article","og_title":"RESULTADOS DE LAS ALERTAS DE VIOLENCIA DE G\u00c9NERO DEBEN SER TRANSPARENTADOS E INFORMADOS A LA CIUDADAN\u00cdA: FERNANDO MANZANILLA - AliadosPuebla","og_description":"En el marco de la conmemoraci\u00f3n del D\u00eda Internacional de la Eliminaci\u00f3n de la Violencia contra la Mujer, el Diputado Federal por el Distrito 12 de la ciudad de Puebla, Fernando Manzanilla Prieto, present\u00f3 en la C\u00e1mara de Diputados un punto de acuerdo para pedir mayor rendici\u00f3n de cuentas sobre las acciones y avances de las Alertas de Violencia de G\u00e9nero contra las Mujeres, emitidas a lo largo del pa\u00eds. Record\u00f3 que la Alerta es un mecanismo impulsado por la sociedad civil para detener la violencia contra las mujeres en alg\u00fan municipio o entidad federativa y actualmente se encuentra activo en 19 estados del pa\u00eds, incluido Puebla, aunque no se han transparentado sus resultados. En este sentido, exhort\u00f3 al Gobierno federal para que promueva que&hellip;Leer m\u00e1s...","og_url":"https:\/\/www.aliadospuebla.com\/?p=48819","og_site_name":"AliadosPuebla","article_published_time":"2020-11-24T20:21:25+00:00","og_image":[{"width":600,"height":450,"url":"https:\/\/www.aliadospuebla.com\/web2017\/wp-content\/uploads\/2020\/10\/229-Fernando-Manzanilla.jpg","type":"image\/jpeg"}],"author":"Aliados Videos","twitter_card":"summary_large_image","twitter_misc":{"Escrito por":"Aliados Videos","Tiempo de lectura":"2 minutos"},"schema":{"@context":"https:\/\/schema.org","@graph":[{"@type":"Article","@id":"https:\/\/www.aliadospuebla.com\/?p=48819#article","isPartOf":{"@id":"https:\/\/www.aliadospuebla.com\/?p=48819"},"author":{"name":"Aliados Videos","@id":"https:\/\/www.aliadospuebla.com\/#\/schema\/person\/0fd017f23cc5c3f7988d5d58850eec8e"},"headline":"RESULTADOS DE LAS ALERTAS DE VIOLENCIA DE G\u00c9NERO DEBEN SER TRANSPARENTADOS E INFORMADOS A LA CIUDADAN\u00cdA: FERNANDO MANZANILLA","datePublished":"2020-11-24T20:21:25+00:00","mainEntityOfPage":{"@id":"https:\/\/www.aliadospuebla.com\/?p=48819"},"wordCount":469,"commentCount":0,"image":{"@id":"https:\/\/www.aliadospuebla.com\/?p=48819#primaryimage"},"thumbnailUrl":"https:\/\/www.aliadospuebla.com\/web2017\/wp-content\/uploads\/2020\/10\/229-Fernando-Manzanilla.jpg","keywords":["Ayuntamiento","capital","MARCO MENA","Municipios","Puebla","REGIDORES"],"articleSection":["Pol\u00edtica"],"inLanguage":"es","potentialAction":[{"@type":"CommentAction","name":"Comment","target":["https:\/\/www.aliadospuebla.com\/?p=48819#respond"]}]},{"@type":"WebPage","@id":"https:\/\/www.aliadospuebla.com\/?p=48819","url":"https:\/\/www.aliadospuebla.com\/?p=48819","name":"RESULTADOS DE LAS ALERTAS DE VIOLENCIA DE G\u00c9NERO DEBEN SER TRANSPARENTADOS E INFORMADOS A LA CIUDADAN\u00cdA: FERNANDO MANZANILLA - AliadosPuebla","isPartOf":{"@id":"https:\/\/www.aliadospuebla.com\/#website"},"primaryImageOfPage":{"@id":"https:\/\/www.aliadospuebla.com\/?p=48819#primaryimage"},"image":{"@id":"https:\/\/www.aliadospuebla.com\/?p=48819#primaryimage"},"thumbnailUrl":"https:\/\/www.aliadospuebla.com\/web2017\/wp-content\/uploads\/2020\/10\/229-Fernando-Manzanilla.jpg","datePublished":"2020-11-24T20:21:25+00:00","author":{"@id":"https:\/\/www.aliadospuebla.com\/#\/schema\/person\/0fd017f23cc5c3f7988d5d58850eec8e"},"breadcrumb":{"@id":"https:\/\/www.aliadospuebla.com\/?p=48819#breadcrumb"},"inLanguage":"es","potentialAction":[{"@type":"ReadAction","target":["https:\/\/www.aliadospuebla.com\/?p=48819"]}]},{"@type":"ImageObject","inLanguage":"es","@id":"https:\/\/www.aliadospuebla.com\/?p=48819#primaryimage","url":"https:\/\/www.aliadospuebla.com\/web2017\/wp-content\/uploads\/2020\/10\/229-Fernando-Manzanilla.jpg","contentUrl":"https:\/\/www.aliadospuebla.com\/web2017\/wp-content\/uploads\/2020\/10\/229-Fernando-Manzanilla.jpg","width":600,"height":450},{"@type":"BreadcrumbList","@id":"https:\/\/www.aliadospuebla.com\/?p=48819#breadcrumb","itemListElement":[{"@type":"ListItem","position":1,"name":"Portada","item":"https:\/\/www.aliadospuebla.com\/"},{"@type":"ListItem","position":2,"name":"RESULTADOS DE LAS ALERTAS DE VIOLENCIA DE G\u00c9NERO DEBEN SER TRANSPARENTADOS E INFORMADOS A LA CIUDADAN\u00cdA: FERNANDO MANZANILLA"}]},{"@type":"WebSite","@id":"https:\/\/www.aliadospuebla.com\/#website","url":"https:\/\/www.aliadospuebla.com\/","name":"AliadosPuebla","description":"La informaci\u00f3n en tus manos","potentialAction":[{"@type":"SearchAction","target":{"@type":"EntryPoint","urlTemplate":"https:\/\/www.aliadospuebla.com\/?s={search_term_string}"},"query-input":{"@type":"PropertyValueSpecification","valueRequired":true,"valueName":"search_term_string"}}],"inLanguage":"es"},{"@type":"Person","@id":"https:\/\/www.aliadospuebla.com\/#\/schema\/person\/0fd017f23cc5c3f7988d5d58850eec8e","name":"Aliados Videos","image":{"@type":"ImageObject","inLanguage":"es","@id":"https:\/\/secure.gravatar.com\/avatar\/42b92de8b2d8339e1e824f3a73ab023a0bec0ee2e3920248085eb1f3160b4083?s=96&d=mm&r=g","url":"https:\/\/secure.gravatar.com\/avatar\/42b92de8b2d8339e1e824f3a73ab023a0bec0ee2e3920248085eb1f3160b4083?s=96&d=mm&r=g","contentUrl":"https:\/\/secure.gravatar.com\/avatar\/42b92de8b2d8339e1e824f3a73ab023a0bec0ee2e3920248085eb1f3160b4083?s=96&d=mm&r=g","caption":"Aliados Videos"},"url":"https:\/\/www.aliadospuebla.com\/?author=3"}]}},"views":11,"_links":{"self":[{"href":"https:\/\/www.aliadospuebla.com\/index.php?rest_route=\/wp\/v2\/posts\/48819","targetHints":{"allow":["GET"]}}],"collection":[{"href":"https:\/\/www.aliadospuebla.com\/index.php?rest_route=\/wp\/v2\/posts"}],"about":[{"href":"https:\/\/www.aliadospuebla.com\/index.php?rest_route=\/wp\/v2\/types\/post"}],"author":[{"embeddable":true,"href":"https:\/\/www.aliadospuebla.com\/index.php?rest_route=\/wp\/v2\/users\/3"}],"replies":[{"embeddable":true,"href":"https:\/\/www.aliadospuebla.com\/index.php?rest_route=%2Fwp%2Fv2%2Fcomments&post=48819"}],"version-history":[{"count":1,"href":"https:\/\/www.aliadospuebla.com\/index.php?rest_route=\/wp\/v2\/posts\/48819\/revisions"}],"predecessor-version":[{"id":48820,"href":"https:\/\/www.aliadospuebla.com\/index.php?rest_route=\/wp\/v2\/posts\/48819\/revisions\/48820"}],"wp:featuredmedia":[{"embeddable":true,"href":"https:\/\/www.aliadospuebla.com\/index.php?rest_route=\/wp\/v2\/media\/47380"}],"wp:attachment":[{"href":"https:\/\/www.aliadospuebla.com\/index.php?rest_route=%2Fwp%2Fv2%2Fmedia&parent=48819"}],"wp:term":[{"taxonomy":"category","embeddable":true,"href":"https:\/\/www.aliadospuebla.com\/index.php?rest_route=%2Fwp%2Fv2%2Fcategories&post=48819"},{"taxonomy":"post_tag","embeddable":true,"href":"https:\/\/www.aliadospuebla.com\/index.php?rest_route=%2Fwp%2Fv2%2Ftags&post=48819"}],"curies":[{"name":"wp","href":"https:\/\/api.w.org\/{rel}","templated":true}]}}