{"id":48792,"date":"2020-11-23T20:40:26","date_gmt":"2020-11-24T02:40:26","guid":{"rendered":"http:\/\/www.aliados17.com\/?p=48792"},"modified":"2020-11-23T20:40:26","modified_gmt":"2020-11-24T02:40:26","slug":"mejora-en-la-infraestructura-de-quecholac-lic-jose-alejandro-martinez-fuentes-da-banderazo-de-inicio-de-obra","status":"publish","type":"post","link":"https:\/\/www.aliadospuebla.com\/?p=48792","title":{"rendered":"Mejora en la infraestructura de Quecholac, Lic. Jos\u00e9 Alejandro Mart\u00ednez Fuentes da banderazo de inicio de obra"},"content":{"rendered":"<p>El Honorable Ayuntamiento de Quecholac que encabeza el Presidente Municipal el Lic. Jos\u00e9 Alejandro Mart\u00ednez Fuentes dio banderazo de Arranque de obra por Adoquinamiento en Quecholac.<\/p>\n<p>Esta obra tendr\u00e1 un costo de inversi\u00f3n de $173,413.90 pesos, por el Adoquinamiento de la privada #1 en calle 7 Sur.<\/p>\n<p>Durante el inicio de obra, la ciudadan\u00eda se acerc\u00f3 al Mun\u00edcipe para agradecer que esta edificaci\u00f3n se tomar\u00e1 en cuenta.<\/p>\n<p>El Alcalde de Quecholac mencion\u00f3 que es muy importante unirnos como sociedad y no hacer distinci\u00f3n alguna por localidades. Resalt\u00f3 que su Administraci\u00f3n se caracteriza por ser muy incluyente y escuchar las necesidades de la poblaci\u00f3n.<\/p>\n<p>En Una Nueva Forma de Gobernar, trabajamos por tu Bienestar.<\/p>\n","protected":false},"excerpt":{"rendered":"<p>El Honorable Ayuntamiento de Quecholac que encabeza el Presidente Municipal el Lic. Jos\u00e9 Alejandro Mart\u00ednez Fuentes dio banderazo de Arranque de obra por Adoquinamiento en Quecholac. Esta obra tendr\u00e1 un costo de inversi\u00f3n de $173,413.90 pesos, por el Adoquinamiento de la privada #1 en calle 7 Sur. Durante el inicio de obra, la ciudadan\u00eda se acerc\u00f3 al Mun\u00edcipe para agradecer que esta edificaci\u00f3n se tomar\u00e1 en cuenta. El Alcalde de Quecholac mencion\u00f3 que es muy importante unirnos como sociedad y no hacer distinci\u00f3n alguna por localidades. Resalt\u00f3 que su Administraci\u00f3n se caracteriza por ser muy incluyente y escuchar las necesidades de la poblaci\u00f3n. En Una Nueva Forma de Gobernar, trabajamos por tu Bienestar.<\/p>\n","protected":false},"author":2,"featured_media":48793,"comment_status":"open","ping_status":"open","sticky":false,"template":"","format":"standard","meta":{"_monsterinsights_skip_tracking":false,"footnotes":""},"categories":[4],"tags":[565,337,758,7249,57],"class_list":["post-48792","post","type-post","status-publish","format-standard","has-post-thumbnail","hentry","category-municipios","tag-adoquinamiento","tag-infraestructura","tag-inicio-de-obra","tag-jose-alejandro-martinez-fuentes","tag-quecholac"],"yoast_head":"<!-- This site is optimized with the Yoast SEO plugin v28.4 - https:\/\/yoast.com\/product\/yoast-seo-wordpress\/ -->\n<title>Mejora en la infraestructura de Quecholac, Lic. Jos\u00e9 Alejandro Mart\u00ednez Fuentes da banderazo de inicio de obra - AliadosPuebla<\/title>\n<meta name=\"robots\" content=\"index, follow, max-snippet:-1, max-image-preview:large, max-video-preview:-1\" \/>\n<link rel=\"canonical\" href=\"https:\/\/www.aliadospuebla.com\/?p=48792\" \/>\n<meta property=\"og:locale\" content=\"es_ES\" \/>\n<meta property=\"og:type\" content=\"article\" \/>\n<meta property=\"og:title\" content=\"Mejora en la infraestructura de Quecholac, Lic. Jos\u00e9 Alejandro Mart\u00ednez Fuentes da banderazo de inicio de obra - AliadosPuebla\" \/>\n<meta property=\"og:description\" content=\"El Honorable Ayuntamiento de Quecholac que encabeza el Presidente Municipal el Lic. Jos\u00e9 Alejandro Mart\u00ednez Fuentes dio banderazo de Arranque de obra por Adoquinamiento en Quecholac. Esta obra tendr\u00e1 un costo de inversi\u00f3n de $173,413.90 pesos, por el Adoquinamiento de la privada #1 en calle 7 Sur. Durante el inicio de obra, la ciudadan\u00eda se acerc\u00f3 al Mun\u00edcipe para agradecer que esta edificaci\u00f3n se tomar\u00e1 en cuenta. El Alcalde de Quecholac mencion\u00f3 que es muy importante unirnos como sociedad y no hacer distinci\u00f3n alguna por localidades. Resalt\u00f3 que su Administraci\u00f3n se caracteriza por ser muy incluyente y escuchar las necesidades de la poblaci\u00f3n. En Una Nueva Forma de Gobernar, trabajamos por tu Bienestar.\" \/>\n<meta property=\"og:url\" content=\"https:\/\/www.aliadospuebla.com\/?p=48792\" \/>\n<meta property=\"og:site_name\" content=\"AliadosPuebla\" \/>\n<meta property=\"article:author\" content=\"https:\/\/www.facebook.com\/Aliados17Pue\" \/>\n<meta property=\"article:published_time\" content=\"2020-11-24T02:40:26+00:00\" \/>\n<meta property=\"og:image\" content=\"https:\/\/www.aliadospuebla.com\/web2017\/wp-content\/uploads\/2020\/11\/097-Quecholac.jpg\" \/>\n\t<meta property=\"og:image:width\" content=\"600\" \/>\n\t<meta property=\"og:image:height\" content=\"450\" \/>\n\t<meta property=\"og:image:type\" content=\"image\/jpeg\" \/>\n<meta name=\"author\" content=\"Aliados17\" \/>\n<meta name=\"twitter:card\" content=\"summary_large_image\" \/>\n<meta name=\"twitter:creator\" content=\"@AliadosPuebla\" \/>\n<meta name=\"twitter:label1\" content=\"Escrito por\" \/>\n\t<meta name=\"twitter:data1\" content=\"Aliados17\" \/>\n\t<meta name=\"twitter:label2\" content=\"Tiempo de lectura\" \/>\n\t<meta name=\"twitter:data2\" content=\"1 minuto\" \/>\n<script type=\"application\/ld+json\" class=\"yoast-schema-graph\">{\"@context\":\"https:\\\/\\\/schema.org\",\"@graph\":[{\"@type\":\"Article\",\"@id\":\"https:\\\/\\\/www.aliadospuebla.com\\\/?p=48792#article\",\"isPartOf\":{\"@id\":\"https:\\\/\\\/www.aliadospuebla.com\\\/?p=48792\"},\"author\":{\"name\":\"Aliados17\",\"@id\":\"https:\\\/\\\/www.aliadospuebla.com\\\/#\\\/schema\\\/person\\\/5da7dd09320bd4f392b710017ed5f8ad\"},\"headline\":\"Mejora en la infraestructura de Quecholac, Lic. Jos\u00e9 Alejandro Mart\u00ednez Fuentes da banderazo de inicio de obra\",\"datePublished\":\"2020-11-24T02:40:26+00:00\",\"mainEntityOfPage\":{\"@id\":\"https:\\\/\\\/www.aliadospuebla.com\\\/?p=48792\"},\"wordCount\":136,\"commentCount\":0,\"image\":{\"@id\":\"https:\\\/\\\/www.aliadospuebla.com\\\/?p=48792#primaryimage\"},\"thumbnailUrl\":\"https:\\\/\\\/www.aliadospuebla.com\\\/web2017\\\/wp-content\\\/uploads\\\/2020\\\/11\\\/097-Quecholac.jpg\",\"keywords\":[\"ADOQUINAMIENTO\",\"INFRAESTRUCTURA\",\"INICIO DE OBRA\",\"JOS\u00c9 ALEJANDRO MART\u00cdNEZ FUENTES\",\"Quecholac\"],\"articleSection\":[\"Municipios\"],\"inLanguage\":\"es\",\"potentialAction\":[{\"@type\":\"CommentAction\",\"name\":\"Comment\",\"target\":[\"https:\\\/\\\/www.aliadospuebla.com\\\/?p=48792#respond\"]}]},{\"@type\":\"WebPage\",\"@id\":\"https:\\\/\\\/www.aliadospuebla.com\\\/?p=48792\",\"url\":\"https:\\\/\\\/www.aliadospuebla.com\\\/?p=48792\",\"name\":\"Mejora en la infraestructura de Quecholac, Lic. Jos\u00e9 Alejandro Mart\u00ednez Fuentes da banderazo de inicio de obra - AliadosPuebla\",\"isPartOf\":{\"@id\":\"https:\\\/\\\/www.aliadospuebla.com\\\/#website\"},\"primaryImageOfPage\":{\"@id\":\"https:\\\/\\\/www.aliadospuebla.com\\\/?p=48792#primaryimage\"},\"image\":{\"@id\":\"https:\\\/\\\/www.aliadospuebla.com\\\/?p=48792#primaryimage\"},\"thumbnailUrl\":\"https:\\\/\\\/www.aliadospuebla.com\\\/web2017\\\/wp-content\\\/uploads\\\/2020\\\/11\\\/097-Quecholac.jpg\",\"datePublished\":\"2020-11-24T02:40:26+00:00\",\"author\":{\"@id\":\"https:\\\/\\\/www.aliadospuebla.com\\\/#\\\/schema\\\/person\\\/5da7dd09320bd4f392b710017ed5f8ad\"},\"breadcrumb\":{\"@id\":\"https:\\\/\\\/www.aliadospuebla.com\\\/?p=48792#breadcrumb\"},\"inLanguage\":\"es\",\"potentialAction\":[{\"@type\":\"ReadAction\",\"target\":[\"https:\\\/\\\/www.aliadospuebla.com\\\/?p=48792\"]}]},{\"@type\":\"ImageObject\",\"inLanguage\":\"es\",\"@id\":\"https:\\\/\\\/www.aliadospuebla.com\\\/?p=48792#primaryimage\",\"url\":\"https:\\\/\\\/www.aliadospuebla.com\\\/web2017\\\/wp-content\\\/uploads\\\/2020\\\/11\\\/097-Quecholac.jpg\",\"contentUrl\":\"https:\\\/\\\/www.aliadospuebla.com\\\/web2017\\\/wp-content\\\/uploads\\\/2020\\\/11\\\/097-Quecholac.jpg\",\"width\":600,\"height\":450},{\"@type\":\"BreadcrumbList\",\"@id\":\"https:\\\/\\\/www.aliadospuebla.com\\\/?p=48792#breadcrumb\",\"itemListElement\":[{\"@type\":\"ListItem\",\"position\":1,\"name\":\"Portada\",\"item\":\"https:\\\/\\\/www.aliadospuebla.com\\\/\"},{\"@type\":\"ListItem\",\"position\":2,\"name\":\"Mejora en la infraestructura de Quecholac, Lic. Jos\u00e9 Alejandro Mart\u00ednez Fuentes da banderazo de inicio de obra\"}]},{\"@type\":\"WebSite\",\"@id\":\"https:\\\/\\\/www.aliadospuebla.com\\\/#website\",\"url\":\"https:\\\/\\\/www.aliadospuebla.com\\\/\",\"name\":\"AliadosPuebla\",\"description\":\"La informaci\u00f3n en tus manos\",\"potentialAction\":[{\"@type\":\"SearchAction\",\"target\":{\"@type\":\"EntryPoint\",\"urlTemplate\":\"https:\\\/\\\/www.aliadospuebla.com\\\/?s={search_term_string}\"},\"query-input\":{\"@type\":\"PropertyValueSpecification\",\"valueRequired\":true,\"valueName\":\"search_term_string\"}}],\"inLanguage\":\"es\"},{\"@type\":\"Person\",\"@id\":\"https:\\\/\\\/www.aliadospuebla.com\\\/#\\\/schema\\\/person\\\/5da7dd09320bd4f392b710017ed5f8ad\",\"name\":\"Aliados17\",\"image\":{\"@type\":\"ImageObject\",\"inLanguage\":\"es\",\"@id\":\"https:\\\/\\\/www.aliadospuebla.com\\\/web2017\\\/wp-content\\\/uploads\\\/2025\\\/03\\\/cropped-para-perfil-8-anos-1-96x96.jpg\",\"url\":\"https:\\\/\\\/www.aliadospuebla.com\\\/web2017\\\/wp-content\\\/uploads\\\/2025\\\/03\\\/cropped-para-perfil-8-anos-1-96x96.jpg\",\"contentUrl\":\"https:\\\/\\\/www.aliadospuebla.com\\\/web2017\\\/wp-content\\\/uploads\\\/2025\\\/03\\\/cropped-para-perfil-8-anos-1-96x96.jpg\",\"caption\":\"Aliados17\"},\"sameAs\":[\"https:\\\/\\\/www.aliados17.com\",\"https:\\\/\\\/www.facebook.com\\\/Aliados17Pue\",\"https:\\\/\\\/x.com\\\/AliadosPuebla\"],\"url\":\"https:\\\/\\\/www.aliadospuebla.com\\\/?author=2\"}]}<\/script>\n<!-- \/ Yoast SEO plugin. -->","yoast_head_json":{"title":"Mejora en la infraestructura de Quecholac, Lic. Jos\u00e9 Alejandro Mart\u00ednez Fuentes da banderazo de inicio de obra - AliadosPuebla","robots":{"index":"index","follow":"follow","max-snippet":"max-snippet:-1","max-image-preview":"max-image-preview:large","max-video-preview":"max-video-preview:-1"},"canonical":"https:\/\/www.aliadospuebla.com\/?p=48792","og_locale":"es_ES","og_type":"article","og_title":"Mejora en la infraestructura de Quecholac, Lic. Jos\u00e9 Alejandro Mart\u00ednez Fuentes da banderazo de inicio de obra - AliadosPuebla","og_description":"El Honorable Ayuntamiento de Quecholac que encabeza el Presidente Municipal el Lic. Jos\u00e9 Alejandro Mart\u00ednez Fuentes dio banderazo de Arranque de obra por Adoquinamiento en Quecholac. Esta obra tendr\u00e1 un costo de inversi\u00f3n de $173,413.90 pesos, por el Adoquinamiento de la privada #1 en calle 7 Sur. Durante el inicio de obra, la ciudadan\u00eda se acerc\u00f3 al Mun\u00edcipe para agradecer que esta edificaci\u00f3n se tomar\u00e1 en cuenta. El Alcalde de Quecholac mencion\u00f3 que es muy importante unirnos como sociedad y no hacer distinci\u00f3n alguna por localidades. Resalt\u00f3 que su Administraci\u00f3n se caracteriza por ser muy incluyente y escuchar las necesidades de la poblaci\u00f3n. En Una Nueva Forma de Gobernar, trabajamos por tu Bienestar.","og_url":"https:\/\/www.aliadospuebla.com\/?p=48792","og_site_name":"AliadosPuebla","article_author":"https:\/\/www.facebook.com\/Aliados17Pue","article_published_time":"2020-11-24T02:40:26+00:00","og_image":[{"width":600,"height":450,"url":"https:\/\/www.aliadospuebla.com\/web2017\/wp-content\/uploads\/2020\/11\/097-Quecholac.jpg","type":"image\/jpeg"}],"author":"Aliados17","twitter_card":"summary_large_image","twitter_creator":"@AliadosPuebla","twitter_misc":{"Escrito por":"Aliados17","Tiempo de lectura":"1 minuto"},"schema":{"@context":"https:\/\/schema.org","@graph":[{"@type":"Article","@id":"https:\/\/www.aliadospuebla.com\/?p=48792#article","isPartOf":{"@id":"https:\/\/www.aliadospuebla.com\/?p=48792"},"author":{"name":"Aliados17","@id":"https:\/\/www.aliadospuebla.com\/#\/schema\/person\/5da7dd09320bd4f392b710017ed5f8ad"},"headline":"Mejora en la infraestructura de Quecholac, Lic. Jos\u00e9 Alejandro Mart\u00ednez Fuentes da banderazo de inicio de obra","datePublished":"2020-11-24T02:40:26+00:00","mainEntityOfPage":{"@id":"https:\/\/www.aliadospuebla.com\/?p=48792"},"wordCount":136,"commentCount":0,"image":{"@id":"https:\/\/www.aliadospuebla.com\/?p=48792#primaryimage"},"thumbnailUrl":"https:\/\/www.aliadospuebla.com\/web2017\/wp-content\/uploads\/2020\/11\/097-Quecholac.jpg","keywords":["ADOQUINAMIENTO","INFRAESTRUCTURA","INICIO DE OBRA","JOS\u00c9 ALEJANDRO MART\u00cdNEZ FUENTES","Quecholac"],"articleSection":["Municipios"],"inLanguage":"es","potentialAction":[{"@type":"CommentAction","name":"Comment","target":["https:\/\/www.aliadospuebla.com\/?p=48792#respond"]}]},{"@type":"WebPage","@id":"https:\/\/www.aliadospuebla.com\/?p=48792","url":"https:\/\/www.aliadospuebla.com\/?p=48792","name":"Mejora en la infraestructura de Quecholac, Lic. Jos\u00e9 Alejandro Mart\u00ednez Fuentes da banderazo de inicio de obra - AliadosPuebla","isPartOf":{"@id":"https:\/\/www.aliadospuebla.com\/#website"},"primaryImageOfPage":{"@id":"https:\/\/www.aliadospuebla.com\/?p=48792#primaryimage"},"image":{"@id":"https:\/\/www.aliadospuebla.com\/?p=48792#primaryimage"},"thumbnailUrl":"https:\/\/www.aliadospuebla.com\/web2017\/wp-content\/uploads\/2020\/11\/097-Quecholac.jpg","datePublished":"2020-11-24T02:40:26+00:00","author":{"@id":"https:\/\/www.aliadospuebla.com\/#\/schema\/person\/5da7dd09320bd4f392b710017ed5f8ad"},"breadcrumb":{"@id":"https:\/\/www.aliadospuebla.com\/?p=48792#breadcrumb"},"inLanguage":"es","potentialAction":[{"@type":"ReadAction","target":["https:\/\/www.aliadospuebla.com\/?p=48792"]}]},{"@type":"ImageObject","inLanguage":"es","@id":"https:\/\/www.aliadospuebla.com\/?p=48792#primaryimage","url":"https:\/\/www.aliadospuebla.com\/web2017\/wp-content\/uploads\/2020\/11\/097-Quecholac.jpg","contentUrl":"https:\/\/www.aliadospuebla.com\/web2017\/wp-content\/uploads\/2020\/11\/097-Quecholac.jpg","width":600,"height":450},{"@type":"BreadcrumbList","@id":"https:\/\/www.aliadospuebla.com\/?p=48792#breadcrumb","itemListElement":[{"@type":"ListItem","position":1,"name":"Portada","item":"https:\/\/www.aliadospuebla.com\/"},{"@type":"ListItem","position":2,"name":"Mejora en la infraestructura de Quecholac, Lic. Jos\u00e9 Alejandro Mart\u00ednez Fuentes da banderazo de inicio de obra"}]},{"@type":"WebSite","@id":"https:\/\/www.aliadospuebla.com\/#website","url":"https:\/\/www.aliadospuebla.com\/","name":"AliadosPuebla","description":"La informaci\u00f3n en tus manos","potentialAction":[{"@type":"SearchAction","target":{"@type":"EntryPoint","urlTemplate":"https:\/\/www.aliadospuebla.com\/?s={search_term_string}"},"query-input":{"@type":"PropertyValueSpecification","valueRequired":true,"valueName":"search_term_string"}}],"inLanguage":"es"},{"@type":"Person","@id":"https:\/\/www.aliadospuebla.com\/#\/schema\/person\/5da7dd09320bd4f392b710017ed5f8ad","name":"Aliados17","image":{"@type":"ImageObject","inLanguage":"es","@id":"https:\/\/www.aliadospuebla.com\/web2017\/wp-content\/uploads\/2025\/03\/cropped-para-perfil-8-anos-1-96x96.jpg","url":"https:\/\/www.aliadospuebla.com\/web2017\/wp-content\/uploads\/2025\/03\/cropped-para-perfil-8-anos-1-96x96.jpg","contentUrl":"https:\/\/www.aliadospuebla.com\/web2017\/wp-content\/uploads\/2025\/03\/cropped-para-perfil-8-anos-1-96x96.jpg","caption":"Aliados17"},"sameAs":["https:\/\/www.aliados17.com","https:\/\/www.facebook.com\/Aliados17Pue","https:\/\/x.com\/AliadosPuebla"],"url":"https:\/\/www.aliadospuebla.com\/?author=2"}]}},"views":19,"_links":{"self":[{"href":"https:\/\/www.aliadospuebla.com\/index.php?rest_route=\/wp\/v2\/posts\/48792","targetHints":{"allow":["GET"]}}],"collection":[{"href":"https:\/\/www.aliadospuebla.com\/index.php?rest_route=\/wp\/v2\/posts"}],"about":[{"href":"https:\/\/www.aliadospuebla.com\/index.php?rest_route=\/wp\/v2\/types\/post"}],"author":[{"embeddable":true,"href":"https:\/\/www.aliadospuebla.com\/index.php?rest_route=\/wp\/v2\/users\/2"}],"replies":[{"embeddable":true,"href":"https:\/\/www.aliadospuebla.com\/index.php?rest_route=%2Fwp%2Fv2%2Fcomments&post=48792"}],"version-history":[{"count":1,"href":"https:\/\/www.aliadospuebla.com\/index.php?rest_route=\/wp\/v2\/posts\/48792\/revisions"}],"predecessor-version":[{"id":48794,"href":"https:\/\/www.aliadospuebla.com\/index.php?rest_route=\/wp\/v2\/posts\/48792\/revisions\/48794"}],"wp:featuredmedia":[{"embeddable":true,"href":"https:\/\/www.aliadospuebla.com\/index.php?rest_route=\/wp\/v2\/media\/48793"}],"wp:attachment":[{"href":"https:\/\/www.aliadospuebla.com\/index.php?rest_route=%2Fwp%2Fv2%2Fmedia&parent=48792"}],"wp:term":[{"taxonomy":"category","embeddable":true,"href":"https:\/\/www.aliadospuebla.com\/index.php?rest_route=%2Fwp%2Fv2%2Fcategories&post=48792"},{"taxonomy":"post_tag","embeddable":true,"href":"https:\/\/www.aliadospuebla.com\/index.php?rest_route=%2Fwp%2Fv2%2Ftags&post=48792"}],"curies":[{"name":"wp","href":"https:\/\/api.w.org\/{rel}","templated":true}]}}