{"id":48759,"date":"2020-11-23T18:22:08","date_gmt":"2020-11-24T00:22:08","guid":{"rendered":"http:\/\/www.aliados17.com\/?p=48759"},"modified":"2020-11-23T18:22:08","modified_gmt":"2020-11-24T00:22:08","slug":"pide-fernando-manzanilla-reforzar-medidas-sanitarias-ante-avance-de-contagios-por-covid-19","status":"publish","type":"post","link":"https:\/\/www.aliadospuebla.com\/?p=48759","title":{"rendered":"PIDE FERNANDO MANZANILLA REFORZAR MEDIDAS SANITARIAS ANTE  AVANCE DE CONTAGIOS POR COVID-19"},"content":{"rendered":"<p>Ante la cifra reportada oficialmente en M\u00e9xico de m\u00e1s de 100 mil muertes por<br \/>\ncovid-19 y m\u00e1s de un mill\u00f3n de personas contagiadas, el Diputado Federal por<br \/>\nel Distrito 12 de la ciudad de Puebla, Fernando Manzanilla Prieto, pidi\u00f3 reforzar<br \/>\nlas medidas sanitarias debido a que se avecinan fechas en las que se<br \/>\npronostica una segunda ola de contagios.<\/p>\n<p>\u201cHa llegado la hora de reforzar las medidas sanitarias, como sociedad y como<br \/>\ngobierno, tenemos que actuar responsablemente y poner orden en temas<br \/>\nb\u00e1sicos de prevenci\u00f3n, como el uso del cubrebocas\u201d, dijo el legislador, como<br \/>\nun llamado a no bajar la guardia ante las medidas preventivas.<\/p>\n<p>Precis\u00f3 que M\u00e9xico es el cuarto pa\u00eds con m\u00e1s muertes por Covid en el mundo,<br \/>\nsolo superado por Estados Unidos, Brasil e India. Se tiene un \u00edndice de<br \/>\npositividad del 40 %, cuando la Organizaci\u00f3n Mundial de la Salud (OMS)<br \/>\nrecomienda mantener la tasa cercana en 5 %.<\/p>\n<p>Advirti\u00f3 que lo m\u00e1s grave es que, de acuerdo con datos de la Johns Hopkins<br \/>\nUniversity, M\u00e9xico es el pa\u00eds con la mayor tasa de letalidad por Covid en el<br \/>\nmundo: 98.8 muertes por cada 100 mil habitantes.<\/p>\n<p>En este sentido, mencion\u00f3 que todos los expertos coinciden en que diciembre<br \/>\ny enero ser\u00e1n meses clave para detener el nuevo avance del virus, pero<br \/>\ntambi\u00e9n son meses cargados de celebraciones y convivencia familiar.<\/p>\n<p>\u201cSi llegamos a las fiestas decembrinas pensando que pronto la vacuna nos va<br \/>\na salvar y seguimos viendo como normal la realizaci\u00f3n de fiestas y reuniones<br \/>\nfamiliares, no podremos evitar que esta nueva amenaza nos rebase\u201d, recalc\u00f3.<\/p>\n<p>Indic\u00f3 que ya son varios estados de la Rep\u00fablica que han vuelto o est\u00e1n a<br \/>\npunto de regresar a sem\u00e1foro rojo y otra vez se est\u00e1n viendo hospitales<br \/>\nsaturados, adem\u00e1s de mencionar que la misma autoridad sanitaria ha<br \/>\naceptado que los datos reportados est\u00e1n subestimados, hasta 8 veces en el<br \/>\ncaso del n\u00famero de contagios y hasta 2.7 veces en el caso de los fallecidos.<\/p>\n","protected":false},"excerpt":{"rendered":"<p>Ante la cifra reportada oficialmente en M\u00e9xico de m\u00e1s de 100 mil muertes por covid-19 y m\u00e1s de un mill\u00f3n de personas contagiadas, el Diputado Federal por el Distrito 12 de la ciudad de Puebla, Fernando Manzanilla Prieto, pidi\u00f3 reforzar las medidas sanitarias debido a que se avecinan fechas en las que se pronostica una segunda ola de contagios. \u201cHa llegado la hora de reforzar las medidas sanitarias, como sociedad y como gobierno, tenemos que actuar responsablemente y poner orden en temas b\u00e1sicos de prevenci\u00f3n, como el uso del cubrebocas\u201d, dijo el legislador, como un llamado a no bajar la guardia ante las medidas preventivas. Precis\u00f3 que M\u00e9xico es el cuarto pa\u00eds con m\u00e1s muertes por Covid en el mundo, solo superado por Estados Unidos,&hellip;<\/p>\n<p class=\"excerpt-more\"><a class=\"blog-excerpt button\" href=\"https:\/\/www.aliadospuebla.com\/?p=48759\">Leer m\u00e1s&#8230;<\/a><\/p>\n","protected":false},"author":3,"featured_media":47917,"comment_status":"open","ping_status":"open","sticky":false,"template":"","format":"standard","meta":{"_monsterinsights_skip_tracking":false,"footnotes":""},"categories":[6],"tags":[56,4756,8367,850,666,77,72,3002],"class_list":["post-48759","post","type-post","status-publish","format-standard","has-post-thumbnail","hentry","category-politica","tag-capital","tag-fernando-manzanilla","tag-marco-mena","tag-miguel-barbosa","tag-morena","tag-municipios","tag-puebla","tag-regidores"],"yoast_head":"<!-- This site is optimized with the Yoast SEO plugin v28.4 - https:\/\/yoast.com\/product\/yoast-seo-wordpress\/ -->\n<title>PIDE FERNANDO MANZANILLA REFORZAR MEDIDAS SANITARIAS ANTE AVANCE DE CONTAGIOS POR COVID-19 - AliadosPuebla<\/title>\n<meta name=\"robots\" content=\"index, follow, max-snippet:-1, max-image-preview:large, max-video-preview:-1\" \/>\n<link rel=\"canonical\" href=\"https:\/\/www.aliadospuebla.com\/?p=48759\" \/>\n<meta property=\"og:locale\" content=\"es_ES\" \/>\n<meta property=\"og:type\" content=\"article\" \/>\n<meta property=\"og:title\" content=\"PIDE FERNANDO MANZANILLA REFORZAR MEDIDAS SANITARIAS ANTE AVANCE DE CONTAGIOS POR COVID-19 - AliadosPuebla\" \/>\n<meta property=\"og:description\" content=\"Ante la cifra reportada oficialmente en M\u00e9xico de m\u00e1s de 100 mil muertes por covid-19 y m\u00e1s de un mill\u00f3n de personas contagiadas, el Diputado Federal por el Distrito 12 de la ciudad de Puebla, Fernando Manzanilla Prieto, pidi\u00f3 reforzar las medidas sanitarias debido a que se avecinan fechas en las que se pronostica una segunda ola de contagios. \u201cHa llegado la hora de reforzar las medidas sanitarias, como sociedad y como gobierno, tenemos que actuar responsablemente y poner orden en temas b\u00e1sicos de prevenci\u00f3n, como el uso del cubrebocas\u201d, dijo el legislador, como un llamado a no bajar la guardia ante las medidas preventivas. Precis\u00f3 que M\u00e9xico es el cuarto pa\u00eds con m\u00e1s muertes por Covid en el mundo, solo superado por Estados Unidos,&hellip;Leer m\u00e1s...\" \/>\n<meta property=\"og:url\" content=\"https:\/\/www.aliadospuebla.com\/?p=48759\" \/>\n<meta property=\"og:site_name\" content=\"AliadosPuebla\" \/>\n<meta property=\"article:published_time\" content=\"2020-11-24T00:22:08+00:00\" \/>\n<meta property=\"og:image\" content=\"https:\/\/www.aliadospuebla.com\/web2017\/wp-content\/uploads\/2020\/11\/353-Fernando-Manzanilla.jpg\" \/>\n\t<meta property=\"og:image:width\" content=\"600\" \/>\n\t<meta property=\"og:image:height\" content=\"450\" \/>\n\t<meta property=\"og:image:type\" content=\"image\/jpeg\" \/>\n<meta name=\"author\" content=\"Aliados Videos\" \/>\n<meta name=\"twitter:card\" content=\"summary_large_image\" \/>\n<meta name=\"twitter:label1\" content=\"Escrito por\" \/>\n\t<meta name=\"twitter:data1\" content=\"Aliados Videos\" \/>\n\t<meta name=\"twitter:label2\" content=\"Tiempo de lectura\" \/>\n\t<meta name=\"twitter:data2\" content=\"2 minutos\" \/>\n<script type=\"application\/ld+json\" class=\"yoast-schema-graph\">{\"@context\":\"https:\\\/\\\/schema.org\",\"@graph\":[{\"@type\":\"Article\",\"@id\":\"https:\\\/\\\/www.aliadospuebla.com\\\/?p=48759#article\",\"isPartOf\":{\"@id\":\"https:\\\/\\\/www.aliadospuebla.com\\\/?p=48759\"},\"author\":{\"name\":\"Aliados Videos\",\"@id\":\"https:\\\/\\\/www.aliadospuebla.com\\\/#\\\/schema\\\/person\\\/0fd017f23cc5c3f7988d5d58850eec8e\"},\"headline\":\"PIDE FERNANDO MANZANILLA REFORZAR MEDIDAS SANITARIAS ANTE AVANCE DE CONTAGIOS POR COVID-19\",\"datePublished\":\"2020-11-24T00:22:08+00:00\",\"mainEntityOfPage\":{\"@id\":\"https:\\\/\\\/www.aliadospuebla.com\\\/?p=48759\"},\"wordCount\":352,\"commentCount\":0,\"image\":{\"@id\":\"https:\\\/\\\/www.aliadospuebla.com\\\/?p=48759#primaryimage\"},\"thumbnailUrl\":\"https:\\\/\\\/www.aliadospuebla.com\\\/web2017\\\/wp-content\\\/uploads\\\/2020\\\/11\\\/353-Fernando-Manzanilla.jpg\",\"keywords\":[\"capital\",\"FERNANDO MANZANILLA\",\"MARCO MENA\",\"MIGUEL BARBOSA\",\"MORENA\",\"Municipios\",\"Puebla\",\"REGIDORES\"],\"articleSection\":[\"Pol\u00edtica\"],\"inLanguage\":\"es\",\"potentialAction\":[{\"@type\":\"CommentAction\",\"name\":\"Comment\",\"target\":[\"https:\\\/\\\/www.aliadospuebla.com\\\/?p=48759#respond\"]}]},{\"@type\":\"WebPage\",\"@id\":\"https:\\\/\\\/www.aliadospuebla.com\\\/?p=48759\",\"url\":\"https:\\\/\\\/www.aliadospuebla.com\\\/?p=48759\",\"name\":\"PIDE FERNANDO MANZANILLA REFORZAR MEDIDAS SANITARIAS ANTE AVANCE DE CONTAGIOS POR COVID-19 - AliadosPuebla\",\"isPartOf\":{\"@id\":\"https:\\\/\\\/www.aliadospuebla.com\\\/#website\"},\"primaryImageOfPage\":{\"@id\":\"https:\\\/\\\/www.aliadospuebla.com\\\/?p=48759#primaryimage\"},\"image\":{\"@id\":\"https:\\\/\\\/www.aliadospuebla.com\\\/?p=48759#primaryimage\"},\"thumbnailUrl\":\"https:\\\/\\\/www.aliadospuebla.com\\\/web2017\\\/wp-content\\\/uploads\\\/2020\\\/11\\\/353-Fernando-Manzanilla.jpg\",\"datePublished\":\"2020-11-24T00:22:08+00:00\",\"author\":{\"@id\":\"https:\\\/\\\/www.aliadospuebla.com\\\/#\\\/schema\\\/person\\\/0fd017f23cc5c3f7988d5d58850eec8e\"},\"breadcrumb\":{\"@id\":\"https:\\\/\\\/www.aliadospuebla.com\\\/?p=48759#breadcrumb\"},\"inLanguage\":\"es\",\"potentialAction\":[{\"@type\":\"ReadAction\",\"target\":[\"https:\\\/\\\/www.aliadospuebla.com\\\/?p=48759\"]}]},{\"@type\":\"ImageObject\",\"inLanguage\":\"es\",\"@id\":\"https:\\\/\\\/www.aliadospuebla.com\\\/?p=48759#primaryimage\",\"url\":\"https:\\\/\\\/www.aliadospuebla.com\\\/web2017\\\/wp-content\\\/uploads\\\/2020\\\/11\\\/353-Fernando-Manzanilla.jpg\",\"contentUrl\":\"https:\\\/\\\/www.aliadospuebla.com\\\/web2017\\\/wp-content\\\/uploads\\\/2020\\\/11\\\/353-Fernando-Manzanilla.jpg\",\"width\":600,\"height\":450},{\"@type\":\"BreadcrumbList\",\"@id\":\"https:\\\/\\\/www.aliadospuebla.com\\\/?p=48759#breadcrumb\",\"itemListElement\":[{\"@type\":\"ListItem\",\"position\":1,\"name\":\"Portada\",\"item\":\"https:\\\/\\\/www.aliadospuebla.com\\\/\"},{\"@type\":\"ListItem\",\"position\":2,\"name\":\"PIDE FERNANDO MANZANILLA REFORZAR MEDIDAS SANITARIAS ANTE AVANCE DE CONTAGIOS POR COVID-19\"}]},{\"@type\":\"WebSite\",\"@id\":\"https:\\\/\\\/www.aliadospuebla.com\\\/#website\",\"url\":\"https:\\\/\\\/www.aliadospuebla.com\\\/\",\"name\":\"AliadosPuebla\",\"description\":\"La informaci\u00f3n en tus manos\",\"potentialAction\":[{\"@type\":\"SearchAction\",\"target\":{\"@type\":\"EntryPoint\",\"urlTemplate\":\"https:\\\/\\\/www.aliadospuebla.com\\\/?s={search_term_string}\"},\"query-input\":{\"@type\":\"PropertyValueSpecification\",\"valueRequired\":true,\"valueName\":\"search_term_string\"}}],\"inLanguage\":\"es\"},{\"@type\":\"Person\",\"@id\":\"https:\\\/\\\/www.aliadospuebla.com\\\/#\\\/schema\\\/person\\\/0fd017f23cc5c3f7988d5d58850eec8e\",\"name\":\"Aliados Videos\",\"image\":{\"@type\":\"ImageObject\",\"inLanguage\":\"es\",\"@id\":\"https:\\\/\\\/secure.gravatar.com\\\/avatar\\\/42b92de8b2d8339e1e824f3a73ab023a0bec0ee2e3920248085eb1f3160b4083?s=96&d=mm&r=g\",\"url\":\"https:\\\/\\\/secure.gravatar.com\\\/avatar\\\/42b92de8b2d8339e1e824f3a73ab023a0bec0ee2e3920248085eb1f3160b4083?s=96&d=mm&r=g\",\"contentUrl\":\"https:\\\/\\\/secure.gravatar.com\\\/avatar\\\/42b92de8b2d8339e1e824f3a73ab023a0bec0ee2e3920248085eb1f3160b4083?s=96&d=mm&r=g\",\"caption\":\"Aliados Videos\"},\"url\":\"https:\\\/\\\/www.aliadospuebla.com\\\/?author=3\"}]}<\/script>\n<!-- \/ Yoast SEO plugin. -->","yoast_head_json":{"title":"PIDE FERNANDO MANZANILLA REFORZAR MEDIDAS SANITARIAS ANTE AVANCE DE CONTAGIOS POR COVID-19 - AliadosPuebla","robots":{"index":"index","follow":"follow","max-snippet":"max-snippet:-1","max-image-preview":"max-image-preview:large","max-video-preview":"max-video-preview:-1"},"canonical":"https:\/\/www.aliadospuebla.com\/?p=48759","og_locale":"es_ES","og_type":"article","og_title":"PIDE FERNANDO MANZANILLA REFORZAR MEDIDAS SANITARIAS ANTE AVANCE DE CONTAGIOS POR COVID-19 - AliadosPuebla","og_description":"Ante la cifra reportada oficialmente en M\u00e9xico de m\u00e1s de 100 mil muertes por covid-19 y m\u00e1s de un mill\u00f3n de personas contagiadas, el Diputado Federal por el Distrito 12 de la ciudad de Puebla, Fernando Manzanilla Prieto, pidi\u00f3 reforzar las medidas sanitarias debido a que se avecinan fechas en las que se pronostica una segunda ola de contagios. \u201cHa llegado la hora de reforzar las medidas sanitarias, como sociedad y como gobierno, tenemos que actuar responsablemente y poner orden en temas b\u00e1sicos de prevenci\u00f3n, como el uso del cubrebocas\u201d, dijo el legislador, como un llamado a no bajar la guardia ante las medidas preventivas. Precis\u00f3 que M\u00e9xico es el cuarto pa\u00eds con m\u00e1s muertes por Covid en el mundo, solo superado por Estados Unidos,&hellip;Leer m\u00e1s...","og_url":"https:\/\/www.aliadospuebla.com\/?p=48759","og_site_name":"AliadosPuebla","article_published_time":"2020-11-24T00:22:08+00:00","og_image":[{"width":600,"height":450,"url":"https:\/\/www.aliadospuebla.com\/web2017\/wp-content\/uploads\/2020\/11\/353-Fernando-Manzanilla.jpg","type":"image\/jpeg"}],"author":"Aliados Videos","twitter_card":"summary_large_image","twitter_misc":{"Escrito por":"Aliados Videos","Tiempo de lectura":"2 minutos"},"schema":{"@context":"https:\/\/schema.org","@graph":[{"@type":"Article","@id":"https:\/\/www.aliadospuebla.com\/?p=48759#article","isPartOf":{"@id":"https:\/\/www.aliadospuebla.com\/?p=48759"},"author":{"name":"Aliados Videos","@id":"https:\/\/www.aliadospuebla.com\/#\/schema\/person\/0fd017f23cc5c3f7988d5d58850eec8e"},"headline":"PIDE FERNANDO MANZANILLA REFORZAR MEDIDAS SANITARIAS ANTE AVANCE DE CONTAGIOS POR COVID-19","datePublished":"2020-11-24T00:22:08+00:00","mainEntityOfPage":{"@id":"https:\/\/www.aliadospuebla.com\/?p=48759"},"wordCount":352,"commentCount":0,"image":{"@id":"https:\/\/www.aliadospuebla.com\/?p=48759#primaryimage"},"thumbnailUrl":"https:\/\/www.aliadospuebla.com\/web2017\/wp-content\/uploads\/2020\/11\/353-Fernando-Manzanilla.jpg","keywords":["capital","FERNANDO MANZANILLA","MARCO MENA","MIGUEL BARBOSA","MORENA","Municipios","Puebla","REGIDORES"],"articleSection":["Pol\u00edtica"],"inLanguage":"es","potentialAction":[{"@type":"CommentAction","name":"Comment","target":["https:\/\/www.aliadospuebla.com\/?p=48759#respond"]}]},{"@type":"WebPage","@id":"https:\/\/www.aliadospuebla.com\/?p=48759","url":"https:\/\/www.aliadospuebla.com\/?p=48759","name":"PIDE FERNANDO MANZANILLA REFORZAR MEDIDAS SANITARIAS ANTE AVANCE DE CONTAGIOS POR COVID-19 - AliadosPuebla","isPartOf":{"@id":"https:\/\/www.aliadospuebla.com\/#website"},"primaryImageOfPage":{"@id":"https:\/\/www.aliadospuebla.com\/?p=48759#primaryimage"},"image":{"@id":"https:\/\/www.aliadospuebla.com\/?p=48759#primaryimage"},"thumbnailUrl":"https:\/\/www.aliadospuebla.com\/web2017\/wp-content\/uploads\/2020\/11\/353-Fernando-Manzanilla.jpg","datePublished":"2020-11-24T00:22:08+00:00","author":{"@id":"https:\/\/www.aliadospuebla.com\/#\/schema\/person\/0fd017f23cc5c3f7988d5d58850eec8e"},"breadcrumb":{"@id":"https:\/\/www.aliadospuebla.com\/?p=48759#breadcrumb"},"inLanguage":"es","potentialAction":[{"@type":"ReadAction","target":["https:\/\/www.aliadospuebla.com\/?p=48759"]}]},{"@type":"ImageObject","inLanguage":"es","@id":"https:\/\/www.aliadospuebla.com\/?p=48759#primaryimage","url":"https:\/\/www.aliadospuebla.com\/web2017\/wp-content\/uploads\/2020\/11\/353-Fernando-Manzanilla.jpg","contentUrl":"https:\/\/www.aliadospuebla.com\/web2017\/wp-content\/uploads\/2020\/11\/353-Fernando-Manzanilla.jpg","width":600,"height":450},{"@type":"BreadcrumbList","@id":"https:\/\/www.aliadospuebla.com\/?p=48759#breadcrumb","itemListElement":[{"@type":"ListItem","position":1,"name":"Portada","item":"https:\/\/www.aliadospuebla.com\/"},{"@type":"ListItem","position":2,"name":"PIDE FERNANDO MANZANILLA REFORZAR MEDIDAS SANITARIAS ANTE AVANCE DE CONTAGIOS POR COVID-19"}]},{"@type":"WebSite","@id":"https:\/\/www.aliadospuebla.com\/#website","url":"https:\/\/www.aliadospuebla.com\/","name":"AliadosPuebla","description":"La informaci\u00f3n en tus manos","potentialAction":[{"@type":"SearchAction","target":{"@type":"EntryPoint","urlTemplate":"https:\/\/www.aliadospuebla.com\/?s={search_term_string}"},"query-input":{"@type":"PropertyValueSpecification","valueRequired":true,"valueName":"search_term_string"}}],"inLanguage":"es"},{"@type":"Person","@id":"https:\/\/www.aliadospuebla.com\/#\/schema\/person\/0fd017f23cc5c3f7988d5d58850eec8e","name":"Aliados Videos","image":{"@type":"ImageObject","inLanguage":"es","@id":"https:\/\/secure.gravatar.com\/avatar\/42b92de8b2d8339e1e824f3a73ab023a0bec0ee2e3920248085eb1f3160b4083?s=96&d=mm&r=g","url":"https:\/\/secure.gravatar.com\/avatar\/42b92de8b2d8339e1e824f3a73ab023a0bec0ee2e3920248085eb1f3160b4083?s=96&d=mm&r=g","contentUrl":"https:\/\/secure.gravatar.com\/avatar\/42b92de8b2d8339e1e824f3a73ab023a0bec0ee2e3920248085eb1f3160b4083?s=96&d=mm&r=g","caption":"Aliados Videos"},"url":"https:\/\/www.aliadospuebla.com\/?author=3"}]}},"views":10,"_links":{"self":[{"href":"https:\/\/www.aliadospuebla.com\/index.php?rest_route=\/wp\/v2\/posts\/48759","targetHints":{"allow":["GET"]}}],"collection":[{"href":"https:\/\/www.aliadospuebla.com\/index.php?rest_route=\/wp\/v2\/posts"}],"about":[{"href":"https:\/\/www.aliadospuebla.com\/index.php?rest_route=\/wp\/v2\/types\/post"}],"author":[{"embeddable":true,"href":"https:\/\/www.aliadospuebla.com\/index.php?rest_route=\/wp\/v2\/users\/3"}],"replies":[{"embeddable":true,"href":"https:\/\/www.aliadospuebla.com\/index.php?rest_route=%2Fwp%2Fv2%2Fcomments&post=48759"}],"version-history":[{"count":1,"href":"https:\/\/www.aliadospuebla.com\/index.php?rest_route=\/wp\/v2\/posts\/48759\/revisions"}],"predecessor-version":[{"id":48760,"href":"https:\/\/www.aliadospuebla.com\/index.php?rest_route=\/wp\/v2\/posts\/48759\/revisions\/48760"}],"wp:featuredmedia":[{"embeddable":true,"href":"https:\/\/www.aliadospuebla.com\/index.php?rest_route=\/wp\/v2\/media\/47917"}],"wp:attachment":[{"href":"https:\/\/www.aliadospuebla.com\/index.php?rest_route=%2Fwp%2Fv2%2Fmedia&parent=48759"}],"wp:term":[{"taxonomy":"category","embeddable":true,"href":"https:\/\/www.aliadospuebla.com\/index.php?rest_route=%2Fwp%2Fv2%2Fcategories&post=48759"},{"taxonomy":"post_tag","embeddable":true,"href":"https:\/\/www.aliadospuebla.com\/index.php?rest_route=%2Fwp%2Fv2%2Ftags&post=48759"}],"curies":[{"name":"wp","href":"https:\/\/api.w.org\/{rel}","templated":true}]}}