{"id":48530,"date":"2020-11-17T09:35:43","date_gmt":"2020-11-17T15:35:43","guid":{"rendered":"http:\/\/www.aliados17.com\/?p=48530"},"modified":"2020-11-17T09:35:43","modified_gmt":"2020-11-17T15:35:43","slug":"mis-punteras-os-para-alcaldes-es-de-muy-buena-fuente","status":"publish","type":"post","link":"https:\/\/www.aliadospuebla.com\/?p=48530","title":{"rendered":"Mis \u201cPunteras\/os\u201d para alcaldes: Es de Muy Buena Fuente"},"content":{"rendered":"<p>Independientemente de ajustes de \u00faltima hora, movimientos por paridad de g\u00e9nero, coaliciones, alianzas y candidaturas comunes, los partidos pol\u00edticos tienen perfiles muy avanzados para las presidencias municipales del territorio poblano.<\/p>\n<p>Teziutl\u00e1n.- Sin duda que la candidata del Partido Acci\u00f3n Nacional, va a ser la doctora Corona Salazar \u00c1lvarez. Y sin duda que la ex diputada local y candidata a la alcald\u00eda (2018) protestar\u00e1 el 15 octubre del 2021 como presidenta en esta ciudad.<\/p>\n<p>Atlixco.- Si MORENA quiere ganar, con aliados o sin ellos, el candidato a la alcald\u00eda debe ser H\u00e9ctor Jim\u00e9nez y Meneses. Si no es \u00e9l, mejor ni hagan el rid\u00edculo.<\/p>\n<p>San Andr\u00e9s Cholula.- Hay que se pragm\u00e1ticos. Los mejores n\u00fameros los tiene Raymundo Cuautli Mart\u00ednez. Los otros aspirantes no son malos, pero \u201cRay\u201d, garantiza con el PAN y los partidos que decidan sumarse.<\/p>\n<p>Tehuac\u00e1n.- Quienes crean que MORENA va a ganar en la tierra del desastre deben vivir en J\u00fapiter. Lucio Rangel Mendoza es el aspirante del PAN que no deja de hacer trabajo de tierra. All\u00e1, la competencia es entre panistas.<\/p>\n<p>Huachinango.- Liliana Luna Aguirre debe ser la candidata del PRD, a la que se sumar\u00edan PAN y PRI \u00bfPara qu\u00e9 le hacen al cuento all\u00e1? Con esta alianza le dan \u201cpaliza\u201d a los \u201cmorenos\u201d.<\/p>\n<p>San Pedro Cholula.- Aqu\u00ed se avecina otra aplastante derrota para MORENA, igual que en la elecci\u00f3n extraordinaria de 2019. A la cabeza de la candidatura de unidad de los cholultecas se encuentra el virtual candidato del PAN Jorge G\u00f3mez Carranco.<\/p>\n<p>Tecamachalco.- Sin dejar a un lado la humildad, el PAN debe decirle a In\u00e9s Saturnino L\u00f3pez Ponce: Ah\u00ed est\u00e1 la candidatura, s\u00f3lo cubre el tr\u00e1mite de la elecci\u00f3n.<\/p>\n<p>Este es el primer corte.<br \/>\nPunto<br \/>\nHe dicho y he escrito.<\/p>\n<p>Ni Obama<br \/>\nEn el tema del aborto, si est\u00e1s de acuerdo malo, si no est\u00e1s de acuerdo, malo \u00bfQu\u00e9 decir? No lo s\u00e9. S\u00f3lo s\u00e9 que somos una sociedad cat\u00f3lica, apost\u00f3lica y poblana, que no nos lo quita ni Obama.<\/p>\n<p>El Verdugo<br \/>\nTantos votos que Puebla dio a L\u00f3pez Obrador para que ganara la presidencia de la Rep\u00fablica y al segundo a\u00f1o le da su pu\u00f1alada con el recorte presupuestal. El Verdugo dice: \u00bfY si le ofrecemos un \u201cmoche\u201d?<\/p>\n<p>De Buena Fuente no es la mejor columna pol\u00edtica, pero tiene a los mejores lectores.<\/p>\n<p>cmaciaspalma@yahoo.com.mx<br \/>\ncmaciaspalma0105@gmail.com<br \/>\n@cmaciaspalma<br \/>\nFB: Carlos Mac\u00edas Palma<br \/>\nMi\u00e9rcoles: 17 horas en Carlos Mac\u00edas-Radio (radioenredes.com)<br \/>\nViernes: 10:30 horas en Entre amigos (RevistaUnicaporCincoMujeres)<\/p>\n","protected":false},"excerpt":{"rendered":"<p>Independientemente de ajustes de \u00faltima hora, movimientos por paridad de g\u00e9nero, coaliciones, alianzas y candidaturas comunes, los partidos pol\u00edticos tienen perfiles muy avanzados para las presidencias municipales del territorio poblano. Teziutl\u00e1n.- Sin duda que la candidata del Partido Acci\u00f3n Nacional, va a ser la doctora Corona Salazar \u00c1lvarez. Y sin duda que la ex diputada local y candidata a la alcald\u00eda (2018) protestar\u00e1 el 15 octubre del 2021 como presidenta en esta ciudad. Atlixco.- Si MORENA quiere ganar, con aliados o sin ellos, el candidato a la alcald\u00eda debe ser H\u00e9ctor Jim\u00e9nez y Meneses. Si no es \u00e9l, mejor ni hagan el rid\u00edculo. San Andr\u00e9s Cholula.- Hay que se pragm\u00e1ticos. Los mejores n\u00fameros los tiene Raymundo Cuautli Mart\u00ednez. Los otros aspirantes no son malos, pero&hellip;<\/p>\n<p class=\"excerpt-more\"><a class=\"blog-excerpt button\" href=\"https:\/\/www.aliadospuebla.com\/?p=48530\">Leer m\u00e1s&#8230;<\/a><\/p>\n","protected":false},"author":2,"featured_media":48531,"comment_status":"open","ping_status":"open","sticky":false,"template":"","format":"standard","meta":{"_monsterinsights_skip_tracking":false,"footnotes":""},"categories":[9],"tags":[14868,12846,130,14869,13843,13242,666,1125,2403,14683],"class_list":["post-48530","post","type-post","status-publish","format-standard","has-post-thumbnail","hentry","category-columnas","tag-corona-salazar-alvarez","tag-elecciones-2021","tag-ines-saturnino-lopez-ponce","tag-jorge-gomez-carranco","tag-liliana-luna-aguirre","tag-lucio-rangel-mendoza","tag-morena","tag-paridad-de-genero","tag-partidos-politicos","tag-raymundo-cuautli-martinez"],"yoast_head":"<!-- This site is optimized with the Yoast SEO plugin v28.3 - https:\/\/yoast.com\/product\/yoast-seo-wordpress\/ -->\n<title>Mis \u201cPunteras\/os\u201d para alcaldes: Es de Muy Buena Fuente - AliadosPuebla<\/title>\n<meta name=\"robots\" content=\"index, follow, max-snippet:-1, max-image-preview:large, max-video-preview:-1\" \/>\n<link rel=\"canonical\" href=\"https:\/\/www.aliadospuebla.com\/?p=48530\" \/>\n<meta property=\"og:locale\" content=\"es_ES\" \/>\n<meta property=\"og:type\" content=\"article\" \/>\n<meta property=\"og:title\" content=\"Mis \u201cPunteras\/os\u201d para alcaldes: Es de Muy Buena Fuente - AliadosPuebla\" \/>\n<meta property=\"og:description\" content=\"Independientemente de ajustes de \u00faltima hora, movimientos por paridad de g\u00e9nero, coaliciones, alianzas y candidaturas comunes, los partidos pol\u00edticos tienen perfiles muy avanzados para las presidencias municipales del territorio poblano. Teziutl\u00e1n.- Sin duda que la candidata del Partido Acci\u00f3n Nacional, va a ser la doctora Corona Salazar \u00c1lvarez. Y sin duda que la ex diputada local y candidata a la alcald\u00eda (2018) protestar\u00e1 el 15 octubre del 2021 como presidenta en esta ciudad. Atlixco.- Si MORENA quiere ganar, con aliados o sin ellos, el candidato a la alcald\u00eda debe ser H\u00e9ctor Jim\u00e9nez y Meneses. Si no es \u00e9l, mejor ni hagan el rid\u00edculo. San Andr\u00e9s Cholula.- Hay que se pragm\u00e1ticos. Los mejores n\u00fameros los tiene Raymundo Cuautli Mart\u00ednez. Los otros aspirantes no son malos, pero&hellip;Leer m\u00e1s...\" \/>\n<meta property=\"og:url\" content=\"https:\/\/www.aliadospuebla.com\/?p=48530\" \/>\n<meta property=\"og:site_name\" content=\"AliadosPuebla\" \/>\n<meta property=\"article:author\" content=\"https:\/\/www.facebook.com\/Aliados17Pue\" \/>\n<meta property=\"article:published_time\" content=\"2020-11-17T15:35:43+00:00\" \/>\n<meta property=\"og:image\" content=\"https:\/\/www.aliadospuebla.com\/web2017\/wp-content\/uploads\/2020\/11\/014-Macias-Palma-6.jpg\" \/>\n\t<meta property=\"og:image:width\" content=\"600\" \/>\n\t<meta property=\"og:image:height\" content=\"450\" \/>\n\t<meta property=\"og:image:type\" content=\"image\/jpeg\" \/>\n<meta name=\"author\" content=\"Aliados17\" \/>\n<meta name=\"twitter:card\" content=\"summary_large_image\" \/>\n<meta name=\"twitter:creator\" content=\"@AliadosPuebla\" \/>\n<meta name=\"twitter:label1\" content=\"Escrito por\" \/>\n\t<meta name=\"twitter:data1\" content=\"Aliados17\" \/>\n\t<meta name=\"twitter:label2\" content=\"Tiempo de lectura\" \/>\n\t<meta name=\"twitter:data2\" content=\"2 minutos\" \/>\n<script type=\"application\/ld+json\" class=\"yoast-schema-graph\">{\"@context\":\"https:\\\/\\\/schema.org\",\"@graph\":[{\"@type\":\"Article\",\"@id\":\"https:\\\/\\\/www.aliadospuebla.com\\\/?p=48530#article\",\"isPartOf\":{\"@id\":\"https:\\\/\\\/www.aliadospuebla.com\\\/?p=48530\"},\"author\":{\"name\":\"Aliados17\",\"@id\":\"https:\\\/\\\/www.aliadospuebla.com\\\/#\\\/schema\\\/person\\\/5da7dd09320bd4f392b710017ed5f8ad\"},\"headline\":\"Mis \u201cPunteras\\\/os\u201d para alcaldes: Es de Muy Buena Fuente\",\"datePublished\":\"2020-11-17T15:35:43+00:00\",\"mainEntityOfPage\":{\"@id\":\"https:\\\/\\\/www.aliadospuebla.com\\\/?p=48530\"},\"wordCount\":456,\"commentCount\":0,\"image\":{\"@id\":\"https:\\\/\\\/www.aliadospuebla.com\\\/?p=48530#primaryimage\"},\"thumbnailUrl\":\"https:\\\/\\\/www.aliadospuebla.com\\\/web2017\\\/wp-content\\\/uploads\\\/2020\\\/11\\\/014-Macias-Palma-6.jpg\",\"keywords\":[\"Corona Salazar \u00c1lvarez\",\"elecciones 2021\",\"In\u00e8s saturnino L\u00f2pez Ponce\",\"Jorge G\u00f3mez Carranco\",\"Liliana Luna Aguirre\",\"Lucio Rangel Mendoza\",\"MORENA\",\"PARIDAD DE G\u00c9NERO\",\"PARTIDOS POL\u00cdTICOS\",\"Raymundo Cuautli Mart\u00ednez\"],\"articleSection\":[\"Columnas\"],\"inLanguage\":\"es\",\"potentialAction\":[{\"@type\":\"CommentAction\",\"name\":\"Comment\",\"target\":[\"https:\\\/\\\/www.aliadospuebla.com\\\/?p=48530#respond\"]}]},{\"@type\":\"WebPage\",\"@id\":\"https:\\\/\\\/www.aliadospuebla.com\\\/?p=48530\",\"url\":\"https:\\\/\\\/www.aliadospuebla.com\\\/?p=48530\",\"name\":\"Mis \u201cPunteras\\\/os\u201d para alcaldes: Es de Muy Buena Fuente - AliadosPuebla\",\"isPartOf\":{\"@id\":\"https:\\\/\\\/www.aliadospuebla.com\\\/#website\"},\"primaryImageOfPage\":{\"@id\":\"https:\\\/\\\/www.aliadospuebla.com\\\/?p=48530#primaryimage\"},\"image\":{\"@id\":\"https:\\\/\\\/www.aliadospuebla.com\\\/?p=48530#primaryimage\"},\"thumbnailUrl\":\"https:\\\/\\\/www.aliadospuebla.com\\\/web2017\\\/wp-content\\\/uploads\\\/2020\\\/11\\\/014-Macias-Palma-6.jpg\",\"datePublished\":\"2020-11-17T15:35:43+00:00\",\"author\":{\"@id\":\"https:\\\/\\\/www.aliadospuebla.com\\\/#\\\/schema\\\/person\\\/5da7dd09320bd4f392b710017ed5f8ad\"},\"breadcrumb\":{\"@id\":\"https:\\\/\\\/www.aliadospuebla.com\\\/?p=48530#breadcrumb\"},\"inLanguage\":\"es\",\"potentialAction\":[{\"@type\":\"ReadAction\",\"target\":[\"https:\\\/\\\/www.aliadospuebla.com\\\/?p=48530\"]}]},{\"@type\":\"ImageObject\",\"inLanguage\":\"es\",\"@id\":\"https:\\\/\\\/www.aliadospuebla.com\\\/?p=48530#primaryimage\",\"url\":\"https:\\\/\\\/www.aliadospuebla.com\\\/web2017\\\/wp-content\\\/uploads\\\/2020\\\/11\\\/014-Macias-Palma-6.jpg\",\"contentUrl\":\"https:\\\/\\\/www.aliadospuebla.com\\\/web2017\\\/wp-content\\\/uploads\\\/2020\\\/11\\\/014-Macias-Palma-6.jpg\",\"width\":600,\"height\":450},{\"@type\":\"BreadcrumbList\",\"@id\":\"https:\\\/\\\/www.aliadospuebla.com\\\/?p=48530#breadcrumb\",\"itemListElement\":[{\"@type\":\"ListItem\",\"position\":1,\"name\":\"Portada\",\"item\":\"https:\\\/\\\/www.aliadospuebla.com\\\/\"},{\"@type\":\"ListItem\",\"position\":2,\"name\":\"Mis \u201cPunteras\\\/os\u201d para alcaldes: Es de Muy Buena Fuente\"}]},{\"@type\":\"WebSite\",\"@id\":\"https:\\\/\\\/www.aliadospuebla.com\\\/#website\",\"url\":\"https:\\\/\\\/www.aliadospuebla.com\\\/\",\"name\":\"AliadosPuebla\",\"description\":\"La informaci\u00f3n en tus manos\",\"potentialAction\":[{\"@type\":\"SearchAction\",\"target\":{\"@type\":\"EntryPoint\",\"urlTemplate\":\"https:\\\/\\\/www.aliadospuebla.com\\\/?s={search_term_string}\"},\"query-input\":{\"@type\":\"PropertyValueSpecification\",\"valueRequired\":true,\"valueName\":\"search_term_string\"}}],\"inLanguage\":\"es\"},{\"@type\":\"Person\",\"@id\":\"https:\\\/\\\/www.aliadospuebla.com\\\/#\\\/schema\\\/person\\\/5da7dd09320bd4f392b710017ed5f8ad\",\"name\":\"Aliados17\",\"image\":{\"@type\":\"ImageObject\",\"inLanguage\":\"es\",\"@id\":\"https:\\\/\\\/www.aliadospuebla.com\\\/web2017\\\/wp-content\\\/uploads\\\/2025\\\/03\\\/cropped-para-perfil-8-anos-1-96x96.jpg\",\"url\":\"https:\\\/\\\/www.aliadospuebla.com\\\/web2017\\\/wp-content\\\/uploads\\\/2025\\\/03\\\/cropped-para-perfil-8-anos-1-96x96.jpg\",\"contentUrl\":\"https:\\\/\\\/www.aliadospuebla.com\\\/web2017\\\/wp-content\\\/uploads\\\/2025\\\/03\\\/cropped-para-perfil-8-anos-1-96x96.jpg\",\"caption\":\"Aliados17\"},\"sameAs\":[\"https:\\\/\\\/www.aliados17.com\",\"https:\\\/\\\/www.facebook.com\\\/Aliados17Pue\",\"https:\\\/\\\/x.com\\\/AliadosPuebla\"],\"url\":\"https:\\\/\\\/www.aliadospuebla.com\\\/?author=2\"}]}<\/script>\n<!-- \/ Yoast SEO plugin. -->","yoast_head_json":{"title":"Mis \u201cPunteras\/os\u201d para alcaldes: Es de Muy Buena Fuente - AliadosPuebla","robots":{"index":"index","follow":"follow","max-snippet":"max-snippet:-1","max-image-preview":"max-image-preview:large","max-video-preview":"max-video-preview:-1"},"canonical":"https:\/\/www.aliadospuebla.com\/?p=48530","og_locale":"es_ES","og_type":"article","og_title":"Mis \u201cPunteras\/os\u201d para alcaldes: Es de Muy Buena Fuente - AliadosPuebla","og_description":"Independientemente de ajustes de \u00faltima hora, movimientos por paridad de g\u00e9nero, coaliciones, alianzas y candidaturas comunes, los partidos pol\u00edticos tienen perfiles muy avanzados para las presidencias municipales del territorio poblano. Teziutl\u00e1n.- Sin duda que la candidata del Partido Acci\u00f3n Nacional, va a ser la doctora Corona Salazar \u00c1lvarez. Y sin duda que la ex diputada local y candidata a la alcald\u00eda (2018) protestar\u00e1 el 15 octubre del 2021 como presidenta en esta ciudad. Atlixco.- Si MORENA quiere ganar, con aliados o sin ellos, el candidato a la alcald\u00eda debe ser H\u00e9ctor Jim\u00e9nez y Meneses. Si no es \u00e9l, mejor ni hagan el rid\u00edculo. San Andr\u00e9s Cholula.- Hay que se pragm\u00e1ticos. Los mejores n\u00fameros los tiene Raymundo Cuautli Mart\u00ednez. Los otros aspirantes no son malos, pero&hellip;Leer m\u00e1s...","og_url":"https:\/\/www.aliadospuebla.com\/?p=48530","og_site_name":"AliadosPuebla","article_author":"https:\/\/www.facebook.com\/Aliados17Pue","article_published_time":"2020-11-17T15:35:43+00:00","og_image":[{"width":600,"height":450,"url":"https:\/\/www.aliadospuebla.com\/web2017\/wp-content\/uploads\/2020\/11\/014-Macias-Palma-6.jpg","type":"image\/jpeg"}],"author":"Aliados17","twitter_card":"summary_large_image","twitter_creator":"@AliadosPuebla","twitter_misc":{"Escrito por":"Aliados17","Tiempo de lectura":"2 minutos"},"schema":{"@context":"https:\/\/schema.org","@graph":[{"@type":"Article","@id":"https:\/\/www.aliadospuebla.com\/?p=48530#article","isPartOf":{"@id":"https:\/\/www.aliadospuebla.com\/?p=48530"},"author":{"name":"Aliados17","@id":"https:\/\/www.aliadospuebla.com\/#\/schema\/person\/5da7dd09320bd4f392b710017ed5f8ad"},"headline":"Mis \u201cPunteras\/os\u201d para alcaldes: Es de Muy Buena Fuente","datePublished":"2020-11-17T15:35:43+00:00","mainEntityOfPage":{"@id":"https:\/\/www.aliadospuebla.com\/?p=48530"},"wordCount":456,"commentCount":0,"image":{"@id":"https:\/\/www.aliadospuebla.com\/?p=48530#primaryimage"},"thumbnailUrl":"https:\/\/www.aliadospuebla.com\/web2017\/wp-content\/uploads\/2020\/11\/014-Macias-Palma-6.jpg","keywords":["Corona Salazar \u00c1lvarez","elecciones 2021","In\u00e8s saturnino L\u00f2pez Ponce","Jorge G\u00f3mez Carranco","Liliana Luna Aguirre","Lucio Rangel Mendoza","MORENA","PARIDAD DE G\u00c9NERO","PARTIDOS POL\u00cdTICOS","Raymundo Cuautli Mart\u00ednez"],"articleSection":["Columnas"],"inLanguage":"es","potentialAction":[{"@type":"CommentAction","name":"Comment","target":["https:\/\/www.aliadospuebla.com\/?p=48530#respond"]}]},{"@type":"WebPage","@id":"https:\/\/www.aliadospuebla.com\/?p=48530","url":"https:\/\/www.aliadospuebla.com\/?p=48530","name":"Mis \u201cPunteras\/os\u201d para alcaldes: Es de Muy Buena Fuente - AliadosPuebla","isPartOf":{"@id":"https:\/\/www.aliadospuebla.com\/#website"},"primaryImageOfPage":{"@id":"https:\/\/www.aliadospuebla.com\/?p=48530#primaryimage"},"image":{"@id":"https:\/\/www.aliadospuebla.com\/?p=48530#primaryimage"},"thumbnailUrl":"https:\/\/www.aliadospuebla.com\/web2017\/wp-content\/uploads\/2020\/11\/014-Macias-Palma-6.jpg","datePublished":"2020-11-17T15:35:43+00:00","author":{"@id":"https:\/\/www.aliadospuebla.com\/#\/schema\/person\/5da7dd09320bd4f392b710017ed5f8ad"},"breadcrumb":{"@id":"https:\/\/www.aliadospuebla.com\/?p=48530#breadcrumb"},"inLanguage":"es","potentialAction":[{"@type":"ReadAction","target":["https:\/\/www.aliadospuebla.com\/?p=48530"]}]},{"@type":"ImageObject","inLanguage":"es","@id":"https:\/\/www.aliadospuebla.com\/?p=48530#primaryimage","url":"https:\/\/www.aliadospuebla.com\/web2017\/wp-content\/uploads\/2020\/11\/014-Macias-Palma-6.jpg","contentUrl":"https:\/\/www.aliadospuebla.com\/web2017\/wp-content\/uploads\/2020\/11\/014-Macias-Palma-6.jpg","width":600,"height":450},{"@type":"BreadcrumbList","@id":"https:\/\/www.aliadospuebla.com\/?p=48530#breadcrumb","itemListElement":[{"@type":"ListItem","position":1,"name":"Portada","item":"https:\/\/www.aliadospuebla.com\/"},{"@type":"ListItem","position":2,"name":"Mis \u201cPunteras\/os\u201d para alcaldes: Es de Muy Buena Fuente"}]},{"@type":"WebSite","@id":"https:\/\/www.aliadospuebla.com\/#website","url":"https:\/\/www.aliadospuebla.com\/","name":"AliadosPuebla","description":"La informaci\u00f3n en tus manos","potentialAction":[{"@type":"SearchAction","target":{"@type":"EntryPoint","urlTemplate":"https:\/\/www.aliadospuebla.com\/?s={search_term_string}"},"query-input":{"@type":"PropertyValueSpecification","valueRequired":true,"valueName":"search_term_string"}}],"inLanguage":"es"},{"@type":"Person","@id":"https:\/\/www.aliadospuebla.com\/#\/schema\/person\/5da7dd09320bd4f392b710017ed5f8ad","name":"Aliados17","image":{"@type":"ImageObject","inLanguage":"es","@id":"https:\/\/www.aliadospuebla.com\/web2017\/wp-content\/uploads\/2025\/03\/cropped-para-perfil-8-anos-1-96x96.jpg","url":"https:\/\/www.aliadospuebla.com\/web2017\/wp-content\/uploads\/2025\/03\/cropped-para-perfil-8-anos-1-96x96.jpg","contentUrl":"https:\/\/www.aliadospuebla.com\/web2017\/wp-content\/uploads\/2025\/03\/cropped-para-perfil-8-anos-1-96x96.jpg","caption":"Aliados17"},"sameAs":["https:\/\/www.aliados17.com","https:\/\/www.facebook.com\/Aliados17Pue","https:\/\/x.com\/AliadosPuebla"],"url":"https:\/\/www.aliadospuebla.com\/?author=2"}]}},"views":13,"_links":{"self":[{"href":"https:\/\/www.aliadospuebla.com\/index.php?rest_route=\/wp\/v2\/posts\/48530","targetHints":{"allow":["GET"]}}],"collection":[{"href":"https:\/\/www.aliadospuebla.com\/index.php?rest_route=\/wp\/v2\/posts"}],"about":[{"href":"https:\/\/www.aliadospuebla.com\/index.php?rest_route=\/wp\/v2\/types\/post"}],"author":[{"embeddable":true,"href":"https:\/\/www.aliadospuebla.com\/index.php?rest_route=\/wp\/v2\/users\/2"}],"replies":[{"embeddable":true,"href":"https:\/\/www.aliadospuebla.com\/index.php?rest_route=%2Fwp%2Fv2%2Fcomments&post=48530"}],"version-history":[{"count":1,"href":"https:\/\/www.aliadospuebla.com\/index.php?rest_route=\/wp\/v2\/posts\/48530\/revisions"}],"predecessor-version":[{"id":48532,"href":"https:\/\/www.aliadospuebla.com\/index.php?rest_route=\/wp\/v2\/posts\/48530\/revisions\/48532"}],"wp:featuredmedia":[{"embeddable":true,"href":"https:\/\/www.aliadospuebla.com\/index.php?rest_route=\/wp\/v2\/media\/48531"}],"wp:attachment":[{"href":"https:\/\/www.aliadospuebla.com\/index.php?rest_route=%2Fwp%2Fv2%2Fmedia&parent=48530"}],"wp:term":[{"taxonomy":"category","embeddable":true,"href":"https:\/\/www.aliadospuebla.com\/index.php?rest_route=%2Fwp%2Fv2%2Fcategories&post=48530"},{"taxonomy":"post_tag","embeddable":true,"href":"https:\/\/www.aliadospuebla.com\/index.php?rest_route=%2Fwp%2Fv2%2Ftags&post=48530"}],"curies":[{"name":"wp","href":"https:\/\/api.w.org\/{rel}","templated":true}]}}