{"id":48457,"date":"2020-11-14T22:57:21","date_gmt":"2020-11-15T04:57:21","guid":{"rendered":"http:\/\/www.aliados17.com\/?p=48457"},"modified":"2020-11-14T22:57:21","modified_gmt":"2020-11-15T04:57:21","slug":"da-inicio-la-feria-navidena-en-el-centro-comercial-jorge-murad-del-14-de-noviembre-al-25-de-diciembre","status":"publish","type":"post","link":"https:\/\/www.aliadospuebla.com\/?p=48457","title":{"rendered":"Da inicio la \u00abFeria Navide\u00f1a\u00bb en el Centro Comercial Jorge Murad Macluf, del 14 de Noviembre al 25 de Diciembre"},"content":{"rendered":"<p>Como parte del esfuerzo para reactivar la econom\u00eda en el municipio, el Centro Comercial Jorge Murad, La Fayuca dio inicio formal a su \u00abFeria Navide\u00f1a\u00bb donde participan cerca de 150 expositores con productos que van desde adornos, esferas, nacimientos, manteles, tazas, \u00e1rboles, luces, mu\u00f1ecos inflables, cer\u00e1mica entre otros.<\/p>\n<p>As\u00ed lo dio a conocer en entrevista para <a href=\"http:\/\/www.aliados17.com\/\">Aliados17.com<\/a> Francisco Hern\u00e1ndez Hern\u00e1ndez, Secretario del Interior, acompa\u00f1ado de Eligio Cer\u00f3n Ibarra, Presidente,\u00a0 Jes\u00fas Reyes, encargado de Relaciones P\u00fablicas, Christian Lerin, Comunicaci\u00f3n y publicidad, Alejandro Rodr\u00edguez, Secretario de Actas, Agust\u00edn Vel\u00e1zquez, Vocal y Luis Cruz, Vocal, todos integrantes de la mesa directiva del Centro comercial.<\/p>\n<p>Mencion\u00f3 que gracias al esfuerzo y la unidad que existe entre los comerciantes los clientes pueden estar seguros tanto en su salud como en sus pertenencias ya que se ha tomado en cuenta y de manera estricta los protocolos sanitarios para evitar contagios por la pandemia, uso permanente de cubrebocas de todos los agremiados,\u00a0 gel antibacterial, distancia entre locales, amplios pasillos, adem\u00e1s para reforzar la seguridad participa la SSPYTM con rondines al interior de manera constante, c\u00e1maras de videovigilancia y seguridad interna.<\/p>\n<p>Al acto protocolario de inauguraci\u00f3n acudieron como invitados especiales, Pily Mor\u00e1n, Consejera Nacional del PAN y Jos\u00e9 Baraquiel Calva Lim\u00f3n, presidente auxiliar de San Felipe Hueyotlipan.<\/p>\n<p>En su mensaje la flamante invitada especial invit\u00f3 a la ciudadan\u00eda a realizar sus compras en este centro comercial, ya que es un lugar seguro y de tradici\u00f3n adem\u00e1s de que las familias que en el trabajan se esfuerzan d\u00eda con d\u00eda para dar un servicio de calidad a sus clientes.<\/p>\n<p>\u00abInvito a todos los poblanos a que apoyen el comercio local, a los empresarios que a pesar de los estragos que ha dejado la pandemia han conservado las fuentes de trabajo de cientos de personas y familias, es el momento de apoyarnos todos, que el esfuerzo sea mutuo para sacar a le econom\u00eda de Puebla adelante\u00bb.<\/p>\n<p>Por su parte el presidente auxiliar de San Felipe Hueyotlipan, Jos\u00e9 Baraquiel Calva recomend\u00f3 ampliamente el centro comercial que a la fecha se ha convertido en un lugar seguro, donde laboran familias honestas y donde el cliente siempre es primero.<\/p>\n<p>Cabe mencionar que los clientes adem\u00e1s de ahorrar al adquirir sus productos, muchos de ellos artesanales, podr\u00e1n participar de manera constante en rifas de obsequios de manera presencial y por las redes sociales, adem\u00e1s podr\u00e1n disfrutar de actividades culturales que se estar\u00e1n dando a conocer d\u00eda con d\u00eda por los medios digitales.<\/p>\n<p>Finalmente Hern\u00e1ndez Hern\u00e1ndez invit\u00f3 a que adem\u00e1s de realizar sus compras de art\u00edculos navide\u00f1os los clientes visiten las \u00e1reas permanentes del centro comercial donde podr\u00e1n encontrar, ropa, calzado, electr\u00f3nicos, telefon\u00eda, juegos, art\u00edculos varios y\u00a0 \u00e1reas de comida.<\/p>\n<p>La \u00abFeria Navide\u00f1a\u00bb tiene un horario de Lunes a Domingo de las 9:00am\u00a0 a las 10:00 pm.<\/p>\n<p><img loading=\"lazy\" decoding=\"async\" class=\"alignleft size-full wp-image-48458\" src=\"http:\/\/www.aliados17.com\/web2017\/wp-content\/uploads\/2020\/11\/038-Feria-01.jpg\" alt=\"\" width=\"600\" height=\"450\" \/> <img loading=\"lazy\" decoding=\"async\" class=\"alignleft size-full wp-image-48459\" src=\"http:\/\/www.aliados17.com\/web2017\/wp-content\/uploads\/2020\/11\/038-Feria-02.jpg\" alt=\"\" width=\"600\" height=\"450\" \/> <img loading=\"lazy\" decoding=\"async\" class=\"alignleft size-full wp-image-48460\" src=\"http:\/\/www.aliados17.com\/web2017\/wp-content\/uploads\/2020\/11\/039-Feria-03.jpg\" alt=\"\" width=\"600\" height=\"450\" \/> <img loading=\"lazy\" decoding=\"async\" class=\"alignleft size-full wp-image-48461\" src=\"http:\/\/www.aliados17.com\/web2017\/wp-content\/uploads\/2020\/11\/039-Feria-04.jpg\" alt=\"\" width=\"600\" height=\"450\" \/> <img loading=\"lazy\" decoding=\"async\" class=\"alignleft size-full wp-image-48462\" src=\"http:\/\/www.aliados17.com\/web2017\/wp-content\/uploads\/2020\/11\/039-Feria-05.jpg\" alt=\"\" width=\"600\" height=\"450\" \/> <img loading=\"lazy\" decoding=\"async\" class=\"alignleft size-full wp-image-48463\" src=\"http:\/\/www.aliados17.com\/web2017\/wp-content\/uploads\/2020\/11\/039-Feria-06.jpg\" alt=\"\" width=\"600\" height=\"450\" \/> <img loading=\"lazy\" decoding=\"async\" class=\"alignleft size-full wp-image-48464\" src=\"http:\/\/www.aliados17.com\/web2017\/wp-content\/uploads\/2020\/11\/039-Feria-07.jpg\" alt=\"\" width=\"600\" height=\"450\" \/> <img loading=\"lazy\" decoding=\"async\" class=\"alignleft size-full wp-image-48465\" src=\"http:\/\/www.aliados17.com\/web2017\/wp-content\/uploads\/2020\/11\/039-Feria-08.jpg\" alt=\"\" width=\"600\" height=\"450\" \/> <img loading=\"lazy\" decoding=\"async\" class=\"alignleft size-full wp-image-48466\" src=\"http:\/\/www.aliados17.com\/web2017\/wp-content\/uploads\/2020\/11\/039-Feria-09.jpg\" alt=\"\" width=\"600\" height=\"450\" \/> <img loading=\"lazy\" decoding=\"async\" class=\"alignleft size-full wp-image-48467\" src=\"http:\/\/www.aliados17.com\/web2017\/wp-content\/uploads\/2020\/11\/039-Feria-10.jpg\" alt=\"\" width=\"600\" height=\"450\" \/> <img loading=\"lazy\" decoding=\"async\" class=\"alignleft size-full wp-image-48468\" src=\"http:\/\/www.aliados17.com\/web2017\/wp-content\/uploads\/2020\/11\/039-Feria-11.jpg\" alt=\"\" width=\"600\" height=\"450\" \/> <img loading=\"lazy\" decoding=\"async\" class=\"alignleft size-full wp-image-48469\" src=\"http:\/\/www.aliados17.com\/web2017\/wp-content\/uploads\/2020\/11\/039-Feria-12.jpg\" alt=\"\" width=\"600\" height=\"450\" \/> <img loading=\"lazy\" decoding=\"async\" class=\"alignleft size-full wp-image-48470\" src=\"http:\/\/www.aliados17.com\/web2017\/wp-content\/uploads\/2020\/11\/039-Feria-13.jpg\" alt=\"\" width=\"600\" height=\"450\" \/> <img loading=\"lazy\" decoding=\"async\" class=\"alignleft size-full wp-image-48471\" src=\"http:\/\/www.aliados17.com\/web2017\/wp-content\/uploads\/2020\/11\/039-Feria-14.jpg\" alt=\"\" width=\"600\" height=\"450\" \/><\/p>\n<p>&nbsp;<\/p>\n<p>&nbsp;<\/p>\n<p>&nbsp;<\/p>\n<p>&nbsp;<\/p>\n","protected":false},"excerpt":{"rendered":"<p>Como parte del esfuerzo para reactivar la econom\u00eda en el municipio, el Centro Comercial Jorge Murad, La Fayuca dio inicio formal a su \u00abFeria Navide\u00f1a\u00bb donde participan cerca de 150 expositores con productos que van desde adornos, esferas, nacimientos, manteles, tazas, \u00e1rboles, luces, mu\u00f1ecos inflables, cer\u00e1mica entre otros. As\u00ed lo dio a conocer en entrevista para Aliados17.com Francisco Hern\u00e1ndez Hern\u00e1ndez, Secretario del Interior, acompa\u00f1ado de Eligio Cer\u00f3n Ibarra, Presidente,\u00a0 Jes\u00fas Reyes, encargado de Relaciones P\u00fablicas, Christian Lerin, Comunicaci\u00f3n y publicidad, Alejandro Rodr\u00edguez, Secretario de Actas, Agust\u00edn Vel\u00e1zquez, Vocal y Luis Cruz, Vocal, todos integrantes de la mesa directiva del Centro comercial. Mencion\u00f3 que gracias al esfuerzo y la unidad que existe entre los comerciantes los clientes pueden estar seguros tanto en su salud como en&hellip;<\/p>\n<p class=\"excerpt-more\"><a class=\"blog-excerpt button\" href=\"https:\/\/www.aliadospuebla.com\/?p=48457\">Leer m\u00e1s&#8230;<\/a><\/p>\n","protected":false},"author":2,"featured_media":48472,"comment_status":"open","ping_status":"open","sticky":false,"template":"","format":"standard","meta":{"_monsterinsights_skip_tracking":false,"footnotes":""},"categories":[62],"tags":[3770,2989,2482,318,14853,14856,14854,12103,14855,365,20,1219],"class_list":["post-48457","post","type-post","status-publish","format-standard","has-post-thumbnail","hentry","category-capital","tag-arboles-navidenos","tag-articulos-navidenos","tag-calidad","tag-economia","tag-feria-navidena","tag-jorge-murad-macluf","tag-la-fayuca","tag-medidas-sanitarias","tag-pily-moran","tag-salud","tag-seguridad","tag-sspytm"],"yoast_head":"<!-- This site is optimized with the Yoast SEO plugin v28.3 - https:\/\/yoast.com\/product\/yoast-seo-wordpress\/ -->\n<title>Da inicio la &quot;Feria Navide\u00f1a&quot; en el Centro Comercial Jorge Murad Macluf, del 14 de Noviembre al 25 de Diciembre - AliadosPuebla<\/title>\n<meta name=\"robots\" content=\"index, follow, max-snippet:-1, max-image-preview:large, max-video-preview:-1\" \/>\n<link rel=\"canonical\" href=\"https:\/\/www.aliadospuebla.com\/?p=48457\" \/>\n<meta property=\"og:locale\" content=\"es_ES\" \/>\n<meta property=\"og:type\" content=\"article\" \/>\n<meta property=\"og:title\" content=\"Da inicio la &quot;Feria Navide\u00f1a&quot; en el Centro Comercial Jorge Murad Macluf, del 14 de Noviembre al 25 de Diciembre - AliadosPuebla\" \/>\n<meta property=\"og:description\" content=\"Como parte del esfuerzo para reactivar la econom\u00eda en el municipio, el Centro Comercial Jorge Murad, La Fayuca dio inicio formal a su \u00abFeria Navide\u00f1a\u00bb donde participan cerca de 150 expositores con productos que van desde adornos, esferas, nacimientos, manteles, tazas, \u00e1rboles, luces, mu\u00f1ecos inflables, cer\u00e1mica entre otros. As\u00ed lo dio a conocer en entrevista para Aliados17.com Francisco Hern\u00e1ndez Hern\u00e1ndez, Secretario del Interior, acompa\u00f1ado de Eligio Cer\u00f3n Ibarra, Presidente,\u00a0 Jes\u00fas Reyes, encargado de Relaciones P\u00fablicas, Christian Lerin, Comunicaci\u00f3n y publicidad, Alejandro Rodr\u00edguez, Secretario de Actas, Agust\u00edn Vel\u00e1zquez, Vocal y Luis Cruz, Vocal, todos integrantes de la mesa directiva del Centro comercial. Mencion\u00f3 que gracias al esfuerzo y la unidad que existe entre los comerciantes los clientes pueden estar seguros tanto en su salud como en&hellip;Leer m\u00e1s...\" \/>\n<meta property=\"og:url\" content=\"https:\/\/www.aliadospuebla.com\/?p=48457\" \/>\n<meta property=\"og:site_name\" content=\"AliadosPuebla\" \/>\n<meta property=\"article:author\" content=\"https:\/\/www.facebook.com\/Aliados17Pue\" \/>\n<meta property=\"article:published_time\" content=\"2020-11-15T04:57:21+00:00\" \/>\n<meta property=\"og:image\" content=\"https:\/\/www.aliadospuebla.com\/web2017\/wp-content\/uploads\/2020\/11\/039-Feria-15.jpg\" \/>\n\t<meta property=\"og:image:width\" content=\"600\" \/>\n\t<meta property=\"og:image:height\" content=\"450\" \/>\n\t<meta property=\"og:image:type\" content=\"image\/jpeg\" \/>\n<meta name=\"author\" content=\"Aliados17\" \/>\n<meta name=\"twitter:card\" content=\"summary_large_image\" \/>\n<meta name=\"twitter:creator\" content=\"@AliadosPuebla\" \/>\n<meta name=\"twitter:label1\" content=\"Escrito por\" \/>\n\t<meta name=\"twitter:data1\" content=\"Aliados17\" \/>\n\t<meta name=\"twitter:label2\" content=\"Tiempo de lectura\" \/>\n\t<meta name=\"twitter:data2\" content=\"3 minutos\" \/>\n<script type=\"application\/ld+json\" class=\"yoast-schema-graph\">{\"@context\":\"https:\\\/\\\/schema.org\",\"@graph\":[{\"@type\":\"Article\",\"@id\":\"https:\\\/\\\/www.aliadospuebla.com\\\/?p=48457#article\",\"isPartOf\":{\"@id\":\"https:\\\/\\\/www.aliadospuebla.com\\\/?p=48457\"},\"author\":{\"name\":\"Aliados17\",\"@id\":\"https:\\\/\\\/www.aliadospuebla.com\\\/#\\\/schema\\\/person\\\/5da7dd09320bd4f392b710017ed5f8ad\"},\"headline\":\"Da inicio la \u00abFeria Navide\u00f1a\u00bb en el Centro Comercial Jorge Murad Macluf, del 14 de Noviembre al 25 de Diciembre\",\"datePublished\":\"2020-11-15T04:57:21+00:00\",\"mainEntityOfPage\":{\"@id\":\"https:\\\/\\\/www.aliadospuebla.com\\\/?p=48457\"},\"wordCount\":526,\"commentCount\":0,\"image\":{\"@id\":\"https:\\\/\\\/www.aliadospuebla.com\\\/?p=48457#primaryimage\"},\"thumbnailUrl\":\"https:\\\/\\\/www.aliadospuebla.com\\\/web2017\\\/wp-content\\\/uploads\\\/2020\\\/11\\\/039-Feria-15.jpg\",\"keywords\":[\"\u00c1RBOLES NAVIDE\u00d1OS\",\"ART\u00cdCULOS NAVIDE\u00d1OS\",\"CALIDAD\",\"ECONOM\u00cdA\",\"Feria Navide\u00f1a\",\"Jorge murad Macluf\",\"La fayuca\",\"medidas sanitarias\",\"Pily Mor\u00e1n\",\"SALUD\",\"Seguridad\",\"SSPYTM\"],\"articleSection\":[\"Capital\"],\"inLanguage\":\"es\",\"potentialAction\":[{\"@type\":\"CommentAction\",\"name\":\"Comment\",\"target\":[\"https:\\\/\\\/www.aliadospuebla.com\\\/?p=48457#respond\"]}]},{\"@type\":\"WebPage\",\"@id\":\"https:\\\/\\\/www.aliadospuebla.com\\\/?p=48457\",\"url\":\"https:\\\/\\\/www.aliadospuebla.com\\\/?p=48457\",\"name\":\"Da inicio la \\\"Feria Navide\u00f1a\\\" en el Centro Comercial Jorge Murad Macluf, del 14 de Noviembre al 25 de Diciembre - AliadosPuebla\",\"isPartOf\":{\"@id\":\"https:\\\/\\\/www.aliadospuebla.com\\\/#website\"},\"primaryImageOfPage\":{\"@id\":\"https:\\\/\\\/www.aliadospuebla.com\\\/?p=48457#primaryimage\"},\"image\":{\"@id\":\"https:\\\/\\\/www.aliadospuebla.com\\\/?p=48457#primaryimage\"},\"thumbnailUrl\":\"https:\\\/\\\/www.aliadospuebla.com\\\/web2017\\\/wp-content\\\/uploads\\\/2020\\\/11\\\/039-Feria-15.jpg\",\"datePublished\":\"2020-11-15T04:57:21+00:00\",\"author\":{\"@id\":\"https:\\\/\\\/www.aliadospuebla.com\\\/#\\\/schema\\\/person\\\/5da7dd09320bd4f392b710017ed5f8ad\"},\"breadcrumb\":{\"@id\":\"https:\\\/\\\/www.aliadospuebla.com\\\/?p=48457#breadcrumb\"},\"inLanguage\":\"es\",\"potentialAction\":[{\"@type\":\"ReadAction\",\"target\":[\"https:\\\/\\\/www.aliadospuebla.com\\\/?p=48457\"]}]},{\"@type\":\"ImageObject\",\"inLanguage\":\"es\",\"@id\":\"https:\\\/\\\/www.aliadospuebla.com\\\/?p=48457#primaryimage\",\"url\":\"https:\\\/\\\/www.aliadospuebla.com\\\/web2017\\\/wp-content\\\/uploads\\\/2020\\\/11\\\/039-Feria-15.jpg\",\"contentUrl\":\"https:\\\/\\\/www.aliadospuebla.com\\\/web2017\\\/wp-content\\\/uploads\\\/2020\\\/11\\\/039-Feria-15.jpg\",\"width\":600,\"height\":450},{\"@type\":\"BreadcrumbList\",\"@id\":\"https:\\\/\\\/www.aliadospuebla.com\\\/?p=48457#breadcrumb\",\"itemListElement\":[{\"@type\":\"ListItem\",\"position\":1,\"name\":\"Portada\",\"item\":\"https:\\\/\\\/www.aliadospuebla.com\\\/\"},{\"@type\":\"ListItem\",\"position\":2,\"name\":\"Da inicio la \u00abFeria Navide\u00f1a\u00bb en el Centro Comercial Jorge Murad Macluf, del 14 de Noviembre al 25 de Diciembre\"}]},{\"@type\":\"WebSite\",\"@id\":\"https:\\\/\\\/www.aliadospuebla.com\\\/#website\",\"url\":\"https:\\\/\\\/www.aliadospuebla.com\\\/\",\"name\":\"AliadosPuebla\",\"description\":\"La informaci\u00f3n en tus manos\",\"potentialAction\":[{\"@type\":\"SearchAction\",\"target\":{\"@type\":\"EntryPoint\",\"urlTemplate\":\"https:\\\/\\\/www.aliadospuebla.com\\\/?s={search_term_string}\"},\"query-input\":{\"@type\":\"PropertyValueSpecification\",\"valueRequired\":true,\"valueName\":\"search_term_string\"}}],\"inLanguage\":\"es\"},{\"@type\":\"Person\",\"@id\":\"https:\\\/\\\/www.aliadospuebla.com\\\/#\\\/schema\\\/person\\\/5da7dd09320bd4f392b710017ed5f8ad\",\"name\":\"Aliados17\",\"image\":{\"@type\":\"ImageObject\",\"inLanguage\":\"es\",\"@id\":\"https:\\\/\\\/www.aliadospuebla.com\\\/web2017\\\/wp-content\\\/uploads\\\/2025\\\/03\\\/cropped-para-perfil-8-anos-1-96x96.jpg\",\"url\":\"https:\\\/\\\/www.aliadospuebla.com\\\/web2017\\\/wp-content\\\/uploads\\\/2025\\\/03\\\/cropped-para-perfil-8-anos-1-96x96.jpg\",\"contentUrl\":\"https:\\\/\\\/www.aliadospuebla.com\\\/web2017\\\/wp-content\\\/uploads\\\/2025\\\/03\\\/cropped-para-perfil-8-anos-1-96x96.jpg\",\"caption\":\"Aliados17\"},\"sameAs\":[\"https:\\\/\\\/www.aliados17.com\",\"https:\\\/\\\/www.facebook.com\\\/Aliados17Pue\",\"https:\\\/\\\/x.com\\\/AliadosPuebla\"],\"url\":\"https:\\\/\\\/www.aliadospuebla.com\\\/?author=2\"}]}<\/script>\n<!-- \/ Yoast SEO plugin. -->","yoast_head_json":{"title":"Da inicio la \"Feria Navide\u00f1a\" en el Centro Comercial Jorge Murad Macluf, del 14 de Noviembre al 25 de Diciembre - AliadosPuebla","robots":{"index":"index","follow":"follow","max-snippet":"max-snippet:-1","max-image-preview":"max-image-preview:large","max-video-preview":"max-video-preview:-1"},"canonical":"https:\/\/www.aliadospuebla.com\/?p=48457","og_locale":"es_ES","og_type":"article","og_title":"Da inicio la \"Feria Navide\u00f1a\" en el Centro Comercial Jorge Murad Macluf, del 14 de Noviembre al 25 de Diciembre - AliadosPuebla","og_description":"Como parte del esfuerzo para reactivar la econom\u00eda en el municipio, el Centro Comercial Jorge Murad, La Fayuca dio inicio formal a su \u00abFeria Navide\u00f1a\u00bb donde participan cerca de 150 expositores con productos que van desde adornos, esferas, nacimientos, manteles, tazas, \u00e1rboles, luces, mu\u00f1ecos inflables, cer\u00e1mica entre otros. As\u00ed lo dio a conocer en entrevista para Aliados17.com Francisco Hern\u00e1ndez Hern\u00e1ndez, Secretario del Interior, acompa\u00f1ado de Eligio Cer\u00f3n Ibarra, Presidente,\u00a0 Jes\u00fas Reyes, encargado de Relaciones P\u00fablicas, Christian Lerin, Comunicaci\u00f3n y publicidad, Alejandro Rodr\u00edguez, Secretario de Actas, Agust\u00edn Vel\u00e1zquez, Vocal y Luis Cruz, Vocal, todos integrantes de la mesa directiva del Centro comercial. Mencion\u00f3 que gracias al esfuerzo y la unidad que existe entre los comerciantes los clientes pueden estar seguros tanto en su salud como en&hellip;Leer m\u00e1s...","og_url":"https:\/\/www.aliadospuebla.com\/?p=48457","og_site_name":"AliadosPuebla","article_author":"https:\/\/www.facebook.com\/Aliados17Pue","article_published_time":"2020-11-15T04:57:21+00:00","og_image":[{"width":600,"height":450,"url":"https:\/\/www.aliadospuebla.com\/web2017\/wp-content\/uploads\/2020\/11\/039-Feria-15.jpg","type":"image\/jpeg"}],"author":"Aliados17","twitter_card":"summary_large_image","twitter_creator":"@AliadosPuebla","twitter_misc":{"Escrito por":"Aliados17","Tiempo de lectura":"3 minutos"},"schema":{"@context":"https:\/\/schema.org","@graph":[{"@type":"Article","@id":"https:\/\/www.aliadospuebla.com\/?p=48457#article","isPartOf":{"@id":"https:\/\/www.aliadospuebla.com\/?p=48457"},"author":{"name":"Aliados17","@id":"https:\/\/www.aliadospuebla.com\/#\/schema\/person\/5da7dd09320bd4f392b710017ed5f8ad"},"headline":"Da inicio la \u00abFeria Navide\u00f1a\u00bb en el Centro Comercial Jorge Murad Macluf, del 14 de Noviembre al 25 de Diciembre","datePublished":"2020-11-15T04:57:21+00:00","mainEntityOfPage":{"@id":"https:\/\/www.aliadospuebla.com\/?p=48457"},"wordCount":526,"commentCount":0,"image":{"@id":"https:\/\/www.aliadospuebla.com\/?p=48457#primaryimage"},"thumbnailUrl":"https:\/\/www.aliadospuebla.com\/web2017\/wp-content\/uploads\/2020\/11\/039-Feria-15.jpg","keywords":["\u00c1RBOLES NAVIDE\u00d1OS","ART\u00cdCULOS NAVIDE\u00d1OS","CALIDAD","ECONOM\u00cdA","Feria Navide\u00f1a","Jorge murad Macluf","La fayuca","medidas sanitarias","Pily Mor\u00e1n","SALUD","Seguridad","SSPYTM"],"articleSection":["Capital"],"inLanguage":"es","potentialAction":[{"@type":"CommentAction","name":"Comment","target":["https:\/\/www.aliadospuebla.com\/?p=48457#respond"]}]},{"@type":"WebPage","@id":"https:\/\/www.aliadospuebla.com\/?p=48457","url":"https:\/\/www.aliadospuebla.com\/?p=48457","name":"Da inicio la \"Feria Navide\u00f1a\" en el Centro Comercial Jorge Murad Macluf, del 14 de Noviembre al 25 de Diciembre - AliadosPuebla","isPartOf":{"@id":"https:\/\/www.aliadospuebla.com\/#website"},"primaryImageOfPage":{"@id":"https:\/\/www.aliadospuebla.com\/?p=48457#primaryimage"},"image":{"@id":"https:\/\/www.aliadospuebla.com\/?p=48457#primaryimage"},"thumbnailUrl":"https:\/\/www.aliadospuebla.com\/web2017\/wp-content\/uploads\/2020\/11\/039-Feria-15.jpg","datePublished":"2020-11-15T04:57:21+00:00","author":{"@id":"https:\/\/www.aliadospuebla.com\/#\/schema\/person\/5da7dd09320bd4f392b710017ed5f8ad"},"breadcrumb":{"@id":"https:\/\/www.aliadospuebla.com\/?p=48457#breadcrumb"},"inLanguage":"es","potentialAction":[{"@type":"ReadAction","target":["https:\/\/www.aliadospuebla.com\/?p=48457"]}]},{"@type":"ImageObject","inLanguage":"es","@id":"https:\/\/www.aliadospuebla.com\/?p=48457#primaryimage","url":"https:\/\/www.aliadospuebla.com\/web2017\/wp-content\/uploads\/2020\/11\/039-Feria-15.jpg","contentUrl":"https:\/\/www.aliadospuebla.com\/web2017\/wp-content\/uploads\/2020\/11\/039-Feria-15.jpg","width":600,"height":450},{"@type":"BreadcrumbList","@id":"https:\/\/www.aliadospuebla.com\/?p=48457#breadcrumb","itemListElement":[{"@type":"ListItem","position":1,"name":"Portada","item":"https:\/\/www.aliadospuebla.com\/"},{"@type":"ListItem","position":2,"name":"Da inicio la \u00abFeria Navide\u00f1a\u00bb en el Centro Comercial Jorge Murad Macluf, del 14 de Noviembre al 25 de Diciembre"}]},{"@type":"WebSite","@id":"https:\/\/www.aliadospuebla.com\/#website","url":"https:\/\/www.aliadospuebla.com\/","name":"AliadosPuebla","description":"La informaci\u00f3n en tus manos","potentialAction":[{"@type":"SearchAction","target":{"@type":"EntryPoint","urlTemplate":"https:\/\/www.aliadospuebla.com\/?s={search_term_string}"},"query-input":{"@type":"PropertyValueSpecification","valueRequired":true,"valueName":"search_term_string"}}],"inLanguage":"es"},{"@type":"Person","@id":"https:\/\/www.aliadospuebla.com\/#\/schema\/person\/5da7dd09320bd4f392b710017ed5f8ad","name":"Aliados17","image":{"@type":"ImageObject","inLanguage":"es","@id":"https:\/\/www.aliadospuebla.com\/web2017\/wp-content\/uploads\/2025\/03\/cropped-para-perfil-8-anos-1-96x96.jpg","url":"https:\/\/www.aliadospuebla.com\/web2017\/wp-content\/uploads\/2025\/03\/cropped-para-perfil-8-anos-1-96x96.jpg","contentUrl":"https:\/\/www.aliadospuebla.com\/web2017\/wp-content\/uploads\/2025\/03\/cropped-para-perfil-8-anos-1-96x96.jpg","caption":"Aliados17"},"sameAs":["https:\/\/www.aliados17.com","https:\/\/www.facebook.com\/Aliados17Pue","https:\/\/x.com\/AliadosPuebla"],"url":"https:\/\/www.aliadospuebla.com\/?author=2"}]}},"views":36,"_links":{"self":[{"href":"https:\/\/www.aliadospuebla.com\/index.php?rest_route=\/wp\/v2\/posts\/48457","targetHints":{"allow":["GET"]}}],"collection":[{"href":"https:\/\/www.aliadospuebla.com\/index.php?rest_route=\/wp\/v2\/posts"}],"about":[{"href":"https:\/\/www.aliadospuebla.com\/index.php?rest_route=\/wp\/v2\/types\/post"}],"author":[{"embeddable":true,"href":"https:\/\/www.aliadospuebla.com\/index.php?rest_route=\/wp\/v2\/users\/2"}],"replies":[{"embeddable":true,"href":"https:\/\/www.aliadospuebla.com\/index.php?rest_route=%2Fwp%2Fv2%2Fcomments&post=48457"}],"version-history":[{"count":1,"href":"https:\/\/www.aliadospuebla.com\/index.php?rest_route=\/wp\/v2\/posts\/48457\/revisions"}],"predecessor-version":[{"id":48473,"href":"https:\/\/www.aliadospuebla.com\/index.php?rest_route=\/wp\/v2\/posts\/48457\/revisions\/48473"}],"wp:featuredmedia":[{"embeddable":true,"href":"https:\/\/www.aliadospuebla.com\/index.php?rest_route=\/wp\/v2\/media\/48472"}],"wp:attachment":[{"href":"https:\/\/www.aliadospuebla.com\/index.php?rest_route=%2Fwp%2Fv2%2Fmedia&parent=48457"}],"wp:term":[{"taxonomy":"category","embeddable":true,"href":"https:\/\/www.aliadospuebla.com\/index.php?rest_route=%2Fwp%2Fv2%2Fcategories&post=48457"},{"taxonomy":"post_tag","embeddable":true,"href":"https:\/\/www.aliadospuebla.com\/index.php?rest_route=%2Fwp%2Fv2%2Ftags&post=48457"}],"curies":[{"name":"wp","href":"https:\/\/api.w.org\/{rel}","templated":true}]}}