{"id":48422,"date":"2020-11-13T14:36:45","date_gmt":"2020-11-13T20:36:45","guid":{"rendered":"http:\/\/www.aliados17.com\/?p=48422"},"modified":"2020-11-13T14:36:45","modified_gmt":"2020-11-13T20:36:45","slug":"ayuntamiento-de-quecholac-en-compania-de-la-presidenta-del-dif-la-lic-areli-barrera-hicieron-entrega-de-despensas-a-traves-del-programa-pamel","status":"publish","type":"post","link":"https:\/\/www.aliadospuebla.com\/?p=48422","title":{"rendered":"\u00a0Ayuntamiento de Quecholac en compa\u00f1\u00eda de la Presidenta del DIF la Lic. Areli Barrera hicieron entrega de Despensas a trav\u00e9s del programa PAMEL."},"content":{"rendered":"<p>Se entregaron 4287 Despensas beneficiando a 739 personas a trav\u00e9s del Programa Alimentario para Mujeres Embarazadas o per\u00edodo de Lactancia y ni\u00f1os menores a dos a\u00f1os.<\/p>\n<p>El punto de reuni\u00f3n se llev\u00f3 en el Cuartel Municipal donde las beneficiarias acudieron a recibir sus Despensas. Llevando a cabo los protocolos de salud para evitar alg\u00fan contagio por el Covid-19.<\/p>\n<p>Durante esta entrega el Alcalde de Quecholac recalc\u00f3 que se est\u00e1n realizando trabajos de unificaci\u00f3n por todo el Municipio, ya que todos conformamos el Municipio de Quecholac desde la cabecera y juntas auxiliares. Destac\u00f3 que su gobierno es transparente y siempre trabajar\u00e1 en beneficio de la Ciudadan\u00eda. Se seguir\u00e1n gestionando apoyos con el Gobierno Estatal y Federal.<\/p>\n<p>En Una Nueva Forma de Gobernar, trabajamos por tu Bienestar.<\/p>\n<p>#PresidenteAlejandroMartinezFuentes<br \/>\n#AyuntamientodeQuecholac<br \/>\n#Quecholac<br \/>\n#lacasadetodos<br \/>\n#DIF<\/p>\n","protected":false},"excerpt":{"rendered":"<p>Se entregaron 4287 Despensas beneficiando a 739 personas a trav\u00e9s del Programa Alimentario para Mujeres Embarazadas o per\u00edodo de Lactancia y ni\u00f1os menores a dos a\u00f1os. El punto de reuni\u00f3n se llev\u00f3 en el Cuartel Municipal donde las beneficiarias acudieron a recibir sus Despensas. Llevando a cabo los protocolos de salud para evitar alg\u00fan contagio por el Covid-19. Durante esta entrega el Alcalde de Quecholac recalc\u00f3 que se est\u00e1n realizando trabajos de unificaci\u00f3n por todo el Municipio, ya que todos conformamos el Municipio de Quecholac desde la cabecera y juntas auxiliares. Destac\u00f3 que su gobierno es transparente y siempre trabajar\u00e1 en beneficio de la Ciudadan\u00eda. Se seguir\u00e1n gestionando apoyos con el Gobierno Estatal y Federal. En Una Nueva Forma de Gobernar, trabajamos por tu Bienestar.&hellip;<\/p>\n<p class=\"excerpt-more\"><a class=\"blog-excerpt button\" href=\"https:\/\/www.aliadospuebla.com\/?p=48422\">Leer m\u00e1s&#8230;<\/a><\/p>\n","protected":false},"author":3,"featured_media":48423,"comment_status":"open","ping_status":"open","sticky":false,"template":"","format":"standard","meta":{"_monsterinsights_skip_tracking":false,"footnotes":""},"categories":[4],"tags":[171,56,9384,8367,77,72,57,3002],"class_list":["post-48422","post","type-post","status-publish","format-standard","has-post-thumbnail","hentry","category-municipios","tag-ayuntamiento","tag-capital","tag-jose-alejandro-martinez","tag-marco-mena","tag-municipios","tag-puebla","tag-quecholac","tag-regidores"],"yoast_head":"<!-- This site is optimized with the Yoast SEO plugin v28.4 - https:\/\/yoast.com\/product\/yoast-seo-wordpress\/ -->\n<title>\u00a0Ayuntamiento de Quecholac en compa\u00f1\u00eda de la Presidenta del DIF la Lic. Areli Barrera hicieron entrega de Despensas a trav\u00e9s del programa PAMEL. - AliadosPuebla<\/title>\n<meta name=\"robots\" content=\"index, follow, max-snippet:-1, max-image-preview:large, max-video-preview:-1\" \/>\n<link rel=\"canonical\" href=\"https:\/\/www.aliadospuebla.com\/?p=48422\" \/>\n<meta property=\"og:locale\" content=\"es_ES\" \/>\n<meta property=\"og:type\" content=\"article\" \/>\n<meta property=\"og:title\" content=\"\u00a0Ayuntamiento de Quecholac en compa\u00f1\u00eda de la Presidenta del DIF la Lic. Areli Barrera hicieron entrega de Despensas a trav\u00e9s del programa PAMEL. - AliadosPuebla\" \/>\n<meta property=\"og:description\" content=\"Se entregaron 4287 Despensas beneficiando a 739 personas a trav\u00e9s del Programa Alimentario para Mujeres Embarazadas o per\u00edodo de Lactancia y ni\u00f1os menores a dos a\u00f1os. El punto de reuni\u00f3n se llev\u00f3 en el Cuartel Municipal donde las beneficiarias acudieron a recibir sus Despensas. Llevando a cabo los protocolos de salud para evitar alg\u00fan contagio por el Covid-19. Durante esta entrega el Alcalde de Quecholac recalc\u00f3 que se est\u00e1n realizando trabajos de unificaci\u00f3n por todo el Municipio, ya que todos conformamos el Municipio de Quecholac desde la cabecera y juntas auxiliares. Destac\u00f3 que su gobierno es transparente y siempre trabajar\u00e1 en beneficio de la Ciudadan\u00eda. Se seguir\u00e1n gestionando apoyos con el Gobierno Estatal y Federal. En Una Nueva Forma de Gobernar, trabajamos por tu Bienestar.&hellip;Leer m\u00e1s...\" \/>\n<meta property=\"og:url\" content=\"https:\/\/www.aliadospuebla.com\/?p=48422\" \/>\n<meta property=\"og:site_name\" content=\"AliadosPuebla\" \/>\n<meta property=\"article:published_time\" content=\"2020-11-13T20:36:45+00:00\" \/>\n<meta property=\"og:image\" content=\"https:\/\/www.aliadospuebla.com\/web2017\/wp-content\/uploads\/2020\/11\/QUECHO-3.jpg\" \/>\n\t<meta property=\"og:image:width\" content=\"600\" \/>\n\t<meta property=\"og:image:height\" content=\"450\" \/>\n\t<meta property=\"og:image:type\" content=\"image\/jpeg\" \/>\n<meta name=\"author\" content=\"Aliados Videos\" \/>\n<meta name=\"twitter:card\" content=\"summary_large_image\" \/>\n<meta name=\"twitter:label1\" content=\"Escrito por\" \/>\n\t<meta name=\"twitter:data1\" content=\"Aliados Videos\" \/>\n\t<meta name=\"twitter:label2\" content=\"Tiempo de lectura\" \/>\n\t<meta name=\"twitter:data2\" content=\"1 minuto\" \/>\n<script type=\"application\/ld+json\" class=\"yoast-schema-graph\">{\"@context\":\"https:\\\/\\\/schema.org\",\"@graph\":[{\"@type\":\"Article\",\"@id\":\"https:\\\/\\\/www.aliadospuebla.com\\\/?p=48422#article\",\"isPartOf\":{\"@id\":\"https:\\\/\\\/www.aliadospuebla.com\\\/?p=48422\"},\"author\":{\"name\":\"Aliados Videos\",\"@id\":\"https:\\\/\\\/www.aliadospuebla.com\\\/#\\\/schema\\\/person\\\/0fd017f23cc5c3f7988d5d58850eec8e\"},\"headline\":\"\u00a0Ayuntamiento de Quecholac en compa\u00f1\u00eda de la Presidenta del DIF la Lic. Areli Barrera hicieron entrega de Despensas a trav\u00e9s del programa PAMEL.\",\"datePublished\":\"2020-11-13T20:36:45+00:00\",\"mainEntityOfPage\":{\"@id\":\"https:\\\/\\\/www.aliadospuebla.com\\\/?p=48422\"},\"wordCount\":163,\"commentCount\":0,\"image\":{\"@id\":\"https:\\\/\\\/www.aliadospuebla.com\\\/?p=48422#primaryimage\"},\"thumbnailUrl\":\"https:\\\/\\\/www.aliadospuebla.com\\\/web2017\\\/wp-content\\\/uploads\\\/2020\\\/11\\\/QUECHO-3.jpg\",\"keywords\":[\"Ayuntamiento\",\"capital\",\"JOS\u00c9 ALEJANDRO MART\u00cdNEZ\",\"MARCO MENA\",\"Municipios\",\"Puebla\",\"Quecholac\",\"REGIDORES\"],\"articleSection\":[\"Municipios\"],\"inLanguage\":\"es\",\"potentialAction\":[{\"@type\":\"CommentAction\",\"name\":\"Comment\",\"target\":[\"https:\\\/\\\/www.aliadospuebla.com\\\/?p=48422#respond\"]}]},{\"@type\":\"WebPage\",\"@id\":\"https:\\\/\\\/www.aliadospuebla.com\\\/?p=48422\",\"url\":\"https:\\\/\\\/www.aliadospuebla.com\\\/?p=48422\",\"name\":\"\u00a0Ayuntamiento de Quecholac en compa\u00f1\u00eda de la Presidenta del DIF la Lic. Areli Barrera hicieron entrega de Despensas a trav\u00e9s del programa PAMEL. - AliadosPuebla\",\"isPartOf\":{\"@id\":\"https:\\\/\\\/www.aliadospuebla.com\\\/#website\"},\"primaryImageOfPage\":{\"@id\":\"https:\\\/\\\/www.aliadospuebla.com\\\/?p=48422#primaryimage\"},\"image\":{\"@id\":\"https:\\\/\\\/www.aliadospuebla.com\\\/?p=48422#primaryimage\"},\"thumbnailUrl\":\"https:\\\/\\\/www.aliadospuebla.com\\\/web2017\\\/wp-content\\\/uploads\\\/2020\\\/11\\\/QUECHO-3.jpg\",\"datePublished\":\"2020-11-13T20:36:45+00:00\",\"author\":{\"@id\":\"https:\\\/\\\/www.aliadospuebla.com\\\/#\\\/schema\\\/person\\\/0fd017f23cc5c3f7988d5d58850eec8e\"},\"breadcrumb\":{\"@id\":\"https:\\\/\\\/www.aliadospuebla.com\\\/?p=48422#breadcrumb\"},\"inLanguage\":\"es\",\"potentialAction\":[{\"@type\":\"ReadAction\",\"target\":[\"https:\\\/\\\/www.aliadospuebla.com\\\/?p=48422\"]}]},{\"@type\":\"ImageObject\",\"inLanguage\":\"es\",\"@id\":\"https:\\\/\\\/www.aliadospuebla.com\\\/?p=48422#primaryimage\",\"url\":\"https:\\\/\\\/www.aliadospuebla.com\\\/web2017\\\/wp-content\\\/uploads\\\/2020\\\/11\\\/QUECHO-3.jpg\",\"contentUrl\":\"https:\\\/\\\/www.aliadospuebla.com\\\/web2017\\\/wp-content\\\/uploads\\\/2020\\\/11\\\/QUECHO-3.jpg\",\"width\":600,\"height\":450},{\"@type\":\"BreadcrumbList\",\"@id\":\"https:\\\/\\\/www.aliadospuebla.com\\\/?p=48422#breadcrumb\",\"itemListElement\":[{\"@type\":\"ListItem\",\"position\":1,\"name\":\"Portada\",\"item\":\"https:\\\/\\\/www.aliadospuebla.com\\\/\"},{\"@type\":\"ListItem\",\"position\":2,\"name\":\"\u00a0Ayuntamiento de Quecholac en compa\u00f1\u00eda de la Presidenta del DIF la Lic. Areli Barrera hicieron entrega de Despensas a trav\u00e9s del programa PAMEL.\"}]},{\"@type\":\"WebSite\",\"@id\":\"https:\\\/\\\/www.aliadospuebla.com\\\/#website\",\"url\":\"https:\\\/\\\/www.aliadospuebla.com\\\/\",\"name\":\"AliadosPuebla\",\"description\":\"La informaci\u00f3n en tus manos\",\"potentialAction\":[{\"@type\":\"SearchAction\",\"target\":{\"@type\":\"EntryPoint\",\"urlTemplate\":\"https:\\\/\\\/www.aliadospuebla.com\\\/?s={search_term_string}\"},\"query-input\":{\"@type\":\"PropertyValueSpecification\",\"valueRequired\":true,\"valueName\":\"search_term_string\"}}],\"inLanguage\":\"es\"},{\"@type\":\"Person\",\"@id\":\"https:\\\/\\\/www.aliadospuebla.com\\\/#\\\/schema\\\/person\\\/0fd017f23cc5c3f7988d5d58850eec8e\",\"name\":\"Aliados Videos\",\"image\":{\"@type\":\"ImageObject\",\"inLanguage\":\"es\",\"@id\":\"https:\\\/\\\/secure.gravatar.com\\\/avatar\\\/42b92de8b2d8339e1e824f3a73ab023a0bec0ee2e3920248085eb1f3160b4083?s=96&d=mm&r=g\",\"url\":\"https:\\\/\\\/secure.gravatar.com\\\/avatar\\\/42b92de8b2d8339e1e824f3a73ab023a0bec0ee2e3920248085eb1f3160b4083?s=96&d=mm&r=g\",\"contentUrl\":\"https:\\\/\\\/secure.gravatar.com\\\/avatar\\\/42b92de8b2d8339e1e824f3a73ab023a0bec0ee2e3920248085eb1f3160b4083?s=96&d=mm&r=g\",\"caption\":\"Aliados Videos\"},\"url\":\"https:\\\/\\\/www.aliadospuebla.com\\\/?author=3\"}]}<\/script>\n<!-- \/ Yoast SEO plugin. -->","yoast_head_json":{"title":"\u00a0Ayuntamiento de Quecholac en compa\u00f1\u00eda de la Presidenta del DIF la Lic. Areli Barrera hicieron entrega de Despensas a trav\u00e9s del programa PAMEL. - AliadosPuebla","robots":{"index":"index","follow":"follow","max-snippet":"max-snippet:-1","max-image-preview":"max-image-preview:large","max-video-preview":"max-video-preview:-1"},"canonical":"https:\/\/www.aliadospuebla.com\/?p=48422","og_locale":"es_ES","og_type":"article","og_title":"\u00a0Ayuntamiento de Quecholac en compa\u00f1\u00eda de la Presidenta del DIF la Lic. Areli Barrera hicieron entrega de Despensas a trav\u00e9s del programa PAMEL. - AliadosPuebla","og_description":"Se entregaron 4287 Despensas beneficiando a 739 personas a trav\u00e9s del Programa Alimentario para Mujeres Embarazadas o per\u00edodo de Lactancia y ni\u00f1os menores a dos a\u00f1os. El punto de reuni\u00f3n se llev\u00f3 en el Cuartel Municipal donde las beneficiarias acudieron a recibir sus Despensas. Llevando a cabo los protocolos de salud para evitar alg\u00fan contagio por el Covid-19. Durante esta entrega el Alcalde de Quecholac recalc\u00f3 que se est\u00e1n realizando trabajos de unificaci\u00f3n por todo el Municipio, ya que todos conformamos el Municipio de Quecholac desde la cabecera y juntas auxiliares. Destac\u00f3 que su gobierno es transparente y siempre trabajar\u00e1 en beneficio de la Ciudadan\u00eda. Se seguir\u00e1n gestionando apoyos con el Gobierno Estatal y Federal. En Una Nueva Forma de Gobernar, trabajamos por tu Bienestar.&hellip;Leer m\u00e1s...","og_url":"https:\/\/www.aliadospuebla.com\/?p=48422","og_site_name":"AliadosPuebla","article_published_time":"2020-11-13T20:36:45+00:00","og_image":[{"width":600,"height":450,"url":"https:\/\/www.aliadospuebla.com\/web2017\/wp-content\/uploads\/2020\/11\/QUECHO-3.jpg","type":"image\/jpeg"}],"author":"Aliados Videos","twitter_card":"summary_large_image","twitter_misc":{"Escrito por":"Aliados Videos","Tiempo de lectura":"1 minuto"},"schema":{"@context":"https:\/\/schema.org","@graph":[{"@type":"Article","@id":"https:\/\/www.aliadospuebla.com\/?p=48422#article","isPartOf":{"@id":"https:\/\/www.aliadospuebla.com\/?p=48422"},"author":{"name":"Aliados Videos","@id":"https:\/\/www.aliadospuebla.com\/#\/schema\/person\/0fd017f23cc5c3f7988d5d58850eec8e"},"headline":"\u00a0Ayuntamiento de Quecholac en compa\u00f1\u00eda de la Presidenta del DIF la Lic. Areli Barrera hicieron entrega de Despensas a trav\u00e9s del programa PAMEL.","datePublished":"2020-11-13T20:36:45+00:00","mainEntityOfPage":{"@id":"https:\/\/www.aliadospuebla.com\/?p=48422"},"wordCount":163,"commentCount":0,"image":{"@id":"https:\/\/www.aliadospuebla.com\/?p=48422#primaryimage"},"thumbnailUrl":"https:\/\/www.aliadospuebla.com\/web2017\/wp-content\/uploads\/2020\/11\/QUECHO-3.jpg","keywords":["Ayuntamiento","capital","JOS\u00c9 ALEJANDRO MART\u00cdNEZ","MARCO MENA","Municipios","Puebla","Quecholac","REGIDORES"],"articleSection":["Municipios"],"inLanguage":"es","potentialAction":[{"@type":"CommentAction","name":"Comment","target":["https:\/\/www.aliadospuebla.com\/?p=48422#respond"]}]},{"@type":"WebPage","@id":"https:\/\/www.aliadospuebla.com\/?p=48422","url":"https:\/\/www.aliadospuebla.com\/?p=48422","name":"\u00a0Ayuntamiento de Quecholac en compa\u00f1\u00eda de la Presidenta del DIF la Lic. Areli Barrera hicieron entrega de Despensas a trav\u00e9s del programa PAMEL. - AliadosPuebla","isPartOf":{"@id":"https:\/\/www.aliadospuebla.com\/#website"},"primaryImageOfPage":{"@id":"https:\/\/www.aliadospuebla.com\/?p=48422#primaryimage"},"image":{"@id":"https:\/\/www.aliadospuebla.com\/?p=48422#primaryimage"},"thumbnailUrl":"https:\/\/www.aliadospuebla.com\/web2017\/wp-content\/uploads\/2020\/11\/QUECHO-3.jpg","datePublished":"2020-11-13T20:36:45+00:00","author":{"@id":"https:\/\/www.aliadospuebla.com\/#\/schema\/person\/0fd017f23cc5c3f7988d5d58850eec8e"},"breadcrumb":{"@id":"https:\/\/www.aliadospuebla.com\/?p=48422#breadcrumb"},"inLanguage":"es","potentialAction":[{"@type":"ReadAction","target":["https:\/\/www.aliadospuebla.com\/?p=48422"]}]},{"@type":"ImageObject","inLanguage":"es","@id":"https:\/\/www.aliadospuebla.com\/?p=48422#primaryimage","url":"https:\/\/www.aliadospuebla.com\/web2017\/wp-content\/uploads\/2020\/11\/QUECHO-3.jpg","contentUrl":"https:\/\/www.aliadospuebla.com\/web2017\/wp-content\/uploads\/2020\/11\/QUECHO-3.jpg","width":600,"height":450},{"@type":"BreadcrumbList","@id":"https:\/\/www.aliadospuebla.com\/?p=48422#breadcrumb","itemListElement":[{"@type":"ListItem","position":1,"name":"Portada","item":"https:\/\/www.aliadospuebla.com\/"},{"@type":"ListItem","position":2,"name":"\u00a0Ayuntamiento de Quecholac en compa\u00f1\u00eda de la Presidenta del DIF la Lic. Areli Barrera hicieron entrega de Despensas a trav\u00e9s del programa PAMEL."}]},{"@type":"WebSite","@id":"https:\/\/www.aliadospuebla.com\/#website","url":"https:\/\/www.aliadospuebla.com\/","name":"AliadosPuebla","description":"La informaci\u00f3n en tus manos","potentialAction":[{"@type":"SearchAction","target":{"@type":"EntryPoint","urlTemplate":"https:\/\/www.aliadospuebla.com\/?s={search_term_string}"},"query-input":{"@type":"PropertyValueSpecification","valueRequired":true,"valueName":"search_term_string"}}],"inLanguage":"es"},{"@type":"Person","@id":"https:\/\/www.aliadospuebla.com\/#\/schema\/person\/0fd017f23cc5c3f7988d5d58850eec8e","name":"Aliados Videos","image":{"@type":"ImageObject","inLanguage":"es","@id":"https:\/\/secure.gravatar.com\/avatar\/42b92de8b2d8339e1e824f3a73ab023a0bec0ee2e3920248085eb1f3160b4083?s=96&d=mm&r=g","url":"https:\/\/secure.gravatar.com\/avatar\/42b92de8b2d8339e1e824f3a73ab023a0bec0ee2e3920248085eb1f3160b4083?s=96&d=mm&r=g","contentUrl":"https:\/\/secure.gravatar.com\/avatar\/42b92de8b2d8339e1e824f3a73ab023a0bec0ee2e3920248085eb1f3160b4083?s=96&d=mm&r=g","caption":"Aliados Videos"},"url":"https:\/\/www.aliadospuebla.com\/?author=3"}]}},"views":16,"_links":{"self":[{"href":"https:\/\/www.aliadospuebla.com\/index.php?rest_route=\/wp\/v2\/posts\/48422","targetHints":{"allow":["GET"]}}],"collection":[{"href":"https:\/\/www.aliadospuebla.com\/index.php?rest_route=\/wp\/v2\/posts"}],"about":[{"href":"https:\/\/www.aliadospuebla.com\/index.php?rest_route=\/wp\/v2\/types\/post"}],"author":[{"embeddable":true,"href":"https:\/\/www.aliadospuebla.com\/index.php?rest_route=\/wp\/v2\/users\/3"}],"replies":[{"embeddable":true,"href":"https:\/\/www.aliadospuebla.com\/index.php?rest_route=%2Fwp%2Fv2%2Fcomments&post=48422"}],"version-history":[{"count":1,"href":"https:\/\/www.aliadospuebla.com\/index.php?rest_route=\/wp\/v2\/posts\/48422\/revisions"}],"predecessor-version":[{"id":48424,"href":"https:\/\/www.aliadospuebla.com\/index.php?rest_route=\/wp\/v2\/posts\/48422\/revisions\/48424"}],"wp:featuredmedia":[{"embeddable":true,"href":"https:\/\/www.aliadospuebla.com\/index.php?rest_route=\/wp\/v2\/media\/48423"}],"wp:attachment":[{"href":"https:\/\/www.aliadospuebla.com\/index.php?rest_route=%2Fwp%2Fv2%2Fmedia&parent=48422"}],"wp:term":[{"taxonomy":"category","embeddable":true,"href":"https:\/\/www.aliadospuebla.com\/index.php?rest_route=%2Fwp%2Fv2%2Fcategories&post=48422"},{"taxonomy":"post_tag","embeddable":true,"href":"https:\/\/www.aliadospuebla.com\/index.php?rest_route=%2Fwp%2Fv2%2Ftags&post=48422"}],"curies":[{"name":"wp","href":"https:\/\/api.w.org\/{rel}","templated":true}]}}