{"id":48335,"date":"2020-11-11T18:06:56","date_gmt":"2020-11-12T00:06:56","guid":{"rendered":"http:\/\/www.aliados17.com\/?p=48335"},"modified":"2020-11-11T18:06:56","modified_gmt":"2020-11-12T00:06:56","slug":"realiza-pri-municipal-acuerdo-de-unidad-rumbo-al-2021","status":"publish","type":"post","link":"https:\/\/www.aliadospuebla.com\/?p=48335","title":{"rendered":"REALIZA PRI MUNICIPAL, ACUERDO DE UNIDAD  RUMBO AL 2021."},"content":{"rendered":"<p>Con la finalidad de estar fortalecidos rumbo al 2021, el Presidente del Comit\u00e9 Municipal del PRI en Puebla, Humberto Fern\u00e1ndez de Lara, firm\u00f3 un Acuerdo de Unidad, con los sectores y organizaciones de la CTM, CNC, CNOP, Instituto Reyes Heroles, la Red de J\u00f3venes por M\u00e9xico, PRI MX, Fundaci\u00f3n Colosio, Corriente Cr\u00edtica, OMPRI, Movimiento Territorial.<\/p>\n<p>El Dirigente Municipal del PRI en Puebla Capital, reconoci\u00f3 que han mantenido una buena comunicaci\u00f3n con los representantes de dichos sectores y est\u00e1n en la mejor disposici\u00f3n, trabajando para fortalecer sus estructuras electorales en las colonias y juntas auxiliares promoviendo el di\u00e1logo y la unidad entre la militancia y sus liderazgos.<\/p>\n<p>Indic\u00f3 que hasta la fecha, no existe en el estado de Puebla, alg\u00fan otro partido pol\u00edtico que se encuentre \u00a0fortalecido y tenga buena coordinaci\u00f3n como en el priismo poblano, en el comit\u00e9 municipal estamos trabajando, primero es el proyecto y despu\u00e9s los candidatos, todo ello nos une, tenemos coincidencias y si hay diferencias hemos logrado un buen acuerdo mediante el di\u00e1logo, tan es as\u00ed que decidimos con base a los estatutos, que debemos enriquecer al padr\u00f3n a la militancia y lo dem\u00e1s que conlleve en el partido.<\/p>\n<p>Se\u00f1al\u00f3 que el mal gobierno que existe por los gobiernos emanados del Movimiento de Regeneraci\u00f3n Nacional (Morena) ser\u00e1 un factor que abonar\u00e1 a que el PRI recupere la presidencia municipal de Puebla y las diputaciones de la capital.<\/p>\n<p>Por su parte, la Secretaria General del Comit\u00e9 Municipal del PRI en Puebla, Lupita P\u00e9rez Pazos, indic\u00f3 que atendiendo el llamado del presidente del Comit\u00e9 Ejecutivo Nacional (CEN) del Partido Revolucionario Institucional (PRI), Alejandro Moreno, de acudir en ayuda de los hermanos de Tabasco y Chiapas que sufren por las inundaciones, dio a conocer que la sede de este instituto pol\u00edtico abre sus puertas como centro de acopio de toda la ayuda que puedan dar los poblanos.<\/p>\n<p>Luego de que el presidente del Comit\u00e9 Ejecutivo Nacional (CEN) del partido, Alejandro Moreno, llam\u00f3 a todas las fuerzas pol\u00edticas, sociedad civil organizada y poblaci\u00f3n en general a unir esfuerzos para ayudar a los hermanos del sureste mexicano, que han sufrido graves p\u00e9rdidas ante las lluvias y los desbordes de las presas<\/p>\n<p>Por lo que pidi\u00f3 ser solidarios en estos momentos en que la tragedia afecta a las familias de esos dos estados. Es trabajo de todos, dijo, poner un granito de arena para mitigar la falta de alimento, cobijo y art\u00edculos de higiene.<\/p>\n<p>En dicha rueda de prensa, se cont\u00f3 con la presencia de la Secretar\u00eda de Operaci\u00f3n Pol\u00edtica, Graciela Ju\u00e1rez Garc\u00eda, por parte de la CTM, Leobardo Soto Enr\u00edquez, de la CNOP, Alberto S\u00e1nchez Robles, de la CNC, Jes\u00fas Nieva Pardo, de la Corriente Cr\u00edtica, David Abrajam Bandala, del OMPRI, Shirley Luna Ponce, del RJXM, Ram\u00f3n Soriano Hern\u00e1ndez, del Movimiento Territorial, Mar\u00eda Justo de Jes\u00fas, del Instituto Reyes Heroles, Julio Mengchun Cervantes y del PRI MX, Luis Enrique Rodr\u00edguez Lemus.<\/p>\n","protected":false},"excerpt":{"rendered":"<p>Con la finalidad de estar fortalecidos rumbo al 2021, el Presidente del Comit\u00e9 Municipal del PRI en Puebla, Humberto Fern\u00e1ndez de Lara, firm\u00f3 un Acuerdo de Unidad, con los sectores y organizaciones de la CTM, CNC, CNOP, Instituto Reyes Heroles, la Red de J\u00f3venes por M\u00e9xico, PRI MX, Fundaci\u00f3n Colosio, Corriente Cr\u00edtica, OMPRI, Movimiento Territorial. El Dirigente Municipal del PRI en Puebla Capital, reconoci\u00f3 que han mantenido una buena comunicaci\u00f3n con los representantes de dichos sectores y est\u00e1n en la mejor disposici\u00f3n, trabajando para fortalecer sus estructuras electorales en las colonias y juntas auxiliares promoviendo el di\u00e1logo y la unidad entre la militancia y sus liderazgos. Indic\u00f3 que hasta la fecha, no existe en el estado de Puebla, alg\u00fan otro partido pol\u00edtico que se encuentre&hellip;<\/p>\n<p class=\"excerpt-more\"><a class=\"blog-excerpt button\" href=\"https:\/\/www.aliadospuebla.com\/?p=48335\">Leer m\u00e1s&#8230;<\/a><\/p>\n","protected":false},"author":3,"featured_media":48336,"comment_status":"open","ping_status":"open","sticky":false,"template":"","format":"standard","meta":{"_monsterinsights_skip_tracking":false,"footnotes":""},"categories":[6],"tags":[56,6154,8367,77,45,72],"class_list":["post-48335","post","type-post","status-publish","format-standard","has-post-thumbnail","hentry","category-politica","tag-capital","tag-cde","tag-marco-mena","tag-municipios","tag-pri","tag-puebla"],"yoast_head":"<!-- This site is optimized with the Yoast SEO plugin v28.4 - https:\/\/yoast.com\/product\/yoast-seo-wordpress\/ -->\n<title>REALIZA PRI MUNICIPAL, ACUERDO DE UNIDAD RUMBO AL 2021. - AliadosPuebla<\/title>\n<meta name=\"robots\" content=\"index, follow, max-snippet:-1, max-image-preview:large, max-video-preview:-1\" \/>\n<link rel=\"canonical\" href=\"https:\/\/www.aliadospuebla.com\/?p=48335\" \/>\n<meta property=\"og:locale\" content=\"es_ES\" \/>\n<meta property=\"og:type\" content=\"article\" \/>\n<meta property=\"og:title\" content=\"REALIZA PRI MUNICIPAL, ACUERDO DE UNIDAD RUMBO AL 2021. - AliadosPuebla\" \/>\n<meta property=\"og:description\" content=\"Con la finalidad de estar fortalecidos rumbo al 2021, el Presidente del Comit\u00e9 Municipal del PRI en Puebla, Humberto Fern\u00e1ndez de Lara, firm\u00f3 un Acuerdo de Unidad, con los sectores y organizaciones de la CTM, CNC, CNOP, Instituto Reyes Heroles, la Red de J\u00f3venes por M\u00e9xico, PRI MX, Fundaci\u00f3n Colosio, Corriente Cr\u00edtica, OMPRI, Movimiento Territorial. El Dirigente Municipal del PRI en Puebla Capital, reconoci\u00f3 que han mantenido una buena comunicaci\u00f3n con los representantes de dichos sectores y est\u00e1n en la mejor disposici\u00f3n, trabajando para fortalecer sus estructuras electorales en las colonias y juntas auxiliares promoviendo el di\u00e1logo y la unidad entre la militancia y sus liderazgos. Indic\u00f3 que hasta la fecha, no existe en el estado de Puebla, alg\u00fan otro partido pol\u00edtico que se encuentre&hellip;Leer m\u00e1s...\" \/>\n<meta property=\"og:url\" content=\"https:\/\/www.aliadospuebla.com\/?p=48335\" \/>\n<meta property=\"og:site_name\" content=\"AliadosPuebla\" \/>\n<meta property=\"article:published_time\" content=\"2020-11-12T00:06:56+00:00\" \/>\n<meta property=\"og:image\" content=\"https:\/\/www.aliadospuebla.com\/web2017\/wp-content\/uploads\/2020\/11\/PRI-1.jpg\" \/>\n\t<meta property=\"og:image:width\" content=\"600\" \/>\n\t<meta property=\"og:image:height\" content=\"450\" \/>\n\t<meta property=\"og:image:type\" content=\"image\/jpeg\" \/>\n<meta name=\"author\" content=\"Aliados Videos\" \/>\n<meta name=\"twitter:card\" content=\"summary_large_image\" \/>\n<meta name=\"twitter:label1\" content=\"Escrito por\" \/>\n\t<meta name=\"twitter:data1\" content=\"Aliados Videos\" \/>\n\t<meta name=\"twitter:label2\" content=\"Tiempo de lectura\" \/>\n\t<meta name=\"twitter:data2\" content=\"3 minutos\" \/>\n<script type=\"application\/ld+json\" class=\"yoast-schema-graph\">{\"@context\":\"https:\\\/\\\/schema.org\",\"@graph\":[{\"@type\":\"Article\",\"@id\":\"https:\\\/\\\/www.aliadospuebla.com\\\/?p=48335#article\",\"isPartOf\":{\"@id\":\"https:\\\/\\\/www.aliadospuebla.com\\\/?p=48335\"},\"author\":{\"name\":\"Aliados Videos\",\"@id\":\"https:\\\/\\\/www.aliadospuebla.com\\\/#\\\/schema\\\/person\\\/0fd017f23cc5c3f7988d5d58850eec8e\"},\"headline\":\"REALIZA PRI MUNICIPAL, ACUERDO DE UNIDAD RUMBO AL 2021.\",\"datePublished\":\"2020-11-12T00:06:56+00:00\",\"mainEntityOfPage\":{\"@id\":\"https:\\\/\\\/www.aliadospuebla.com\\\/?p=48335\"},\"wordCount\":525,\"commentCount\":0,\"image\":{\"@id\":\"https:\\\/\\\/www.aliadospuebla.com\\\/?p=48335#primaryimage\"},\"thumbnailUrl\":\"https:\\\/\\\/www.aliadospuebla.com\\\/web2017\\\/wp-content\\\/uploads\\\/2020\\\/11\\\/PRI-1.jpg\",\"keywords\":[\"capital\",\"CDE\",\"MARCO MENA\",\"Municipios\",\"PRI\",\"Puebla\"],\"articleSection\":[\"Pol\u00edtica\"],\"inLanguage\":\"es\",\"potentialAction\":[{\"@type\":\"CommentAction\",\"name\":\"Comment\",\"target\":[\"https:\\\/\\\/www.aliadospuebla.com\\\/?p=48335#respond\"]}]},{\"@type\":\"WebPage\",\"@id\":\"https:\\\/\\\/www.aliadospuebla.com\\\/?p=48335\",\"url\":\"https:\\\/\\\/www.aliadospuebla.com\\\/?p=48335\",\"name\":\"REALIZA PRI MUNICIPAL, ACUERDO DE UNIDAD RUMBO AL 2021. - AliadosPuebla\",\"isPartOf\":{\"@id\":\"https:\\\/\\\/www.aliadospuebla.com\\\/#website\"},\"primaryImageOfPage\":{\"@id\":\"https:\\\/\\\/www.aliadospuebla.com\\\/?p=48335#primaryimage\"},\"image\":{\"@id\":\"https:\\\/\\\/www.aliadospuebla.com\\\/?p=48335#primaryimage\"},\"thumbnailUrl\":\"https:\\\/\\\/www.aliadospuebla.com\\\/web2017\\\/wp-content\\\/uploads\\\/2020\\\/11\\\/PRI-1.jpg\",\"datePublished\":\"2020-11-12T00:06:56+00:00\",\"author\":{\"@id\":\"https:\\\/\\\/www.aliadospuebla.com\\\/#\\\/schema\\\/person\\\/0fd017f23cc5c3f7988d5d58850eec8e\"},\"breadcrumb\":{\"@id\":\"https:\\\/\\\/www.aliadospuebla.com\\\/?p=48335#breadcrumb\"},\"inLanguage\":\"es\",\"potentialAction\":[{\"@type\":\"ReadAction\",\"target\":[\"https:\\\/\\\/www.aliadospuebla.com\\\/?p=48335\"]}]},{\"@type\":\"ImageObject\",\"inLanguage\":\"es\",\"@id\":\"https:\\\/\\\/www.aliadospuebla.com\\\/?p=48335#primaryimage\",\"url\":\"https:\\\/\\\/www.aliadospuebla.com\\\/web2017\\\/wp-content\\\/uploads\\\/2020\\\/11\\\/PRI-1.jpg\",\"contentUrl\":\"https:\\\/\\\/www.aliadospuebla.com\\\/web2017\\\/wp-content\\\/uploads\\\/2020\\\/11\\\/PRI-1.jpg\",\"width\":600,\"height\":450},{\"@type\":\"BreadcrumbList\",\"@id\":\"https:\\\/\\\/www.aliadospuebla.com\\\/?p=48335#breadcrumb\",\"itemListElement\":[{\"@type\":\"ListItem\",\"position\":1,\"name\":\"Portada\",\"item\":\"https:\\\/\\\/www.aliadospuebla.com\\\/\"},{\"@type\":\"ListItem\",\"position\":2,\"name\":\"REALIZA PRI MUNICIPAL, ACUERDO DE UNIDAD RUMBO AL 2021.\"}]},{\"@type\":\"WebSite\",\"@id\":\"https:\\\/\\\/www.aliadospuebla.com\\\/#website\",\"url\":\"https:\\\/\\\/www.aliadospuebla.com\\\/\",\"name\":\"AliadosPuebla\",\"description\":\"La informaci\u00f3n en tus manos\",\"potentialAction\":[{\"@type\":\"SearchAction\",\"target\":{\"@type\":\"EntryPoint\",\"urlTemplate\":\"https:\\\/\\\/www.aliadospuebla.com\\\/?s={search_term_string}\"},\"query-input\":{\"@type\":\"PropertyValueSpecification\",\"valueRequired\":true,\"valueName\":\"search_term_string\"}}],\"inLanguage\":\"es\"},{\"@type\":\"Person\",\"@id\":\"https:\\\/\\\/www.aliadospuebla.com\\\/#\\\/schema\\\/person\\\/0fd017f23cc5c3f7988d5d58850eec8e\",\"name\":\"Aliados Videos\",\"image\":{\"@type\":\"ImageObject\",\"inLanguage\":\"es\",\"@id\":\"https:\\\/\\\/secure.gravatar.com\\\/avatar\\\/42b92de8b2d8339e1e824f3a73ab023a0bec0ee2e3920248085eb1f3160b4083?s=96&d=mm&r=g\",\"url\":\"https:\\\/\\\/secure.gravatar.com\\\/avatar\\\/42b92de8b2d8339e1e824f3a73ab023a0bec0ee2e3920248085eb1f3160b4083?s=96&d=mm&r=g\",\"contentUrl\":\"https:\\\/\\\/secure.gravatar.com\\\/avatar\\\/42b92de8b2d8339e1e824f3a73ab023a0bec0ee2e3920248085eb1f3160b4083?s=96&d=mm&r=g\",\"caption\":\"Aliados Videos\"},\"url\":\"https:\\\/\\\/www.aliadospuebla.com\\\/?author=3\"}]}<\/script>\n<!-- \/ Yoast SEO plugin. -->","yoast_head_json":{"title":"REALIZA PRI MUNICIPAL, ACUERDO DE UNIDAD RUMBO AL 2021. - AliadosPuebla","robots":{"index":"index","follow":"follow","max-snippet":"max-snippet:-1","max-image-preview":"max-image-preview:large","max-video-preview":"max-video-preview:-1"},"canonical":"https:\/\/www.aliadospuebla.com\/?p=48335","og_locale":"es_ES","og_type":"article","og_title":"REALIZA PRI MUNICIPAL, ACUERDO DE UNIDAD RUMBO AL 2021. - AliadosPuebla","og_description":"Con la finalidad de estar fortalecidos rumbo al 2021, el Presidente del Comit\u00e9 Municipal del PRI en Puebla, Humberto Fern\u00e1ndez de Lara, firm\u00f3 un Acuerdo de Unidad, con los sectores y organizaciones de la CTM, CNC, CNOP, Instituto Reyes Heroles, la Red de J\u00f3venes por M\u00e9xico, PRI MX, Fundaci\u00f3n Colosio, Corriente Cr\u00edtica, OMPRI, Movimiento Territorial. El Dirigente Municipal del PRI en Puebla Capital, reconoci\u00f3 que han mantenido una buena comunicaci\u00f3n con los representantes de dichos sectores y est\u00e1n en la mejor disposici\u00f3n, trabajando para fortalecer sus estructuras electorales en las colonias y juntas auxiliares promoviendo el di\u00e1logo y la unidad entre la militancia y sus liderazgos. Indic\u00f3 que hasta la fecha, no existe en el estado de Puebla, alg\u00fan otro partido pol\u00edtico que se encuentre&hellip;Leer m\u00e1s...","og_url":"https:\/\/www.aliadospuebla.com\/?p=48335","og_site_name":"AliadosPuebla","article_published_time":"2020-11-12T00:06:56+00:00","og_image":[{"width":600,"height":450,"url":"https:\/\/www.aliadospuebla.com\/web2017\/wp-content\/uploads\/2020\/11\/PRI-1.jpg","type":"image\/jpeg"}],"author":"Aliados Videos","twitter_card":"summary_large_image","twitter_misc":{"Escrito por":"Aliados Videos","Tiempo de lectura":"3 minutos"},"schema":{"@context":"https:\/\/schema.org","@graph":[{"@type":"Article","@id":"https:\/\/www.aliadospuebla.com\/?p=48335#article","isPartOf":{"@id":"https:\/\/www.aliadospuebla.com\/?p=48335"},"author":{"name":"Aliados Videos","@id":"https:\/\/www.aliadospuebla.com\/#\/schema\/person\/0fd017f23cc5c3f7988d5d58850eec8e"},"headline":"REALIZA PRI MUNICIPAL, ACUERDO DE UNIDAD RUMBO AL 2021.","datePublished":"2020-11-12T00:06:56+00:00","mainEntityOfPage":{"@id":"https:\/\/www.aliadospuebla.com\/?p=48335"},"wordCount":525,"commentCount":0,"image":{"@id":"https:\/\/www.aliadospuebla.com\/?p=48335#primaryimage"},"thumbnailUrl":"https:\/\/www.aliadospuebla.com\/web2017\/wp-content\/uploads\/2020\/11\/PRI-1.jpg","keywords":["capital","CDE","MARCO MENA","Municipios","PRI","Puebla"],"articleSection":["Pol\u00edtica"],"inLanguage":"es","potentialAction":[{"@type":"CommentAction","name":"Comment","target":["https:\/\/www.aliadospuebla.com\/?p=48335#respond"]}]},{"@type":"WebPage","@id":"https:\/\/www.aliadospuebla.com\/?p=48335","url":"https:\/\/www.aliadospuebla.com\/?p=48335","name":"REALIZA PRI MUNICIPAL, ACUERDO DE UNIDAD RUMBO AL 2021. - AliadosPuebla","isPartOf":{"@id":"https:\/\/www.aliadospuebla.com\/#website"},"primaryImageOfPage":{"@id":"https:\/\/www.aliadospuebla.com\/?p=48335#primaryimage"},"image":{"@id":"https:\/\/www.aliadospuebla.com\/?p=48335#primaryimage"},"thumbnailUrl":"https:\/\/www.aliadospuebla.com\/web2017\/wp-content\/uploads\/2020\/11\/PRI-1.jpg","datePublished":"2020-11-12T00:06:56+00:00","author":{"@id":"https:\/\/www.aliadospuebla.com\/#\/schema\/person\/0fd017f23cc5c3f7988d5d58850eec8e"},"breadcrumb":{"@id":"https:\/\/www.aliadospuebla.com\/?p=48335#breadcrumb"},"inLanguage":"es","potentialAction":[{"@type":"ReadAction","target":["https:\/\/www.aliadospuebla.com\/?p=48335"]}]},{"@type":"ImageObject","inLanguage":"es","@id":"https:\/\/www.aliadospuebla.com\/?p=48335#primaryimage","url":"https:\/\/www.aliadospuebla.com\/web2017\/wp-content\/uploads\/2020\/11\/PRI-1.jpg","contentUrl":"https:\/\/www.aliadospuebla.com\/web2017\/wp-content\/uploads\/2020\/11\/PRI-1.jpg","width":600,"height":450},{"@type":"BreadcrumbList","@id":"https:\/\/www.aliadospuebla.com\/?p=48335#breadcrumb","itemListElement":[{"@type":"ListItem","position":1,"name":"Portada","item":"https:\/\/www.aliadospuebla.com\/"},{"@type":"ListItem","position":2,"name":"REALIZA PRI MUNICIPAL, ACUERDO DE UNIDAD RUMBO AL 2021."}]},{"@type":"WebSite","@id":"https:\/\/www.aliadospuebla.com\/#website","url":"https:\/\/www.aliadospuebla.com\/","name":"AliadosPuebla","description":"La informaci\u00f3n en tus manos","potentialAction":[{"@type":"SearchAction","target":{"@type":"EntryPoint","urlTemplate":"https:\/\/www.aliadospuebla.com\/?s={search_term_string}"},"query-input":{"@type":"PropertyValueSpecification","valueRequired":true,"valueName":"search_term_string"}}],"inLanguage":"es"},{"@type":"Person","@id":"https:\/\/www.aliadospuebla.com\/#\/schema\/person\/0fd017f23cc5c3f7988d5d58850eec8e","name":"Aliados Videos","image":{"@type":"ImageObject","inLanguage":"es","@id":"https:\/\/secure.gravatar.com\/avatar\/42b92de8b2d8339e1e824f3a73ab023a0bec0ee2e3920248085eb1f3160b4083?s=96&d=mm&r=g","url":"https:\/\/secure.gravatar.com\/avatar\/42b92de8b2d8339e1e824f3a73ab023a0bec0ee2e3920248085eb1f3160b4083?s=96&d=mm&r=g","contentUrl":"https:\/\/secure.gravatar.com\/avatar\/42b92de8b2d8339e1e824f3a73ab023a0bec0ee2e3920248085eb1f3160b4083?s=96&d=mm&r=g","caption":"Aliados Videos"},"url":"https:\/\/www.aliadospuebla.com\/?author=3"}]}},"views":11,"_links":{"self":[{"href":"https:\/\/www.aliadospuebla.com\/index.php?rest_route=\/wp\/v2\/posts\/48335","targetHints":{"allow":["GET"]}}],"collection":[{"href":"https:\/\/www.aliadospuebla.com\/index.php?rest_route=\/wp\/v2\/posts"}],"about":[{"href":"https:\/\/www.aliadospuebla.com\/index.php?rest_route=\/wp\/v2\/types\/post"}],"author":[{"embeddable":true,"href":"https:\/\/www.aliadospuebla.com\/index.php?rest_route=\/wp\/v2\/users\/3"}],"replies":[{"embeddable":true,"href":"https:\/\/www.aliadospuebla.com\/index.php?rest_route=%2Fwp%2Fv2%2Fcomments&post=48335"}],"version-history":[{"count":1,"href":"https:\/\/www.aliadospuebla.com\/index.php?rest_route=\/wp\/v2\/posts\/48335\/revisions"}],"predecessor-version":[{"id":48337,"href":"https:\/\/www.aliadospuebla.com\/index.php?rest_route=\/wp\/v2\/posts\/48335\/revisions\/48337"}],"wp:featuredmedia":[{"embeddable":true,"href":"https:\/\/www.aliadospuebla.com\/index.php?rest_route=\/wp\/v2\/media\/48336"}],"wp:attachment":[{"href":"https:\/\/www.aliadospuebla.com\/index.php?rest_route=%2Fwp%2Fv2%2Fmedia&parent=48335"}],"wp:term":[{"taxonomy":"category","embeddable":true,"href":"https:\/\/www.aliadospuebla.com\/index.php?rest_route=%2Fwp%2Fv2%2Fcategories&post=48335"},{"taxonomy":"post_tag","embeddable":true,"href":"https:\/\/www.aliadospuebla.com\/index.php?rest_route=%2Fwp%2Fv2%2Ftags&post=48335"}],"curies":[{"name":"wp","href":"https:\/\/api.w.org\/{rel}","templated":true}]}}