{"id":48317,"date":"2020-11-11T18:13:26","date_gmt":"2020-11-12T00:13:26","guid":{"rendered":"http:\/\/www.aliados17.com\/?p=48317"},"modified":"2020-11-11T18:14:07","modified_gmt":"2020-11-12T00:14:07","slug":"rafael-alvarez-escarcega-un-nuevo-rostro-en-apizaco","status":"publish","type":"post","link":"https:\/\/www.aliadospuebla.com\/?p=48317","title":{"rendered":"Rafael \u00c1lvarez Esc\u00e1rcega un nuevo rostro en Apizaco"},"content":{"rendered":"<p>Rafael \u00c1lvarez Esc\u00e1rcega empresario apizaquense\u00a0 con m\u00e1s de 25 a\u00f1os de experiencia en el sector, como muchos mexicanos inici\u00f3 desde abajo, teniendo diferentes puestos desde trabajar de lava platos en Estados Unidos, hasta ser presidente de la C\u00e1mara Nacional de la Industria de Desarrollo y Promoci\u00f3n de la Vivienda (CANADEVI) en el Estado de Tlaxcala; actualmente es presidente de SAVI INFRAESTRUCTURA (empresa del ramo de la construcci\u00f3n).<\/p>\n<p>En entrevista para <a href=\"http:\/\/www.aliados17.com\/\"><strong>Aliados17.com<\/strong><\/a>\u00a0 se le cuestion\u00f3 \u00bfC\u00f3mo un empresario le esta haciendo frente al tema de la pandemia?<\/p>\n<p><em>\u201c Como la mayor\u00eda de las personas no entend\u00eda qu\u00e9 estaba pasando, sin embargo, sab\u00eda que ten\u00eda que emprender acciones inmediatas para apoyar a la ciudadan\u00eda, no hubo tiempo de lamentarme pues como l\u00edder y empresario debes dar soluciones ante cualquier crisis\u00bb mencion\u00f3.<\/em><\/p>\n<p><em>En este sentido, me document\u00e9 de la realidad que se vive en Apizaco, no s\u00f3lo en temas de salud, sino en todos aquellos temas de fondo como la pobreza, la falta de una alimentaci\u00f3n adecuada,\u00a0 la inseguridad, la econom\u00eda entre otros. <\/em><\/p>\n<p><em>Entonces me fui paso a poso con el tema de la pobreza; con base a datos del Consejo Nacional de Evaluaci\u00f3n de la Pol\u00edtica de Desarrollo Social (CONEVAL) de los resultados de Pobreza 2015, revel\u00f3 que 4 de cada 10 apizaquenses viven en pobreza y no solo eso, la carencia de alimentaci\u00f3n tuvo un incremento de 2010 a 2015 de 5 puntos porcentuales.<\/em><\/p>\n<p>En ese momento es cuando nace \u201c<strong>NutriRuta<\/strong>\u201d, a trav\u00e9s de una alianza con la Asociaci\u00f3n Red de Mujeres Emprendedoras, donde realizamos un trabajo coordinado para apoyar de manera directa a los grupos vulnerables de Apizaco, entregando cada semana carne con certificaci\u00f3n TIF a costos muy accesibles y por debajo del costo promedio en el mercado, sin duda estas acciones aportan una mejorar alimentaci\u00f3n de las\u00a0 familias apizaquences.<\/p>\n<p>Una de las historias que han marcado mi vida y que me da m\u00e1s impulso para continuar con <strong>NutriRuta<\/strong> es la siguiente &#8230;<\/p>\n<p>En la localidad del Ojito, en Apizaco vive el se\u00f1or Rub\u00e9n, el es uno de los casos especiales que se atienden mediante la \u201c<strong>NUTRIRUTA<\/strong>\u201d, \u00e9l es jefe de familia de una familia que la integran sus dos peque\u00f1os y su cu\u00f1ada, uno de sus hijos y su cu\u00f1ada tienen discapacidad, el peque\u00f1o con 11 a\u00f1os de edad, tiene par\u00e1lisis cerebral infantil desde nacimiento y problemas de lenguaje af\u00e1sico por lo que requiere de cuidados especiales, la cu\u00f1ada tiene discapacidad auditiva y motriz por lo que le es complicado coordinar algunas partes de su cuerpo; \u00a0los traslados a consulta de su peque\u00f1o los realiza carg\u00e1ndolo en hombros, recorre m\u00e1s\u00a0 o menos 600 metros para poder tomar un transporte p\u00fablico que los lleve, adicionalmente con todo esto Rub\u00e9n se qued\u00f3 sin empleo, sin duda este tipo de historias inspiran y comprometen a continuar trabajando y aportando nuestro granito de arena para mejorar las condiciones de vida de las familias m\u00e1s vulnerables.<\/p>\n<p>Cabe mencionar que adem\u00e1s de crear proyectos de apoyo econ\u00f3mico-social como <strong>NutriRuta, <\/strong>Rafael \u00c1lvarez Esc\u00e1rcega ha incursionado en los medios de comunicaci\u00f3n, participando como\u00a0 embajador de\u00a0 VCN Noticias Tlaxcala, a quien agradece el espacio donde transmite el programa <strong>#DICIENDOYHACIENDO <\/strong>el cual tiene como finalidad impulsar la re-activaci\u00f3n econ\u00f3mica local, mediante c\u00e1psulas gratuitas que difundimos en nuestras redes sociales y las del Canal.<\/p>\n<p>Hago menci\u00f3n que es un espacio dedicado a nuestros artesanos, comerciantes, emprendedores, deportistas, restauranteros y las zonas tur\u00edsticas de nuestro municipio y\u00a0 estado, lo disfruto bastante.<\/p>\n<p>Finalmente el empresario mencion\u00f3 que los ciudadanos pueden seguir de cerca sus actividades en sus redes de\u00a0 Facebook donde me puedes encontrar como <strong>Rafael \u00c1lvarez Esc\u00e1rcega<\/strong> y <strong>Red de Manos Emprendedoras Tlaxcala,<\/strong>\u00a0en Instagram como <strong>Rafa \u00c1lvarez<\/strong> y en Twitter: <strong>Rafael \u00c1lvarez Esc\u00e1rcega<\/strong><\/p>\n<p>Por estos medios tambi\u00e9n los ciudadanos pueden contactarnos para ser part\u00edcipes de los programas que llevamos a cabo.<\/p>\n<p>Yo seguir\u00e9 apoyando siempre, Apizaco es mi hogar, en Apizaco tengo mi familia, mis mejores amigos, mientras mis comadritas y compadritos contin\u00faen apoy\u00e1ndome con todo gusto lo seguir\u00e9 haciendo, ya sabes c\u00f3mo soy .<\/p>\n<p>#DiciendoYHaciendo<\/p>\n","protected":false},"excerpt":{"rendered":"<p>Rafael \u00c1lvarez Esc\u00e1rcega empresario apizaquense\u00a0 con m\u00e1s de 25 a\u00f1os de experiencia en el sector, como muchos mexicanos inici\u00f3 desde abajo, teniendo diferentes puestos desde trabajar de lava platos en Estados Unidos, hasta ser presidente de la C\u00e1mara Nacional de la Industria de Desarrollo y Promoci\u00f3n de la Vivienda (CANADEVI) en el Estado de Tlaxcala; actualmente es presidente de SAVI INFRAESTRUCTURA (empresa del ramo de la construcci\u00f3n). En entrevista para Aliados17.com\u00a0 se le cuestion\u00f3 \u00bfC\u00f3mo un empresario le esta haciendo frente al tema de la pandemia? \u201c Como la mayor\u00eda de las personas no entend\u00eda qu\u00e9 estaba pasando, sin embargo, sab\u00eda que ten\u00eda que emprender acciones inmediatas para apoyar a la ciudadan\u00eda, no hubo tiempo de lamentarme pues como l\u00edder y empresario debes dar soluciones&hellip;<\/p>\n<p class=\"excerpt-more\"><a class=\"blog-excerpt button\" href=\"https:\/\/www.aliadospuebla.com\/?p=48317\">Leer m\u00e1s&#8230;<\/a><\/p>\n","protected":false},"author":2,"featured_media":48338,"comment_status":"open","ping_status":"open","sticky":false,"template":"","format":"standard","meta":{"_monsterinsights_skip_tracking":false,"footnotes":""},"categories":[31,8304],"tags":[3964,8408,81,1325,14817,6312,3101,14818,14816,319],"class_list":["post-48317","post","type-post","status-publish","format-standard","has-post-thumbnail","hentry","category-aliado-del-mes","category-nacional","tag-aliado-del-mes","tag-apizaco","tag-apoyo","tag-artesanos","tag-diciendo-y-haciendo","tag-economia-local","tag-mujeres-emprendedoras","tag-nutriruta","tag-rafael-alvarez-escarcega","tag-tlaxcala"],"yoast_head":"<!-- This site is optimized with the Yoast SEO plugin v28.3 - https:\/\/yoast.com\/product\/yoast-seo-wordpress\/ -->\n<title>Rafael \u00c1lvarez Esc\u00e1rcega un nuevo rostro en Apizaco - AliadosPuebla<\/title>\n<meta name=\"robots\" content=\"index, follow, max-snippet:-1, max-image-preview:large, max-video-preview:-1\" \/>\n<link rel=\"canonical\" href=\"https:\/\/www.aliadospuebla.com\/?p=48317\" \/>\n<meta property=\"og:locale\" content=\"es_ES\" \/>\n<meta property=\"og:type\" content=\"article\" \/>\n<meta property=\"og:title\" content=\"Rafael \u00c1lvarez Esc\u00e1rcega un nuevo rostro en Apizaco - AliadosPuebla\" \/>\n<meta property=\"og:description\" content=\"Rafael \u00c1lvarez Esc\u00e1rcega empresario apizaquense\u00a0 con m\u00e1s de 25 a\u00f1os de experiencia en el sector, como muchos mexicanos inici\u00f3 desde abajo, teniendo diferentes puestos desde trabajar de lava platos en Estados Unidos, hasta ser presidente de la C\u00e1mara Nacional de la Industria de Desarrollo y Promoci\u00f3n de la Vivienda (CANADEVI) en el Estado de Tlaxcala; actualmente es presidente de SAVI INFRAESTRUCTURA (empresa del ramo de la construcci\u00f3n). En entrevista para Aliados17.com\u00a0 se le cuestion\u00f3 \u00bfC\u00f3mo un empresario le esta haciendo frente al tema de la pandemia? \u201c Como la mayor\u00eda de las personas no entend\u00eda qu\u00e9 estaba pasando, sin embargo, sab\u00eda que ten\u00eda que emprender acciones inmediatas para apoyar a la ciudadan\u00eda, no hubo tiempo de lamentarme pues como l\u00edder y empresario debes dar soluciones&hellip;Leer m\u00e1s...\" \/>\n<meta property=\"og:url\" content=\"https:\/\/www.aliadospuebla.com\/?p=48317\" \/>\n<meta property=\"og:site_name\" content=\"AliadosPuebla\" \/>\n<meta property=\"article:author\" content=\"https:\/\/www.facebook.com\/Aliados17Pue\" \/>\n<meta property=\"article:published_time\" content=\"2020-11-12T00:13:26+00:00\" \/>\n<meta property=\"article:modified_time\" content=\"2020-11-12T00:14:07+00:00\" \/>\n<meta property=\"og:image\" content=\"https:\/\/www.aliadospuebla.com\/web2017\/wp-content\/uploads\/2020\/11\/011-Rafa.jpg\" \/>\n\t<meta property=\"og:image:width\" content=\"600\" \/>\n\t<meta property=\"og:image:height\" content=\"450\" \/>\n\t<meta property=\"og:image:type\" content=\"image\/jpeg\" \/>\n<meta name=\"author\" content=\"Aliados17\" \/>\n<meta name=\"twitter:card\" content=\"summary_large_image\" \/>\n<meta name=\"twitter:creator\" content=\"@AliadosPuebla\" \/>\n<meta name=\"twitter:label1\" content=\"Escrito por\" \/>\n\t<meta name=\"twitter:data1\" content=\"Aliados17\" \/>\n\t<meta name=\"twitter:label2\" content=\"Tiempo de lectura\" \/>\n\t<meta name=\"twitter:data2\" content=\"4 minutos\" \/>\n<script type=\"application\/ld+json\" class=\"yoast-schema-graph\">{\"@context\":\"https:\\\/\\\/schema.org\",\"@graph\":[{\"@type\":\"Article\",\"@id\":\"https:\\\/\\\/www.aliadospuebla.com\\\/?p=48317#article\",\"isPartOf\":{\"@id\":\"https:\\\/\\\/www.aliadospuebla.com\\\/?p=48317\"},\"author\":{\"name\":\"Aliados17\",\"@id\":\"https:\\\/\\\/www.aliadospuebla.com\\\/#\\\/schema\\\/person\\\/5da7dd09320bd4f392b710017ed5f8ad\"},\"headline\":\"Rafael \u00c1lvarez Esc\u00e1rcega un nuevo rostro en Apizaco\",\"datePublished\":\"2020-11-12T00:13:26+00:00\",\"dateModified\":\"2020-11-12T00:14:07+00:00\",\"mainEntityOfPage\":{\"@id\":\"https:\\\/\\\/www.aliadospuebla.com\\\/?p=48317\"},\"wordCount\":720,\"commentCount\":0,\"image\":{\"@id\":\"https:\\\/\\\/www.aliadospuebla.com\\\/?p=48317#primaryimage\"},\"thumbnailUrl\":\"https:\\\/\\\/www.aliadospuebla.com\\\/web2017\\\/wp-content\\\/uploads\\\/2020\\\/11\\\/011-Rafa.jpg\",\"keywords\":[\"ALIADO DEL MES\",\"APIZACO\",\"apoyo\",\"ARTESANOS\",\"Diciendo y haciendo\",\"ECONOM\u00cdA LOCAL\",\"MUJERES EMPRENDEDORAS\",\"Nutriruta\",\"Rafael \u00c1lvarez Esc\u00e1rcega\",\"TLAXCALA\"],\"articleSection\":[\"Aliado del Mes\",\"Nacional\"],\"inLanguage\":\"es\",\"potentialAction\":[{\"@type\":\"CommentAction\",\"name\":\"Comment\",\"target\":[\"https:\\\/\\\/www.aliadospuebla.com\\\/?p=48317#respond\"]}]},{\"@type\":\"WebPage\",\"@id\":\"https:\\\/\\\/www.aliadospuebla.com\\\/?p=48317\",\"url\":\"https:\\\/\\\/www.aliadospuebla.com\\\/?p=48317\",\"name\":\"Rafael \u00c1lvarez Esc\u00e1rcega un nuevo rostro en Apizaco - AliadosPuebla\",\"isPartOf\":{\"@id\":\"https:\\\/\\\/www.aliadospuebla.com\\\/#website\"},\"primaryImageOfPage\":{\"@id\":\"https:\\\/\\\/www.aliadospuebla.com\\\/?p=48317#primaryimage\"},\"image\":{\"@id\":\"https:\\\/\\\/www.aliadospuebla.com\\\/?p=48317#primaryimage\"},\"thumbnailUrl\":\"https:\\\/\\\/www.aliadospuebla.com\\\/web2017\\\/wp-content\\\/uploads\\\/2020\\\/11\\\/011-Rafa.jpg\",\"datePublished\":\"2020-11-12T00:13:26+00:00\",\"dateModified\":\"2020-11-12T00:14:07+00:00\",\"author\":{\"@id\":\"https:\\\/\\\/www.aliadospuebla.com\\\/#\\\/schema\\\/person\\\/5da7dd09320bd4f392b710017ed5f8ad\"},\"breadcrumb\":{\"@id\":\"https:\\\/\\\/www.aliadospuebla.com\\\/?p=48317#breadcrumb\"},\"inLanguage\":\"es\",\"potentialAction\":[{\"@type\":\"ReadAction\",\"target\":[\"https:\\\/\\\/www.aliadospuebla.com\\\/?p=48317\"]}]},{\"@type\":\"ImageObject\",\"inLanguage\":\"es\",\"@id\":\"https:\\\/\\\/www.aliadospuebla.com\\\/?p=48317#primaryimage\",\"url\":\"https:\\\/\\\/www.aliadospuebla.com\\\/web2017\\\/wp-content\\\/uploads\\\/2020\\\/11\\\/011-Rafa.jpg\",\"contentUrl\":\"https:\\\/\\\/www.aliadospuebla.com\\\/web2017\\\/wp-content\\\/uploads\\\/2020\\\/11\\\/011-Rafa.jpg\",\"width\":600,\"height\":450},{\"@type\":\"BreadcrumbList\",\"@id\":\"https:\\\/\\\/www.aliadospuebla.com\\\/?p=48317#breadcrumb\",\"itemListElement\":[{\"@type\":\"ListItem\",\"position\":1,\"name\":\"Portada\",\"item\":\"https:\\\/\\\/www.aliadospuebla.com\\\/\"},{\"@type\":\"ListItem\",\"position\":2,\"name\":\"Rafael \u00c1lvarez Esc\u00e1rcega un nuevo rostro en Apizaco\"}]},{\"@type\":\"WebSite\",\"@id\":\"https:\\\/\\\/www.aliadospuebla.com\\\/#website\",\"url\":\"https:\\\/\\\/www.aliadospuebla.com\\\/\",\"name\":\"AliadosPuebla\",\"description\":\"La informaci\u00f3n en tus manos\",\"potentialAction\":[{\"@type\":\"SearchAction\",\"target\":{\"@type\":\"EntryPoint\",\"urlTemplate\":\"https:\\\/\\\/www.aliadospuebla.com\\\/?s={search_term_string}\"},\"query-input\":{\"@type\":\"PropertyValueSpecification\",\"valueRequired\":true,\"valueName\":\"search_term_string\"}}],\"inLanguage\":\"es\"},{\"@type\":\"Person\",\"@id\":\"https:\\\/\\\/www.aliadospuebla.com\\\/#\\\/schema\\\/person\\\/5da7dd09320bd4f392b710017ed5f8ad\",\"name\":\"Aliados17\",\"image\":{\"@type\":\"ImageObject\",\"inLanguage\":\"es\",\"@id\":\"https:\\\/\\\/www.aliadospuebla.com\\\/web2017\\\/wp-content\\\/uploads\\\/2025\\\/03\\\/cropped-para-perfil-8-anos-1-96x96.jpg\",\"url\":\"https:\\\/\\\/www.aliadospuebla.com\\\/web2017\\\/wp-content\\\/uploads\\\/2025\\\/03\\\/cropped-para-perfil-8-anos-1-96x96.jpg\",\"contentUrl\":\"https:\\\/\\\/www.aliadospuebla.com\\\/web2017\\\/wp-content\\\/uploads\\\/2025\\\/03\\\/cropped-para-perfil-8-anos-1-96x96.jpg\",\"caption\":\"Aliados17\"},\"sameAs\":[\"https:\\\/\\\/www.aliados17.com\",\"https:\\\/\\\/www.facebook.com\\\/Aliados17Pue\",\"https:\\\/\\\/x.com\\\/AliadosPuebla\"],\"url\":\"https:\\\/\\\/www.aliadospuebla.com\\\/?author=2\"}]}<\/script>\n<!-- \/ Yoast SEO plugin. -->","yoast_head_json":{"title":"Rafael \u00c1lvarez Esc\u00e1rcega un nuevo rostro en Apizaco - AliadosPuebla","robots":{"index":"index","follow":"follow","max-snippet":"max-snippet:-1","max-image-preview":"max-image-preview:large","max-video-preview":"max-video-preview:-1"},"canonical":"https:\/\/www.aliadospuebla.com\/?p=48317","og_locale":"es_ES","og_type":"article","og_title":"Rafael \u00c1lvarez Esc\u00e1rcega un nuevo rostro en Apizaco - AliadosPuebla","og_description":"Rafael \u00c1lvarez Esc\u00e1rcega empresario apizaquense\u00a0 con m\u00e1s de 25 a\u00f1os de experiencia en el sector, como muchos mexicanos inici\u00f3 desde abajo, teniendo diferentes puestos desde trabajar de lava platos en Estados Unidos, hasta ser presidente de la C\u00e1mara Nacional de la Industria de Desarrollo y Promoci\u00f3n de la Vivienda (CANADEVI) en el Estado de Tlaxcala; actualmente es presidente de SAVI INFRAESTRUCTURA (empresa del ramo de la construcci\u00f3n). En entrevista para Aliados17.com\u00a0 se le cuestion\u00f3 \u00bfC\u00f3mo un empresario le esta haciendo frente al tema de la pandemia? \u201c Como la mayor\u00eda de las personas no entend\u00eda qu\u00e9 estaba pasando, sin embargo, sab\u00eda que ten\u00eda que emprender acciones inmediatas para apoyar a la ciudadan\u00eda, no hubo tiempo de lamentarme pues como l\u00edder y empresario debes dar soluciones&hellip;Leer m\u00e1s...","og_url":"https:\/\/www.aliadospuebla.com\/?p=48317","og_site_name":"AliadosPuebla","article_author":"https:\/\/www.facebook.com\/Aliados17Pue","article_published_time":"2020-11-12T00:13:26+00:00","article_modified_time":"2020-11-12T00:14:07+00:00","og_image":[{"width":600,"height":450,"url":"https:\/\/www.aliadospuebla.com\/web2017\/wp-content\/uploads\/2020\/11\/011-Rafa.jpg","type":"image\/jpeg"}],"author":"Aliados17","twitter_card":"summary_large_image","twitter_creator":"@AliadosPuebla","twitter_misc":{"Escrito por":"Aliados17","Tiempo de lectura":"4 minutos"},"schema":{"@context":"https:\/\/schema.org","@graph":[{"@type":"Article","@id":"https:\/\/www.aliadospuebla.com\/?p=48317#article","isPartOf":{"@id":"https:\/\/www.aliadospuebla.com\/?p=48317"},"author":{"name":"Aliados17","@id":"https:\/\/www.aliadospuebla.com\/#\/schema\/person\/5da7dd09320bd4f392b710017ed5f8ad"},"headline":"Rafael \u00c1lvarez Esc\u00e1rcega un nuevo rostro en Apizaco","datePublished":"2020-11-12T00:13:26+00:00","dateModified":"2020-11-12T00:14:07+00:00","mainEntityOfPage":{"@id":"https:\/\/www.aliadospuebla.com\/?p=48317"},"wordCount":720,"commentCount":0,"image":{"@id":"https:\/\/www.aliadospuebla.com\/?p=48317#primaryimage"},"thumbnailUrl":"https:\/\/www.aliadospuebla.com\/web2017\/wp-content\/uploads\/2020\/11\/011-Rafa.jpg","keywords":["ALIADO DEL MES","APIZACO","apoyo","ARTESANOS","Diciendo y haciendo","ECONOM\u00cdA LOCAL","MUJERES EMPRENDEDORAS","Nutriruta","Rafael \u00c1lvarez Esc\u00e1rcega","TLAXCALA"],"articleSection":["Aliado del Mes","Nacional"],"inLanguage":"es","potentialAction":[{"@type":"CommentAction","name":"Comment","target":["https:\/\/www.aliadospuebla.com\/?p=48317#respond"]}]},{"@type":"WebPage","@id":"https:\/\/www.aliadospuebla.com\/?p=48317","url":"https:\/\/www.aliadospuebla.com\/?p=48317","name":"Rafael \u00c1lvarez Esc\u00e1rcega un nuevo rostro en Apizaco - AliadosPuebla","isPartOf":{"@id":"https:\/\/www.aliadospuebla.com\/#website"},"primaryImageOfPage":{"@id":"https:\/\/www.aliadospuebla.com\/?p=48317#primaryimage"},"image":{"@id":"https:\/\/www.aliadospuebla.com\/?p=48317#primaryimage"},"thumbnailUrl":"https:\/\/www.aliadospuebla.com\/web2017\/wp-content\/uploads\/2020\/11\/011-Rafa.jpg","datePublished":"2020-11-12T00:13:26+00:00","dateModified":"2020-11-12T00:14:07+00:00","author":{"@id":"https:\/\/www.aliadospuebla.com\/#\/schema\/person\/5da7dd09320bd4f392b710017ed5f8ad"},"breadcrumb":{"@id":"https:\/\/www.aliadospuebla.com\/?p=48317#breadcrumb"},"inLanguage":"es","potentialAction":[{"@type":"ReadAction","target":["https:\/\/www.aliadospuebla.com\/?p=48317"]}]},{"@type":"ImageObject","inLanguage":"es","@id":"https:\/\/www.aliadospuebla.com\/?p=48317#primaryimage","url":"https:\/\/www.aliadospuebla.com\/web2017\/wp-content\/uploads\/2020\/11\/011-Rafa.jpg","contentUrl":"https:\/\/www.aliadospuebla.com\/web2017\/wp-content\/uploads\/2020\/11\/011-Rafa.jpg","width":600,"height":450},{"@type":"BreadcrumbList","@id":"https:\/\/www.aliadospuebla.com\/?p=48317#breadcrumb","itemListElement":[{"@type":"ListItem","position":1,"name":"Portada","item":"https:\/\/www.aliadospuebla.com\/"},{"@type":"ListItem","position":2,"name":"Rafael \u00c1lvarez Esc\u00e1rcega un nuevo rostro en Apizaco"}]},{"@type":"WebSite","@id":"https:\/\/www.aliadospuebla.com\/#website","url":"https:\/\/www.aliadospuebla.com\/","name":"AliadosPuebla","description":"La informaci\u00f3n en tus manos","potentialAction":[{"@type":"SearchAction","target":{"@type":"EntryPoint","urlTemplate":"https:\/\/www.aliadospuebla.com\/?s={search_term_string}"},"query-input":{"@type":"PropertyValueSpecification","valueRequired":true,"valueName":"search_term_string"}}],"inLanguage":"es"},{"@type":"Person","@id":"https:\/\/www.aliadospuebla.com\/#\/schema\/person\/5da7dd09320bd4f392b710017ed5f8ad","name":"Aliados17","image":{"@type":"ImageObject","inLanguage":"es","@id":"https:\/\/www.aliadospuebla.com\/web2017\/wp-content\/uploads\/2025\/03\/cropped-para-perfil-8-anos-1-96x96.jpg","url":"https:\/\/www.aliadospuebla.com\/web2017\/wp-content\/uploads\/2025\/03\/cropped-para-perfil-8-anos-1-96x96.jpg","contentUrl":"https:\/\/www.aliadospuebla.com\/web2017\/wp-content\/uploads\/2025\/03\/cropped-para-perfil-8-anos-1-96x96.jpg","caption":"Aliados17"},"sameAs":["https:\/\/www.aliados17.com","https:\/\/www.facebook.com\/Aliados17Pue","https:\/\/x.com\/AliadosPuebla"],"url":"https:\/\/www.aliadospuebla.com\/?author=2"}]}},"views":100,"_links":{"self":[{"href":"https:\/\/www.aliadospuebla.com\/index.php?rest_route=\/wp\/v2\/posts\/48317","targetHints":{"allow":["GET"]}}],"collection":[{"href":"https:\/\/www.aliadospuebla.com\/index.php?rest_route=\/wp\/v2\/posts"}],"about":[{"href":"https:\/\/www.aliadospuebla.com\/index.php?rest_route=\/wp\/v2\/types\/post"}],"author":[{"embeddable":true,"href":"https:\/\/www.aliadospuebla.com\/index.php?rest_route=\/wp\/v2\/users\/2"}],"replies":[{"embeddable":true,"href":"https:\/\/www.aliadospuebla.com\/index.php?rest_route=%2Fwp%2Fv2%2Fcomments&post=48317"}],"version-history":[{"count":1,"href":"https:\/\/www.aliadospuebla.com\/index.php?rest_route=\/wp\/v2\/posts\/48317\/revisions"}],"predecessor-version":[{"id":48339,"href":"https:\/\/www.aliadospuebla.com\/index.php?rest_route=\/wp\/v2\/posts\/48317\/revisions\/48339"}],"wp:featuredmedia":[{"embeddable":true,"href":"https:\/\/www.aliadospuebla.com\/index.php?rest_route=\/wp\/v2\/media\/48338"}],"wp:attachment":[{"href":"https:\/\/www.aliadospuebla.com\/index.php?rest_route=%2Fwp%2Fv2%2Fmedia&parent=48317"}],"wp:term":[{"taxonomy":"category","embeddable":true,"href":"https:\/\/www.aliadospuebla.com\/index.php?rest_route=%2Fwp%2Fv2%2Fcategories&post=48317"},{"taxonomy":"post_tag","embeddable":true,"href":"https:\/\/www.aliadospuebla.com\/index.php?rest_route=%2Fwp%2Fv2%2Ftags&post=48317"}],"curies":[{"name":"wp","href":"https:\/\/api.w.org\/{rel}","templated":true}]}}