{"id":48247,"date":"2020-11-10T09:42:32","date_gmt":"2020-11-10T15:42:32","guid":{"rendered":"http:\/\/www.aliados17.com\/?p=48247"},"modified":"2020-11-10T09:42:32","modified_gmt":"2020-11-10T15:42:32","slug":"celebra-huerta-villegas-impulso-del-cen-del-pan-a-paridad-en-candidaturas","status":"publish","type":"post","link":"https:\/\/www.aliadospuebla.com\/?p=48247","title":{"rendered":"Celebra Huerta Villegas impulso del CEN del PAN a paridad en candidaturas"},"content":{"rendered":"<p><span lang=\"ES-TRAD\">Al participar en la sesi\u00f3n de Comisi\u00f3n Permanente Nacional, la dirigente estatal del PAN, Genoveva Huerta, celebr\u00f3 que el Comit\u00e9 Ejecutivo Nacional impulse la paridad de g\u00e9nero y contemple el postular siete mujeres como candidatas a gobernadoras.<\/span><\/p>\n<p><span lang=\"ES-TRAD\">Huerta Villegas indic\u00f3 que ello representa un hecho hist\u00f3rico para el partido y se demuestra que en Acci\u00f3n Nacional est\u00e1 comprometido con el crecimiento y desarrollo pol\u00edtico de las mujeres.<\/span><\/p>\n<p><span lang=\"ES-TRAD\">Anunci\u00f3 que desde Puebla se apoyar\u00e1 la Reforma que presentar\u00e1 el partido para que se norme constitucionalmente la paridad en todos los puestos de elecci\u00f3n popular, pues hoy en d\u00eda se requiere certidumbre para garantizar la igualdad y paridad de g\u00e9nero en todo el pa\u00eds.<\/span><\/p>\n<p><span lang=\"ES-TRAD\">Finalmente, la dirigente estatal reiter\u00f3 que el PAN Puebla cuenta con mujeres electoralmente competitivas, preparadas y con reconocido trabajo social para competir y ganar en los pr\u00f3ximos comicios.<\/span><\/p>\n","protected":false},"excerpt":{"rendered":"<p>Al participar en la sesi\u00f3n de Comisi\u00f3n Permanente Nacional, la dirigente estatal del PAN, Genoveva Huerta, celebr\u00f3 que el Comit\u00e9 Ejecutivo Nacional impulse la paridad de g\u00e9nero y contemple el postular siete mujeres como candidatas a gobernadoras. Huerta Villegas indic\u00f3 que ello representa un hecho hist\u00f3rico para el partido y se demuestra que en Acci\u00f3n Nacional est\u00e1 comprometido con el crecimiento y desarrollo pol\u00edtico de las mujeres. Anunci\u00f3 que desde Puebla se apoyar\u00e1 la Reforma que presentar\u00e1 el partido para que se norme constitucionalmente la paridad en todos los puestos de elecci\u00f3n popular, pues hoy en d\u00eda se requiere certidumbre para garantizar la igualdad y paridad de g\u00e9nero en todo el pa\u00eds. Finalmente, la dirigente estatal reiter\u00f3 que el PAN Puebla cuenta con mujeres electoralmente&hellip;<\/p>\n<p class=\"excerpt-more\"><a class=\"blog-excerpt button\" href=\"https:\/\/www.aliadospuebla.com\/?p=48247\">Leer m\u00e1s&#8230;<\/a><\/p>\n","protected":false},"author":2,"featured_media":48248,"comment_status":"open","ping_status":"open","sticky":false,"template":"","format":"standard","meta":{"_monsterinsights_skip_tracking":false,"footnotes":""},"categories":[6],"tags":[2581,4795,12722,836,404,4431,14803],"class_list":["post-48247","post","type-post","status-publish","format-standard","has-post-thumbnail","hentry","category-politica","tag-candidaturas","tag-cen-pan","tag-genoveva-huerta-villegas","tag-igualdad","tag-mujeres","tag-pan-puebla","tag-paridad"],"yoast_head":"<!-- This site is optimized with the Yoast SEO plugin v28.4 - https:\/\/yoast.com\/product\/yoast-seo-wordpress\/ -->\n<title>Celebra Huerta Villegas impulso del CEN del PAN a paridad en candidaturas - AliadosPuebla<\/title>\n<meta name=\"robots\" content=\"index, follow, max-snippet:-1, max-image-preview:large, max-video-preview:-1\" \/>\n<link rel=\"canonical\" href=\"https:\/\/www.aliadospuebla.com\/?p=48247\" \/>\n<meta property=\"og:locale\" content=\"es_ES\" \/>\n<meta property=\"og:type\" content=\"article\" \/>\n<meta property=\"og:title\" content=\"Celebra Huerta Villegas impulso del CEN del PAN a paridad en candidaturas - AliadosPuebla\" \/>\n<meta property=\"og:description\" content=\"Al participar en la sesi\u00f3n de Comisi\u00f3n Permanente Nacional, la dirigente estatal del PAN, Genoveva Huerta, celebr\u00f3 que el Comit\u00e9 Ejecutivo Nacional impulse la paridad de g\u00e9nero y contemple el postular siete mujeres como candidatas a gobernadoras. Huerta Villegas indic\u00f3 que ello representa un hecho hist\u00f3rico para el partido y se demuestra que en Acci\u00f3n Nacional est\u00e1 comprometido con el crecimiento y desarrollo pol\u00edtico de las mujeres. Anunci\u00f3 que desde Puebla se apoyar\u00e1 la Reforma que presentar\u00e1 el partido para que se norme constitucionalmente la paridad en todos los puestos de elecci\u00f3n popular, pues hoy en d\u00eda se requiere certidumbre para garantizar la igualdad y paridad de g\u00e9nero en todo el pa\u00eds. Finalmente, la dirigente estatal reiter\u00f3 que el PAN Puebla cuenta con mujeres electoralmente&hellip;Leer m\u00e1s...\" \/>\n<meta property=\"og:url\" content=\"https:\/\/www.aliadospuebla.com\/?p=48247\" \/>\n<meta property=\"og:site_name\" content=\"AliadosPuebla\" \/>\n<meta property=\"article:author\" content=\"https:\/\/www.facebook.com\/Aliados17Pue\" \/>\n<meta property=\"article:published_time\" content=\"2020-11-10T15:42:32+00:00\" \/>\n<meta property=\"og:image\" content=\"https:\/\/www.aliadospuebla.com\/web2017\/wp-content\/uploads\/2020\/11\/004-PAN-igualdad.jpg\" \/>\n\t<meta property=\"og:image:width\" content=\"600\" \/>\n\t<meta property=\"og:image:height\" content=\"450\" \/>\n\t<meta property=\"og:image:type\" content=\"image\/jpeg\" \/>\n<meta name=\"author\" content=\"Aliados17\" \/>\n<meta name=\"twitter:card\" content=\"summary_large_image\" \/>\n<meta name=\"twitter:creator\" content=\"@AliadosPuebla\" \/>\n<meta name=\"twitter:label1\" content=\"Escrito por\" \/>\n\t<meta name=\"twitter:data1\" content=\"Aliados17\" \/>\n\t<meta name=\"twitter:label2\" content=\"Tiempo de lectura\" \/>\n\t<meta name=\"twitter:data2\" content=\"1 minuto\" \/>\n<script type=\"application\/ld+json\" class=\"yoast-schema-graph\">{\"@context\":\"https:\\\/\\\/schema.org\",\"@graph\":[{\"@type\":\"Article\",\"@id\":\"https:\\\/\\\/www.aliadospuebla.com\\\/?p=48247#article\",\"isPartOf\":{\"@id\":\"https:\\\/\\\/www.aliadospuebla.com\\\/?p=48247\"},\"author\":{\"name\":\"Aliados17\",\"@id\":\"https:\\\/\\\/www.aliadospuebla.com\\\/#\\\/schema\\\/person\\\/5da7dd09320bd4f392b710017ed5f8ad\"},\"headline\":\"Celebra Huerta Villegas impulso del CEN del PAN a paridad en candidaturas\",\"datePublished\":\"2020-11-10T15:42:32+00:00\",\"mainEntityOfPage\":{\"@id\":\"https:\\\/\\\/www.aliadospuebla.com\\\/?p=48247\"},\"wordCount\":163,\"commentCount\":0,\"image\":{\"@id\":\"https:\\\/\\\/www.aliadospuebla.com\\\/?p=48247#primaryimage\"},\"thumbnailUrl\":\"https:\\\/\\\/www.aliadospuebla.com\\\/web2017\\\/wp-content\\\/uploads\\\/2020\\\/11\\\/004-PAN-igualdad.jpg\",\"keywords\":[\"CANDIDATURAS\",\"CEN PAN\",\"Genoveva Huerta Villegas\",\"IGUALDAD\",\"MUJERES\",\"PAN PUEBLA\",\"paridad\"],\"articleSection\":[\"Pol\u00edtica\"],\"inLanguage\":\"es\",\"potentialAction\":[{\"@type\":\"CommentAction\",\"name\":\"Comment\",\"target\":[\"https:\\\/\\\/www.aliadospuebla.com\\\/?p=48247#respond\"]}]},{\"@type\":\"WebPage\",\"@id\":\"https:\\\/\\\/www.aliadospuebla.com\\\/?p=48247\",\"url\":\"https:\\\/\\\/www.aliadospuebla.com\\\/?p=48247\",\"name\":\"Celebra Huerta Villegas impulso del CEN del PAN a paridad en candidaturas - AliadosPuebla\",\"isPartOf\":{\"@id\":\"https:\\\/\\\/www.aliadospuebla.com\\\/#website\"},\"primaryImageOfPage\":{\"@id\":\"https:\\\/\\\/www.aliadospuebla.com\\\/?p=48247#primaryimage\"},\"image\":{\"@id\":\"https:\\\/\\\/www.aliadospuebla.com\\\/?p=48247#primaryimage\"},\"thumbnailUrl\":\"https:\\\/\\\/www.aliadospuebla.com\\\/web2017\\\/wp-content\\\/uploads\\\/2020\\\/11\\\/004-PAN-igualdad.jpg\",\"datePublished\":\"2020-11-10T15:42:32+00:00\",\"author\":{\"@id\":\"https:\\\/\\\/www.aliadospuebla.com\\\/#\\\/schema\\\/person\\\/5da7dd09320bd4f392b710017ed5f8ad\"},\"breadcrumb\":{\"@id\":\"https:\\\/\\\/www.aliadospuebla.com\\\/?p=48247#breadcrumb\"},\"inLanguage\":\"es\",\"potentialAction\":[{\"@type\":\"ReadAction\",\"target\":[\"https:\\\/\\\/www.aliadospuebla.com\\\/?p=48247\"]}]},{\"@type\":\"ImageObject\",\"inLanguage\":\"es\",\"@id\":\"https:\\\/\\\/www.aliadospuebla.com\\\/?p=48247#primaryimage\",\"url\":\"https:\\\/\\\/www.aliadospuebla.com\\\/web2017\\\/wp-content\\\/uploads\\\/2020\\\/11\\\/004-PAN-igualdad.jpg\",\"contentUrl\":\"https:\\\/\\\/www.aliadospuebla.com\\\/web2017\\\/wp-content\\\/uploads\\\/2020\\\/11\\\/004-PAN-igualdad.jpg\",\"width\":600,\"height\":450},{\"@type\":\"BreadcrumbList\",\"@id\":\"https:\\\/\\\/www.aliadospuebla.com\\\/?p=48247#breadcrumb\",\"itemListElement\":[{\"@type\":\"ListItem\",\"position\":1,\"name\":\"Portada\",\"item\":\"https:\\\/\\\/www.aliadospuebla.com\\\/\"},{\"@type\":\"ListItem\",\"position\":2,\"name\":\"Celebra Huerta Villegas impulso del CEN del PAN a paridad en candidaturas\"}]},{\"@type\":\"WebSite\",\"@id\":\"https:\\\/\\\/www.aliadospuebla.com\\\/#website\",\"url\":\"https:\\\/\\\/www.aliadospuebla.com\\\/\",\"name\":\"AliadosPuebla\",\"description\":\"La informaci\u00f3n en tus manos\",\"potentialAction\":[{\"@type\":\"SearchAction\",\"target\":{\"@type\":\"EntryPoint\",\"urlTemplate\":\"https:\\\/\\\/www.aliadospuebla.com\\\/?s={search_term_string}\"},\"query-input\":{\"@type\":\"PropertyValueSpecification\",\"valueRequired\":true,\"valueName\":\"search_term_string\"}}],\"inLanguage\":\"es\"},{\"@type\":\"Person\",\"@id\":\"https:\\\/\\\/www.aliadospuebla.com\\\/#\\\/schema\\\/person\\\/5da7dd09320bd4f392b710017ed5f8ad\",\"name\":\"Aliados17\",\"image\":{\"@type\":\"ImageObject\",\"inLanguage\":\"es\",\"@id\":\"https:\\\/\\\/www.aliadospuebla.com\\\/web2017\\\/wp-content\\\/uploads\\\/2025\\\/03\\\/cropped-para-perfil-8-anos-1-96x96.jpg\",\"url\":\"https:\\\/\\\/www.aliadospuebla.com\\\/web2017\\\/wp-content\\\/uploads\\\/2025\\\/03\\\/cropped-para-perfil-8-anos-1-96x96.jpg\",\"contentUrl\":\"https:\\\/\\\/www.aliadospuebla.com\\\/web2017\\\/wp-content\\\/uploads\\\/2025\\\/03\\\/cropped-para-perfil-8-anos-1-96x96.jpg\",\"caption\":\"Aliados17\"},\"sameAs\":[\"https:\\\/\\\/www.aliados17.com\",\"https:\\\/\\\/www.facebook.com\\\/Aliados17Pue\",\"https:\\\/\\\/x.com\\\/AliadosPuebla\"],\"url\":\"https:\\\/\\\/www.aliadospuebla.com\\\/?author=2\"}]}<\/script>\n<!-- \/ Yoast SEO plugin. -->","yoast_head_json":{"title":"Celebra Huerta Villegas impulso del CEN del PAN a paridad en candidaturas - AliadosPuebla","robots":{"index":"index","follow":"follow","max-snippet":"max-snippet:-1","max-image-preview":"max-image-preview:large","max-video-preview":"max-video-preview:-1"},"canonical":"https:\/\/www.aliadospuebla.com\/?p=48247","og_locale":"es_ES","og_type":"article","og_title":"Celebra Huerta Villegas impulso del CEN del PAN a paridad en candidaturas - AliadosPuebla","og_description":"Al participar en la sesi\u00f3n de Comisi\u00f3n Permanente Nacional, la dirigente estatal del PAN, Genoveva Huerta, celebr\u00f3 que el Comit\u00e9 Ejecutivo Nacional impulse la paridad de g\u00e9nero y contemple el postular siete mujeres como candidatas a gobernadoras. Huerta Villegas indic\u00f3 que ello representa un hecho hist\u00f3rico para el partido y se demuestra que en Acci\u00f3n Nacional est\u00e1 comprometido con el crecimiento y desarrollo pol\u00edtico de las mujeres. Anunci\u00f3 que desde Puebla se apoyar\u00e1 la Reforma que presentar\u00e1 el partido para que se norme constitucionalmente la paridad en todos los puestos de elecci\u00f3n popular, pues hoy en d\u00eda se requiere certidumbre para garantizar la igualdad y paridad de g\u00e9nero en todo el pa\u00eds. Finalmente, la dirigente estatal reiter\u00f3 que el PAN Puebla cuenta con mujeres electoralmente&hellip;Leer m\u00e1s...","og_url":"https:\/\/www.aliadospuebla.com\/?p=48247","og_site_name":"AliadosPuebla","article_author":"https:\/\/www.facebook.com\/Aliados17Pue","article_published_time":"2020-11-10T15:42:32+00:00","og_image":[{"width":600,"height":450,"url":"https:\/\/www.aliadospuebla.com\/web2017\/wp-content\/uploads\/2020\/11\/004-PAN-igualdad.jpg","type":"image\/jpeg"}],"author":"Aliados17","twitter_card":"summary_large_image","twitter_creator":"@AliadosPuebla","twitter_misc":{"Escrito por":"Aliados17","Tiempo de lectura":"1 minuto"},"schema":{"@context":"https:\/\/schema.org","@graph":[{"@type":"Article","@id":"https:\/\/www.aliadospuebla.com\/?p=48247#article","isPartOf":{"@id":"https:\/\/www.aliadospuebla.com\/?p=48247"},"author":{"name":"Aliados17","@id":"https:\/\/www.aliadospuebla.com\/#\/schema\/person\/5da7dd09320bd4f392b710017ed5f8ad"},"headline":"Celebra Huerta Villegas impulso del CEN del PAN a paridad en candidaturas","datePublished":"2020-11-10T15:42:32+00:00","mainEntityOfPage":{"@id":"https:\/\/www.aliadospuebla.com\/?p=48247"},"wordCount":163,"commentCount":0,"image":{"@id":"https:\/\/www.aliadospuebla.com\/?p=48247#primaryimage"},"thumbnailUrl":"https:\/\/www.aliadospuebla.com\/web2017\/wp-content\/uploads\/2020\/11\/004-PAN-igualdad.jpg","keywords":["CANDIDATURAS","CEN PAN","Genoveva Huerta Villegas","IGUALDAD","MUJERES","PAN PUEBLA","paridad"],"articleSection":["Pol\u00edtica"],"inLanguage":"es","potentialAction":[{"@type":"CommentAction","name":"Comment","target":["https:\/\/www.aliadospuebla.com\/?p=48247#respond"]}]},{"@type":"WebPage","@id":"https:\/\/www.aliadospuebla.com\/?p=48247","url":"https:\/\/www.aliadospuebla.com\/?p=48247","name":"Celebra Huerta Villegas impulso del CEN del PAN a paridad en candidaturas - AliadosPuebla","isPartOf":{"@id":"https:\/\/www.aliadospuebla.com\/#website"},"primaryImageOfPage":{"@id":"https:\/\/www.aliadospuebla.com\/?p=48247#primaryimage"},"image":{"@id":"https:\/\/www.aliadospuebla.com\/?p=48247#primaryimage"},"thumbnailUrl":"https:\/\/www.aliadospuebla.com\/web2017\/wp-content\/uploads\/2020\/11\/004-PAN-igualdad.jpg","datePublished":"2020-11-10T15:42:32+00:00","author":{"@id":"https:\/\/www.aliadospuebla.com\/#\/schema\/person\/5da7dd09320bd4f392b710017ed5f8ad"},"breadcrumb":{"@id":"https:\/\/www.aliadospuebla.com\/?p=48247#breadcrumb"},"inLanguage":"es","potentialAction":[{"@type":"ReadAction","target":["https:\/\/www.aliadospuebla.com\/?p=48247"]}]},{"@type":"ImageObject","inLanguage":"es","@id":"https:\/\/www.aliadospuebla.com\/?p=48247#primaryimage","url":"https:\/\/www.aliadospuebla.com\/web2017\/wp-content\/uploads\/2020\/11\/004-PAN-igualdad.jpg","contentUrl":"https:\/\/www.aliadospuebla.com\/web2017\/wp-content\/uploads\/2020\/11\/004-PAN-igualdad.jpg","width":600,"height":450},{"@type":"BreadcrumbList","@id":"https:\/\/www.aliadospuebla.com\/?p=48247#breadcrumb","itemListElement":[{"@type":"ListItem","position":1,"name":"Portada","item":"https:\/\/www.aliadospuebla.com\/"},{"@type":"ListItem","position":2,"name":"Celebra Huerta Villegas impulso del CEN del PAN a paridad en candidaturas"}]},{"@type":"WebSite","@id":"https:\/\/www.aliadospuebla.com\/#website","url":"https:\/\/www.aliadospuebla.com\/","name":"AliadosPuebla","description":"La informaci\u00f3n en tus manos","potentialAction":[{"@type":"SearchAction","target":{"@type":"EntryPoint","urlTemplate":"https:\/\/www.aliadospuebla.com\/?s={search_term_string}"},"query-input":{"@type":"PropertyValueSpecification","valueRequired":true,"valueName":"search_term_string"}}],"inLanguage":"es"},{"@type":"Person","@id":"https:\/\/www.aliadospuebla.com\/#\/schema\/person\/5da7dd09320bd4f392b710017ed5f8ad","name":"Aliados17","image":{"@type":"ImageObject","inLanguage":"es","@id":"https:\/\/www.aliadospuebla.com\/web2017\/wp-content\/uploads\/2025\/03\/cropped-para-perfil-8-anos-1-96x96.jpg","url":"https:\/\/www.aliadospuebla.com\/web2017\/wp-content\/uploads\/2025\/03\/cropped-para-perfil-8-anos-1-96x96.jpg","contentUrl":"https:\/\/www.aliadospuebla.com\/web2017\/wp-content\/uploads\/2025\/03\/cropped-para-perfil-8-anos-1-96x96.jpg","caption":"Aliados17"},"sameAs":["https:\/\/www.aliados17.com","https:\/\/www.facebook.com\/Aliados17Pue","https:\/\/x.com\/AliadosPuebla"],"url":"https:\/\/www.aliadospuebla.com\/?author=2"}]}},"views":13,"_links":{"self":[{"href":"https:\/\/www.aliadospuebla.com\/index.php?rest_route=\/wp\/v2\/posts\/48247","targetHints":{"allow":["GET"]}}],"collection":[{"href":"https:\/\/www.aliadospuebla.com\/index.php?rest_route=\/wp\/v2\/posts"}],"about":[{"href":"https:\/\/www.aliadospuebla.com\/index.php?rest_route=\/wp\/v2\/types\/post"}],"author":[{"embeddable":true,"href":"https:\/\/www.aliadospuebla.com\/index.php?rest_route=\/wp\/v2\/users\/2"}],"replies":[{"embeddable":true,"href":"https:\/\/www.aliadospuebla.com\/index.php?rest_route=%2Fwp%2Fv2%2Fcomments&post=48247"}],"version-history":[{"count":1,"href":"https:\/\/www.aliadospuebla.com\/index.php?rest_route=\/wp\/v2\/posts\/48247\/revisions"}],"predecessor-version":[{"id":48249,"href":"https:\/\/www.aliadospuebla.com\/index.php?rest_route=\/wp\/v2\/posts\/48247\/revisions\/48249"}],"wp:featuredmedia":[{"embeddable":true,"href":"https:\/\/www.aliadospuebla.com\/index.php?rest_route=\/wp\/v2\/media\/48248"}],"wp:attachment":[{"href":"https:\/\/www.aliadospuebla.com\/index.php?rest_route=%2Fwp%2Fv2%2Fmedia&parent=48247"}],"wp:term":[{"taxonomy":"category","embeddable":true,"href":"https:\/\/www.aliadospuebla.com\/index.php?rest_route=%2Fwp%2Fv2%2Fcategories&post=48247"},{"taxonomy":"post_tag","embeddable":true,"href":"https:\/\/www.aliadospuebla.com\/index.php?rest_route=%2Fwp%2Fv2%2Ftags&post=48247"}],"curies":[{"name":"wp","href":"https:\/\/api.w.org\/{rel}","templated":true}]}}