{"id":48213,"date":"2020-11-09T14:16:56","date_gmt":"2020-11-09T20:16:56","guid":{"rendered":"http:\/\/www.aliados17.com\/?p=48213"},"modified":"2020-11-09T14:19:14","modified_gmt":"2020-11-09T20:19:14","slug":"busca-secretaria-de-la-sociedad-civil-del-pri-empoderar-a-jovenes-en-municipios","status":"publish","type":"post","link":"https:\/\/www.aliadospuebla.com\/?p=48213","title":{"rendered":"BUSCA SECRETAR\u00cdA DE LA SOCIEDAD CIVIL DEL PRI EMPODERAR A J\u00d3VENES EN MUNICIPIOS"},"content":{"rendered":"<p>La subsecretaria de Vinculaci\u00f3n con la Sociedad Civil del PRI Puebla, Erika Lima Rojas, encabez\u00f3 una serie de conferencias en la que participaron asociaciones civiles y liderazgos juveniles municipales de las dos Cholula, Puebla, Coronango y Cuautlancingo, con la finalidad de involucrar a los j\u00f3venes en la participaci\u00f3n activa.<\/p>\n<p>Los temas que se trataron fueron: participaci\u00f3n juvenil en la pol\u00edtica, acceso a cargos de elecci\u00f3n popular, el papel del periodismo en las elecciones, t\u00e9cnicas para mejorar la autoestima, prevenci\u00f3n de la drogadicci\u00f3n, entre otros.<\/p>\n<p>La representante del PRI destac\u00f3 la importancia de la participaci\u00f3n de los j\u00f3venes, no s\u00f3lo para exigir a las autoridades sino para propiciar cambios a trav\u00e9s de la aplicaci\u00f3n de la pol\u00edtica de calidad en cada una de las comunidades.<\/p>\n<p>Coment\u00f3 que existen pol\u00edticos de pose pero que no est\u00e1n solucionando los problemas de las personas ni generando acciones para su beneficio; sin embargo, partidos como el PRI est\u00e1n preocupados por la condici\u00f3n actual de la sociedad en medio de una pandemia, por lo cual cre\u00f3 programas para que las personas puedan adquirir su canasta b\u00e1sica a mitad de precio.<\/p>\n<p>Adem\u00e1s, impartieron conferencias Enrique Dupuy, presidente de Proyecto Informativo; Jorge Oca\u00f1a, columnista y reportero de Contracr\u00edtica, y Maritza Mena, secretaria de Acci\u00f3n Pol\u00edtica de la Asociaci\u00f3n de Periodistas, Reporteros Gr\u00e1ficos y Comunicadores de Puebla (ASPEC AC).<\/p>\n<p>Asimismo, participaron el Instituto Municipal de J\u00f3venes L\u00edderes de Coronango, la Fundaci\u00f3n de Mujeres Unidas con su Esfuerzo y el Corporativo Boys XV. El evento fue convocado por Enrique Toxqui, representante de J\u00f3venes L\u00edderes.<\/p>\n","protected":false},"excerpt":{"rendered":"<p>La subsecretaria de Vinculaci\u00f3n con la Sociedad Civil del PRI Puebla, Erika Lima Rojas, encabez\u00f3 una serie de conferencias en la que participaron asociaciones civiles y liderazgos juveniles municipales de las dos Cholula, Puebla, Coronango y Cuautlancingo, con la finalidad de involucrar a los j\u00f3venes en la participaci\u00f3n activa. Los temas que se trataron fueron: participaci\u00f3n juvenil en la pol\u00edtica, acceso a cargos de elecci\u00f3n popular, el papel del periodismo en las elecciones, t\u00e9cnicas para mejorar la autoestima, prevenci\u00f3n de la drogadicci\u00f3n, entre otros. La representante del PRI destac\u00f3 la importancia de la participaci\u00f3n de los j\u00f3venes, no s\u00f3lo para exigir a las autoridades sino para propiciar cambios a trav\u00e9s de la aplicaci\u00f3n de la pol\u00edtica de calidad en cada una de las comunidades. Coment\u00f3&hellip;<\/p>\n<p class=\"excerpt-more\"><a class=\"blog-excerpt button\" href=\"https:\/\/www.aliadospuebla.com\/?p=48213\">Leer m\u00e1s&#8230;<\/a><\/p>\n","protected":false},"author":3,"featured_media":48214,"comment_status":"open","ping_status":"open","sticky":false,"template":"","format":"standard","meta":{"_monsterinsights_skip_tracking":false,"footnotes":""},"categories":[6],"tags":[7256,253,8367,77,72,3002],"class_list":["post-48213","post","type-post","status-publish","format-standard","has-post-thumbnail","hentry","category-politica","tag-antonio-teutli","tag-coronango","tag-marco-mena","tag-municipios","tag-puebla","tag-regidores"],"yoast_head":"<!-- This site is optimized with the Yoast SEO plugin v28.3 - https:\/\/yoast.com\/product\/yoast-seo-wordpress\/ -->\n<title>BUSCA SECRETAR\u00cdA DE LA SOCIEDAD CIVIL DEL PRI EMPODERAR A J\u00d3VENES EN MUNICIPIOS - AliadosPuebla<\/title>\n<meta name=\"robots\" content=\"index, follow, max-snippet:-1, max-image-preview:large, max-video-preview:-1\" \/>\n<link rel=\"canonical\" href=\"https:\/\/www.aliadospuebla.com\/?p=48213\" \/>\n<meta property=\"og:locale\" content=\"es_ES\" \/>\n<meta property=\"og:type\" content=\"article\" \/>\n<meta property=\"og:title\" content=\"BUSCA SECRETAR\u00cdA DE LA SOCIEDAD CIVIL DEL PRI EMPODERAR A J\u00d3VENES EN MUNICIPIOS - AliadosPuebla\" \/>\n<meta property=\"og:description\" content=\"La subsecretaria de Vinculaci\u00f3n con la Sociedad Civil del PRI Puebla, Erika Lima Rojas, encabez\u00f3 una serie de conferencias en la que participaron asociaciones civiles y liderazgos juveniles municipales de las dos Cholula, Puebla, Coronango y Cuautlancingo, con la finalidad de involucrar a los j\u00f3venes en la participaci\u00f3n activa. Los temas que se trataron fueron: participaci\u00f3n juvenil en la pol\u00edtica, acceso a cargos de elecci\u00f3n popular, el papel del periodismo en las elecciones, t\u00e9cnicas para mejorar la autoestima, prevenci\u00f3n de la drogadicci\u00f3n, entre otros. La representante del PRI destac\u00f3 la importancia de la participaci\u00f3n de los j\u00f3venes, no s\u00f3lo para exigir a las autoridades sino para propiciar cambios a trav\u00e9s de la aplicaci\u00f3n de la pol\u00edtica de calidad en cada una de las comunidades. Coment\u00f3&hellip;Leer m\u00e1s...\" \/>\n<meta property=\"og:url\" content=\"https:\/\/www.aliadospuebla.com\/?p=48213\" \/>\n<meta property=\"og:site_name\" content=\"AliadosPuebla\" \/>\n<meta property=\"article:published_time\" content=\"2020-11-09T20:16:56+00:00\" \/>\n<meta property=\"article:modified_time\" content=\"2020-11-09T20:19:14+00:00\" \/>\n<meta property=\"og:image\" content=\"https:\/\/www.aliadospuebla.com\/web2017\/wp-content\/uploads\/2020\/11\/CORO-1.jpg\" \/>\n\t<meta property=\"og:image:width\" content=\"600\" \/>\n\t<meta property=\"og:image:height\" content=\"450\" \/>\n\t<meta property=\"og:image:type\" content=\"image\/jpeg\" \/>\n<meta name=\"author\" content=\"Aliados Videos\" \/>\n<meta name=\"twitter:card\" content=\"summary_large_image\" \/>\n<meta name=\"twitter:label1\" content=\"Escrito por\" \/>\n\t<meta name=\"twitter:data1\" content=\"Aliados Videos\" \/>\n\t<meta name=\"twitter:label2\" content=\"Tiempo de lectura\" \/>\n\t<meta name=\"twitter:data2\" content=\"1 minuto\" \/>\n<script type=\"application\/ld+json\" class=\"yoast-schema-graph\">{\"@context\":\"https:\\\/\\\/schema.org\",\"@graph\":[{\"@type\":\"Article\",\"@id\":\"https:\\\/\\\/www.aliadospuebla.com\\\/?p=48213#article\",\"isPartOf\":{\"@id\":\"https:\\\/\\\/www.aliadospuebla.com\\\/?p=48213\"},\"author\":{\"name\":\"Aliados Videos\",\"@id\":\"https:\\\/\\\/www.aliadospuebla.com\\\/#\\\/schema\\\/person\\\/0fd017f23cc5c3f7988d5d58850eec8e\"},\"headline\":\"BUSCA SECRETAR\u00cdA DE LA SOCIEDAD CIVIL DEL PRI EMPODERAR A J\u00d3VENES EN MUNICIPIOS\",\"datePublished\":\"2020-11-09T20:16:56+00:00\",\"dateModified\":\"2020-11-09T20:19:14+00:00\",\"mainEntityOfPage\":{\"@id\":\"https:\\\/\\\/www.aliadospuebla.com\\\/?p=48213\"},\"wordCount\":301,\"commentCount\":0,\"image\":{\"@id\":\"https:\\\/\\\/www.aliadospuebla.com\\\/?p=48213#primaryimage\"},\"thumbnailUrl\":\"https:\\\/\\\/www.aliadospuebla.com\\\/web2017\\\/wp-content\\\/uploads\\\/2020\\\/11\\\/CORO-1.jpg\",\"keywords\":[\"ANTONIO TEUTLI\",\"Coronango\",\"MARCO MENA\",\"Municipios\",\"Puebla\",\"REGIDORES\"],\"articleSection\":[\"Pol\u00edtica\"],\"inLanguage\":\"es\",\"potentialAction\":[{\"@type\":\"CommentAction\",\"name\":\"Comment\",\"target\":[\"https:\\\/\\\/www.aliadospuebla.com\\\/?p=48213#respond\"]}]},{\"@type\":\"WebPage\",\"@id\":\"https:\\\/\\\/www.aliadospuebla.com\\\/?p=48213\",\"url\":\"https:\\\/\\\/www.aliadospuebla.com\\\/?p=48213\",\"name\":\"BUSCA SECRETAR\u00cdA DE LA SOCIEDAD CIVIL DEL PRI EMPODERAR A J\u00d3VENES EN MUNICIPIOS - AliadosPuebla\",\"isPartOf\":{\"@id\":\"https:\\\/\\\/www.aliadospuebla.com\\\/#website\"},\"primaryImageOfPage\":{\"@id\":\"https:\\\/\\\/www.aliadospuebla.com\\\/?p=48213#primaryimage\"},\"image\":{\"@id\":\"https:\\\/\\\/www.aliadospuebla.com\\\/?p=48213#primaryimage\"},\"thumbnailUrl\":\"https:\\\/\\\/www.aliadospuebla.com\\\/web2017\\\/wp-content\\\/uploads\\\/2020\\\/11\\\/CORO-1.jpg\",\"datePublished\":\"2020-11-09T20:16:56+00:00\",\"dateModified\":\"2020-11-09T20:19:14+00:00\",\"author\":{\"@id\":\"https:\\\/\\\/www.aliadospuebla.com\\\/#\\\/schema\\\/person\\\/0fd017f23cc5c3f7988d5d58850eec8e\"},\"breadcrumb\":{\"@id\":\"https:\\\/\\\/www.aliadospuebla.com\\\/?p=48213#breadcrumb\"},\"inLanguage\":\"es\",\"potentialAction\":[{\"@type\":\"ReadAction\",\"target\":[\"https:\\\/\\\/www.aliadospuebla.com\\\/?p=48213\"]}]},{\"@type\":\"ImageObject\",\"inLanguage\":\"es\",\"@id\":\"https:\\\/\\\/www.aliadospuebla.com\\\/?p=48213#primaryimage\",\"url\":\"https:\\\/\\\/www.aliadospuebla.com\\\/web2017\\\/wp-content\\\/uploads\\\/2020\\\/11\\\/CORO-1.jpg\",\"contentUrl\":\"https:\\\/\\\/www.aliadospuebla.com\\\/web2017\\\/wp-content\\\/uploads\\\/2020\\\/11\\\/CORO-1.jpg\",\"width\":600,\"height\":450},{\"@type\":\"BreadcrumbList\",\"@id\":\"https:\\\/\\\/www.aliadospuebla.com\\\/?p=48213#breadcrumb\",\"itemListElement\":[{\"@type\":\"ListItem\",\"position\":1,\"name\":\"Portada\",\"item\":\"https:\\\/\\\/www.aliadospuebla.com\\\/\"},{\"@type\":\"ListItem\",\"position\":2,\"name\":\"BUSCA SECRETAR\u00cdA DE LA SOCIEDAD CIVIL DEL PRI EMPODERAR A J\u00d3VENES EN MUNICIPIOS\"}]},{\"@type\":\"WebSite\",\"@id\":\"https:\\\/\\\/www.aliadospuebla.com\\\/#website\",\"url\":\"https:\\\/\\\/www.aliadospuebla.com\\\/\",\"name\":\"AliadosPuebla\",\"description\":\"La informaci\u00f3n en tus manos\",\"potentialAction\":[{\"@type\":\"SearchAction\",\"target\":{\"@type\":\"EntryPoint\",\"urlTemplate\":\"https:\\\/\\\/www.aliadospuebla.com\\\/?s={search_term_string}\"},\"query-input\":{\"@type\":\"PropertyValueSpecification\",\"valueRequired\":true,\"valueName\":\"search_term_string\"}}],\"inLanguage\":\"es\"},{\"@type\":\"Person\",\"@id\":\"https:\\\/\\\/www.aliadospuebla.com\\\/#\\\/schema\\\/person\\\/0fd017f23cc5c3f7988d5d58850eec8e\",\"name\":\"Aliados Videos\",\"image\":{\"@type\":\"ImageObject\",\"inLanguage\":\"es\",\"@id\":\"https:\\\/\\\/secure.gravatar.com\\\/avatar\\\/42b92de8b2d8339e1e824f3a73ab023a0bec0ee2e3920248085eb1f3160b4083?s=96&d=mm&r=g\",\"url\":\"https:\\\/\\\/secure.gravatar.com\\\/avatar\\\/42b92de8b2d8339e1e824f3a73ab023a0bec0ee2e3920248085eb1f3160b4083?s=96&d=mm&r=g\",\"contentUrl\":\"https:\\\/\\\/secure.gravatar.com\\\/avatar\\\/42b92de8b2d8339e1e824f3a73ab023a0bec0ee2e3920248085eb1f3160b4083?s=96&d=mm&r=g\",\"caption\":\"Aliados Videos\"},\"url\":\"https:\\\/\\\/www.aliadospuebla.com\\\/?author=3\"}]}<\/script>\n<!-- \/ Yoast SEO plugin. -->","yoast_head_json":{"title":"BUSCA SECRETAR\u00cdA DE LA SOCIEDAD CIVIL DEL PRI EMPODERAR A J\u00d3VENES EN MUNICIPIOS - AliadosPuebla","robots":{"index":"index","follow":"follow","max-snippet":"max-snippet:-1","max-image-preview":"max-image-preview:large","max-video-preview":"max-video-preview:-1"},"canonical":"https:\/\/www.aliadospuebla.com\/?p=48213","og_locale":"es_ES","og_type":"article","og_title":"BUSCA SECRETAR\u00cdA DE LA SOCIEDAD CIVIL DEL PRI EMPODERAR A J\u00d3VENES EN MUNICIPIOS - AliadosPuebla","og_description":"La subsecretaria de Vinculaci\u00f3n con la Sociedad Civil del PRI Puebla, Erika Lima Rojas, encabez\u00f3 una serie de conferencias en la que participaron asociaciones civiles y liderazgos juveniles municipales de las dos Cholula, Puebla, Coronango y Cuautlancingo, con la finalidad de involucrar a los j\u00f3venes en la participaci\u00f3n activa. Los temas que se trataron fueron: participaci\u00f3n juvenil en la pol\u00edtica, acceso a cargos de elecci\u00f3n popular, el papel del periodismo en las elecciones, t\u00e9cnicas para mejorar la autoestima, prevenci\u00f3n de la drogadicci\u00f3n, entre otros. La representante del PRI destac\u00f3 la importancia de la participaci\u00f3n de los j\u00f3venes, no s\u00f3lo para exigir a las autoridades sino para propiciar cambios a trav\u00e9s de la aplicaci\u00f3n de la pol\u00edtica de calidad en cada una de las comunidades. Coment\u00f3&hellip;Leer m\u00e1s...","og_url":"https:\/\/www.aliadospuebla.com\/?p=48213","og_site_name":"AliadosPuebla","article_published_time":"2020-11-09T20:16:56+00:00","article_modified_time":"2020-11-09T20:19:14+00:00","og_image":[{"width":600,"height":450,"url":"https:\/\/www.aliadospuebla.com\/web2017\/wp-content\/uploads\/2020\/11\/CORO-1.jpg","type":"image\/jpeg"}],"author":"Aliados Videos","twitter_card":"summary_large_image","twitter_misc":{"Escrito por":"Aliados Videos","Tiempo de lectura":"1 minuto"},"schema":{"@context":"https:\/\/schema.org","@graph":[{"@type":"Article","@id":"https:\/\/www.aliadospuebla.com\/?p=48213#article","isPartOf":{"@id":"https:\/\/www.aliadospuebla.com\/?p=48213"},"author":{"name":"Aliados Videos","@id":"https:\/\/www.aliadospuebla.com\/#\/schema\/person\/0fd017f23cc5c3f7988d5d58850eec8e"},"headline":"BUSCA SECRETAR\u00cdA DE LA SOCIEDAD CIVIL DEL PRI EMPODERAR A J\u00d3VENES EN MUNICIPIOS","datePublished":"2020-11-09T20:16:56+00:00","dateModified":"2020-11-09T20:19:14+00:00","mainEntityOfPage":{"@id":"https:\/\/www.aliadospuebla.com\/?p=48213"},"wordCount":301,"commentCount":0,"image":{"@id":"https:\/\/www.aliadospuebla.com\/?p=48213#primaryimage"},"thumbnailUrl":"https:\/\/www.aliadospuebla.com\/web2017\/wp-content\/uploads\/2020\/11\/CORO-1.jpg","keywords":["ANTONIO TEUTLI","Coronango","MARCO MENA","Municipios","Puebla","REGIDORES"],"articleSection":["Pol\u00edtica"],"inLanguage":"es","potentialAction":[{"@type":"CommentAction","name":"Comment","target":["https:\/\/www.aliadospuebla.com\/?p=48213#respond"]}]},{"@type":"WebPage","@id":"https:\/\/www.aliadospuebla.com\/?p=48213","url":"https:\/\/www.aliadospuebla.com\/?p=48213","name":"BUSCA SECRETAR\u00cdA DE LA SOCIEDAD CIVIL DEL PRI EMPODERAR A J\u00d3VENES EN MUNICIPIOS - AliadosPuebla","isPartOf":{"@id":"https:\/\/www.aliadospuebla.com\/#website"},"primaryImageOfPage":{"@id":"https:\/\/www.aliadospuebla.com\/?p=48213#primaryimage"},"image":{"@id":"https:\/\/www.aliadospuebla.com\/?p=48213#primaryimage"},"thumbnailUrl":"https:\/\/www.aliadospuebla.com\/web2017\/wp-content\/uploads\/2020\/11\/CORO-1.jpg","datePublished":"2020-11-09T20:16:56+00:00","dateModified":"2020-11-09T20:19:14+00:00","author":{"@id":"https:\/\/www.aliadospuebla.com\/#\/schema\/person\/0fd017f23cc5c3f7988d5d58850eec8e"},"breadcrumb":{"@id":"https:\/\/www.aliadospuebla.com\/?p=48213#breadcrumb"},"inLanguage":"es","potentialAction":[{"@type":"ReadAction","target":["https:\/\/www.aliadospuebla.com\/?p=48213"]}]},{"@type":"ImageObject","inLanguage":"es","@id":"https:\/\/www.aliadospuebla.com\/?p=48213#primaryimage","url":"https:\/\/www.aliadospuebla.com\/web2017\/wp-content\/uploads\/2020\/11\/CORO-1.jpg","contentUrl":"https:\/\/www.aliadospuebla.com\/web2017\/wp-content\/uploads\/2020\/11\/CORO-1.jpg","width":600,"height":450},{"@type":"BreadcrumbList","@id":"https:\/\/www.aliadospuebla.com\/?p=48213#breadcrumb","itemListElement":[{"@type":"ListItem","position":1,"name":"Portada","item":"https:\/\/www.aliadospuebla.com\/"},{"@type":"ListItem","position":2,"name":"BUSCA SECRETAR\u00cdA DE LA SOCIEDAD CIVIL DEL PRI EMPODERAR A J\u00d3VENES EN MUNICIPIOS"}]},{"@type":"WebSite","@id":"https:\/\/www.aliadospuebla.com\/#website","url":"https:\/\/www.aliadospuebla.com\/","name":"AliadosPuebla","description":"La informaci\u00f3n en tus manos","potentialAction":[{"@type":"SearchAction","target":{"@type":"EntryPoint","urlTemplate":"https:\/\/www.aliadospuebla.com\/?s={search_term_string}"},"query-input":{"@type":"PropertyValueSpecification","valueRequired":true,"valueName":"search_term_string"}}],"inLanguage":"es"},{"@type":"Person","@id":"https:\/\/www.aliadospuebla.com\/#\/schema\/person\/0fd017f23cc5c3f7988d5d58850eec8e","name":"Aliados Videos","image":{"@type":"ImageObject","inLanguage":"es","@id":"https:\/\/secure.gravatar.com\/avatar\/42b92de8b2d8339e1e824f3a73ab023a0bec0ee2e3920248085eb1f3160b4083?s=96&d=mm&r=g","url":"https:\/\/secure.gravatar.com\/avatar\/42b92de8b2d8339e1e824f3a73ab023a0bec0ee2e3920248085eb1f3160b4083?s=96&d=mm&r=g","contentUrl":"https:\/\/secure.gravatar.com\/avatar\/42b92de8b2d8339e1e824f3a73ab023a0bec0ee2e3920248085eb1f3160b4083?s=96&d=mm&r=g","caption":"Aliados Videos"},"url":"https:\/\/www.aliadospuebla.com\/?author=3"}]}},"views":72,"_links":{"self":[{"href":"https:\/\/www.aliadospuebla.com\/index.php?rest_route=\/wp\/v2\/posts\/48213","targetHints":{"allow":["GET"]}}],"collection":[{"href":"https:\/\/www.aliadospuebla.com\/index.php?rest_route=\/wp\/v2\/posts"}],"about":[{"href":"https:\/\/www.aliadospuebla.com\/index.php?rest_route=\/wp\/v2\/types\/post"}],"author":[{"embeddable":true,"href":"https:\/\/www.aliadospuebla.com\/index.php?rest_route=\/wp\/v2\/users\/3"}],"replies":[{"embeddable":true,"href":"https:\/\/www.aliadospuebla.com\/index.php?rest_route=%2Fwp%2Fv2%2Fcomments&post=48213"}],"version-history":[{"count":1,"href":"https:\/\/www.aliadospuebla.com\/index.php?rest_route=\/wp\/v2\/posts\/48213\/revisions"}],"predecessor-version":[{"id":48215,"href":"https:\/\/www.aliadospuebla.com\/index.php?rest_route=\/wp\/v2\/posts\/48213\/revisions\/48215"}],"wp:featuredmedia":[{"embeddable":true,"href":"https:\/\/www.aliadospuebla.com\/index.php?rest_route=\/wp\/v2\/media\/48214"}],"wp:attachment":[{"href":"https:\/\/www.aliadospuebla.com\/index.php?rest_route=%2Fwp%2Fv2%2Fmedia&parent=48213"}],"wp:term":[{"taxonomy":"category","embeddable":true,"href":"https:\/\/www.aliadospuebla.com\/index.php?rest_route=%2Fwp%2Fv2%2Fcategories&post=48213"},{"taxonomy":"post_tag","embeddable":true,"href":"https:\/\/www.aliadospuebla.com\/index.php?rest_route=%2Fwp%2Fv2%2Ftags&post=48213"}],"curies":[{"name":"wp","href":"https:\/\/api.w.org\/{rel}","templated":true}]}}