{"id":48116,"date":"2020-11-06T10:31:13","date_gmt":"2020-11-06T16:31:13","guid":{"rendered":"http:\/\/www.aliados17.com\/?p=48116"},"modified":"2020-11-06T10:31:13","modified_gmt":"2020-11-06T16:31:13","slug":"gobierno-de-texmelucan-implementara-operativo-de-prevencion-durante-el-buen-fin","status":"publish","type":"post","link":"https:\/\/www.aliadospuebla.com\/?p=48116","title":{"rendered":"GOBIERNO DE TEXMELUCAN IMPLEMENTAR\u00c1 OPERATIVO DE PREVENCI\u00d3N DURANTE \u201cEL BUEN FIN\u201d"},"content":{"rendered":"<p>El Gobierno de San Mart\u00edn Texmelucan informa que durante \u201cEl Buen Fin\u201d implementar\u00e1 un Operativo de Prevenci\u00f3n en el comercio para verificar el cumplimiento de los protocolos de higiene, evitando as\u00ed cualquier posible rebrote de COVID-19 en el municipio.<\/p>\n<p>A trav\u00e9s de un trabajo coordinado entre las direcciones de Desarrollo Econ\u00f3mico, Industria y Comercio, Salubridad y Protecci\u00f3n Civil Municipal, se har\u00e1n recorridos en los establecimientos para evitar que se den aglomeraciones de personas y cumplan con la toma de temperatura, aplicaci\u00f3n de gel antibacterial, sana distancia y la capacidad permitida.<\/p>\n<p>\u201cHay que estar muy conscientes que El Buen Fin eleva el consumo en las personas y, en consecuencia, acudir\u00e1n de manera presencial a los negocios a realizar sus compras, por ello estaremos atentos y haciendo recorridos de supervisi\u00f3n entre varias direcciones del gobierno\u201d, dijo el director general de Desarrollo Econ\u00f3mico, Industria y Comercio, Jaime Aurioles Barroeta.<\/p>\n<p>As\u00ed mismo, para fortalecer la econom\u00eda de nuestro municipio, el director invit\u00f3 a las y los ciudadanos a realizar sus compras en establecimientos locales para beneficio de los texmeluquenses, sobre todo de manera virtual, para no tener que salir de casa y cuidar de su salud.<\/p>\n<p>En esta ocasi\u00f3n \u201cEl Buen Fin\u201d tendr\u00e1 una mayor duraci\u00f3n, del 9 al 20 de noviembre, con el objetivo de prevenir aglomeraciones y que la gente tenga m\u00e1s tiempo para realizar alguna compra.<\/p>\n<p>El Gobierno de Texmelucan, encabezado por la presidenta Norma Lay\u00f3n, refrenda su compromiso con la salud y la econom\u00eda del municipio, sin entrar en confrontaci\u00f3n social y exhortando a todos a no bajar la guardia ante el COVID-19.<\/p>\n","protected":false},"excerpt":{"rendered":"<p>El Gobierno de San Mart\u00edn Texmelucan informa que durante \u201cEl Buen Fin\u201d implementar\u00e1 un Operativo de Prevenci\u00f3n en el comercio para verificar el cumplimiento de los protocolos de higiene, evitando as\u00ed cualquier posible rebrote de COVID-19 en el municipio. A trav\u00e9s de un trabajo coordinado entre las direcciones de Desarrollo Econ\u00f3mico, Industria y Comercio, Salubridad y Protecci\u00f3n Civil Municipal, se har\u00e1n recorridos en los establecimientos para evitar que se den aglomeraciones de personas y cumplan con la toma de temperatura, aplicaci\u00f3n de gel antibacterial, sana distancia y la capacidad permitida. \u201cHay que estar muy conscientes que El Buen Fin eleva el consumo en las personas y, en consecuencia, acudir\u00e1n de manera presencial a los negocios a realizar sus compras, por ello estaremos atentos y haciendo&hellip;<\/p>\n<p class=\"excerpt-more\"><a class=\"blog-excerpt button\" href=\"https:\/\/www.aliadospuebla.com\/?p=48116\">Leer m\u00e1s&#8230;<\/a><\/p>\n","protected":false},"author":2,"featured_media":48117,"comment_status":"open","ping_status":"open","sticky":false,"template":"","format":"standard","meta":{"_monsterinsights_skip_tracking":false,"footnotes":""},"categories":[4],"tags":[2786,11914,11738,14787,12533,19,29,710],"class_list":["post-48116","post","type-post","status-publish","format-standard","has-post-thumbnail","hentry","category-municipios","tag-buen-fin","tag-contagios","tag-covid-19","tag-desarrollo-ecnomico","tag-medidas-de-sanidad","tag-operativo","tag-prevencion","tag-san-martin-texmelucan"],"yoast_head":"<!-- This site is optimized with the Yoast SEO plugin v28.4 - https:\/\/yoast.com\/product\/yoast-seo-wordpress\/ -->\n<title>GOBIERNO DE TEXMELUCAN IMPLEMENTAR\u00c1 OPERATIVO DE PREVENCI\u00d3N DURANTE \u201cEL BUEN FIN\u201d - AliadosPuebla<\/title>\n<meta name=\"robots\" content=\"index, follow, max-snippet:-1, max-image-preview:large, max-video-preview:-1\" \/>\n<link rel=\"canonical\" href=\"https:\/\/www.aliadospuebla.com\/?p=48116\" \/>\n<meta property=\"og:locale\" content=\"es_ES\" \/>\n<meta property=\"og:type\" content=\"article\" \/>\n<meta property=\"og:title\" content=\"GOBIERNO DE TEXMELUCAN IMPLEMENTAR\u00c1 OPERATIVO DE PREVENCI\u00d3N DURANTE \u201cEL BUEN FIN\u201d - AliadosPuebla\" \/>\n<meta property=\"og:description\" content=\"El Gobierno de San Mart\u00edn Texmelucan informa que durante \u201cEl Buen Fin\u201d implementar\u00e1 un Operativo de Prevenci\u00f3n en el comercio para verificar el cumplimiento de los protocolos de higiene, evitando as\u00ed cualquier posible rebrote de COVID-19 en el municipio. A trav\u00e9s de un trabajo coordinado entre las direcciones de Desarrollo Econ\u00f3mico, Industria y Comercio, Salubridad y Protecci\u00f3n Civil Municipal, se har\u00e1n recorridos en los establecimientos para evitar que se den aglomeraciones de personas y cumplan con la toma de temperatura, aplicaci\u00f3n de gel antibacterial, sana distancia y la capacidad permitida. \u201cHay que estar muy conscientes que El Buen Fin eleva el consumo en las personas y, en consecuencia, acudir\u00e1n de manera presencial a los negocios a realizar sus compras, por ello estaremos atentos y haciendo&hellip;Leer m\u00e1s...\" \/>\n<meta property=\"og:url\" content=\"https:\/\/www.aliadospuebla.com\/?p=48116\" \/>\n<meta property=\"og:site_name\" content=\"AliadosPuebla\" \/>\n<meta property=\"article:author\" content=\"https:\/\/www.facebook.com\/Aliados17Pue\" \/>\n<meta property=\"article:published_time\" content=\"2020-11-06T16:31:13+00:00\" \/>\n<meta property=\"og:image\" content=\"https:\/\/www.aliadospuebla.com\/web2017\/wp-content\/uploads\/2020\/11\/396-buen-fin.jpg\" \/>\n\t<meta property=\"og:image:width\" content=\"600\" \/>\n\t<meta property=\"og:image:height\" content=\"450\" \/>\n\t<meta property=\"og:image:type\" content=\"image\/jpeg\" \/>\n<meta name=\"author\" content=\"Aliados17\" \/>\n<meta name=\"twitter:card\" content=\"summary_large_image\" \/>\n<meta name=\"twitter:creator\" content=\"@AliadosPuebla\" \/>\n<meta name=\"twitter:label1\" content=\"Escrito por\" \/>\n\t<meta name=\"twitter:data1\" content=\"Aliados17\" \/>\n\t<meta name=\"twitter:label2\" content=\"Tiempo de lectura\" \/>\n\t<meta name=\"twitter:data2\" content=\"1 minuto\" \/>\n<script type=\"application\/ld+json\" class=\"yoast-schema-graph\">{\"@context\":\"https:\\\/\\\/schema.org\",\"@graph\":[{\"@type\":\"Article\",\"@id\":\"https:\\\/\\\/www.aliadospuebla.com\\\/?p=48116#article\",\"isPartOf\":{\"@id\":\"https:\\\/\\\/www.aliadospuebla.com\\\/?p=48116\"},\"author\":{\"name\":\"Aliados17\",\"@id\":\"https:\\\/\\\/www.aliadospuebla.com\\\/#\\\/schema\\\/person\\\/5da7dd09320bd4f392b710017ed5f8ad\"},\"headline\":\"GOBIERNO DE TEXMELUCAN IMPLEMENTAR\u00c1 OPERATIVO DE PREVENCI\u00d3N DURANTE \u201cEL BUEN FIN\u201d\",\"datePublished\":\"2020-11-06T16:31:13+00:00\",\"mainEntityOfPage\":{\"@id\":\"https:\\\/\\\/www.aliadospuebla.com\\\/?p=48116\"},\"wordCount\":290,\"commentCount\":0,\"image\":{\"@id\":\"https:\\\/\\\/www.aliadospuebla.com\\\/?p=48116#primaryimage\"},\"thumbnailUrl\":\"https:\\\/\\\/www.aliadospuebla.com\\\/web2017\\\/wp-content\\\/uploads\\\/2020\\\/11\\\/396-buen-fin.jpg\",\"keywords\":[\"BUEN FIN\",\"contagios\",\"COVID-19\",\"Desarrollo ecn\u00f3mico\",\"medidas de sanidad\",\"Operativo\",\"Prevencion\",\"SAN MART\u00cdN TEXMELUCAN\"],\"articleSection\":[\"Municipios\"],\"inLanguage\":\"es\",\"potentialAction\":[{\"@type\":\"CommentAction\",\"name\":\"Comment\",\"target\":[\"https:\\\/\\\/www.aliadospuebla.com\\\/?p=48116#respond\"]}]},{\"@type\":\"WebPage\",\"@id\":\"https:\\\/\\\/www.aliadospuebla.com\\\/?p=48116\",\"url\":\"https:\\\/\\\/www.aliadospuebla.com\\\/?p=48116\",\"name\":\"GOBIERNO DE TEXMELUCAN IMPLEMENTAR\u00c1 OPERATIVO DE PREVENCI\u00d3N DURANTE \u201cEL BUEN FIN\u201d - AliadosPuebla\",\"isPartOf\":{\"@id\":\"https:\\\/\\\/www.aliadospuebla.com\\\/#website\"},\"primaryImageOfPage\":{\"@id\":\"https:\\\/\\\/www.aliadospuebla.com\\\/?p=48116#primaryimage\"},\"image\":{\"@id\":\"https:\\\/\\\/www.aliadospuebla.com\\\/?p=48116#primaryimage\"},\"thumbnailUrl\":\"https:\\\/\\\/www.aliadospuebla.com\\\/web2017\\\/wp-content\\\/uploads\\\/2020\\\/11\\\/396-buen-fin.jpg\",\"datePublished\":\"2020-11-06T16:31:13+00:00\",\"author\":{\"@id\":\"https:\\\/\\\/www.aliadospuebla.com\\\/#\\\/schema\\\/person\\\/5da7dd09320bd4f392b710017ed5f8ad\"},\"breadcrumb\":{\"@id\":\"https:\\\/\\\/www.aliadospuebla.com\\\/?p=48116#breadcrumb\"},\"inLanguage\":\"es\",\"potentialAction\":[{\"@type\":\"ReadAction\",\"target\":[\"https:\\\/\\\/www.aliadospuebla.com\\\/?p=48116\"]}]},{\"@type\":\"ImageObject\",\"inLanguage\":\"es\",\"@id\":\"https:\\\/\\\/www.aliadospuebla.com\\\/?p=48116#primaryimage\",\"url\":\"https:\\\/\\\/www.aliadospuebla.com\\\/web2017\\\/wp-content\\\/uploads\\\/2020\\\/11\\\/396-buen-fin.jpg\",\"contentUrl\":\"https:\\\/\\\/www.aliadospuebla.com\\\/web2017\\\/wp-content\\\/uploads\\\/2020\\\/11\\\/396-buen-fin.jpg\",\"width\":600,\"height\":450},{\"@type\":\"BreadcrumbList\",\"@id\":\"https:\\\/\\\/www.aliadospuebla.com\\\/?p=48116#breadcrumb\",\"itemListElement\":[{\"@type\":\"ListItem\",\"position\":1,\"name\":\"Portada\",\"item\":\"https:\\\/\\\/www.aliadospuebla.com\\\/\"},{\"@type\":\"ListItem\",\"position\":2,\"name\":\"GOBIERNO DE TEXMELUCAN IMPLEMENTAR\u00c1 OPERATIVO DE PREVENCI\u00d3N DURANTE \u201cEL BUEN FIN\u201d\"}]},{\"@type\":\"WebSite\",\"@id\":\"https:\\\/\\\/www.aliadospuebla.com\\\/#website\",\"url\":\"https:\\\/\\\/www.aliadospuebla.com\\\/\",\"name\":\"AliadosPuebla\",\"description\":\"La informaci\u00f3n en tus manos\",\"potentialAction\":[{\"@type\":\"SearchAction\",\"target\":{\"@type\":\"EntryPoint\",\"urlTemplate\":\"https:\\\/\\\/www.aliadospuebla.com\\\/?s={search_term_string}\"},\"query-input\":{\"@type\":\"PropertyValueSpecification\",\"valueRequired\":true,\"valueName\":\"search_term_string\"}}],\"inLanguage\":\"es\"},{\"@type\":\"Person\",\"@id\":\"https:\\\/\\\/www.aliadospuebla.com\\\/#\\\/schema\\\/person\\\/5da7dd09320bd4f392b710017ed5f8ad\",\"name\":\"Aliados17\",\"image\":{\"@type\":\"ImageObject\",\"inLanguage\":\"es\",\"@id\":\"https:\\\/\\\/www.aliadospuebla.com\\\/web2017\\\/wp-content\\\/uploads\\\/2025\\\/03\\\/cropped-para-perfil-8-anos-1-96x96.jpg\",\"url\":\"https:\\\/\\\/www.aliadospuebla.com\\\/web2017\\\/wp-content\\\/uploads\\\/2025\\\/03\\\/cropped-para-perfil-8-anos-1-96x96.jpg\",\"contentUrl\":\"https:\\\/\\\/www.aliadospuebla.com\\\/web2017\\\/wp-content\\\/uploads\\\/2025\\\/03\\\/cropped-para-perfil-8-anos-1-96x96.jpg\",\"caption\":\"Aliados17\"},\"sameAs\":[\"https:\\\/\\\/www.aliados17.com\",\"https:\\\/\\\/www.facebook.com\\\/Aliados17Pue\",\"https:\\\/\\\/x.com\\\/AliadosPuebla\"],\"url\":\"https:\\\/\\\/www.aliadospuebla.com\\\/?author=2\"}]}<\/script>\n<!-- \/ Yoast SEO plugin. -->","yoast_head_json":{"title":"GOBIERNO DE TEXMELUCAN IMPLEMENTAR\u00c1 OPERATIVO DE PREVENCI\u00d3N DURANTE \u201cEL BUEN FIN\u201d - AliadosPuebla","robots":{"index":"index","follow":"follow","max-snippet":"max-snippet:-1","max-image-preview":"max-image-preview:large","max-video-preview":"max-video-preview:-1"},"canonical":"https:\/\/www.aliadospuebla.com\/?p=48116","og_locale":"es_ES","og_type":"article","og_title":"GOBIERNO DE TEXMELUCAN IMPLEMENTAR\u00c1 OPERATIVO DE PREVENCI\u00d3N DURANTE \u201cEL BUEN FIN\u201d - AliadosPuebla","og_description":"El Gobierno de San Mart\u00edn Texmelucan informa que durante \u201cEl Buen Fin\u201d implementar\u00e1 un Operativo de Prevenci\u00f3n en el comercio para verificar el cumplimiento de los protocolos de higiene, evitando as\u00ed cualquier posible rebrote de COVID-19 en el municipio. A trav\u00e9s de un trabajo coordinado entre las direcciones de Desarrollo Econ\u00f3mico, Industria y Comercio, Salubridad y Protecci\u00f3n Civil Municipal, se har\u00e1n recorridos en los establecimientos para evitar que se den aglomeraciones de personas y cumplan con la toma de temperatura, aplicaci\u00f3n de gel antibacterial, sana distancia y la capacidad permitida. \u201cHay que estar muy conscientes que El Buen Fin eleva el consumo en las personas y, en consecuencia, acudir\u00e1n de manera presencial a los negocios a realizar sus compras, por ello estaremos atentos y haciendo&hellip;Leer m\u00e1s...","og_url":"https:\/\/www.aliadospuebla.com\/?p=48116","og_site_name":"AliadosPuebla","article_author":"https:\/\/www.facebook.com\/Aliados17Pue","article_published_time":"2020-11-06T16:31:13+00:00","og_image":[{"width":600,"height":450,"url":"https:\/\/www.aliadospuebla.com\/web2017\/wp-content\/uploads\/2020\/11\/396-buen-fin.jpg","type":"image\/jpeg"}],"author":"Aliados17","twitter_card":"summary_large_image","twitter_creator":"@AliadosPuebla","twitter_misc":{"Escrito por":"Aliados17","Tiempo de lectura":"1 minuto"},"schema":{"@context":"https:\/\/schema.org","@graph":[{"@type":"Article","@id":"https:\/\/www.aliadospuebla.com\/?p=48116#article","isPartOf":{"@id":"https:\/\/www.aliadospuebla.com\/?p=48116"},"author":{"name":"Aliados17","@id":"https:\/\/www.aliadospuebla.com\/#\/schema\/person\/5da7dd09320bd4f392b710017ed5f8ad"},"headline":"GOBIERNO DE TEXMELUCAN IMPLEMENTAR\u00c1 OPERATIVO DE PREVENCI\u00d3N DURANTE \u201cEL BUEN FIN\u201d","datePublished":"2020-11-06T16:31:13+00:00","mainEntityOfPage":{"@id":"https:\/\/www.aliadospuebla.com\/?p=48116"},"wordCount":290,"commentCount":0,"image":{"@id":"https:\/\/www.aliadospuebla.com\/?p=48116#primaryimage"},"thumbnailUrl":"https:\/\/www.aliadospuebla.com\/web2017\/wp-content\/uploads\/2020\/11\/396-buen-fin.jpg","keywords":["BUEN FIN","contagios","COVID-19","Desarrollo ecn\u00f3mico","medidas de sanidad","Operativo","Prevencion","SAN MART\u00cdN TEXMELUCAN"],"articleSection":["Municipios"],"inLanguage":"es","potentialAction":[{"@type":"CommentAction","name":"Comment","target":["https:\/\/www.aliadospuebla.com\/?p=48116#respond"]}]},{"@type":"WebPage","@id":"https:\/\/www.aliadospuebla.com\/?p=48116","url":"https:\/\/www.aliadospuebla.com\/?p=48116","name":"GOBIERNO DE TEXMELUCAN IMPLEMENTAR\u00c1 OPERATIVO DE PREVENCI\u00d3N DURANTE \u201cEL BUEN FIN\u201d - AliadosPuebla","isPartOf":{"@id":"https:\/\/www.aliadospuebla.com\/#website"},"primaryImageOfPage":{"@id":"https:\/\/www.aliadospuebla.com\/?p=48116#primaryimage"},"image":{"@id":"https:\/\/www.aliadospuebla.com\/?p=48116#primaryimage"},"thumbnailUrl":"https:\/\/www.aliadospuebla.com\/web2017\/wp-content\/uploads\/2020\/11\/396-buen-fin.jpg","datePublished":"2020-11-06T16:31:13+00:00","author":{"@id":"https:\/\/www.aliadospuebla.com\/#\/schema\/person\/5da7dd09320bd4f392b710017ed5f8ad"},"breadcrumb":{"@id":"https:\/\/www.aliadospuebla.com\/?p=48116#breadcrumb"},"inLanguage":"es","potentialAction":[{"@type":"ReadAction","target":["https:\/\/www.aliadospuebla.com\/?p=48116"]}]},{"@type":"ImageObject","inLanguage":"es","@id":"https:\/\/www.aliadospuebla.com\/?p=48116#primaryimage","url":"https:\/\/www.aliadospuebla.com\/web2017\/wp-content\/uploads\/2020\/11\/396-buen-fin.jpg","contentUrl":"https:\/\/www.aliadospuebla.com\/web2017\/wp-content\/uploads\/2020\/11\/396-buen-fin.jpg","width":600,"height":450},{"@type":"BreadcrumbList","@id":"https:\/\/www.aliadospuebla.com\/?p=48116#breadcrumb","itemListElement":[{"@type":"ListItem","position":1,"name":"Portada","item":"https:\/\/www.aliadospuebla.com\/"},{"@type":"ListItem","position":2,"name":"GOBIERNO DE TEXMELUCAN IMPLEMENTAR\u00c1 OPERATIVO DE PREVENCI\u00d3N DURANTE \u201cEL BUEN FIN\u201d"}]},{"@type":"WebSite","@id":"https:\/\/www.aliadospuebla.com\/#website","url":"https:\/\/www.aliadospuebla.com\/","name":"AliadosPuebla","description":"La informaci\u00f3n en tus manos","potentialAction":[{"@type":"SearchAction","target":{"@type":"EntryPoint","urlTemplate":"https:\/\/www.aliadospuebla.com\/?s={search_term_string}"},"query-input":{"@type":"PropertyValueSpecification","valueRequired":true,"valueName":"search_term_string"}}],"inLanguage":"es"},{"@type":"Person","@id":"https:\/\/www.aliadospuebla.com\/#\/schema\/person\/5da7dd09320bd4f392b710017ed5f8ad","name":"Aliados17","image":{"@type":"ImageObject","inLanguage":"es","@id":"https:\/\/www.aliadospuebla.com\/web2017\/wp-content\/uploads\/2025\/03\/cropped-para-perfil-8-anos-1-96x96.jpg","url":"https:\/\/www.aliadospuebla.com\/web2017\/wp-content\/uploads\/2025\/03\/cropped-para-perfil-8-anos-1-96x96.jpg","contentUrl":"https:\/\/www.aliadospuebla.com\/web2017\/wp-content\/uploads\/2025\/03\/cropped-para-perfil-8-anos-1-96x96.jpg","caption":"Aliados17"},"sameAs":["https:\/\/www.aliados17.com","https:\/\/www.facebook.com\/Aliados17Pue","https:\/\/x.com\/AliadosPuebla"],"url":"https:\/\/www.aliadospuebla.com\/?author=2"}]}},"views":13,"_links":{"self":[{"href":"https:\/\/www.aliadospuebla.com\/index.php?rest_route=\/wp\/v2\/posts\/48116","targetHints":{"allow":["GET"]}}],"collection":[{"href":"https:\/\/www.aliadospuebla.com\/index.php?rest_route=\/wp\/v2\/posts"}],"about":[{"href":"https:\/\/www.aliadospuebla.com\/index.php?rest_route=\/wp\/v2\/types\/post"}],"author":[{"embeddable":true,"href":"https:\/\/www.aliadospuebla.com\/index.php?rest_route=\/wp\/v2\/users\/2"}],"replies":[{"embeddable":true,"href":"https:\/\/www.aliadospuebla.com\/index.php?rest_route=%2Fwp%2Fv2%2Fcomments&post=48116"}],"version-history":[{"count":1,"href":"https:\/\/www.aliadospuebla.com\/index.php?rest_route=\/wp\/v2\/posts\/48116\/revisions"}],"predecessor-version":[{"id":48118,"href":"https:\/\/www.aliadospuebla.com\/index.php?rest_route=\/wp\/v2\/posts\/48116\/revisions\/48118"}],"wp:featuredmedia":[{"embeddable":true,"href":"https:\/\/www.aliadospuebla.com\/index.php?rest_route=\/wp\/v2\/media\/48117"}],"wp:attachment":[{"href":"https:\/\/www.aliadospuebla.com\/index.php?rest_route=%2Fwp%2Fv2%2Fmedia&parent=48116"}],"wp:term":[{"taxonomy":"category","embeddable":true,"href":"https:\/\/www.aliadospuebla.com\/index.php?rest_route=%2Fwp%2Fv2%2Fcategories&post=48116"},{"taxonomy":"post_tag","embeddable":true,"href":"https:\/\/www.aliadospuebla.com\/index.php?rest_route=%2Fwp%2Fv2%2Ftags&post=48116"}],"curies":[{"name":"wp","href":"https:\/\/api.w.org\/{rel}","templated":true}]}}