{"id":48102,"date":"2020-11-05T20:36:50","date_gmt":"2020-11-06T02:36:50","guid":{"rendered":"http:\/\/www.aliados17.com\/?p=48102"},"modified":"2020-11-05T20:36:50","modified_gmt":"2020-11-06T02:36:50","slug":"invita-ayuntamiento-de-cuautlancingo-a-formar-parte-del-programa-ciudadanos-en-alerta","status":"publish","type":"post","link":"https:\/\/www.aliadospuebla.com\/?p=48102","title":{"rendered":"Invita Ayuntamiento de Cuautlancingo a formar parte del Programa Ciudadanos En Alerta"},"content":{"rendered":"<p>Como parte de una pol\u00edtica de prevenci\u00f3n y combate a la delincuencia, el Ayuntamiento de Cuautlancingo, a trav\u00e9s de la Secretar\u00eda de Seguridad P\u00fablica Municipal, la Subdirecci\u00f3n de Prevenci\u00f3n del Delito y Atenci\u00f3n a V\u00edctimas, invita a la ciudadan\u00eda en general a formar parte de los comit\u00e9s vecinales del programa Ciudadanos En Alerta, as\u00ed lo se\u00f1al\u00f3, la Presidenta Municipal de Cuautlancingo, Lupita Daniel Hern\u00e1ndez.<\/p>\n<p>Quien indic\u00f3 que este programa, tiene la finalidad de contribuir a garantizar la tranquilidad, capacitar a la ciudadan\u00eda en el entorno donde habitan, as\u00ed como dotarlos de herramientas de autoprotecci\u00f3n, a trav\u00e9s de la prevenci\u00f3n, fomentando la cultura de la participaci\u00f3n ciudadana y de esta manera trabajar de la mano para disminuir la incidencia delictiva, promoviendo una cultura de la denuncia.<\/p>\n<p>Indic\u00f3 que con la integraci\u00f3n de los comit\u00e9s vecinales de las colonias o fraccionamientos, pertenecientes a la Cabecera Municipal y las 3 juntas auxiliares del municipio, la Subdirecci\u00f3n de Prevenci\u00f3n del Delito, se convierte en el enlace entre la comunidad y los servicios de emergencia, al tener el contacto directo con ellos.<\/p>\n<p>Adoptando los lineamientos sanitarios, como acci\u00f3n implementada ante la contingencia derivada del COVID-19, los integrantes de los comit\u00e9s vecinales, reciben cuatro capacitaciones, para que aprendan a prevenir un hecho delictivo, en el que destacan los siguientes temas: Organizaci\u00f3n Comunitaria, Medidas Preventivas, Aspectos Relevantes en Seguridad P\u00fablica, Uso de Silbato y Simulacros en Tiempo Real.<\/p>\n<p>Para\u00a0 mayor informaci\u00f3n, pueden comunicarse a los siguientes n\u00fameros telef\u00f3nicos: 22 11 74 77 25, \u00a022 14 41 29 39 y 22 12 86 46 34, asimismo, la alcaldesa reiter\u00f3 los n\u00fameros telef\u00f3nicos de emergencia; Seguridad P\u00fablica Municipal: 222-2-85-51-27, Denuncia Whatsapeando: 22-11-55-00-16.<\/p>\n","protected":false},"excerpt":{"rendered":"<p>Como parte de una pol\u00edtica de prevenci\u00f3n y combate a la delincuencia, el Ayuntamiento de Cuautlancingo, a trav\u00e9s de la Secretar\u00eda de Seguridad P\u00fablica Municipal, la Subdirecci\u00f3n de Prevenci\u00f3n del Delito y Atenci\u00f3n a V\u00edctimas, invita a la ciudadan\u00eda en general a formar parte de los comit\u00e9s vecinales del programa Ciudadanos En Alerta, as\u00ed lo se\u00f1al\u00f3, la Presidenta Municipal de Cuautlancingo, Lupita Daniel Hern\u00e1ndez. Quien indic\u00f3 que este programa, tiene la finalidad de contribuir a garantizar la tranquilidad, capacitar a la ciudadan\u00eda en el entorno donde habitan, as\u00ed como dotarlos de herramientas de autoprotecci\u00f3n, a trav\u00e9s de la prevenci\u00f3n, fomentando la cultura de la participaci\u00f3n ciudadana y de esta manera trabajar de la mano para disminuir la incidencia delictiva, promoviendo una cultura de la denuncia.&hellip;<\/p>\n<p class=\"excerpt-more\"><a class=\"blog-excerpt button\" href=\"https:\/\/www.aliadospuebla.com\/?p=48102\">Leer m\u00e1s&#8230;<\/a><\/p>\n","protected":false},"author":3,"featured_media":48103,"comment_status":"open","ping_status":"open","sticky":false,"template":"","format":"standard","meta":{"_monsterinsights_skip_tracking":false,"footnotes":""},"categories":[4],"tags":[56,18,8062,8367,77,72,3002],"class_list":["post-48102","post","type-post","status-publish","format-standard","has-post-thumbnail","hentry","category-municipios","tag-capital","tag-cuautlancingo","tag-lupita-daniel","tag-marco-mena","tag-municipios","tag-puebla","tag-regidores"],"yoast_head":"<!-- This site is optimized with the Yoast SEO plugin v28.4 - https:\/\/yoast.com\/product\/yoast-seo-wordpress\/ -->\n<title>Invita Ayuntamiento de Cuautlancingo a formar parte del Programa Ciudadanos En Alerta - AliadosPuebla<\/title>\n<meta name=\"robots\" content=\"index, follow, max-snippet:-1, max-image-preview:large, max-video-preview:-1\" \/>\n<link rel=\"canonical\" href=\"https:\/\/www.aliadospuebla.com\/?p=48102\" \/>\n<meta property=\"og:locale\" content=\"es_ES\" \/>\n<meta property=\"og:type\" content=\"article\" \/>\n<meta property=\"og:title\" content=\"Invita Ayuntamiento de Cuautlancingo a formar parte del Programa Ciudadanos En Alerta - AliadosPuebla\" \/>\n<meta property=\"og:description\" content=\"Como parte de una pol\u00edtica de prevenci\u00f3n y combate a la delincuencia, el Ayuntamiento de Cuautlancingo, a trav\u00e9s de la Secretar\u00eda de Seguridad P\u00fablica Municipal, la Subdirecci\u00f3n de Prevenci\u00f3n del Delito y Atenci\u00f3n a V\u00edctimas, invita a la ciudadan\u00eda en general a formar parte de los comit\u00e9s vecinales del programa Ciudadanos En Alerta, as\u00ed lo se\u00f1al\u00f3, la Presidenta Municipal de Cuautlancingo, Lupita Daniel Hern\u00e1ndez. Quien indic\u00f3 que este programa, tiene la finalidad de contribuir a garantizar la tranquilidad, capacitar a la ciudadan\u00eda en el entorno donde habitan, as\u00ed como dotarlos de herramientas de autoprotecci\u00f3n, a trav\u00e9s de la prevenci\u00f3n, fomentando la cultura de la participaci\u00f3n ciudadana y de esta manera trabajar de la mano para disminuir la incidencia delictiva, promoviendo una cultura de la denuncia.&hellip;Leer m\u00e1s...\" \/>\n<meta property=\"og:url\" content=\"https:\/\/www.aliadospuebla.com\/?p=48102\" \/>\n<meta property=\"og:site_name\" content=\"AliadosPuebla\" \/>\n<meta property=\"article:published_time\" content=\"2020-11-06T02:36:50+00:00\" \/>\n<meta property=\"og:image\" content=\"https:\/\/www.aliadospuebla.com\/web2017\/wp-content\/uploads\/2020\/11\/CUAU-2.jpg\" \/>\n\t<meta property=\"og:image:width\" content=\"600\" \/>\n\t<meta property=\"og:image:height\" content=\"450\" \/>\n\t<meta property=\"og:image:type\" content=\"image\/jpeg\" \/>\n<meta name=\"author\" content=\"Aliados Videos\" \/>\n<meta name=\"twitter:card\" content=\"summary_large_image\" \/>\n<meta name=\"twitter:label1\" content=\"Escrito por\" \/>\n\t<meta name=\"twitter:data1\" content=\"Aliados Videos\" \/>\n\t<meta name=\"twitter:label2\" content=\"Tiempo de lectura\" \/>\n\t<meta name=\"twitter:data2\" content=\"1 minuto\" \/>\n<script type=\"application\/ld+json\" class=\"yoast-schema-graph\">{\"@context\":\"https:\\\/\\\/schema.org\",\"@graph\":[{\"@type\":\"Article\",\"@id\":\"https:\\\/\\\/www.aliadospuebla.com\\\/?p=48102#article\",\"isPartOf\":{\"@id\":\"https:\\\/\\\/www.aliadospuebla.com\\\/?p=48102\"},\"author\":{\"name\":\"Aliados Videos\",\"@id\":\"https:\\\/\\\/www.aliadospuebla.com\\\/#\\\/schema\\\/person\\\/0fd017f23cc5c3f7988d5d58850eec8e\"},\"headline\":\"Invita Ayuntamiento de Cuautlancingo a formar parte del Programa Ciudadanos En Alerta\",\"datePublished\":\"2020-11-06T02:36:50+00:00\",\"mainEntityOfPage\":{\"@id\":\"https:\\\/\\\/www.aliadospuebla.com\\\/?p=48102\"},\"wordCount\":307,\"commentCount\":0,\"image\":{\"@id\":\"https:\\\/\\\/www.aliadospuebla.com\\\/?p=48102#primaryimage\"},\"thumbnailUrl\":\"https:\\\/\\\/www.aliadospuebla.com\\\/web2017\\\/wp-content\\\/uploads\\\/2020\\\/11\\\/CUAU-2.jpg\",\"keywords\":[\"capital\",\"Cuautlancingo\",\"LUPITA DANIEL\",\"MARCO MENA\",\"Municipios\",\"Puebla\",\"REGIDORES\"],\"articleSection\":[\"Municipios\"],\"inLanguage\":\"es\",\"potentialAction\":[{\"@type\":\"CommentAction\",\"name\":\"Comment\",\"target\":[\"https:\\\/\\\/www.aliadospuebla.com\\\/?p=48102#respond\"]}]},{\"@type\":\"WebPage\",\"@id\":\"https:\\\/\\\/www.aliadospuebla.com\\\/?p=48102\",\"url\":\"https:\\\/\\\/www.aliadospuebla.com\\\/?p=48102\",\"name\":\"Invita Ayuntamiento de Cuautlancingo a formar parte del Programa Ciudadanos En Alerta - AliadosPuebla\",\"isPartOf\":{\"@id\":\"https:\\\/\\\/www.aliadospuebla.com\\\/#website\"},\"primaryImageOfPage\":{\"@id\":\"https:\\\/\\\/www.aliadospuebla.com\\\/?p=48102#primaryimage\"},\"image\":{\"@id\":\"https:\\\/\\\/www.aliadospuebla.com\\\/?p=48102#primaryimage\"},\"thumbnailUrl\":\"https:\\\/\\\/www.aliadospuebla.com\\\/web2017\\\/wp-content\\\/uploads\\\/2020\\\/11\\\/CUAU-2.jpg\",\"datePublished\":\"2020-11-06T02:36:50+00:00\",\"author\":{\"@id\":\"https:\\\/\\\/www.aliadospuebla.com\\\/#\\\/schema\\\/person\\\/0fd017f23cc5c3f7988d5d58850eec8e\"},\"breadcrumb\":{\"@id\":\"https:\\\/\\\/www.aliadospuebla.com\\\/?p=48102#breadcrumb\"},\"inLanguage\":\"es\",\"potentialAction\":[{\"@type\":\"ReadAction\",\"target\":[\"https:\\\/\\\/www.aliadospuebla.com\\\/?p=48102\"]}]},{\"@type\":\"ImageObject\",\"inLanguage\":\"es\",\"@id\":\"https:\\\/\\\/www.aliadospuebla.com\\\/?p=48102#primaryimage\",\"url\":\"https:\\\/\\\/www.aliadospuebla.com\\\/web2017\\\/wp-content\\\/uploads\\\/2020\\\/11\\\/CUAU-2.jpg\",\"contentUrl\":\"https:\\\/\\\/www.aliadospuebla.com\\\/web2017\\\/wp-content\\\/uploads\\\/2020\\\/11\\\/CUAU-2.jpg\",\"width\":600,\"height\":450},{\"@type\":\"BreadcrumbList\",\"@id\":\"https:\\\/\\\/www.aliadospuebla.com\\\/?p=48102#breadcrumb\",\"itemListElement\":[{\"@type\":\"ListItem\",\"position\":1,\"name\":\"Portada\",\"item\":\"https:\\\/\\\/www.aliadospuebla.com\\\/\"},{\"@type\":\"ListItem\",\"position\":2,\"name\":\"Invita Ayuntamiento de Cuautlancingo a formar parte del Programa Ciudadanos En Alerta\"}]},{\"@type\":\"WebSite\",\"@id\":\"https:\\\/\\\/www.aliadospuebla.com\\\/#website\",\"url\":\"https:\\\/\\\/www.aliadospuebla.com\\\/\",\"name\":\"AliadosPuebla\",\"description\":\"La informaci\u00f3n en tus manos\",\"potentialAction\":[{\"@type\":\"SearchAction\",\"target\":{\"@type\":\"EntryPoint\",\"urlTemplate\":\"https:\\\/\\\/www.aliadospuebla.com\\\/?s={search_term_string}\"},\"query-input\":{\"@type\":\"PropertyValueSpecification\",\"valueRequired\":true,\"valueName\":\"search_term_string\"}}],\"inLanguage\":\"es\"},{\"@type\":\"Person\",\"@id\":\"https:\\\/\\\/www.aliadospuebla.com\\\/#\\\/schema\\\/person\\\/0fd017f23cc5c3f7988d5d58850eec8e\",\"name\":\"Aliados Videos\",\"image\":{\"@type\":\"ImageObject\",\"inLanguage\":\"es\",\"@id\":\"https:\\\/\\\/secure.gravatar.com\\\/avatar\\\/42b92de8b2d8339e1e824f3a73ab023a0bec0ee2e3920248085eb1f3160b4083?s=96&d=mm&r=g\",\"url\":\"https:\\\/\\\/secure.gravatar.com\\\/avatar\\\/42b92de8b2d8339e1e824f3a73ab023a0bec0ee2e3920248085eb1f3160b4083?s=96&d=mm&r=g\",\"contentUrl\":\"https:\\\/\\\/secure.gravatar.com\\\/avatar\\\/42b92de8b2d8339e1e824f3a73ab023a0bec0ee2e3920248085eb1f3160b4083?s=96&d=mm&r=g\",\"caption\":\"Aliados Videos\"},\"url\":\"https:\\\/\\\/www.aliadospuebla.com\\\/?author=3\"}]}<\/script>\n<!-- \/ Yoast SEO plugin. -->","yoast_head_json":{"title":"Invita Ayuntamiento de Cuautlancingo a formar parte del Programa Ciudadanos En Alerta - AliadosPuebla","robots":{"index":"index","follow":"follow","max-snippet":"max-snippet:-1","max-image-preview":"max-image-preview:large","max-video-preview":"max-video-preview:-1"},"canonical":"https:\/\/www.aliadospuebla.com\/?p=48102","og_locale":"es_ES","og_type":"article","og_title":"Invita Ayuntamiento de Cuautlancingo a formar parte del Programa Ciudadanos En Alerta - AliadosPuebla","og_description":"Como parte de una pol\u00edtica de prevenci\u00f3n y combate a la delincuencia, el Ayuntamiento de Cuautlancingo, a trav\u00e9s de la Secretar\u00eda de Seguridad P\u00fablica Municipal, la Subdirecci\u00f3n de Prevenci\u00f3n del Delito y Atenci\u00f3n a V\u00edctimas, invita a la ciudadan\u00eda en general a formar parte de los comit\u00e9s vecinales del programa Ciudadanos En Alerta, as\u00ed lo se\u00f1al\u00f3, la Presidenta Municipal de Cuautlancingo, Lupita Daniel Hern\u00e1ndez. Quien indic\u00f3 que este programa, tiene la finalidad de contribuir a garantizar la tranquilidad, capacitar a la ciudadan\u00eda en el entorno donde habitan, as\u00ed como dotarlos de herramientas de autoprotecci\u00f3n, a trav\u00e9s de la prevenci\u00f3n, fomentando la cultura de la participaci\u00f3n ciudadana y de esta manera trabajar de la mano para disminuir la incidencia delictiva, promoviendo una cultura de la denuncia.&hellip;Leer m\u00e1s...","og_url":"https:\/\/www.aliadospuebla.com\/?p=48102","og_site_name":"AliadosPuebla","article_published_time":"2020-11-06T02:36:50+00:00","og_image":[{"width":600,"height":450,"url":"https:\/\/www.aliadospuebla.com\/web2017\/wp-content\/uploads\/2020\/11\/CUAU-2.jpg","type":"image\/jpeg"}],"author":"Aliados Videos","twitter_card":"summary_large_image","twitter_misc":{"Escrito por":"Aliados Videos","Tiempo de lectura":"1 minuto"},"schema":{"@context":"https:\/\/schema.org","@graph":[{"@type":"Article","@id":"https:\/\/www.aliadospuebla.com\/?p=48102#article","isPartOf":{"@id":"https:\/\/www.aliadospuebla.com\/?p=48102"},"author":{"name":"Aliados Videos","@id":"https:\/\/www.aliadospuebla.com\/#\/schema\/person\/0fd017f23cc5c3f7988d5d58850eec8e"},"headline":"Invita Ayuntamiento de Cuautlancingo a formar parte del Programa Ciudadanos En Alerta","datePublished":"2020-11-06T02:36:50+00:00","mainEntityOfPage":{"@id":"https:\/\/www.aliadospuebla.com\/?p=48102"},"wordCount":307,"commentCount":0,"image":{"@id":"https:\/\/www.aliadospuebla.com\/?p=48102#primaryimage"},"thumbnailUrl":"https:\/\/www.aliadospuebla.com\/web2017\/wp-content\/uploads\/2020\/11\/CUAU-2.jpg","keywords":["capital","Cuautlancingo","LUPITA DANIEL","MARCO MENA","Municipios","Puebla","REGIDORES"],"articleSection":["Municipios"],"inLanguage":"es","potentialAction":[{"@type":"CommentAction","name":"Comment","target":["https:\/\/www.aliadospuebla.com\/?p=48102#respond"]}]},{"@type":"WebPage","@id":"https:\/\/www.aliadospuebla.com\/?p=48102","url":"https:\/\/www.aliadospuebla.com\/?p=48102","name":"Invita Ayuntamiento de Cuautlancingo a formar parte del Programa Ciudadanos En Alerta - AliadosPuebla","isPartOf":{"@id":"https:\/\/www.aliadospuebla.com\/#website"},"primaryImageOfPage":{"@id":"https:\/\/www.aliadospuebla.com\/?p=48102#primaryimage"},"image":{"@id":"https:\/\/www.aliadospuebla.com\/?p=48102#primaryimage"},"thumbnailUrl":"https:\/\/www.aliadospuebla.com\/web2017\/wp-content\/uploads\/2020\/11\/CUAU-2.jpg","datePublished":"2020-11-06T02:36:50+00:00","author":{"@id":"https:\/\/www.aliadospuebla.com\/#\/schema\/person\/0fd017f23cc5c3f7988d5d58850eec8e"},"breadcrumb":{"@id":"https:\/\/www.aliadospuebla.com\/?p=48102#breadcrumb"},"inLanguage":"es","potentialAction":[{"@type":"ReadAction","target":["https:\/\/www.aliadospuebla.com\/?p=48102"]}]},{"@type":"ImageObject","inLanguage":"es","@id":"https:\/\/www.aliadospuebla.com\/?p=48102#primaryimage","url":"https:\/\/www.aliadospuebla.com\/web2017\/wp-content\/uploads\/2020\/11\/CUAU-2.jpg","contentUrl":"https:\/\/www.aliadospuebla.com\/web2017\/wp-content\/uploads\/2020\/11\/CUAU-2.jpg","width":600,"height":450},{"@type":"BreadcrumbList","@id":"https:\/\/www.aliadospuebla.com\/?p=48102#breadcrumb","itemListElement":[{"@type":"ListItem","position":1,"name":"Portada","item":"https:\/\/www.aliadospuebla.com\/"},{"@type":"ListItem","position":2,"name":"Invita Ayuntamiento de Cuautlancingo a formar parte del Programa Ciudadanos En Alerta"}]},{"@type":"WebSite","@id":"https:\/\/www.aliadospuebla.com\/#website","url":"https:\/\/www.aliadospuebla.com\/","name":"AliadosPuebla","description":"La informaci\u00f3n en tus manos","potentialAction":[{"@type":"SearchAction","target":{"@type":"EntryPoint","urlTemplate":"https:\/\/www.aliadospuebla.com\/?s={search_term_string}"},"query-input":{"@type":"PropertyValueSpecification","valueRequired":true,"valueName":"search_term_string"}}],"inLanguage":"es"},{"@type":"Person","@id":"https:\/\/www.aliadospuebla.com\/#\/schema\/person\/0fd017f23cc5c3f7988d5d58850eec8e","name":"Aliados Videos","image":{"@type":"ImageObject","inLanguage":"es","@id":"https:\/\/secure.gravatar.com\/avatar\/42b92de8b2d8339e1e824f3a73ab023a0bec0ee2e3920248085eb1f3160b4083?s=96&d=mm&r=g","url":"https:\/\/secure.gravatar.com\/avatar\/42b92de8b2d8339e1e824f3a73ab023a0bec0ee2e3920248085eb1f3160b4083?s=96&d=mm&r=g","contentUrl":"https:\/\/secure.gravatar.com\/avatar\/42b92de8b2d8339e1e824f3a73ab023a0bec0ee2e3920248085eb1f3160b4083?s=96&d=mm&r=g","caption":"Aliados Videos"},"url":"https:\/\/www.aliadospuebla.com\/?author=3"}]}},"views":13,"_links":{"self":[{"href":"https:\/\/www.aliadospuebla.com\/index.php?rest_route=\/wp\/v2\/posts\/48102","targetHints":{"allow":["GET"]}}],"collection":[{"href":"https:\/\/www.aliadospuebla.com\/index.php?rest_route=\/wp\/v2\/posts"}],"about":[{"href":"https:\/\/www.aliadospuebla.com\/index.php?rest_route=\/wp\/v2\/types\/post"}],"author":[{"embeddable":true,"href":"https:\/\/www.aliadospuebla.com\/index.php?rest_route=\/wp\/v2\/users\/3"}],"replies":[{"embeddable":true,"href":"https:\/\/www.aliadospuebla.com\/index.php?rest_route=%2Fwp%2Fv2%2Fcomments&post=48102"}],"version-history":[{"count":1,"href":"https:\/\/www.aliadospuebla.com\/index.php?rest_route=\/wp\/v2\/posts\/48102\/revisions"}],"predecessor-version":[{"id":48104,"href":"https:\/\/www.aliadospuebla.com\/index.php?rest_route=\/wp\/v2\/posts\/48102\/revisions\/48104"}],"wp:featuredmedia":[{"embeddable":true,"href":"https:\/\/www.aliadospuebla.com\/index.php?rest_route=\/wp\/v2\/media\/48103"}],"wp:attachment":[{"href":"https:\/\/www.aliadospuebla.com\/index.php?rest_route=%2Fwp%2Fv2%2Fmedia&parent=48102"}],"wp:term":[{"taxonomy":"category","embeddable":true,"href":"https:\/\/www.aliadospuebla.com\/index.php?rest_route=%2Fwp%2Fv2%2Fcategories&post=48102"},{"taxonomy":"post_tag","embeddable":true,"href":"https:\/\/www.aliadospuebla.com\/index.php?rest_route=%2Fwp%2Fv2%2Ftags&post=48102"}],"curies":[{"name":"wp","href":"https:\/\/api.w.org\/{rel}","templated":true}]}}