{"id":47855,"date":"2020-10-31T01:50:32","date_gmt":"2020-10-31T07:50:32","guid":{"rendered":"http:\/\/www.aliados17.com\/?p=47855"},"modified":"2020-10-31T01:50:32","modified_gmt":"2020-10-31T07:50:32","slug":"coloca-ayuntamiento-de-coronango-ofrenda-para-recordar-a-todos-los-que-murieron-en-este-2020","status":"publish","type":"post","link":"https:\/\/www.aliadospuebla.com\/?p=47855","title":{"rendered":"Coloca Ayuntamiento de Coronango ofrenda para recordar a todos los que murieron en este 2020"},"content":{"rendered":"<p>Con la participaci\u00f3n de colaboradores del gobierno municipal el Ayuntamiento de Coronango coloc\u00f3 la ofrenda en recuerdo de todas las personas que fallecieron en este 2020.<\/p>\n<p>En las puertas del palacio municipal fue montada una ofrenda en honor a las personas que perdieron la vida en lo que va del a\u00f1o, no solamente por el Covid-19, sino por alguna otra situaci\u00f3n, ya que es igual de dolorosa su partida.<\/p>\n<p>La direcci\u00f3n de Educaci\u00f3n, Cultura, Turismo y Tradiciones del Ayuntamiento organiz\u00f3 la colocaci\u00f3n donde el resto de las \u00e1reas que conforman el municipio participaron llevando alguno de los elementos de la ofrenda como fruta, comida, flores, veladoras, entre otras.<\/p>\n<p>El cronista de Coronango, Fernando David Rodr\u00edguez Sainz, explic\u00f3 la importancia de esta tradici\u00f3n de rendir culto a nuestros muertos el cual ha pasado de generaci\u00f3n en generaci\u00f3n y afortunadamente tiene un gran arraigo en Coronango.<\/p>\n<p>Tras explicar los elementos que conforman la ofrenda, as\u00ed como los niveles y el significado de cada objeto, destac\u00f3 que en Coronango los altares son por lo regular de tres niveles que hacen referencia al cielo, la tierra y el inframundo.<\/p>\n<p>Tambi\u00e9n mencion\u00f3 que mientras en la cabecera municipal de Coronango las familias tienen la creencia de que a las 12:00 horas del 1 de noviembre llegan las almas a visitar los altares, en la junta de San Antonio Mihuac\u00e1n llegan a las 15:00 horas ya que fue la hora en que muri\u00f3 Jes\u00fas.<\/p>\n<p>En la ofrenda colocada en la presidencia municipal estuvieron presentes la presidenta honoraria del DIF de Coronango, Fidelia Cuautle Navarro, la s\u00edndico municipal, Mar\u00eda de los \u00c1ngeles Portillo Sandoval, as\u00ed como los regidores Nazaria Garc\u00eda Galindo, Angelina Toxqui Amastal, Miguel Guti\u00e9rrez Ramos y Jos\u00e9 Manuel Cuate Romero.<\/p>\n","protected":false},"excerpt":{"rendered":"<p>Con la participaci\u00f3n de colaboradores del gobierno municipal el Ayuntamiento de Coronango coloc\u00f3 la ofrenda en recuerdo de todas las personas que fallecieron en este 2020. En las puertas del palacio municipal fue montada una ofrenda en honor a las personas que perdieron la vida en lo que va del a\u00f1o, no solamente por el Covid-19, sino por alguna otra situaci\u00f3n, ya que es igual de dolorosa su partida. La direcci\u00f3n de Educaci\u00f3n, Cultura, Turismo y Tradiciones del Ayuntamiento organiz\u00f3 la colocaci\u00f3n donde el resto de las \u00e1reas que conforman el municipio participaron llevando alguno de los elementos de la ofrenda como fruta, comida, flores, veladoras, entre otras. El cronista de Coronango, Fernando David Rodr\u00edguez Sainz, explic\u00f3 la importancia de esta tradici\u00f3n de rendir culto&hellip;<\/p>\n<p class=\"excerpt-more\"><a class=\"blog-excerpt button\" href=\"https:\/\/www.aliadospuebla.com\/?p=47855\">Leer m\u00e1s&#8230;<\/a><\/p>\n","protected":false},"author":3,"featured_media":47856,"comment_status":"open","ping_status":"open","sticky":false,"template":"","format":"standard","meta":{"_monsterinsights_skip_tracking":false,"footnotes":""},"categories":[4],"tags":[7256,171,56,253,72,3002],"class_list":["post-47855","post","type-post","status-publish","format-standard","has-post-thumbnail","hentry","category-municipios","tag-antonio-teutli","tag-ayuntamiento","tag-capital","tag-coronango","tag-puebla","tag-regidores"],"yoast_head":"<!-- This site is optimized with the Yoast SEO plugin v28.4 - https:\/\/yoast.com\/product\/yoast-seo-wordpress\/ -->\n<title>Coloca Ayuntamiento de Coronango ofrenda para recordar a todos los que murieron en este 2020 - AliadosPuebla<\/title>\n<meta name=\"robots\" content=\"index, follow, max-snippet:-1, max-image-preview:large, max-video-preview:-1\" \/>\n<link rel=\"canonical\" href=\"https:\/\/www.aliadospuebla.com\/?p=47855\" \/>\n<meta property=\"og:locale\" content=\"es_ES\" \/>\n<meta property=\"og:type\" content=\"article\" \/>\n<meta property=\"og:title\" content=\"Coloca Ayuntamiento de Coronango ofrenda para recordar a todos los que murieron en este 2020 - AliadosPuebla\" \/>\n<meta property=\"og:description\" content=\"Con la participaci\u00f3n de colaboradores del gobierno municipal el Ayuntamiento de Coronango coloc\u00f3 la ofrenda en recuerdo de todas las personas que fallecieron en este 2020. En las puertas del palacio municipal fue montada una ofrenda en honor a las personas que perdieron la vida en lo que va del a\u00f1o, no solamente por el Covid-19, sino por alguna otra situaci\u00f3n, ya que es igual de dolorosa su partida. La direcci\u00f3n de Educaci\u00f3n, Cultura, Turismo y Tradiciones del Ayuntamiento organiz\u00f3 la colocaci\u00f3n donde el resto de las \u00e1reas que conforman el municipio participaron llevando alguno de los elementos de la ofrenda como fruta, comida, flores, veladoras, entre otras. El cronista de Coronango, Fernando David Rodr\u00edguez Sainz, explic\u00f3 la importancia de esta tradici\u00f3n de rendir culto&hellip;Leer m\u00e1s...\" \/>\n<meta property=\"og:url\" content=\"https:\/\/www.aliadospuebla.com\/?p=47855\" \/>\n<meta property=\"og:site_name\" content=\"AliadosPuebla\" \/>\n<meta property=\"article:published_time\" content=\"2020-10-31T07:50:32+00:00\" \/>\n<meta property=\"og:image\" content=\"https:\/\/www.aliadospuebla.com\/web2017\/wp-content\/uploads\/2020\/10\/CUAU-1.jpg\" \/>\n\t<meta property=\"og:image:width\" content=\"600\" \/>\n\t<meta property=\"og:image:height\" content=\"450\" \/>\n\t<meta property=\"og:image:type\" content=\"image\/jpeg\" \/>\n<meta name=\"author\" content=\"Aliados Videos\" \/>\n<meta name=\"twitter:card\" content=\"summary_large_image\" \/>\n<meta name=\"twitter:label1\" content=\"Escrito por\" \/>\n\t<meta name=\"twitter:data1\" content=\"Aliados Videos\" \/>\n\t<meta name=\"twitter:label2\" content=\"Tiempo de lectura\" \/>\n\t<meta name=\"twitter:data2\" content=\"1 minuto\" \/>\n<script type=\"application\/ld+json\" class=\"yoast-schema-graph\">{\"@context\":\"https:\\\/\\\/schema.org\",\"@graph\":[{\"@type\":\"Article\",\"@id\":\"https:\\\/\\\/www.aliadospuebla.com\\\/?p=47855#article\",\"isPartOf\":{\"@id\":\"https:\\\/\\\/www.aliadospuebla.com\\\/?p=47855\"},\"author\":{\"name\":\"Aliados Videos\",\"@id\":\"https:\\\/\\\/www.aliadospuebla.com\\\/#\\\/schema\\\/person\\\/0fd017f23cc5c3f7988d5d58850eec8e\"},\"headline\":\"Coloca Ayuntamiento de Coronango ofrenda para recordar a todos los que murieron en este 2020\",\"datePublished\":\"2020-10-31T07:50:32+00:00\",\"mainEntityOfPage\":{\"@id\":\"https:\\\/\\\/www.aliadospuebla.com\\\/?p=47855\"},\"wordCount\":312,\"commentCount\":0,\"image\":{\"@id\":\"https:\\\/\\\/www.aliadospuebla.com\\\/?p=47855#primaryimage\"},\"thumbnailUrl\":\"https:\\\/\\\/www.aliadospuebla.com\\\/web2017\\\/wp-content\\\/uploads\\\/2020\\\/10\\\/CUAU-1.jpg\",\"keywords\":[\"ANTONIO TEUTLI\",\"Ayuntamiento\",\"capital\",\"Coronango\",\"Puebla\",\"REGIDORES\"],\"articleSection\":[\"Municipios\"],\"inLanguage\":\"es\",\"potentialAction\":[{\"@type\":\"CommentAction\",\"name\":\"Comment\",\"target\":[\"https:\\\/\\\/www.aliadospuebla.com\\\/?p=47855#respond\"]}]},{\"@type\":\"WebPage\",\"@id\":\"https:\\\/\\\/www.aliadospuebla.com\\\/?p=47855\",\"url\":\"https:\\\/\\\/www.aliadospuebla.com\\\/?p=47855\",\"name\":\"Coloca Ayuntamiento de Coronango ofrenda para recordar a todos los que murieron en este 2020 - AliadosPuebla\",\"isPartOf\":{\"@id\":\"https:\\\/\\\/www.aliadospuebla.com\\\/#website\"},\"primaryImageOfPage\":{\"@id\":\"https:\\\/\\\/www.aliadospuebla.com\\\/?p=47855#primaryimage\"},\"image\":{\"@id\":\"https:\\\/\\\/www.aliadospuebla.com\\\/?p=47855#primaryimage\"},\"thumbnailUrl\":\"https:\\\/\\\/www.aliadospuebla.com\\\/web2017\\\/wp-content\\\/uploads\\\/2020\\\/10\\\/CUAU-1.jpg\",\"datePublished\":\"2020-10-31T07:50:32+00:00\",\"author\":{\"@id\":\"https:\\\/\\\/www.aliadospuebla.com\\\/#\\\/schema\\\/person\\\/0fd017f23cc5c3f7988d5d58850eec8e\"},\"breadcrumb\":{\"@id\":\"https:\\\/\\\/www.aliadospuebla.com\\\/?p=47855#breadcrumb\"},\"inLanguage\":\"es\",\"potentialAction\":[{\"@type\":\"ReadAction\",\"target\":[\"https:\\\/\\\/www.aliadospuebla.com\\\/?p=47855\"]}]},{\"@type\":\"ImageObject\",\"inLanguage\":\"es\",\"@id\":\"https:\\\/\\\/www.aliadospuebla.com\\\/?p=47855#primaryimage\",\"url\":\"https:\\\/\\\/www.aliadospuebla.com\\\/web2017\\\/wp-content\\\/uploads\\\/2020\\\/10\\\/CUAU-1.jpg\",\"contentUrl\":\"https:\\\/\\\/www.aliadospuebla.com\\\/web2017\\\/wp-content\\\/uploads\\\/2020\\\/10\\\/CUAU-1.jpg\",\"width\":600,\"height\":450},{\"@type\":\"BreadcrumbList\",\"@id\":\"https:\\\/\\\/www.aliadospuebla.com\\\/?p=47855#breadcrumb\",\"itemListElement\":[{\"@type\":\"ListItem\",\"position\":1,\"name\":\"Portada\",\"item\":\"https:\\\/\\\/www.aliadospuebla.com\\\/\"},{\"@type\":\"ListItem\",\"position\":2,\"name\":\"Coloca Ayuntamiento de Coronango ofrenda para recordar a todos los que murieron en este 2020\"}]},{\"@type\":\"WebSite\",\"@id\":\"https:\\\/\\\/www.aliadospuebla.com\\\/#website\",\"url\":\"https:\\\/\\\/www.aliadospuebla.com\\\/\",\"name\":\"AliadosPuebla\",\"description\":\"La informaci\u00f3n en tus manos\",\"potentialAction\":[{\"@type\":\"SearchAction\",\"target\":{\"@type\":\"EntryPoint\",\"urlTemplate\":\"https:\\\/\\\/www.aliadospuebla.com\\\/?s={search_term_string}\"},\"query-input\":{\"@type\":\"PropertyValueSpecification\",\"valueRequired\":true,\"valueName\":\"search_term_string\"}}],\"inLanguage\":\"es\"},{\"@type\":\"Person\",\"@id\":\"https:\\\/\\\/www.aliadospuebla.com\\\/#\\\/schema\\\/person\\\/0fd017f23cc5c3f7988d5d58850eec8e\",\"name\":\"Aliados Videos\",\"image\":{\"@type\":\"ImageObject\",\"inLanguage\":\"es\",\"@id\":\"https:\\\/\\\/secure.gravatar.com\\\/avatar\\\/42b92de8b2d8339e1e824f3a73ab023a0bec0ee2e3920248085eb1f3160b4083?s=96&d=mm&r=g\",\"url\":\"https:\\\/\\\/secure.gravatar.com\\\/avatar\\\/42b92de8b2d8339e1e824f3a73ab023a0bec0ee2e3920248085eb1f3160b4083?s=96&d=mm&r=g\",\"contentUrl\":\"https:\\\/\\\/secure.gravatar.com\\\/avatar\\\/42b92de8b2d8339e1e824f3a73ab023a0bec0ee2e3920248085eb1f3160b4083?s=96&d=mm&r=g\",\"caption\":\"Aliados Videos\"},\"url\":\"https:\\\/\\\/www.aliadospuebla.com\\\/?author=3\"}]}<\/script>\n<!-- \/ Yoast SEO plugin. -->","yoast_head_json":{"title":"Coloca Ayuntamiento de Coronango ofrenda para recordar a todos los que murieron en este 2020 - AliadosPuebla","robots":{"index":"index","follow":"follow","max-snippet":"max-snippet:-1","max-image-preview":"max-image-preview:large","max-video-preview":"max-video-preview:-1"},"canonical":"https:\/\/www.aliadospuebla.com\/?p=47855","og_locale":"es_ES","og_type":"article","og_title":"Coloca Ayuntamiento de Coronango ofrenda para recordar a todos los que murieron en este 2020 - AliadosPuebla","og_description":"Con la participaci\u00f3n de colaboradores del gobierno municipal el Ayuntamiento de Coronango coloc\u00f3 la ofrenda en recuerdo de todas las personas que fallecieron en este 2020. En las puertas del palacio municipal fue montada una ofrenda en honor a las personas que perdieron la vida en lo que va del a\u00f1o, no solamente por el Covid-19, sino por alguna otra situaci\u00f3n, ya que es igual de dolorosa su partida. La direcci\u00f3n de Educaci\u00f3n, Cultura, Turismo y Tradiciones del Ayuntamiento organiz\u00f3 la colocaci\u00f3n donde el resto de las \u00e1reas que conforman el municipio participaron llevando alguno de los elementos de la ofrenda como fruta, comida, flores, veladoras, entre otras. El cronista de Coronango, Fernando David Rodr\u00edguez Sainz, explic\u00f3 la importancia de esta tradici\u00f3n de rendir culto&hellip;Leer m\u00e1s...","og_url":"https:\/\/www.aliadospuebla.com\/?p=47855","og_site_name":"AliadosPuebla","article_published_time":"2020-10-31T07:50:32+00:00","og_image":[{"width":600,"height":450,"url":"https:\/\/www.aliadospuebla.com\/web2017\/wp-content\/uploads\/2020\/10\/CUAU-1.jpg","type":"image\/jpeg"}],"author":"Aliados Videos","twitter_card":"summary_large_image","twitter_misc":{"Escrito por":"Aliados Videos","Tiempo de lectura":"1 minuto"},"schema":{"@context":"https:\/\/schema.org","@graph":[{"@type":"Article","@id":"https:\/\/www.aliadospuebla.com\/?p=47855#article","isPartOf":{"@id":"https:\/\/www.aliadospuebla.com\/?p=47855"},"author":{"name":"Aliados Videos","@id":"https:\/\/www.aliadospuebla.com\/#\/schema\/person\/0fd017f23cc5c3f7988d5d58850eec8e"},"headline":"Coloca Ayuntamiento de Coronango ofrenda para recordar a todos los que murieron en este 2020","datePublished":"2020-10-31T07:50:32+00:00","mainEntityOfPage":{"@id":"https:\/\/www.aliadospuebla.com\/?p=47855"},"wordCount":312,"commentCount":0,"image":{"@id":"https:\/\/www.aliadospuebla.com\/?p=47855#primaryimage"},"thumbnailUrl":"https:\/\/www.aliadospuebla.com\/web2017\/wp-content\/uploads\/2020\/10\/CUAU-1.jpg","keywords":["ANTONIO TEUTLI","Ayuntamiento","capital","Coronango","Puebla","REGIDORES"],"articleSection":["Municipios"],"inLanguage":"es","potentialAction":[{"@type":"CommentAction","name":"Comment","target":["https:\/\/www.aliadospuebla.com\/?p=47855#respond"]}]},{"@type":"WebPage","@id":"https:\/\/www.aliadospuebla.com\/?p=47855","url":"https:\/\/www.aliadospuebla.com\/?p=47855","name":"Coloca Ayuntamiento de Coronango ofrenda para recordar a todos los que murieron en este 2020 - AliadosPuebla","isPartOf":{"@id":"https:\/\/www.aliadospuebla.com\/#website"},"primaryImageOfPage":{"@id":"https:\/\/www.aliadospuebla.com\/?p=47855#primaryimage"},"image":{"@id":"https:\/\/www.aliadospuebla.com\/?p=47855#primaryimage"},"thumbnailUrl":"https:\/\/www.aliadospuebla.com\/web2017\/wp-content\/uploads\/2020\/10\/CUAU-1.jpg","datePublished":"2020-10-31T07:50:32+00:00","author":{"@id":"https:\/\/www.aliadospuebla.com\/#\/schema\/person\/0fd017f23cc5c3f7988d5d58850eec8e"},"breadcrumb":{"@id":"https:\/\/www.aliadospuebla.com\/?p=47855#breadcrumb"},"inLanguage":"es","potentialAction":[{"@type":"ReadAction","target":["https:\/\/www.aliadospuebla.com\/?p=47855"]}]},{"@type":"ImageObject","inLanguage":"es","@id":"https:\/\/www.aliadospuebla.com\/?p=47855#primaryimage","url":"https:\/\/www.aliadospuebla.com\/web2017\/wp-content\/uploads\/2020\/10\/CUAU-1.jpg","contentUrl":"https:\/\/www.aliadospuebla.com\/web2017\/wp-content\/uploads\/2020\/10\/CUAU-1.jpg","width":600,"height":450},{"@type":"BreadcrumbList","@id":"https:\/\/www.aliadospuebla.com\/?p=47855#breadcrumb","itemListElement":[{"@type":"ListItem","position":1,"name":"Portada","item":"https:\/\/www.aliadospuebla.com\/"},{"@type":"ListItem","position":2,"name":"Coloca Ayuntamiento de Coronango ofrenda para recordar a todos los que murieron en este 2020"}]},{"@type":"WebSite","@id":"https:\/\/www.aliadospuebla.com\/#website","url":"https:\/\/www.aliadospuebla.com\/","name":"AliadosPuebla","description":"La informaci\u00f3n en tus manos","potentialAction":[{"@type":"SearchAction","target":{"@type":"EntryPoint","urlTemplate":"https:\/\/www.aliadospuebla.com\/?s={search_term_string}"},"query-input":{"@type":"PropertyValueSpecification","valueRequired":true,"valueName":"search_term_string"}}],"inLanguage":"es"},{"@type":"Person","@id":"https:\/\/www.aliadospuebla.com\/#\/schema\/person\/0fd017f23cc5c3f7988d5d58850eec8e","name":"Aliados Videos","image":{"@type":"ImageObject","inLanguage":"es","@id":"https:\/\/secure.gravatar.com\/avatar\/42b92de8b2d8339e1e824f3a73ab023a0bec0ee2e3920248085eb1f3160b4083?s=96&d=mm&r=g","url":"https:\/\/secure.gravatar.com\/avatar\/42b92de8b2d8339e1e824f3a73ab023a0bec0ee2e3920248085eb1f3160b4083?s=96&d=mm&r=g","contentUrl":"https:\/\/secure.gravatar.com\/avatar\/42b92de8b2d8339e1e824f3a73ab023a0bec0ee2e3920248085eb1f3160b4083?s=96&d=mm&r=g","caption":"Aliados Videos"},"url":"https:\/\/www.aliadospuebla.com\/?author=3"}]}},"views":10,"_links":{"self":[{"href":"https:\/\/www.aliadospuebla.com\/index.php?rest_route=\/wp\/v2\/posts\/47855","targetHints":{"allow":["GET"]}}],"collection":[{"href":"https:\/\/www.aliadospuebla.com\/index.php?rest_route=\/wp\/v2\/posts"}],"about":[{"href":"https:\/\/www.aliadospuebla.com\/index.php?rest_route=\/wp\/v2\/types\/post"}],"author":[{"embeddable":true,"href":"https:\/\/www.aliadospuebla.com\/index.php?rest_route=\/wp\/v2\/users\/3"}],"replies":[{"embeddable":true,"href":"https:\/\/www.aliadospuebla.com\/index.php?rest_route=%2Fwp%2Fv2%2Fcomments&post=47855"}],"version-history":[{"count":1,"href":"https:\/\/www.aliadospuebla.com\/index.php?rest_route=\/wp\/v2\/posts\/47855\/revisions"}],"predecessor-version":[{"id":47857,"href":"https:\/\/www.aliadospuebla.com\/index.php?rest_route=\/wp\/v2\/posts\/47855\/revisions\/47857"}],"wp:featuredmedia":[{"embeddable":true,"href":"https:\/\/www.aliadospuebla.com\/index.php?rest_route=\/wp\/v2\/media\/47856"}],"wp:attachment":[{"href":"https:\/\/www.aliadospuebla.com\/index.php?rest_route=%2Fwp%2Fv2%2Fmedia&parent=47855"}],"wp:term":[{"taxonomy":"category","embeddable":true,"href":"https:\/\/www.aliadospuebla.com\/index.php?rest_route=%2Fwp%2Fv2%2Fcategories&post=47855"},{"taxonomy":"post_tag","embeddable":true,"href":"https:\/\/www.aliadospuebla.com\/index.php?rest_route=%2Fwp%2Fv2%2Ftags&post=47855"}],"curies":[{"name":"wp","href":"https:\/\/api.w.org\/{rel}","templated":true}]}}