{"id":47838,"date":"2020-10-30T17:25:53","date_gmt":"2020-10-30T23:25:53","guid":{"rendered":"http:\/\/www.aliados17.com\/?p=47838"},"modified":"2020-10-30T17:25:53","modified_gmt":"2020-10-30T23:25:53","slug":"secretaria-de-arte-y-cultura-de-san-andres-inicia-actividades-de-camino-mictlan","status":"publish","type":"post","link":"https:\/\/www.aliadospuebla.com\/?p=47838","title":{"rendered":"SECRETAR\u00cdA DE ARTE Y CULTURA DE SAN ANDR\u00c9S INICIA ACTIVIDADES DE  \u201cCAMINO MICTL\u00c1N\u201d"},"content":{"rendered":"<p>Continuando con la estrategia del impulso al arte y la cultura como una herramienta de<br \/>\ngobernanza integral e incidencia social, el Ayuntamiento encabezado por la presidenta Karina<br \/>\nP\u00e9rez Popoca, a trav\u00e9s de la Secretar\u00eda de Arte y Cultura, presenta al p\u00fablico una jornada solemne<br \/>\nde actividades art\u00edstico-culturales, encaminadas a que la comunidad sanandrese\u00f1a cuente con un<br \/>\nespacio para honrar y despedir a los seres queridos que han fallecido, particularmente durante el<br \/>\na\u00f1o 2020.<\/p>\n<p>En este sentido, la secretaria de Arte y Cultura, Xochitl Flores, dio a conocer el programa de<br \/>\nactividades de \u201cCamino Mictl\u00e1n, Jornada Cultural Solemne por los fallecidos durante la pandemia\u201d,<br \/>\nel cual inici\u00f3 con el conversatorio antropol\u00f3gico denominado \u201cLa muerte: reflexiones en torno al<br \/>\nduelo, ritos y cosmovisiones ancestrales\u201d, que incluy\u00f3 la participaci\u00f3n de acad\u00e9micos, tanat\u00f3logos<br \/>\ny artistas. De igual forma, se lanzaron 4 convocatorias: foto homenaje, corredor virtual de<br \/>\nofrendas y calaveritas literarias (al p\u00fablico en general y dentro del Ayuntamiento).<\/p>\n<p>Para rendir un homenaje, de forma colectiva y a distancia, a los seres queridos que han fallecido,<br \/>\nse transmitir\u00e1n las c\u00e1psulas po\u00e9ticas \u201cCantos para decir adi\u00f3s\u201d, as\u00ed como las charlas \u201cLas artes<br \/>\nalrededor de la muerte\u201d y \u201cDanzatrinas\u201d.<\/p>\n<p>De igual forma, se montar\u00e1 una exposici\u00f3n de \u201cfoto homenaje\u201d en el quiosco del z\u00f3calo de San<br \/>\nAndr\u00e9s, en el cual se llevar\u00e1n a cabo actividades art\u00edsticas como el homenaje p\u00f3stumo a \u00d3scar<br \/>\nCh\u00e1vez y la realizaci\u00f3n de los \u201cRituales de bienvenida y despedida de las almas de los difuntos\u201d,<br \/>\nadem\u00e1s del anuncio de los ganadores del concurso \u201cCalaveritas con valor\u201d.<\/p>\n<p>Finalmente, con el fin de poder incluir a la comunidad infantil en esta jornada art\u00edstico &#8211; cultural,<br \/>\nse presentar\u00e1 \u201cCaminito Mictl\u00e1n\u201d, un programa pensado para que nuestras ni\u00f1as y ni\u00f1os aprendan<br \/>\na celebrar las costumbres y tradiciones de la temporada de Todos Santos, mediante las<br \/>\npresentaciones esc\u00e9nicas de Juglaria Producciones, Pipuppets, el concierto de \u201cLa Hormiga Juana\u201d,<br \/>\nla Cuentera Movediza y la proyecci\u00f3n de \u201cLeyendas e historias de muertos\u201d.<\/p>\n<p>Para reducir las posibilidades de contagios por Covid19 entre la poblaci\u00f3n, esta jornada de<br \/>\nactividades art\u00edstico \u2013 culturales se realizar\u00e1 en modalidad virtual a trav\u00e9s de la p\u00e1gina de<br \/>\nFacebook de la Secretar\u00eda de Arte y Cultura y del Ayuntamiento de San Andr\u00e9s Cholula, del 28 de<br \/>\noctubre hasta el 2 de noviembre.<\/p>\n<p>VALORES QUE HACEN GOBIERNO<\/p>\n","protected":false},"excerpt":{"rendered":"<p>Continuando con la estrategia del impulso al arte y la cultura como una herramienta de gobernanza integral e incidencia social, el Ayuntamiento encabezado por la presidenta Karina P\u00e9rez Popoca, a trav\u00e9s de la Secretar\u00eda de Arte y Cultura, presenta al p\u00fablico una jornada solemne de actividades art\u00edstico-culturales, encaminadas a que la comunidad sanandrese\u00f1a cuente con un espacio para honrar y despedir a los seres queridos que han fallecido, particularmente durante el a\u00f1o 2020. En este sentido, la secretaria de Arte y Cultura, Xochitl Flores, dio a conocer el programa de actividades de \u201cCamino Mictl\u00e1n, Jornada Cultural Solemne por los fallecidos durante la pandemia\u201d, el cual inici\u00f3 con el conversatorio antropol\u00f3gico denominado \u201cLa muerte: reflexiones en torno al duelo, ritos y cosmovisiones ancestrales\u201d, que incluy\u00f3 la&hellip;<\/p>\n<p class=\"excerpt-more\"><a class=\"blog-excerpt button\" href=\"https:\/\/www.aliadospuebla.com\/?p=47838\">Leer m\u00e1s&#8230;<\/a><\/p>\n","protected":false},"author":3,"featured_media":47840,"comment_status":"open","ping_status":"open","sticky":false,"template":"","format":"standard","meta":{"_monsterinsights_skip_tracking":false,"footnotes":""},"categories":[4],"tags":[56,14730,72,3002,84,127],"class_list":["post-47838","post","type-post","status-publish","format-standard","has-post-thumbnail","hentry","category-municipios","tag-capital","tag-karina-pperez-popoca","tag-puebla","tag-regidores","tag-san-andres-cholula","tag-turismo"],"yoast_head":"<!-- This site is optimized with the Yoast SEO plugin v28.4 - https:\/\/yoast.com\/product\/yoast-seo-wordpress\/ -->\n<title>SECRETAR\u00cdA DE ARTE Y CULTURA DE SAN ANDR\u00c9S INICIA ACTIVIDADES DE \u201cCAMINO MICTL\u00c1N\u201d - AliadosPuebla<\/title>\n<meta name=\"robots\" content=\"index, follow, max-snippet:-1, max-image-preview:large, max-video-preview:-1\" \/>\n<link rel=\"canonical\" href=\"https:\/\/www.aliadospuebla.com\/?p=47838\" \/>\n<meta property=\"og:locale\" content=\"es_ES\" \/>\n<meta property=\"og:type\" content=\"article\" \/>\n<meta property=\"og:title\" content=\"SECRETAR\u00cdA DE ARTE Y CULTURA DE SAN ANDR\u00c9S INICIA ACTIVIDADES DE \u201cCAMINO MICTL\u00c1N\u201d - AliadosPuebla\" \/>\n<meta property=\"og:description\" content=\"Continuando con la estrategia del impulso al arte y la cultura como una herramienta de gobernanza integral e incidencia social, el Ayuntamiento encabezado por la presidenta Karina P\u00e9rez Popoca, a trav\u00e9s de la Secretar\u00eda de Arte y Cultura, presenta al p\u00fablico una jornada solemne de actividades art\u00edstico-culturales, encaminadas a que la comunidad sanandrese\u00f1a cuente con un espacio para honrar y despedir a los seres queridos que han fallecido, particularmente durante el a\u00f1o 2020. En este sentido, la secretaria de Arte y Cultura, Xochitl Flores, dio a conocer el programa de actividades de \u201cCamino Mictl\u00e1n, Jornada Cultural Solemne por los fallecidos durante la pandemia\u201d, el cual inici\u00f3 con el conversatorio antropol\u00f3gico denominado \u201cLa muerte: reflexiones en torno al duelo, ritos y cosmovisiones ancestrales\u201d, que incluy\u00f3 la&hellip;Leer m\u00e1s...\" \/>\n<meta property=\"og:url\" content=\"https:\/\/www.aliadospuebla.com\/?p=47838\" \/>\n<meta property=\"og:site_name\" content=\"AliadosPuebla\" \/>\n<meta property=\"article:published_time\" content=\"2020-10-30T23:25:53+00:00\" \/>\n<meta property=\"og:image\" content=\"https:\/\/www.aliadospuebla.com\/web2017\/wp-content\/uploads\/2020\/10\/SAN-ANDRESZ.jpg\" \/>\n\t<meta property=\"og:image:width\" content=\"600\" \/>\n\t<meta property=\"og:image:height\" content=\"450\" \/>\n\t<meta property=\"og:image:type\" content=\"image\/jpeg\" \/>\n<meta name=\"author\" content=\"Aliados Videos\" \/>\n<meta name=\"twitter:card\" content=\"summary_large_image\" \/>\n<meta name=\"twitter:label1\" content=\"Escrito por\" \/>\n\t<meta name=\"twitter:data1\" content=\"Aliados Videos\" \/>\n\t<meta name=\"twitter:label2\" content=\"Tiempo de lectura\" \/>\n\t<meta name=\"twitter:data2\" content=\"2 minutos\" \/>\n<script type=\"application\/ld+json\" class=\"yoast-schema-graph\">{\"@context\":\"https:\\\/\\\/schema.org\",\"@graph\":[{\"@type\":\"Article\",\"@id\":\"https:\\\/\\\/www.aliadospuebla.com\\\/?p=47838#article\",\"isPartOf\":{\"@id\":\"https:\\\/\\\/www.aliadospuebla.com\\\/?p=47838\"},\"author\":{\"name\":\"Aliados Videos\",\"@id\":\"https:\\\/\\\/www.aliadospuebla.com\\\/#\\\/schema\\\/person\\\/0fd017f23cc5c3f7988d5d58850eec8e\"},\"headline\":\"SECRETAR\u00cdA DE ARTE Y CULTURA DE SAN ANDR\u00c9S INICIA ACTIVIDADES DE \u201cCAMINO MICTL\u00c1N\u201d\",\"datePublished\":\"2020-10-30T23:25:53+00:00\",\"mainEntityOfPage\":{\"@id\":\"https:\\\/\\\/www.aliadospuebla.com\\\/?p=47838\"},\"wordCount\":429,\"commentCount\":0,\"image\":{\"@id\":\"https:\\\/\\\/www.aliadospuebla.com\\\/?p=47838#primaryimage\"},\"thumbnailUrl\":\"https:\\\/\\\/www.aliadospuebla.com\\\/web2017\\\/wp-content\\\/uploads\\\/2020\\\/10\\\/SAN-ANDRESZ.jpg\",\"keywords\":[\"capital\",\"KARINA PP\u00c9REZ POPOCA\",\"Puebla\",\"REGIDORES\",\"San Andr\u00e9s Cholula\",\"turismo\"],\"articleSection\":[\"Municipios\"],\"inLanguage\":\"es\",\"potentialAction\":[{\"@type\":\"CommentAction\",\"name\":\"Comment\",\"target\":[\"https:\\\/\\\/www.aliadospuebla.com\\\/?p=47838#respond\"]}]},{\"@type\":\"WebPage\",\"@id\":\"https:\\\/\\\/www.aliadospuebla.com\\\/?p=47838\",\"url\":\"https:\\\/\\\/www.aliadospuebla.com\\\/?p=47838\",\"name\":\"SECRETAR\u00cdA DE ARTE Y CULTURA DE SAN ANDR\u00c9S INICIA ACTIVIDADES DE \u201cCAMINO MICTL\u00c1N\u201d - AliadosPuebla\",\"isPartOf\":{\"@id\":\"https:\\\/\\\/www.aliadospuebla.com\\\/#website\"},\"primaryImageOfPage\":{\"@id\":\"https:\\\/\\\/www.aliadospuebla.com\\\/?p=47838#primaryimage\"},\"image\":{\"@id\":\"https:\\\/\\\/www.aliadospuebla.com\\\/?p=47838#primaryimage\"},\"thumbnailUrl\":\"https:\\\/\\\/www.aliadospuebla.com\\\/web2017\\\/wp-content\\\/uploads\\\/2020\\\/10\\\/SAN-ANDRESZ.jpg\",\"datePublished\":\"2020-10-30T23:25:53+00:00\",\"author\":{\"@id\":\"https:\\\/\\\/www.aliadospuebla.com\\\/#\\\/schema\\\/person\\\/0fd017f23cc5c3f7988d5d58850eec8e\"},\"breadcrumb\":{\"@id\":\"https:\\\/\\\/www.aliadospuebla.com\\\/?p=47838#breadcrumb\"},\"inLanguage\":\"es\",\"potentialAction\":[{\"@type\":\"ReadAction\",\"target\":[\"https:\\\/\\\/www.aliadospuebla.com\\\/?p=47838\"]}]},{\"@type\":\"ImageObject\",\"inLanguage\":\"es\",\"@id\":\"https:\\\/\\\/www.aliadospuebla.com\\\/?p=47838#primaryimage\",\"url\":\"https:\\\/\\\/www.aliadospuebla.com\\\/web2017\\\/wp-content\\\/uploads\\\/2020\\\/10\\\/SAN-ANDRESZ.jpg\",\"contentUrl\":\"https:\\\/\\\/www.aliadospuebla.com\\\/web2017\\\/wp-content\\\/uploads\\\/2020\\\/10\\\/SAN-ANDRESZ.jpg\",\"width\":600,\"height\":450},{\"@type\":\"BreadcrumbList\",\"@id\":\"https:\\\/\\\/www.aliadospuebla.com\\\/?p=47838#breadcrumb\",\"itemListElement\":[{\"@type\":\"ListItem\",\"position\":1,\"name\":\"Portada\",\"item\":\"https:\\\/\\\/www.aliadospuebla.com\\\/\"},{\"@type\":\"ListItem\",\"position\":2,\"name\":\"SECRETAR\u00cdA DE ARTE Y CULTURA DE SAN ANDR\u00c9S INICIA ACTIVIDADES DE \u201cCAMINO MICTL\u00c1N\u201d\"}]},{\"@type\":\"WebSite\",\"@id\":\"https:\\\/\\\/www.aliadospuebla.com\\\/#website\",\"url\":\"https:\\\/\\\/www.aliadospuebla.com\\\/\",\"name\":\"AliadosPuebla\",\"description\":\"La informaci\u00f3n en tus manos\",\"potentialAction\":[{\"@type\":\"SearchAction\",\"target\":{\"@type\":\"EntryPoint\",\"urlTemplate\":\"https:\\\/\\\/www.aliadospuebla.com\\\/?s={search_term_string}\"},\"query-input\":{\"@type\":\"PropertyValueSpecification\",\"valueRequired\":true,\"valueName\":\"search_term_string\"}}],\"inLanguage\":\"es\"},{\"@type\":\"Person\",\"@id\":\"https:\\\/\\\/www.aliadospuebla.com\\\/#\\\/schema\\\/person\\\/0fd017f23cc5c3f7988d5d58850eec8e\",\"name\":\"Aliados Videos\",\"image\":{\"@type\":\"ImageObject\",\"inLanguage\":\"es\",\"@id\":\"https:\\\/\\\/secure.gravatar.com\\\/avatar\\\/42b92de8b2d8339e1e824f3a73ab023a0bec0ee2e3920248085eb1f3160b4083?s=96&d=mm&r=g\",\"url\":\"https:\\\/\\\/secure.gravatar.com\\\/avatar\\\/42b92de8b2d8339e1e824f3a73ab023a0bec0ee2e3920248085eb1f3160b4083?s=96&d=mm&r=g\",\"contentUrl\":\"https:\\\/\\\/secure.gravatar.com\\\/avatar\\\/42b92de8b2d8339e1e824f3a73ab023a0bec0ee2e3920248085eb1f3160b4083?s=96&d=mm&r=g\",\"caption\":\"Aliados Videos\"},\"url\":\"https:\\\/\\\/www.aliadospuebla.com\\\/?author=3\"}]}<\/script>\n<!-- \/ Yoast SEO plugin. -->","yoast_head_json":{"title":"SECRETAR\u00cdA DE ARTE Y CULTURA DE SAN ANDR\u00c9S INICIA ACTIVIDADES DE \u201cCAMINO MICTL\u00c1N\u201d - AliadosPuebla","robots":{"index":"index","follow":"follow","max-snippet":"max-snippet:-1","max-image-preview":"max-image-preview:large","max-video-preview":"max-video-preview:-1"},"canonical":"https:\/\/www.aliadospuebla.com\/?p=47838","og_locale":"es_ES","og_type":"article","og_title":"SECRETAR\u00cdA DE ARTE Y CULTURA DE SAN ANDR\u00c9S INICIA ACTIVIDADES DE \u201cCAMINO MICTL\u00c1N\u201d - AliadosPuebla","og_description":"Continuando con la estrategia del impulso al arte y la cultura como una herramienta de gobernanza integral e incidencia social, el Ayuntamiento encabezado por la presidenta Karina P\u00e9rez Popoca, a trav\u00e9s de la Secretar\u00eda de Arte y Cultura, presenta al p\u00fablico una jornada solemne de actividades art\u00edstico-culturales, encaminadas a que la comunidad sanandrese\u00f1a cuente con un espacio para honrar y despedir a los seres queridos que han fallecido, particularmente durante el a\u00f1o 2020. En este sentido, la secretaria de Arte y Cultura, Xochitl Flores, dio a conocer el programa de actividades de \u201cCamino Mictl\u00e1n, Jornada Cultural Solemne por los fallecidos durante la pandemia\u201d, el cual inici\u00f3 con el conversatorio antropol\u00f3gico denominado \u201cLa muerte: reflexiones en torno al duelo, ritos y cosmovisiones ancestrales\u201d, que incluy\u00f3 la&hellip;Leer m\u00e1s...","og_url":"https:\/\/www.aliadospuebla.com\/?p=47838","og_site_name":"AliadosPuebla","article_published_time":"2020-10-30T23:25:53+00:00","og_image":[{"width":600,"height":450,"url":"https:\/\/www.aliadospuebla.com\/web2017\/wp-content\/uploads\/2020\/10\/SAN-ANDRESZ.jpg","type":"image\/jpeg"}],"author":"Aliados Videos","twitter_card":"summary_large_image","twitter_misc":{"Escrito por":"Aliados Videos","Tiempo de lectura":"2 minutos"},"schema":{"@context":"https:\/\/schema.org","@graph":[{"@type":"Article","@id":"https:\/\/www.aliadospuebla.com\/?p=47838#article","isPartOf":{"@id":"https:\/\/www.aliadospuebla.com\/?p=47838"},"author":{"name":"Aliados Videos","@id":"https:\/\/www.aliadospuebla.com\/#\/schema\/person\/0fd017f23cc5c3f7988d5d58850eec8e"},"headline":"SECRETAR\u00cdA DE ARTE Y CULTURA DE SAN ANDR\u00c9S INICIA ACTIVIDADES DE \u201cCAMINO MICTL\u00c1N\u201d","datePublished":"2020-10-30T23:25:53+00:00","mainEntityOfPage":{"@id":"https:\/\/www.aliadospuebla.com\/?p=47838"},"wordCount":429,"commentCount":0,"image":{"@id":"https:\/\/www.aliadospuebla.com\/?p=47838#primaryimage"},"thumbnailUrl":"https:\/\/www.aliadospuebla.com\/web2017\/wp-content\/uploads\/2020\/10\/SAN-ANDRESZ.jpg","keywords":["capital","KARINA PP\u00c9REZ POPOCA","Puebla","REGIDORES","San Andr\u00e9s Cholula","turismo"],"articleSection":["Municipios"],"inLanguage":"es","potentialAction":[{"@type":"CommentAction","name":"Comment","target":["https:\/\/www.aliadospuebla.com\/?p=47838#respond"]}]},{"@type":"WebPage","@id":"https:\/\/www.aliadospuebla.com\/?p=47838","url":"https:\/\/www.aliadospuebla.com\/?p=47838","name":"SECRETAR\u00cdA DE ARTE Y CULTURA DE SAN ANDR\u00c9S INICIA ACTIVIDADES DE \u201cCAMINO MICTL\u00c1N\u201d - AliadosPuebla","isPartOf":{"@id":"https:\/\/www.aliadospuebla.com\/#website"},"primaryImageOfPage":{"@id":"https:\/\/www.aliadospuebla.com\/?p=47838#primaryimage"},"image":{"@id":"https:\/\/www.aliadospuebla.com\/?p=47838#primaryimage"},"thumbnailUrl":"https:\/\/www.aliadospuebla.com\/web2017\/wp-content\/uploads\/2020\/10\/SAN-ANDRESZ.jpg","datePublished":"2020-10-30T23:25:53+00:00","author":{"@id":"https:\/\/www.aliadospuebla.com\/#\/schema\/person\/0fd017f23cc5c3f7988d5d58850eec8e"},"breadcrumb":{"@id":"https:\/\/www.aliadospuebla.com\/?p=47838#breadcrumb"},"inLanguage":"es","potentialAction":[{"@type":"ReadAction","target":["https:\/\/www.aliadospuebla.com\/?p=47838"]}]},{"@type":"ImageObject","inLanguage":"es","@id":"https:\/\/www.aliadospuebla.com\/?p=47838#primaryimage","url":"https:\/\/www.aliadospuebla.com\/web2017\/wp-content\/uploads\/2020\/10\/SAN-ANDRESZ.jpg","contentUrl":"https:\/\/www.aliadospuebla.com\/web2017\/wp-content\/uploads\/2020\/10\/SAN-ANDRESZ.jpg","width":600,"height":450},{"@type":"BreadcrumbList","@id":"https:\/\/www.aliadospuebla.com\/?p=47838#breadcrumb","itemListElement":[{"@type":"ListItem","position":1,"name":"Portada","item":"https:\/\/www.aliadospuebla.com\/"},{"@type":"ListItem","position":2,"name":"SECRETAR\u00cdA DE ARTE Y CULTURA DE SAN ANDR\u00c9S INICIA ACTIVIDADES DE \u201cCAMINO MICTL\u00c1N\u201d"}]},{"@type":"WebSite","@id":"https:\/\/www.aliadospuebla.com\/#website","url":"https:\/\/www.aliadospuebla.com\/","name":"AliadosPuebla","description":"La informaci\u00f3n en tus manos","potentialAction":[{"@type":"SearchAction","target":{"@type":"EntryPoint","urlTemplate":"https:\/\/www.aliadospuebla.com\/?s={search_term_string}"},"query-input":{"@type":"PropertyValueSpecification","valueRequired":true,"valueName":"search_term_string"}}],"inLanguage":"es"},{"@type":"Person","@id":"https:\/\/www.aliadospuebla.com\/#\/schema\/person\/0fd017f23cc5c3f7988d5d58850eec8e","name":"Aliados Videos","image":{"@type":"ImageObject","inLanguage":"es","@id":"https:\/\/secure.gravatar.com\/avatar\/42b92de8b2d8339e1e824f3a73ab023a0bec0ee2e3920248085eb1f3160b4083?s=96&d=mm&r=g","url":"https:\/\/secure.gravatar.com\/avatar\/42b92de8b2d8339e1e824f3a73ab023a0bec0ee2e3920248085eb1f3160b4083?s=96&d=mm&r=g","contentUrl":"https:\/\/secure.gravatar.com\/avatar\/42b92de8b2d8339e1e824f3a73ab023a0bec0ee2e3920248085eb1f3160b4083?s=96&d=mm&r=g","caption":"Aliados Videos"},"url":"https:\/\/www.aliadospuebla.com\/?author=3"}]}},"views":10,"_links":{"self":[{"href":"https:\/\/www.aliadospuebla.com\/index.php?rest_route=\/wp\/v2\/posts\/47838","targetHints":{"allow":["GET"]}}],"collection":[{"href":"https:\/\/www.aliadospuebla.com\/index.php?rest_route=\/wp\/v2\/posts"}],"about":[{"href":"https:\/\/www.aliadospuebla.com\/index.php?rest_route=\/wp\/v2\/types\/post"}],"author":[{"embeddable":true,"href":"https:\/\/www.aliadospuebla.com\/index.php?rest_route=\/wp\/v2\/users\/3"}],"replies":[{"embeddable":true,"href":"https:\/\/www.aliadospuebla.com\/index.php?rest_route=%2Fwp%2Fv2%2Fcomments&post=47838"}],"version-history":[{"count":1,"href":"https:\/\/www.aliadospuebla.com\/index.php?rest_route=\/wp\/v2\/posts\/47838\/revisions"}],"predecessor-version":[{"id":47841,"href":"https:\/\/www.aliadospuebla.com\/index.php?rest_route=\/wp\/v2\/posts\/47838\/revisions\/47841"}],"wp:featuredmedia":[{"embeddable":true,"href":"https:\/\/www.aliadospuebla.com\/index.php?rest_route=\/wp\/v2\/media\/47840"}],"wp:attachment":[{"href":"https:\/\/www.aliadospuebla.com\/index.php?rest_route=%2Fwp%2Fv2%2Fmedia&parent=47838"}],"wp:term":[{"taxonomy":"category","embeddable":true,"href":"https:\/\/www.aliadospuebla.com\/index.php?rest_route=%2Fwp%2Fv2%2Fcategories&post=47838"},{"taxonomy":"post_tag","embeddable":true,"href":"https:\/\/www.aliadospuebla.com\/index.php?rest_route=%2Fwp%2Fv2%2Ftags&post=47838"}],"curies":[{"name":"wp","href":"https:\/\/api.w.org\/{rel}","templated":true}]}}