{"id":47784,"date":"2020-10-29T19:39:59","date_gmt":"2020-10-30T01:39:59","guid":{"rendered":"http:\/\/www.aliados17.com\/?p=47784"},"modified":"2020-10-29T19:39:59","modified_gmt":"2020-10-30T01:39:59","slug":"arte-y-cultura-de-san-andres-conmemora-el-dia-de-muertos-con-jornada-cultural-caminito-mictlan","status":"publish","type":"post","link":"https:\/\/www.aliadospuebla.com\/?p=47784","title":{"rendered":"ARTE Y CULTURA DE SAN ANDR\u00c9S CONMEMORA EL D\u00cdA DE MUERTOS CON JORNADA CULTURAL \u201cCAMINITO MICTL\u00c1N\u201d"},"content":{"rendered":"<p>En el marco de la conmemoraci\u00f3n del D\u00eda de Muertos, el Ayuntamiento, a trav\u00e9s de la Secretar\u00eda de Arte y Cultura, invita a las familias sanandrese\u00f1as a que formen parte de la jornada cultural solemne \u00abCaminito Mictl\u00e1n\u00bb, una producci\u00f3n pensada para la sana educaci\u00f3n y el entretenimiento de las ni\u00f1as y ni\u00f1os de nuestro municipio.<br \/>\nEstas presentaciones, pensadas para que la ni\u00f1ez conozca las costumbres y tradiciones de San Andr\u00e9s Cholula en temporada de Todos Santos, ser\u00e1n transmitidas en vivo por la p\u00e1gina de Facebook de la Secretar\u00eda de Arte y Cultura:<br \/>\nEste jueves 29 de octubre, se presentar\u00e1 la historia de \u201cAlas Multicolores\u201d, por el t\u00edtere-teatro Pipuppets.<br \/>\nEl viernes 30 de octubre, la banda de m\u00fasica \u201cLa Hormiga Juana\u201d cantar\u00e1 y entonar\u00e1 cuentos de una forma que gustar\u00e1 a chicos y grandes por igual.<br \/>\nAsimismo, el s\u00e1bado 31 de octubre se presentar\u00e1 el cortometraje \u201cLeyendas e historias de muertos\u201d.<br \/>\n\u201cCaminito Mictl\u00e1n\u201d finalizar\u00e1 el domingo 1 de noviembre con la realizaci\u00f3n de \u201cUna ma\u00f1ana de muertos para celebrar la vida\u201d con actividades como cuentos, danza, m\u00fasica y adivinanzas.<br \/>\nCon la jornada cultural \u00abCaminito Mictl\u00e1n\u00bb, se busca mantener vivas las tradiciones y usanzas que nos dan identidad, de forma virtual y segura para la comunidad.<br \/>\nVALORES QUE HACEN GOBIERNO<\/p>\n","protected":false},"excerpt":{"rendered":"<p>En el marco de la conmemoraci\u00f3n del D\u00eda de Muertos, el Ayuntamiento, a trav\u00e9s de la Secretar\u00eda de Arte y Cultura, invita a las familias sanandrese\u00f1as a que formen parte de la jornada cultural solemne \u00abCaminito Mictl\u00e1n\u00bb, una producci\u00f3n pensada para la sana educaci\u00f3n y el entretenimiento de las ni\u00f1as y ni\u00f1os de nuestro municipio. Estas presentaciones, pensadas para que la ni\u00f1ez conozca las costumbres y tradiciones de San Andr\u00e9s Cholula en temporada de Todos Santos, ser\u00e1n transmitidas en vivo por la p\u00e1gina de Facebook de la Secretar\u00eda de Arte y Cultura: Este jueves 29 de octubre, se presentar\u00e1 la historia de \u201cAlas Multicolores\u201d, por el t\u00edtere-teatro Pipuppets. El viernes 30 de octubre, la banda de m\u00fasica \u201cLa Hormiga Juana\u201d cantar\u00e1 y entonar\u00e1 cuentos de&hellip;<\/p>\n<p class=\"excerpt-more\"><a class=\"blog-excerpt button\" href=\"https:\/\/www.aliadospuebla.com\/?p=47784\">Leer m\u00e1s&#8230;<\/a><\/p>\n","protected":false},"author":2,"featured_media":47785,"comment_status":"open","ping_status":"open","sticky":false,"template":"","format":"standard","meta":{"_monsterinsights_skip_tracking":false,"footnotes":""},"categories":[4],"tags":[14573,2351,14708,84,631],"class_list":["post-47784","post","type-post","status-publish","format-standard","has-post-thumbnail","hentry","category-municipios","tag-camino-mictlan","tag-dia-de-muertos","tag-jornada-cultural","tag-san-andres-cholula","tag-tradiciones"],"yoast_head":"<!-- This site is optimized with the Yoast SEO plugin v28.4 - https:\/\/yoast.com\/product\/yoast-seo-wordpress\/ -->\n<title>ARTE Y CULTURA DE SAN ANDR\u00c9S CONMEMORA EL D\u00cdA DE MUERTOS CON JORNADA CULTURAL \u201cCAMINITO MICTL\u00c1N\u201d - AliadosPuebla<\/title>\n<meta name=\"robots\" content=\"index, follow, max-snippet:-1, max-image-preview:large, max-video-preview:-1\" \/>\n<link rel=\"canonical\" href=\"https:\/\/www.aliadospuebla.com\/?p=47784\" \/>\n<meta property=\"og:locale\" content=\"es_ES\" \/>\n<meta property=\"og:type\" content=\"article\" \/>\n<meta property=\"og:title\" content=\"ARTE Y CULTURA DE SAN ANDR\u00c9S CONMEMORA EL D\u00cdA DE MUERTOS CON JORNADA CULTURAL \u201cCAMINITO MICTL\u00c1N\u201d - AliadosPuebla\" \/>\n<meta property=\"og:description\" content=\"En el marco de la conmemoraci\u00f3n del D\u00eda de Muertos, el Ayuntamiento, a trav\u00e9s de la Secretar\u00eda de Arte y Cultura, invita a las familias sanandrese\u00f1as a que formen parte de la jornada cultural solemne \u00abCaminito Mictl\u00e1n\u00bb, una producci\u00f3n pensada para la sana educaci\u00f3n y el entretenimiento de las ni\u00f1as y ni\u00f1os de nuestro municipio. Estas presentaciones, pensadas para que la ni\u00f1ez conozca las costumbres y tradiciones de San Andr\u00e9s Cholula en temporada de Todos Santos, ser\u00e1n transmitidas en vivo por la p\u00e1gina de Facebook de la Secretar\u00eda de Arte y Cultura: Este jueves 29 de octubre, se presentar\u00e1 la historia de \u201cAlas Multicolores\u201d, por el t\u00edtere-teatro Pipuppets. El viernes 30 de octubre, la banda de m\u00fasica \u201cLa Hormiga Juana\u201d cantar\u00e1 y entonar\u00e1 cuentos de&hellip;Leer m\u00e1s...\" \/>\n<meta property=\"og:url\" content=\"https:\/\/www.aliadospuebla.com\/?p=47784\" \/>\n<meta property=\"og:site_name\" content=\"AliadosPuebla\" \/>\n<meta property=\"article:author\" content=\"https:\/\/www.facebook.com\/Aliados17Pue\" \/>\n<meta property=\"article:published_time\" content=\"2020-10-30T01:39:59+00:00\" \/>\n<meta property=\"og:image\" content=\"https:\/\/www.aliadospuebla.com\/web2017\/wp-content\/uploads\/2020\/10\/331-caminito-mictlan.jpg\" \/>\n\t<meta property=\"og:image:width\" content=\"600\" \/>\n\t<meta property=\"og:image:height\" content=\"450\" \/>\n\t<meta property=\"og:image:type\" content=\"image\/jpeg\" \/>\n<meta name=\"author\" content=\"Aliados17\" \/>\n<meta name=\"twitter:card\" content=\"summary_large_image\" \/>\n<meta name=\"twitter:creator\" content=\"@AliadosPuebla\" \/>\n<meta name=\"twitter:label1\" content=\"Escrito por\" \/>\n\t<meta name=\"twitter:data1\" content=\"Aliados17\" \/>\n\t<meta name=\"twitter:label2\" content=\"Tiempo de lectura\" \/>\n\t<meta name=\"twitter:data2\" content=\"1 minuto\" \/>\n<script type=\"application\/ld+json\" class=\"yoast-schema-graph\">{\"@context\":\"https:\\\/\\\/schema.org\",\"@graph\":[{\"@type\":\"Article\",\"@id\":\"https:\\\/\\\/www.aliadospuebla.com\\\/?p=47784#article\",\"isPartOf\":{\"@id\":\"https:\\\/\\\/www.aliadospuebla.com\\\/?p=47784\"},\"author\":{\"name\":\"Aliados17\",\"@id\":\"https:\\\/\\\/www.aliadospuebla.com\\\/#\\\/schema\\\/person\\\/5da7dd09320bd4f392b710017ed5f8ad\"},\"headline\":\"ARTE Y CULTURA DE SAN ANDR\u00c9S CONMEMORA EL D\u00cdA DE MUERTOS CON JORNADA CULTURAL \u201cCAMINITO MICTL\u00c1N\u201d\",\"datePublished\":\"2020-10-30T01:39:59+00:00\",\"mainEntityOfPage\":{\"@id\":\"https:\\\/\\\/www.aliadospuebla.com\\\/?p=47784\"},\"wordCount\":246,\"commentCount\":0,\"image\":{\"@id\":\"https:\\\/\\\/www.aliadospuebla.com\\\/?p=47784#primaryimage\"},\"thumbnailUrl\":\"https:\\\/\\\/www.aliadospuebla.com\\\/web2017\\\/wp-content\\\/uploads\\\/2020\\\/10\\\/331-caminito-mictlan.jpg\",\"keywords\":[\"Camino Mictl\u00e1n\",\"D\u00cdA DE MUERTOS\",\"jornada cultural\",\"San Andr\u00e9s Cholula\",\"TRADICIONES\"],\"articleSection\":[\"Municipios\"],\"inLanguage\":\"es\",\"potentialAction\":[{\"@type\":\"CommentAction\",\"name\":\"Comment\",\"target\":[\"https:\\\/\\\/www.aliadospuebla.com\\\/?p=47784#respond\"]}]},{\"@type\":\"WebPage\",\"@id\":\"https:\\\/\\\/www.aliadospuebla.com\\\/?p=47784\",\"url\":\"https:\\\/\\\/www.aliadospuebla.com\\\/?p=47784\",\"name\":\"ARTE Y CULTURA DE SAN ANDR\u00c9S CONMEMORA EL D\u00cdA DE MUERTOS CON JORNADA CULTURAL \u201cCAMINITO MICTL\u00c1N\u201d - AliadosPuebla\",\"isPartOf\":{\"@id\":\"https:\\\/\\\/www.aliadospuebla.com\\\/#website\"},\"primaryImageOfPage\":{\"@id\":\"https:\\\/\\\/www.aliadospuebla.com\\\/?p=47784#primaryimage\"},\"image\":{\"@id\":\"https:\\\/\\\/www.aliadospuebla.com\\\/?p=47784#primaryimage\"},\"thumbnailUrl\":\"https:\\\/\\\/www.aliadospuebla.com\\\/web2017\\\/wp-content\\\/uploads\\\/2020\\\/10\\\/331-caminito-mictlan.jpg\",\"datePublished\":\"2020-10-30T01:39:59+00:00\",\"author\":{\"@id\":\"https:\\\/\\\/www.aliadospuebla.com\\\/#\\\/schema\\\/person\\\/5da7dd09320bd4f392b710017ed5f8ad\"},\"breadcrumb\":{\"@id\":\"https:\\\/\\\/www.aliadospuebla.com\\\/?p=47784#breadcrumb\"},\"inLanguage\":\"es\",\"potentialAction\":[{\"@type\":\"ReadAction\",\"target\":[\"https:\\\/\\\/www.aliadospuebla.com\\\/?p=47784\"]}]},{\"@type\":\"ImageObject\",\"inLanguage\":\"es\",\"@id\":\"https:\\\/\\\/www.aliadospuebla.com\\\/?p=47784#primaryimage\",\"url\":\"https:\\\/\\\/www.aliadospuebla.com\\\/web2017\\\/wp-content\\\/uploads\\\/2020\\\/10\\\/331-caminito-mictlan.jpg\",\"contentUrl\":\"https:\\\/\\\/www.aliadospuebla.com\\\/web2017\\\/wp-content\\\/uploads\\\/2020\\\/10\\\/331-caminito-mictlan.jpg\",\"width\":600,\"height\":450},{\"@type\":\"BreadcrumbList\",\"@id\":\"https:\\\/\\\/www.aliadospuebla.com\\\/?p=47784#breadcrumb\",\"itemListElement\":[{\"@type\":\"ListItem\",\"position\":1,\"name\":\"Portada\",\"item\":\"https:\\\/\\\/www.aliadospuebla.com\\\/\"},{\"@type\":\"ListItem\",\"position\":2,\"name\":\"ARTE Y CULTURA DE SAN ANDR\u00c9S CONMEMORA EL D\u00cdA DE MUERTOS CON JORNADA CULTURAL \u201cCAMINITO MICTL\u00c1N\u201d\"}]},{\"@type\":\"WebSite\",\"@id\":\"https:\\\/\\\/www.aliadospuebla.com\\\/#website\",\"url\":\"https:\\\/\\\/www.aliadospuebla.com\\\/\",\"name\":\"AliadosPuebla\",\"description\":\"La informaci\u00f3n en tus manos\",\"potentialAction\":[{\"@type\":\"SearchAction\",\"target\":{\"@type\":\"EntryPoint\",\"urlTemplate\":\"https:\\\/\\\/www.aliadospuebla.com\\\/?s={search_term_string}\"},\"query-input\":{\"@type\":\"PropertyValueSpecification\",\"valueRequired\":true,\"valueName\":\"search_term_string\"}}],\"inLanguage\":\"es\"},{\"@type\":\"Person\",\"@id\":\"https:\\\/\\\/www.aliadospuebla.com\\\/#\\\/schema\\\/person\\\/5da7dd09320bd4f392b710017ed5f8ad\",\"name\":\"Aliados17\",\"image\":{\"@type\":\"ImageObject\",\"inLanguage\":\"es\",\"@id\":\"https:\\\/\\\/www.aliadospuebla.com\\\/web2017\\\/wp-content\\\/uploads\\\/2025\\\/03\\\/cropped-para-perfil-8-anos-1-96x96.jpg\",\"url\":\"https:\\\/\\\/www.aliadospuebla.com\\\/web2017\\\/wp-content\\\/uploads\\\/2025\\\/03\\\/cropped-para-perfil-8-anos-1-96x96.jpg\",\"contentUrl\":\"https:\\\/\\\/www.aliadospuebla.com\\\/web2017\\\/wp-content\\\/uploads\\\/2025\\\/03\\\/cropped-para-perfil-8-anos-1-96x96.jpg\",\"caption\":\"Aliados17\"},\"sameAs\":[\"https:\\\/\\\/www.aliados17.com\",\"https:\\\/\\\/www.facebook.com\\\/Aliados17Pue\",\"https:\\\/\\\/x.com\\\/AliadosPuebla\"],\"url\":\"https:\\\/\\\/www.aliadospuebla.com\\\/?author=2\"}]}<\/script>\n<!-- \/ Yoast SEO plugin. -->","yoast_head_json":{"title":"ARTE Y CULTURA DE SAN ANDR\u00c9S CONMEMORA EL D\u00cdA DE MUERTOS CON JORNADA CULTURAL \u201cCAMINITO MICTL\u00c1N\u201d - AliadosPuebla","robots":{"index":"index","follow":"follow","max-snippet":"max-snippet:-1","max-image-preview":"max-image-preview:large","max-video-preview":"max-video-preview:-1"},"canonical":"https:\/\/www.aliadospuebla.com\/?p=47784","og_locale":"es_ES","og_type":"article","og_title":"ARTE Y CULTURA DE SAN ANDR\u00c9S CONMEMORA EL D\u00cdA DE MUERTOS CON JORNADA CULTURAL \u201cCAMINITO MICTL\u00c1N\u201d - AliadosPuebla","og_description":"En el marco de la conmemoraci\u00f3n del D\u00eda de Muertos, el Ayuntamiento, a trav\u00e9s de la Secretar\u00eda de Arte y Cultura, invita a las familias sanandrese\u00f1as a que formen parte de la jornada cultural solemne \u00abCaminito Mictl\u00e1n\u00bb, una producci\u00f3n pensada para la sana educaci\u00f3n y el entretenimiento de las ni\u00f1as y ni\u00f1os de nuestro municipio. Estas presentaciones, pensadas para que la ni\u00f1ez conozca las costumbres y tradiciones de San Andr\u00e9s Cholula en temporada de Todos Santos, ser\u00e1n transmitidas en vivo por la p\u00e1gina de Facebook de la Secretar\u00eda de Arte y Cultura: Este jueves 29 de octubre, se presentar\u00e1 la historia de \u201cAlas Multicolores\u201d, por el t\u00edtere-teatro Pipuppets. El viernes 30 de octubre, la banda de m\u00fasica \u201cLa Hormiga Juana\u201d cantar\u00e1 y entonar\u00e1 cuentos de&hellip;Leer m\u00e1s...","og_url":"https:\/\/www.aliadospuebla.com\/?p=47784","og_site_name":"AliadosPuebla","article_author":"https:\/\/www.facebook.com\/Aliados17Pue","article_published_time":"2020-10-30T01:39:59+00:00","og_image":[{"width":600,"height":450,"url":"https:\/\/www.aliadospuebla.com\/web2017\/wp-content\/uploads\/2020\/10\/331-caminito-mictlan.jpg","type":"image\/jpeg"}],"author":"Aliados17","twitter_card":"summary_large_image","twitter_creator":"@AliadosPuebla","twitter_misc":{"Escrito por":"Aliados17","Tiempo de lectura":"1 minuto"},"schema":{"@context":"https:\/\/schema.org","@graph":[{"@type":"Article","@id":"https:\/\/www.aliadospuebla.com\/?p=47784#article","isPartOf":{"@id":"https:\/\/www.aliadospuebla.com\/?p=47784"},"author":{"name":"Aliados17","@id":"https:\/\/www.aliadospuebla.com\/#\/schema\/person\/5da7dd09320bd4f392b710017ed5f8ad"},"headline":"ARTE Y CULTURA DE SAN ANDR\u00c9S CONMEMORA EL D\u00cdA DE MUERTOS CON JORNADA CULTURAL \u201cCAMINITO MICTL\u00c1N\u201d","datePublished":"2020-10-30T01:39:59+00:00","mainEntityOfPage":{"@id":"https:\/\/www.aliadospuebla.com\/?p=47784"},"wordCount":246,"commentCount":0,"image":{"@id":"https:\/\/www.aliadospuebla.com\/?p=47784#primaryimage"},"thumbnailUrl":"https:\/\/www.aliadospuebla.com\/web2017\/wp-content\/uploads\/2020\/10\/331-caminito-mictlan.jpg","keywords":["Camino Mictl\u00e1n","D\u00cdA DE MUERTOS","jornada cultural","San Andr\u00e9s Cholula","TRADICIONES"],"articleSection":["Municipios"],"inLanguage":"es","potentialAction":[{"@type":"CommentAction","name":"Comment","target":["https:\/\/www.aliadospuebla.com\/?p=47784#respond"]}]},{"@type":"WebPage","@id":"https:\/\/www.aliadospuebla.com\/?p=47784","url":"https:\/\/www.aliadospuebla.com\/?p=47784","name":"ARTE Y CULTURA DE SAN ANDR\u00c9S CONMEMORA EL D\u00cdA DE MUERTOS CON JORNADA CULTURAL \u201cCAMINITO MICTL\u00c1N\u201d - AliadosPuebla","isPartOf":{"@id":"https:\/\/www.aliadospuebla.com\/#website"},"primaryImageOfPage":{"@id":"https:\/\/www.aliadospuebla.com\/?p=47784#primaryimage"},"image":{"@id":"https:\/\/www.aliadospuebla.com\/?p=47784#primaryimage"},"thumbnailUrl":"https:\/\/www.aliadospuebla.com\/web2017\/wp-content\/uploads\/2020\/10\/331-caminito-mictlan.jpg","datePublished":"2020-10-30T01:39:59+00:00","author":{"@id":"https:\/\/www.aliadospuebla.com\/#\/schema\/person\/5da7dd09320bd4f392b710017ed5f8ad"},"breadcrumb":{"@id":"https:\/\/www.aliadospuebla.com\/?p=47784#breadcrumb"},"inLanguage":"es","potentialAction":[{"@type":"ReadAction","target":["https:\/\/www.aliadospuebla.com\/?p=47784"]}]},{"@type":"ImageObject","inLanguage":"es","@id":"https:\/\/www.aliadospuebla.com\/?p=47784#primaryimage","url":"https:\/\/www.aliadospuebla.com\/web2017\/wp-content\/uploads\/2020\/10\/331-caminito-mictlan.jpg","contentUrl":"https:\/\/www.aliadospuebla.com\/web2017\/wp-content\/uploads\/2020\/10\/331-caminito-mictlan.jpg","width":600,"height":450},{"@type":"BreadcrumbList","@id":"https:\/\/www.aliadospuebla.com\/?p=47784#breadcrumb","itemListElement":[{"@type":"ListItem","position":1,"name":"Portada","item":"https:\/\/www.aliadospuebla.com\/"},{"@type":"ListItem","position":2,"name":"ARTE Y CULTURA DE SAN ANDR\u00c9S CONMEMORA EL D\u00cdA DE MUERTOS CON JORNADA CULTURAL \u201cCAMINITO MICTL\u00c1N\u201d"}]},{"@type":"WebSite","@id":"https:\/\/www.aliadospuebla.com\/#website","url":"https:\/\/www.aliadospuebla.com\/","name":"AliadosPuebla","description":"La informaci\u00f3n en tus manos","potentialAction":[{"@type":"SearchAction","target":{"@type":"EntryPoint","urlTemplate":"https:\/\/www.aliadospuebla.com\/?s={search_term_string}"},"query-input":{"@type":"PropertyValueSpecification","valueRequired":true,"valueName":"search_term_string"}}],"inLanguage":"es"},{"@type":"Person","@id":"https:\/\/www.aliadospuebla.com\/#\/schema\/person\/5da7dd09320bd4f392b710017ed5f8ad","name":"Aliados17","image":{"@type":"ImageObject","inLanguage":"es","@id":"https:\/\/www.aliadospuebla.com\/web2017\/wp-content\/uploads\/2025\/03\/cropped-para-perfil-8-anos-1-96x96.jpg","url":"https:\/\/www.aliadospuebla.com\/web2017\/wp-content\/uploads\/2025\/03\/cropped-para-perfil-8-anos-1-96x96.jpg","contentUrl":"https:\/\/www.aliadospuebla.com\/web2017\/wp-content\/uploads\/2025\/03\/cropped-para-perfil-8-anos-1-96x96.jpg","caption":"Aliados17"},"sameAs":["https:\/\/www.aliados17.com","https:\/\/www.facebook.com\/Aliados17Pue","https:\/\/x.com\/AliadosPuebla"],"url":"https:\/\/www.aliadospuebla.com\/?author=2"}]}},"views":17,"_links":{"self":[{"href":"https:\/\/www.aliadospuebla.com\/index.php?rest_route=\/wp\/v2\/posts\/47784","targetHints":{"allow":["GET"]}}],"collection":[{"href":"https:\/\/www.aliadospuebla.com\/index.php?rest_route=\/wp\/v2\/posts"}],"about":[{"href":"https:\/\/www.aliadospuebla.com\/index.php?rest_route=\/wp\/v2\/types\/post"}],"author":[{"embeddable":true,"href":"https:\/\/www.aliadospuebla.com\/index.php?rest_route=\/wp\/v2\/users\/2"}],"replies":[{"embeddable":true,"href":"https:\/\/www.aliadospuebla.com\/index.php?rest_route=%2Fwp%2Fv2%2Fcomments&post=47784"}],"version-history":[{"count":1,"href":"https:\/\/www.aliadospuebla.com\/index.php?rest_route=\/wp\/v2\/posts\/47784\/revisions"}],"predecessor-version":[{"id":47786,"href":"https:\/\/www.aliadospuebla.com\/index.php?rest_route=\/wp\/v2\/posts\/47784\/revisions\/47786"}],"wp:featuredmedia":[{"embeddable":true,"href":"https:\/\/www.aliadospuebla.com\/index.php?rest_route=\/wp\/v2\/media\/47785"}],"wp:attachment":[{"href":"https:\/\/www.aliadospuebla.com\/index.php?rest_route=%2Fwp%2Fv2%2Fmedia&parent=47784"}],"wp:term":[{"taxonomy":"category","embeddable":true,"href":"https:\/\/www.aliadospuebla.com\/index.php?rest_route=%2Fwp%2Fv2%2Fcategories&post=47784"},{"taxonomy":"post_tag","embeddable":true,"href":"https:\/\/www.aliadospuebla.com\/index.php?rest_route=%2Fwp%2Fv2%2Ftags&post=47784"}],"curies":[{"name":"wp","href":"https:\/\/api.w.org\/{rel}","templated":true}]}}