{"id":47778,"date":"2020-10-29T19:23:37","date_gmt":"2020-10-30T01:23:37","guid":{"rendered":"http:\/\/www.aliados17.com\/?p=47778"},"modified":"2020-10-29T19:23:37","modified_gmt":"2020-10-30T01:23:37","slug":"participa-karina-perez-popoca-en-clausura-del-tercer-encuentro-ciudades-sanas-2030","status":"publish","type":"post","link":"https:\/\/www.aliadospuebla.com\/?p=47778","title":{"rendered":"PARTICIPA KARINA P\u00c9REZ POPOCA EN CLAUSURA DEL \u00abTERCER ENCUENTRO CIUDADES SANAS 2030\u00bb"},"content":{"rendered":"<p>Este jueves, la presidenta municipal Karina P\u00e9rez Popoca particip\u00f3 en la clausura del \u00abTercer Encuentro Ciudades Sanas 2030\u00bb que organiz\u00f3 la Fundaci\u00f3n CIUDADES 2030 Ciudades en Movimiento, desde la ciudad de Concepci\u00f3n, Chile, uni\u00e9ndose a trav\u00e9s de plataforma digitales.<br \/>\nEn su mensaje en el cierre de este evento, la edil sanandrese\u00f1a agradeci\u00f3 la invitaci\u00f3n y el espacio para exponer la experiencia de San Andr\u00e9s Cholula en el reto de construir una ciudad con visi\u00f3n de respeto al medio ambiente.<br \/>\nDestac\u00f3 la necesidad de recuperar el sentido humano en la planeaci\u00f3n urbana de todas las ciudades, pues solamente a trav\u00e9s de la construcci\u00f3n de espacios sanos se mejorar\u00e1n las condiciones de vida de cualquier ciudadano.<br \/>\nKarina P\u00e9rez Popoca afirm\u00f3 que fue muy enriquecedor escuchar los puntos de vista de los participantes en el foro, coincidiendo la importancia de escuchar a la sociedad para tener una planeaci\u00f3n urbana sustentable.<br \/>\nEn este sentido, P\u00e9rez Popoca explic\u00f3 que en San Andr\u00e9s Cholula se impulsa un nuevo Programa de Desarrollo Urbano como resultado de las mesas de di\u00e1logo con los pueblos originarios del municipio, ello para el respeto a la tierra y la cosmovisi\u00f3n de cada uno.<br \/>\nPor su parte, Edmundo Hern\u00e1ndez, CEO y fundador de Fundaci\u00f3n CIUDADES 2030 Ciudades en Movimiento, agradeci\u00f3 la participaci\u00f3n y sensibilidad de la presidenta Karina P\u00e9rez Popoca para el di\u00e1logo en el que la suma de ideas y experiencias enriquecen cada una de las visiones para el trabajo de las Ciudades Sanas.<br \/>\nEn esta clausura participaron Ricardo Jord\u00e1n, Agenda Urbana Estrat\u00e9gica Abierta con foco en CIUDADES SANAS 2030; y Rafael Vera, alcalde de la Municipalidad de Vicu\u00f1a, Chile.<br \/>\nVALORES QUE HACEN GOBIERNO<\/p>\n","protected":false},"excerpt":{"rendered":"<p>Este jueves, la presidenta municipal Karina P\u00e9rez Popoca particip\u00f3 en la clausura del \u00abTercer Encuentro Ciudades Sanas 2030\u00bb que organiz\u00f3 la Fundaci\u00f3n CIUDADES 2030 Ciudades en Movimiento, desde la ciudad de Concepci\u00f3n, Chile, uni\u00e9ndose a trav\u00e9s de plataforma digitales. En su mensaje en el cierre de este evento, la edil sanandrese\u00f1a agradeci\u00f3 la invitaci\u00f3n y el espacio para exponer la experiencia de San Andr\u00e9s Cholula en el reto de construir una ciudad con visi\u00f3n de respeto al medio ambiente. Destac\u00f3 la necesidad de recuperar el sentido humano en la planeaci\u00f3n urbana de todas las ciudades, pues solamente a trav\u00e9s de la construcci\u00f3n de espacios sanos se mejorar\u00e1n las condiciones de vida de cualquier ciudadano. Karina P\u00e9rez Popoca afirm\u00f3 que fue muy enriquecedor escuchar los puntos&hellip;<\/p>\n<p class=\"excerpt-more\"><a class=\"blog-excerpt button\" href=\"https:\/\/www.aliadospuebla.com\/?p=47778\">Leer m\u00e1s&#8230;<\/a><\/p>\n","protected":false},"author":2,"featured_media":47779,"comment_status":"open","ping_status":"open","sticky":false,"template":"","format":"standard","meta":{"_monsterinsights_skip_tracking":false,"footnotes":""},"categories":[4],"tags":[14673,6517,14674,600],"class_list":["post-47778","post","type-post","status-publish","format-standard","has-post-thumbnail","hentry","category-municipios","tag-ciudades-sanas","tag-karina-perez-popoca","tag-tercer-encuentro","tag-valores"],"yoast_head":"<!-- This site is optimized with the Yoast SEO plugin v28.4 - https:\/\/yoast.com\/product\/yoast-seo-wordpress\/ -->\n<title>PARTICIPA KARINA P\u00c9REZ POPOCA EN CLAUSURA DEL &quot;TERCER ENCUENTRO CIUDADES SANAS 2030&quot; - AliadosPuebla<\/title>\n<meta name=\"robots\" content=\"index, follow, max-snippet:-1, max-image-preview:large, max-video-preview:-1\" \/>\n<link rel=\"canonical\" href=\"https:\/\/www.aliadospuebla.com\/?p=47778\" \/>\n<meta property=\"og:locale\" content=\"es_ES\" \/>\n<meta property=\"og:type\" content=\"article\" \/>\n<meta property=\"og:title\" content=\"PARTICIPA KARINA P\u00c9REZ POPOCA EN CLAUSURA DEL &quot;TERCER ENCUENTRO CIUDADES SANAS 2030&quot; - AliadosPuebla\" \/>\n<meta property=\"og:description\" content=\"Este jueves, la presidenta municipal Karina P\u00e9rez Popoca particip\u00f3 en la clausura del \u00abTercer Encuentro Ciudades Sanas 2030\u00bb que organiz\u00f3 la Fundaci\u00f3n CIUDADES 2030 Ciudades en Movimiento, desde la ciudad de Concepci\u00f3n, Chile, uni\u00e9ndose a trav\u00e9s de plataforma digitales. En su mensaje en el cierre de este evento, la edil sanandrese\u00f1a agradeci\u00f3 la invitaci\u00f3n y el espacio para exponer la experiencia de San Andr\u00e9s Cholula en el reto de construir una ciudad con visi\u00f3n de respeto al medio ambiente. Destac\u00f3 la necesidad de recuperar el sentido humano en la planeaci\u00f3n urbana de todas las ciudades, pues solamente a trav\u00e9s de la construcci\u00f3n de espacios sanos se mejorar\u00e1n las condiciones de vida de cualquier ciudadano. Karina P\u00e9rez Popoca afirm\u00f3 que fue muy enriquecedor escuchar los puntos&hellip;Leer m\u00e1s...\" \/>\n<meta property=\"og:url\" content=\"https:\/\/www.aliadospuebla.com\/?p=47778\" \/>\n<meta property=\"og:site_name\" content=\"AliadosPuebla\" \/>\n<meta property=\"article:author\" content=\"https:\/\/www.facebook.com\/Aliados17Pue\" \/>\n<meta property=\"article:published_time\" content=\"2020-10-30T01:23:37+00:00\" \/>\n<meta property=\"og:image\" content=\"https:\/\/www.aliadospuebla.com\/web2017\/wp-content\/uploads\/2020\/10\/329-Karina.jpg\" \/>\n\t<meta property=\"og:image:width\" content=\"600\" \/>\n\t<meta property=\"og:image:height\" content=\"450\" \/>\n\t<meta property=\"og:image:type\" content=\"image\/jpeg\" \/>\n<meta name=\"author\" content=\"Aliados17\" \/>\n<meta name=\"twitter:card\" content=\"summary_large_image\" \/>\n<meta name=\"twitter:creator\" content=\"@AliadosPuebla\" \/>\n<meta name=\"twitter:label1\" content=\"Escrito por\" \/>\n\t<meta name=\"twitter:data1\" content=\"Aliados17\" \/>\n\t<meta name=\"twitter:label2\" content=\"Tiempo de lectura\" \/>\n\t<meta name=\"twitter:data2\" content=\"1 minuto\" \/>\n<script type=\"application\/ld+json\" class=\"yoast-schema-graph\">{\"@context\":\"https:\\\/\\\/schema.org\",\"@graph\":[{\"@type\":\"Article\",\"@id\":\"https:\\\/\\\/www.aliadospuebla.com\\\/?p=47778#article\",\"isPartOf\":{\"@id\":\"https:\\\/\\\/www.aliadospuebla.com\\\/?p=47778\"},\"author\":{\"name\":\"Aliados17\",\"@id\":\"https:\\\/\\\/www.aliadospuebla.com\\\/#\\\/schema\\\/person\\\/5da7dd09320bd4f392b710017ed5f8ad\"},\"headline\":\"PARTICIPA KARINA P\u00c9REZ POPOCA EN CLAUSURA DEL \u00abTERCER ENCUENTRO CIUDADES SANAS 2030\u00bb\",\"datePublished\":\"2020-10-30T01:23:37+00:00\",\"mainEntityOfPage\":{\"@id\":\"https:\\\/\\\/www.aliadospuebla.com\\\/?p=47778\"},\"wordCount\":308,\"commentCount\":0,\"image\":{\"@id\":\"https:\\\/\\\/www.aliadospuebla.com\\\/?p=47778#primaryimage\"},\"thumbnailUrl\":\"https:\\\/\\\/www.aliadospuebla.com\\\/web2017\\\/wp-content\\\/uploads\\\/2020\\\/10\\\/329-Karina.jpg\",\"keywords\":[\"ciudades sanas\",\"KARINA P\u00c9REZ POPOCA\",\"tercer encuentro\",\"VALORES\"],\"articleSection\":[\"Municipios\"],\"inLanguage\":\"es\",\"potentialAction\":[{\"@type\":\"CommentAction\",\"name\":\"Comment\",\"target\":[\"https:\\\/\\\/www.aliadospuebla.com\\\/?p=47778#respond\"]}]},{\"@type\":\"WebPage\",\"@id\":\"https:\\\/\\\/www.aliadospuebla.com\\\/?p=47778\",\"url\":\"https:\\\/\\\/www.aliadospuebla.com\\\/?p=47778\",\"name\":\"PARTICIPA KARINA P\u00c9REZ POPOCA EN CLAUSURA DEL \\\"TERCER ENCUENTRO CIUDADES SANAS 2030\\\" - AliadosPuebla\",\"isPartOf\":{\"@id\":\"https:\\\/\\\/www.aliadospuebla.com\\\/#website\"},\"primaryImageOfPage\":{\"@id\":\"https:\\\/\\\/www.aliadospuebla.com\\\/?p=47778#primaryimage\"},\"image\":{\"@id\":\"https:\\\/\\\/www.aliadospuebla.com\\\/?p=47778#primaryimage\"},\"thumbnailUrl\":\"https:\\\/\\\/www.aliadospuebla.com\\\/web2017\\\/wp-content\\\/uploads\\\/2020\\\/10\\\/329-Karina.jpg\",\"datePublished\":\"2020-10-30T01:23:37+00:00\",\"author\":{\"@id\":\"https:\\\/\\\/www.aliadospuebla.com\\\/#\\\/schema\\\/person\\\/5da7dd09320bd4f392b710017ed5f8ad\"},\"breadcrumb\":{\"@id\":\"https:\\\/\\\/www.aliadospuebla.com\\\/?p=47778#breadcrumb\"},\"inLanguage\":\"es\",\"potentialAction\":[{\"@type\":\"ReadAction\",\"target\":[\"https:\\\/\\\/www.aliadospuebla.com\\\/?p=47778\"]}]},{\"@type\":\"ImageObject\",\"inLanguage\":\"es\",\"@id\":\"https:\\\/\\\/www.aliadospuebla.com\\\/?p=47778#primaryimage\",\"url\":\"https:\\\/\\\/www.aliadospuebla.com\\\/web2017\\\/wp-content\\\/uploads\\\/2020\\\/10\\\/329-Karina.jpg\",\"contentUrl\":\"https:\\\/\\\/www.aliadospuebla.com\\\/web2017\\\/wp-content\\\/uploads\\\/2020\\\/10\\\/329-Karina.jpg\",\"width\":600,\"height\":450},{\"@type\":\"BreadcrumbList\",\"@id\":\"https:\\\/\\\/www.aliadospuebla.com\\\/?p=47778#breadcrumb\",\"itemListElement\":[{\"@type\":\"ListItem\",\"position\":1,\"name\":\"Portada\",\"item\":\"https:\\\/\\\/www.aliadospuebla.com\\\/\"},{\"@type\":\"ListItem\",\"position\":2,\"name\":\"PARTICIPA KARINA P\u00c9REZ POPOCA EN CLAUSURA DEL \u00abTERCER ENCUENTRO CIUDADES SANAS 2030\u00bb\"}]},{\"@type\":\"WebSite\",\"@id\":\"https:\\\/\\\/www.aliadospuebla.com\\\/#website\",\"url\":\"https:\\\/\\\/www.aliadospuebla.com\\\/\",\"name\":\"AliadosPuebla\",\"description\":\"La informaci\u00f3n en tus manos\",\"potentialAction\":[{\"@type\":\"SearchAction\",\"target\":{\"@type\":\"EntryPoint\",\"urlTemplate\":\"https:\\\/\\\/www.aliadospuebla.com\\\/?s={search_term_string}\"},\"query-input\":{\"@type\":\"PropertyValueSpecification\",\"valueRequired\":true,\"valueName\":\"search_term_string\"}}],\"inLanguage\":\"es\"},{\"@type\":\"Person\",\"@id\":\"https:\\\/\\\/www.aliadospuebla.com\\\/#\\\/schema\\\/person\\\/5da7dd09320bd4f392b710017ed5f8ad\",\"name\":\"Aliados17\",\"image\":{\"@type\":\"ImageObject\",\"inLanguage\":\"es\",\"@id\":\"https:\\\/\\\/www.aliadospuebla.com\\\/web2017\\\/wp-content\\\/uploads\\\/2025\\\/03\\\/cropped-para-perfil-8-anos-1-96x96.jpg\",\"url\":\"https:\\\/\\\/www.aliadospuebla.com\\\/web2017\\\/wp-content\\\/uploads\\\/2025\\\/03\\\/cropped-para-perfil-8-anos-1-96x96.jpg\",\"contentUrl\":\"https:\\\/\\\/www.aliadospuebla.com\\\/web2017\\\/wp-content\\\/uploads\\\/2025\\\/03\\\/cropped-para-perfil-8-anos-1-96x96.jpg\",\"caption\":\"Aliados17\"},\"sameAs\":[\"https:\\\/\\\/www.aliados17.com\",\"https:\\\/\\\/www.facebook.com\\\/Aliados17Pue\",\"https:\\\/\\\/x.com\\\/AliadosPuebla\"],\"url\":\"https:\\\/\\\/www.aliadospuebla.com\\\/?author=2\"}]}<\/script>\n<!-- \/ Yoast SEO plugin. -->","yoast_head_json":{"title":"PARTICIPA KARINA P\u00c9REZ POPOCA EN CLAUSURA DEL \"TERCER ENCUENTRO CIUDADES SANAS 2030\" - AliadosPuebla","robots":{"index":"index","follow":"follow","max-snippet":"max-snippet:-1","max-image-preview":"max-image-preview:large","max-video-preview":"max-video-preview:-1"},"canonical":"https:\/\/www.aliadospuebla.com\/?p=47778","og_locale":"es_ES","og_type":"article","og_title":"PARTICIPA KARINA P\u00c9REZ POPOCA EN CLAUSURA DEL \"TERCER ENCUENTRO CIUDADES SANAS 2030\" - AliadosPuebla","og_description":"Este jueves, la presidenta municipal Karina P\u00e9rez Popoca particip\u00f3 en la clausura del \u00abTercer Encuentro Ciudades Sanas 2030\u00bb que organiz\u00f3 la Fundaci\u00f3n CIUDADES 2030 Ciudades en Movimiento, desde la ciudad de Concepci\u00f3n, Chile, uni\u00e9ndose a trav\u00e9s de plataforma digitales. En su mensaje en el cierre de este evento, la edil sanandrese\u00f1a agradeci\u00f3 la invitaci\u00f3n y el espacio para exponer la experiencia de San Andr\u00e9s Cholula en el reto de construir una ciudad con visi\u00f3n de respeto al medio ambiente. Destac\u00f3 la necesidad de recuperar el sentido humano en la planeaci\u00f3n urbana de todas las ciudades, pues solamente a trav\u00e9s de la construcci\u00f3n de espacios sanos se mejorar\u00e1n las condiciones de vida de cualquier ciudadano. Karina P\u00e9rez Popoca afirm\u00f3 que fue muy enriquecedor escuchar los puntos&hellip;Leer m\u00e1s...","og_url":"https:\/\/www.aliadospuebla.com\/?p=47778","og_site_name":"AliadosPuebla","article_author":"https:\/\/www.facebook.com\/Aliados17Pue","article_published_time":"2020-10-30T01:23:37+00:00","og_image":[{"width":600,"height":450,"url":"https:\/\/www.aliadospuebla.com\/web2017\/wp-content\/uploads\/2020\/10\/329-Karina.jpg","type":"image\/jpeg"}],"author":"Aliados17","twitter_card":"summary_large_image","twitter_creator":"@AliadosPuebla","twitter_misc":{"Escrito por":"Aliados17","Tiempo de lectura":"1 minuto"},"schema":{"@context":"https:\/\/schema.org","@graph":[{"@type":"Article","@id":"https:\/\/www.aliadospuebla.com\/?p=47778#article","isPartOf":{"@id":"https:\/\/www.aliadospuebla.com\/?p=47778"},"author":{"name":"Aliados17","@id":"https:\/\/www.aliadospuebla.com\/#\/schema\/person\/5da7dd09320bd4f392b710017ed5f8ad"},"headline":"PARTICIPA KARINA P\u00c9REZ POPOCA EN CLAUSURA DEL \u00abTERCER ENCUENTRO CIUDADES SANAS 2030\u00bb","datePublished":"2020-10-30T01:23:37+00:00","mainEntityOfPage":{"@id":"https:\/\/www.aliadospuebla.com\/?p=47778"},"wordCount":308,"commentCount":0,"image":{"@id":"https:\/\/www.aliadospuebla.com\/?p=47778#primaryimage"},"thumbnailUrl":"https:\/\/www.aliadospuebla.com\/web2017\/wp-content\/uploads\/2020\/10\/329-Karina.jpg","keywords":["ciudades sanas","KARINA P\u00c9REZ POPOCA","tercer encuentro","VALORES"],"articleSection":["Municipios"],"inLanguage":"es","potentialAction":[{"@type":"CommentAction","name":"Comment","target":["https:\/\/www.aliadospuebla.com\/?p=47778#respond"]}]},{"@type":"WebPage","@id":"https:\/\/www.aliadospuebla.com\/?p=47778","url":"https:\/\/www.aliadospuebla.com\/?p=47778","name":"PARTICIPA KARINA P\u00c9REZ POPOCA EN CLAUSURA DEL \"TERCER ENCUENTRO CIUDADES SANAS 2030\" - AliadosPuebla","isPartOf":{"@id":"https:\/\/www.aliadospuebla.com\/#website"},"primaryImageOfPage":{"@id":"https:\/\/www.aliadospuebla.com\/?p=47778#primaryimage"},"image":{"@id":"https:\/\/www.aliadospuebla.com\/?p=47778#primaryimage"},"thumbnailUrl":"https:\/\/www.aliadospuebla.com\/web2017\/wp-content\/uploads\/2020\/10\/329-Karina.jpg","datePublished":"2020-10-30T01:23:37+00:00","author":{"@id":"https:\/\/www.aliadospuebla.com\/#\/schema\/person\/5da7dd09320bd4f392b710017ed5f8ad"},"breadcrumb":{"@id":"https:\/\/www.aliadospuebla.com\/?p=47778#breadcrumb"},"inLanguage":"es","potentialAction":[{"@type":"ReadAction","target":["https:\/\/www.aliadospuebla.com\/?p=47778"]}]},{"@type":"ImageObject","inLanguage":"es","@id":"https:\/\/www.aliadospuebla.com\/?p=47778#primaryimage","url":"https:\/\/www.aliadospuebla.com\/web2017\/wp-content\/uploads\/2020\/10\/329-Karina.jpg","contentUrl":"https:\/\/www.aliadospuebla.com\/web2017\/wp-content\/uploads\/2020\/10\/329-Karina.jpg","width":600,"height":450},{"@type":"BreadcrumbList","@id":"https:\/\/www.aliadospuebla.com\/?p=47778#breadcrumb","itemListElement":[{"@type":"ListItem","position":1,"name":"Portada","item":"https:\/\/www.aliadospuebla.com\/"},{"@type":"ListItem","position":2,"name":"PARTICIPA KARINA P\u00c9REZ POPOCA EN CLAUSURA DEL \u00abTERCER ENCUENTRO CIUDADES SANAS 2030\u00bb"}]},{"@type":"WebSite","@id":"https:\/\/www.aliadospuebla.com\/#website","url":"https:\/\/www.aliadospuebla.com\/","name":"AliadosPuebla","description":"La informaci\u00f3n en tus manos","potentialAction":[{"@type":"SearchAction","target":{"@type":"EntryPoint","urlTemplate":"https:\/\/www.aliadospuebla.com\/?s={search_term_string}"},"query-input":{"@type":"PropertyValueSpecification","valueRequired":true,"valueName":"search_term_string"}}],"inLanguage":"es"},{"@type":"Person","@id":"https:\/\/www.aliadospuebla.com\/#\/schema\/person\/5da7dd09320bd4f392b710017ed5f8ad","name":"Aliados17","image":{"@type":"ImageObject","inLanguage":"es","@id":"https:\/\/www.aliadospuebla.com\/web2017\/wp-content\/uploads\/2025\/03\/cropped-para-perfil-8-anos-1-96x96.jpg","url":"https:\/\/www.aliadospuebla.com\/web2017\/wp-content\/uploads\/2025\/03\/cropped-para-perfil-8-anos-1-96x96.jpg","contentUrl":"https:\/\/www.aliadospuebla.com\/web2017\/wp-content\/uploads\/2025\/03\/cropped-para-perfil-8-anos-1-96x96.jpg","caption":"Aliados17"},"sameAs":["https:\/\/www.aliados17.com","https:\/\/www.facebook.com\/Aliados17Pue","https:\/\/x.com\/AliadosPuebla"],"url":"https:\/\/www.aliadospuebla.com\/?author=2"}]}},"views":16,"_links":{"self":[{"href":"https:\/\/www.aliadospuebla.com\/index.php?rest_route=\/wp\/v2\/posts\/47778","targetHints":{"allow":["GET"]}}],"collection":[{"href":"https:\/\/www.aliadospuebla.com\/index.php?rest_route=\/wp\/v2\/posts"}],"about":[{"href":"https:\/\/www.aliadospuebla.com\/index.php?rest_route=\/wp\/v2\/types\/post"}],"author":[{"embeddable":true,"href":"https:\/\/www.aliadospuebla.com\/index.php?rest_route=\/wp\/v2\/users\/2"}],"replies":[{"embeddable":true,"href":"https:\/\/www.aliadospuebla.com\/index.php?rest_route=%2Fwp%2Fv2%2Fcomments&post=47778"}],"version-history":[{"count":1,"href":"https:\/\/www.aliadospuebla.com\/index.php?rest_route=\/wp\/v2\/posts\/47778\/revisions"}],"predecessor-version":[{"id":47780,"href":"https:\/\/www.aliadospuebla.com\/index.php?rest_route=\/wp\/v2\/posts\/47778\/revisions\/47780"}],"wp:featuredmedia":[{"embeddable":true,"href":"https:\/\/www.aliadospuebla.com\/index.php?rest_route=\/wp\/v2\/media\/47779"}],"wp:attachment":[{"href":"https:\/\/www.aliadospuebla.com\/index.php?rest_route=%2Fwp%2Fv2%2Fmedia&parent=47778"}],"wp:term":[{"taxonomy":"category","embeddable":true,"href":"https:\/\/www.aliadospuebla.com\/index.php?rest_route=%2Fwp%2Fv2%2Fcategories&post=47778"},{"taxonomy":"post_tag","embeddable":true,"href":"https:\/\/www.aliadospuebla.com\/index.php?rest_route=%2Fwp%2Fv2%2Ftags&post=47778"}],"curies":[{"name":"wp","href":"https:\/\/api.w.org\/{rel}","templated":true}]}}