{"id":47741,"date":"2020-10-28T20:07:37","date_gmt":"2020-10-29T02:07:37","guid":{"rendered":"http:\/\/www.aliados17.com\/?p=47741"},"modified":"2020-10-28T20:07:37","modified_gmt":"2020-10-29T02:07:37","slug":"pri-el-partido-que-ha-llevado-desarrollo-a-la-mixteca-camarillo","status":"publish","type":"post","link":"https:\/\/www.aliadospuebla.com\/?p=47741","title":{"rendered":"PRI, el partido que ha llevado desarrollo a la Mixteca: Camarillo"},"content":{"rendered":"<p>El Partido Revolucionario Institucional (PRI), a trav\u00e9s de sus gobiernos municipales y legisladores locales y federales, ha llevado desarrollo a la Regi\u00f3n Mixteca \u00aby los mixtecos, de esta y anteriores generaciones, lo saben y lo reconocen\u00bb, asegur\u00f3 el presidente del Comit\u00e9 Directivo Estatal (CDE), N\u00e9stor Camarillo Medina, al tomar protesta a 19 Comit\u00e9s Municipales pri\u00edstas en esta zona del estado de Puebla.<br \/>\nDe gira, entre martes y mi\u00e9rcoles, acompa\u00f1ado por la secretaria general, Isabel Merlo Talavera, el l\u00edder del tricolor poblano record\u00f3 que muchas de las carreteras, obras y beneficios en esta regi\u00f3n del estado los aport\u00f3, en su momento, el PRI y lo hace cotidianamente en los municipios que actualmente gobierna.<br \/>\n\u201cEsta tierra ha dado grandes pol\u00edticos, gobernantes, legisladores y funcionarios p\u00fablicos pri\u00edstas, que han servido a su tierra y a sus paisanos\u201d, sentenci\u00f3 en Acatl\u00e1n de Osorio.<br \/>\nAsegur\u00f3 que la gente sabe bien que, cuando gobierna el tricolor o cuando los diputados, locales y federales, son pri\u00edstas, hay progreso y mejores condiciones de vida en sus comunidades y en sus hogares.<br \/>\nN\u00e9stor Camarillo cit\u00f3 a Luis Donaldo Colosio Murrieta: \u201cprimero el proyecto y luego las personas\u201d, dijo al convocar a los pri\u00edstas mixtecos a cerrar filas y unirse, para concretar los triunfos en los procesos electoral local y federal de 2021.<br \/>\nEn tanto, la secretaria general Isabel Merlo ponder\u00f3 el esfuerzo de los alcaldes y las alcaldesas pri\u00edstas de la Regi\u00f3n Mixteca, quienes est\u00e1n dando resultados en sus municipios.<br \/>\nEntre martes y mi\u00e9rcoles, Camarillo y Talavera tomaron protesta a los Comit\u00e9s Municipales de Acatl\u00e1n de Osorio, Chila de las Flores, Guadalupe Santa Ana, Petlalcingo, Piaxtla, San Jer\u00f3nimo Xayacatl\u00e1n, San Miguel Ixitl\u00e1n, San Pablo Anicano, San Pedro Yeloixtlahuaca, Tehuitzingo, Toltepec de Guerrero, Xayacatl\u00e1n de Bravo, Chiautla, Albino Zertuche, Huehuetl\u00e1n El Chico, Jolalpan, Cohetzala, Chila de la Sal y Xicotl\u00e1n.<\/p>\n","protected":false},"excerpt":{"rendered":"<p>El Partido Revolucionario Institucional (PRI), a trav\u00e9s de sus gobiernos municipales y legisladores locales y federales, ha llevado desarrollo a la Regi\u00f3n Mixteca \u00aby los mixtecos, de esta y anteriores generaciones, lo saben y lo reconocen\u00bb, asegur\u00f3 el presidente del Comit\u00e9 Directivo Estatal (CDE), N\u00e9stor Camarillo Medina, al tomar protesta a 19 Comit\u00e9s Municipales pri\u00edstas en esta zona del estado de Puebla. De gira, entre martes y mi\u00e9rcoles, acompa\u00f1ado por la secretaria general, Isabel Merlo Talavera, el l\u00edder del tricolor poblano record\u00f3 que muchas de las carreteras, obras y beneficios en esta regi\u00f3n del estado los aport\u00f3, en su momento, el PRI y lo hace cotidianamente en los municipios que actualmente gobierna. \u201cEsta tierra ha dado grandes pol\u00edticos, gobernantes, legisladores y funcionarios p\u00fablicos pri\u00edstas, que&hellip;<\/p>\n<p class=\"excerpt-more\"><a class=\"blog-excerpt button\" href=\"https:\/\/www.aliadospuebla.com\/?p=47741\">Leer m\u00e1s&#8230;<\/a><\/p>\n","protected":false},"author":2,"featured_media":47742,"comment_status":"open","ping_status":"open","sticky":false,"template":"","format":"standard","meta":{"_monsterinsights_skip_tracking":false,"footnotes":""},"categories":[6],"tags":[14608,12846,1254,12869,4282],"class_list":["post-47741","post","type-post","status-publish","format-standard","has-post-thumbnail","hentry","category-politica","tag-comites-municipales","tag-elecciones-2021","tag-mixteca","tag-nestor-camarillo-medina","tag-pri-puebla"],"yoast_head":"<!-- This site is optimized with the Yoast SEO plugin v28.4 - https:\/\/yoast.com\/product\/yoast-seo-wordpress\/ -->\n<title>PRI, el partido que ha llevado desarrollo a la Mixteca: Camarillo - AliadosPuebla<\/title>\n<meta name=\"robots\" content=\"index, follow, max-snippet:-1, max-image-preview:large, max-video-preview:-1\" \/>\n<link rel=\"canonical\" href=\"https:\/\/www.aliadospuebla.com\/?p=47741\" \/>\n<meta property=\"og:locale\" content=\"es_ES\" \/>\n<meta property=\"og:type\" content=\"article\" \/>\n<meta property=\"og:title\" content=\"PRI, el partido que ha llevado desarrollo a la Mixteca: Camarillo - AliadosPuebla\" \/>\n<meta property=\"og:description\" content=\"El Partido Revolucionario Institucional (PRI), a trav\u00e9s de sus gobiernos municipales y legisladores locales y federales, ha llevado desarrollo a la Regi\u00f3n Mixteca \u00aby los mixtecos, de esta y anteriores generaciones, lo saben y lo reconocen\u00bb, asegur\u00f3 el presidente del Comit\u00e9 Directivo Estatal (CDE), N\u00e9stor Camarillo Medina, al tomar protesta a 19 Comit\u00e9s Municipales pri\u00edstas en esta zona del estado de Puebla. De gira, entre martes y mi\u00e9rcoles, acompa\u00f1ado por la secretaria general, Isabel Merlo Talavera, el l\u00edder del tricolor poblano record\u00f3 que muchas de las carreteras, obras y beneficios en esta regi\u00f3n del estado los aport\u00f3, en su momento, el PRI y lo hace cotidianamente en los municipios que actualmente gobierna. \u201cEsta tierra ha dado grandes pol\u00edticos, gobernantes, legisladores y funcionarios p\u00fablicos pri\u00edstas, que&hellip;Leer m\u00e1s...\" \/>\n<meta property=\"og:url\" content=\"https:\/\/www.aliadospuebla.com\/?p=47741\" \/>\n<meta property=\"og:site_name\" content=\"AliadosPuebla\" \/>\n<meta property=\"article:author\" content=\"https:\/\/www.facebook.com\/Aliados17Pue\" \/>\n<meta property=\"article:published_time\" content=\"2020-10-29T02:07:37+00:00\" \/>\n<meta property=\"og:image\" content=\"https:\/\/www.aliadospuebla.com\/web2017\/wp-content\/uploads\/2020\/10\/319-PRI-Puebla.jpg\" \/>\n\t<meta property=\"og:image:width\" content=\"600\" \/>\n\t<meta property=\"og:image:height\" content=\"450\" \/>\n\t<meta property=\"og:image:type\" content=\"image\/jpeg\" \/>\n<meta name=\"author\" content=\"Aliados17\" \/>\n<meta name=\"twitter:card\" content=\"summary_large_image\" \/>\n<meta name=\"twitter:creator\" content=\"@AliadosPuebla\" \/>\n<meta name=\"twitter:label1\" content=\"Escrito por\" \/>\n\t<meta name=\"twitter:data1\" content=\"Aliados17\" \/>\n\t<meta name=\"twitter:label2\" content=\"Tiempo de lectura\" \/>\n\t<meta name=\"twitter:data2\" content=\"2 minutos\" \/>\n<script type=\"application\/ld+json\" class=\"yoast-schema-graph\">{\"@context\":\"https:\\\/\\\/schema.org\",\"@graph\":[{\"@type\":\"Article\",\"@id\":\"https:\\\/\\\/www.aliadospuebla.com\\\/?p=47741#article\",\"isPartOf\":{\"@id\":\"https:\\\/\\\/www.aliadospuebla.com\\\/?p=47741\"},\"author\":{\"name\":\"Aliados17\",\"@id\":\"https:\\\/\\\/www.aliadospuebla.com\\\/#\\\/schema\\\/person\\\/5da7dd09320bd4f392b710017ed5f8ad\"},\"headline\":\"PRI, el partido que ha llevado desarrollo a la Mixteca: Camarillo\",\"datePublished\":\"2020-10-29T02:07:37+00:00\",\"mainEntityOfPage\":{\"@id\":\"https:\\\/\\\/www.aliadospuebla.com\\\/?p=47741\"},\"wordCount\":337,\"commentCount\":0,\"image\":{\"@id\":\"https:\\\/\\\/www.aliadospuebla.com\\\/?p=47741#primaryimage\"},\"thumbnailUrl\":\"https:\\\/\\\/www.aliadospuebla.com\\\/web2017\\\/wp-content\\\/uploads\\\/2020\\\/10\\\/319-PRI-Puebla.jpg\",\"keywords\":[\"comites municipales\",\"elecciones 2021\",\"MIXTECA\",\"N\u00e9stor Camarillo Medina\",\"PRI PUEBLA\"],\"articleSection\":[\"Pol\u00edtica\"],\"inLanguage\":\"es\",\"potentialAction\":[{\"@type\":\"CommentAction\",\"name\":\"Comment\",\"target\":[\"https:\\\/\\\/www.aliadospuebla.com\\\/?p=47741#respond\"]}]},{\"@type\":\"WebPage\",\"@id\":\"https:\\\/\\\/www.aliadospuebla.com\\\/?p=47741\",\"url\":\"https:\\\/\\\/www.aliadospuebla.com\\\/?p=47741\",\"name\":\"PRI, el partido que ha llevado desarrollo a la Mixteca: Camarillo - AliadosPuebla\",\"isPartOf\":{\"@id\":\"https:\\\/\\\/www.aliadospuebla.com\\\/#website\"},\"primaryImageOfPage\":{\"@id\":\"https:\\\/\\\/www.aliadospuebla.com\\\/?p=47741#primaryimage\"},\"image\":{\"@id\":\"https:\\\/\\\/www.aliadospuebla.com\\\/?p=47741#primaryimage\"},\"thumbnailUrl\":\"https:\\\/\\\/www.aliadospuebla.com\\\/web2017\\\/wp-content\\\/uploads\\\/2020\\\/10\\\/319-PRI-Puebla.jpg\",\"datePublished\":\"2020-10-29T02:07:37+00:00\",\"author\":{\"@id\":\"https:\\\/\\\/www.aliadospuebla.com\\\/#\\\/schema\\\/person\\\/5da7dd09320bd4f392b710017ed5f8ad\"},\"breadcrumb\":{\"@id\":\"https:\\\/\\\/www.aliadospuebla.com\\\/?p=47741#breadcrumb\"},\"inLanguage\":\"es\",\"potentialAction\":[{\"@type\":\"ReadAction\",\"target\":[\"https:\\\/\\\/www.aliadospuebla.com\\\/?p=47741\"]}]},{\"@type\":\"ImageObject\",\"inLanguage\":\"es\",\"@id\":\"https:\\\/\\\/www.aliadospuebla.com\\\/?p=47741#primaryimage\",\"url\":\"https:\\\/\\\/www.aliadospuebla.com\\\/web2017\\\/wp-content\\\/uploads\\\/2020\\\/10\\\/319-PRI-Puebla.jpg\",\"contentUrl\":\"https:\\\/\\\/www.aliadospuebla.com\\\/web2017\\\/wp-content\\\/uploads\\\/2020\\\/10\\\/319-PRI-Puebla.jpg\",\"width\":600,\"height\":450},{\"@type\":\"BreadcrumbList\",\"@id\":\"https:\\\/\\\/www.aliadospuebla.com\\\/?p=47741#breadcrumb\",\"itemListElement\":[{\"@type\":\"ListItem\",\"position\":1,\"name\":\"Portada\",\"item\":\"https:\\\/\\\/www.aliadospuebla.com\\\/\"},{\"@type\":\"ListItem\",\"position\":2,\"name\":\"PRI, el partido que ha llevado desarrollo a la Mixteca: Camarillo\"}]},{\"@type\":\"WebSite\",\"@id\":\"https:\\\/\\\/www.aliadospuebla.com\\\/#website\",\"url\":\"https:\\\/\\\/www.aliadospuebla.com\\\/\",\"name\":\"AliadosPuebla\",\"description\":\"La informaci\u00f3n en tus manos\",\"potentialAction\":[{\"@type\":\"SearchAction\",\"target\":{\"@type\":\"EntryPoint\",\"urlTemplate\":\"https:\\\/\\\/www.aliadospuebla.com\\\/?s={search_term_string}\"},\"query-input\":{\"@type\":\"PropertyValueSpecification\",\"valueRequired\":true,\"valueName\":\"search_term_string\"}}],\"inLanguage\":\"es\"},{\"@type\":\"Person\",\"@id\":\"https:\\\/\\\/www.aliadospuebla.com\\\/#\\\/schema\\\/person\\\/5da7dd09320bd4f392b710017ed5f8ad\",\"name\":\"Aliados17\",\"image\":{\"@type\":\"ImageObject\",\"inLanguage\":\"es\",\"@id\":\"https:\\\/\\\/www.aliadospuebla.com\\\/web2017\\\/wp-content\\\/uploads\\\/2025\\\/03\\\/cropped-para-perfil-8-anos-1-96x96.jpg\",\"url\":\"https:\\\/\\\/www.aliadospuebla.com\\\/web2017\\\/wp-content\\\/uploads\\\/2025\\\/03\\\/cropped-para-perfil-8-anos-1-96x96.jpg\",\"contentUrl\":\"https:\\\/\\\/www.aliadospuebla.com\\\/web2017\\\/wp-content\\\/uploads\\\/2025\\\/03\\\/cropped-para-perfil-8-anos-1-96x96.jpg\",\"caption\":\"Aliados17\"},\"sameAs\":[\"https:\\\/\\\/www.aliados17.com\",\"https:\\\/\\\/www.facebook.com\\\/Aliados17Pue\",\"https:\\\/\\\/x.com\\\/AliadosPuebla\"],\"url\":\"https:\\\/\\\/www.aliadospuebla.com\\\/?author=2\"}]}<\/script>\n<!-- \/ Yoast SEO plugin. -->","yoast_head_json":{"title":"PRI, el partido que ha llevado desarrollo a la Mixteca: Camarillo - AliadosPuebla","robots":{"index":"index","follow":"follow","max-snippet":"max-snippet:-1","max-image-preview":"max-image-preview:large","max-video-preview":"max-video-preview:-1"},"canonical":"https:\/\/www.aliadospuebla.com\/?p=47741","og_locale":"es_ES","og_type":"article","og_title":"PRI, el partido que ha llevado desarrollo a la Mixteca: Camarillo - AliadosPuebla","og_description":"El Partido Revolucionario Institucional (PRI), a trav\u00e9s de sus gobiernos municipales y legisladores locales y federales, ha llevado desarrollo a la Regi\u00f3n Mixteca \u00aby los mixtecos, de esta y anteriores generaciones, lo saben y lo reconocen\u00bb, asegur\u00f3 el presidente del Comit\u00e9 Directivo Estatal (CDE), N\u00e9stor Camarillo Medina, al tomar protesta a 19 Comit\u00e9s Municipales pri\u00edstas en esta zona del estado de Puebla. De gira, entre martes y mi\u00e9rcoles, acompa\u00f1ado por la secretaria general, Isabel Merlo Talavera, el l\u00edder del tricolor poblano record\u00f3 que muchas de las carreteras, obras y beneficios en esta regi\u00f3n del estado los aport\u00f3, en su momento, el PRI y lo hace cotidianamente en los municipios que actualmente gobierna. \u201cEsta tierra ha dado grandes pol\u00edticos, gobernantes, legisladores y funcionarios p\u00fablicos pri\u00edstas, que&hellip;Leer m\u00e1s...","og_url":"https:\/\/www.aliadospuebla.com\/?p=47741","og_site_name":"AliadosPuebla","article_author":"https:\/\/www.facebook.com\/Aliados17Pue","article_published_time":"2020-10-29T02:07:37+00:00","og_image":[{"width":600,"height":450,"url":"https:\/\/www.aliadospuebla.com\/web2017\/wp-content\/uploads\/2020\/10\/319-PRI-Puebla.jpg","type":"image\/jpeg"}],"author":"Aliados17","twitter_card":"summary_large_image","twitter_creator":"@AliadosPuebla","twitter_misc":{"Escrito por":"Aliados17","Tiempo de lectura":"2 minutos"},"schema":{"@context":"https:\/\/schema.org","@graph":[{"@type":"Article","@id":"https:\/\/www.aliadospuebla.com\/?p=47741#article","isPartOf":{"@id":"https:\/\/www.aliadospuebla.com\/?p=47741"},"author":{"name":"Aliados17","@id":"https:\/\/www.aliadospuebla.com\/#\/schema\/person\/5da7dd09320bd4f392b710017ed5f8ad"},"headline":"PRI, el partido que ha llevado desarrollo a la Mixteca: Camarillo","datePublished":"2020-10-29T02:07:37+00:00","mainEntityOfPage":{"@id":"https:\/\/www.aliadospuebla.com\/?p=47741"},"wordCount":337,"commentCount":0,"image":{"@id":"https:\/\/www.aliadospuebla.com\/?p=47741#primaryimage"},"thumbnailUrl":"https:\/\/www.aliadospuebla.com\/web2017\/wp-content\/uploads\/2020\/10\/319-PRI-Puebla.jpg","keywords":["comites municipales","elecciones 2021","MIXTECA","N\u00e9stor Camarillo Medina","PRI PUEBLA"],"articleSection":["Pol\u00edtica"],"inLanguage":"es","potentialAction":[{"@type":"CommentAction","name":"Comment","target":["https:\/\/www.aliadospuebla.com\/?p=47741#respond"]}]},{"@type":"WebPage","@id":"https:\/\/www.aliadospuebla.com\/?p=47741","url":"https:\/\/www.aliadospuebla.com\/?p=47741","name":"PRI, el partido que ha llevado desarrollo a la Mixteca: Camarillo - AliadosPuebla","isPartOf":{"@id":"https:\/\/www.aliadospuebla.com\/#website"},"primaryImageOfPage":{"@id":"https:\/\/www.aliadospuebla.com\/?p=47741#primaryimage"},"image":{"@id":"https:\/\/www.aliadospuebla.com\/?p=47741#primaryimage"},"thumbnailUrl":"https:\/\/www.aliadospuebla.com\/web2017\/wp-content\/uploads\/2020\/10\/319-PRI-Puebla.jpg","datePublished":"2020-10-29T02:07:37+00:00","author":{"@id":"https:\/\/www.aliadospuebla.com\/#\/schema\/person\/5da7dd09320bd4f392b710017ed5f8ad"},"breadcrumb":{"@id":"https:\/\/www.aliadospuebla.com\/?p=47741#breadcrumb"},"inLanguage":"es","potentialAction":[{"@type":"ReadAction","target":["https:\/\/www.aliadospuebla.com\/?p=47741"]}]},{"@type":"ImageObject","inLanguage":"es","@id":"https:\/\/www.aliadospuebla.com\/?p=47741#primaryimage","url":"https:\/\/www.aliadospuebla.com\/web2017\/wp-content\/uploads\/2020\/10\/319-PRI-Puebla.jpg","contentUrl":"https:\/\/www.aliadospuebla.com\/web2017\/wp-content\/uploads\/2020\/10\/319-PRI-Puebla.jpg","width":600,"height":450},{"@type":"BreadcrumbList","@id":"https:\/\/www.aliadospuebla.com\/?p=47741#breadcrumb","itemListElement":[{"@type":"ListItem","position":1,"name":"Portada","item":"https:\/\/www.aliadospuebla.com\/"},{"@type":"ListItem","position":2,"name":"PRI, el partido que ha llevado desarrollo a la Mixteca: Camarillo"}]},{"@type":"WebSite","@id":"https:\/\/www.aliadospuebla.com\/#website","url":"https:\/\/www.aliadospuebla.com\/","name":"AliadosPuebla","description":"La informaci\u00f3n en tus manos","potentialAction":[{"@type":"SearchAction","target":{"@type":"EntryPoint","urlTemplate":"https:\/\/www.aliadospuebla.com\/?s={search_term_string}"},"query-input":{"@type":"PropertyValueSpecification","valueRequired":true,"valueName":"search_term_string"}}],"inLanguage":"es"},{"@type":"Person","@id":"https:\/\/www.aliadospuebla.com\/#\/schema\/person\/5da7dd09320bd4f392b710017ed5f8ad","name":"Aliados17","image":{"@type":"ImageObject","inLanguage":"es","@id":"https:\/\/www.aliadospuebla.com\/web2017\/wp-content\/uploads\/2025\/03\/cropped-para-perfil-8-anos-1-96x96.jpg","url":"https:\/\/www.aliadospuebla.com\/web2017\/wp-content\/uploads\/2025\/03\/cropped-para-perfil-8-anos-1-96x96.jpg","contentUrl":"https:\/\/www.aliadospuebla.com\/web2017\/wp-content\/uploads\/2025\/03\/cropped-para-perfil-8-anos-1-96x96.jpg","caption":"Aliados17"},"sameAs":["https:\/\/www.aliados17.com","https:\/\/www.facebook.com\/Aliados17Pue","https:\/\/x.com\/AliadosPuebla"],"url":"https:\/\/www.aliadospuebla.com\/?author=2"}]}},"views":13,"_links":{"self":[{"href":"https:\/\/www.aliadospuebla.com\/index.php?rest_route=\/wp\/v2\/posts\/47741","targetHints":{"allow":["GET"]}}],"collection":[{"href":"https:\/\/www.aliadospuebla.com\/index.php?rest_route=\/wp\/v2\/posts"}],"about":[{"href":"https:\/\/www.aliadospuebla.com\/index.php?rest_route=\/wp\/v2\/types\/post"}],"author":[{"embeddable":true,"href":"https:\/\/www.aliadospuebla.com\/index.php?rest_route=\/wp\/v2\/users\/2"}],"replies":[{"embeddable":true,"href":"https:\/\/www.aliadospuebla.com\/index.php?rest_route=%2Fwp%2Fv2%2Fcomments&post=47741"}],"version-history":[{"count":1,"href":"https:\/\/www.aliadospuebla.com\/index.php?rest_route=\/wp\/v2\/posts\/47741\/revisions"}],"predecessor-version":[{"id":47743,"href":"https:\/\/www.aliadospuebla.com\/index.php?rest_route=\/wp\/v2\/posts\/47741\/revisions\/47743"}],"wp:featuredmedia":[{"embeddable":true,"href":"https:\/\/www.aliadospuebla.com\/index.php?rest_route=\/wp\/v2\/media\/47742"}],"wp:attachment":[{"href":"https:\/\/www.aliadospuebla.com\/index.php?rest_route=%2Fwp%2Fv2%2Fmedia&parent=47741"}],"wp:term":[{"taxonomy":"category","embeddable":true,"href":"https:\/\/www.aliadospuebla.com\/index.php?rest_route=%2Fwp%2Fv2%2Fcategories&post=47741"},{"taxonomy":"post_tag","embeddable":true,"href":"https:\/\/www.aliadospuebla.com\/index.php?rest_route=%2Fwp%2Fv2%2Ftags&post=47741"}],"curies":[{"name":"wp","href":"https:\/\/api.w.org\/{rel}","templated":true}]}}