{"id":47702,"date":"2020-10-27T19:25:10","date_gmt":"2020-10-28T01:25:10","guid":{"rendered":"http:\/\/www.aliados17.com\/?p=47702"},"modified":"2020-10-28T16:34:14","modified_gmt":"2020-10-28T22:34:14","slug":"inaugura-la-empacadora-san-marcos-con-instalaciones-de-primer-mundo","status":"publish","type":"post","link":"https:\/\/www.aliadospuebla.com\/?p=47702","title":{"rendered":"INAUGURA LA EMPACADORA SAN MARCOS, CON INSTALACIONES DE PRIMER MUNDO"},"content":{"rendered":"<p>Este d\u00eda, la empresa Empacadora San Marcos, inaugur\u00f3 la Universidad Corporativa, la cual cuenta con instalaciones de primer mundo, completamente equipadas; la inversi\u00f3n considerada: con alto sentido humano, beneficia directamente a los trabajadores.<\/p>\n<p>El evento inaugural cont\u00f3 con la presencia de Hamlet Taveras head d\u00e9 M\u00e9xico; Mariana Mezquita gerente de manufactura, Carla Ramos gerente de gente y gesti\u00f3n, Claudio Lim\u00f3n, gerente de asuntos corporativos, Leobardo Soto Mart\u00ednez secretario general de la CTM en Puebla, entre otros invitados.<\/p>\n<p><img loading=\"lazy\" decoding=\"async\" class=\"alignnone size-full wp-image-47706\" src=\"http:\/\/www.aliados17.com\/web2017\/wp-content\/uploads\/2020\/10\/ctm-1.jpg\" alt=\"\" width=\"600\" height=\"450\" \/><\/p>\n<p>Despu\u00e9s del tradicional corte de list\u00f3n inaugural, Leobardo Soto Mart\u00ednez, manifest\u00f3 su agradecimiento a la empresa, la cual cuenta con un sindicato cetemista: \u201cLas instalaciones est\u00e1n de s\u00faper lujo y todo es para la capacitaci\u00f3n de los trabajadores. Estoy muy feliz, la verdad, de ser testigo de esta gran inversi\u00f3n con sentido humano, de primer nivel\u201d afirm\u00f3.<\/p>\n<p>El l\u00edder cetemista coment\u00f3 que en sus 14 a\u00f1os al frente de la Federaci\u00f3n de Trabajadores del Estado de Puebla CTM, es la primera vez que ve que un corporativo tenga su propia universidad en su empresa. Calificando la inversi\u00f3n de excelente y con un alto sentido humano en beneficio de los trabajadores. Soto martines exhort\u00f3 a sus compa\u00f1eros trabajadores a cuidar las instalaciones y a provecharlas en su capacitaci\u00f3n.<\/p>\n<p>Es importante mencionar que, aunado a las instalaciones de la Universidad Corporativa, la Empresa tambi\u00e9n dot\u00f3 a los trabajadores de ba\u00f1os, salones, lokers, auditorio, oficinas y un comedor de excelente calidad; instalaciones que tambi\u00e9n fueron inauguradas.<\/p>\n","protected":false},"excerpt":{"rendered":"<p>Este d\u00eda, la empresa Empacadora San Marcos, inaugur\u00f3 la Universidad Corporativa, la cual cuenta con instalaciones de primer mundo, completamente equipadas; la inversi\u00f3n considerada: con alto sentido humano, beneficia directamente a los trabajadores. El evento inaugural cont\u00f3 con la presencia de Hamlet Taveras head d\u00e9 M\u00e9xico; Mariana Mezquita gerente de manufactura, Carla Ramos gerente de gente y gesti\u00f3n, Claudio Lim\u00f3n, gerente de asuntos corporativos, Leobardo Soto Mart\u00ednez secretario general de la CTM en Puebla, entre otros invitados. Despu\u00e9s del tradicional corte de list\u00f3n inaugural, Leobardo Soto Mart\u00ednez, manifest\u00f3 su agradecimiento a la empresa, la cual cuenta con un sindicato cetemista: \u201cLas instalaciones est\u00e1n de s\u00faper lujo y todo es para la capacitaci\u00f3n de los trabajadores. Estoy muy feliz, la verdad, de ser testigo de esta&hellip;<\/p>\n<p class=\"excerpt-more\"><a class=\"blog-excerpt button\" href=\"https:\/\/www.aliadospuebla.com\/?p=47702\">Leer m\u00e1s&#8230;<\/a><\/p>\n","protected":false},"author":3,"featured_media":47703,"comment_status":"open","ping_status":"open","sticky":false,"template":"","format":"standard","meta":{"_monsterinsights_skip_tracking":false,"footnotes":""},"categories":[62],"tags":[56,296,295,14662,8367,850,45,72,14663],"class_list":["post-47702","post","type-post","status-publish","format-standard","has-post-thumbnail","hentry","category-capital","tag-capital","tag-ctm","tag-leobardo-soto","tag-lider","tag-marco-mena","tag-miguel-barbosa","tag-pri","tag-puebla","tag-san-marcos"],"yoast_head":"<!-- This site is optimized with the Yoast SEO plugin v28.3 - https:\/\/yoast.com\/product\/yoast-seo-wordpress\/ -->\n<title>INAUGURA LA EMPACADORA SAN MARCOS, CON INSTALACIONES DE PRIMER MUNDO - AliadosPuebla<\/title>\n<meta name=\"robots\" content=\"index, follow, max-snippet:-1, max-image-preview:large, max-video-preview:-1\" \/>\n<link rel=\"canonical\" href=\"https:\/\/www.aliadospuebla.com\/?p=47702\" \/>\n<meta property=\"og:locale\" content=\"es_ES\" \/>\n<meta property=\"og:type\" content=\"article\" \/>\n<meta property=\"og:title\" content=\"INAUGURA LA EMPACADORA SAN MARCOS, CON INSTALACIONES DE PRIMER MUNDO - AliadosPuebla\" \/>\n<meta property=\"og:description\" content=\"Este d\u00eda, la empresa Empacadora San Marcos, inaugur\u00f3 la Universidad Corporativa, la cual cuenta con instalaciones de primer mundo, completamente equipadas; la inversi\u00f3n considerada: con alto sentido humano, beneficia directamente a los trabajadores. El evento inaugural cont\u00f3 con la presencia de Hamlet Taveras head d\u00e9 M\u00e9xico; Mariana Mezquita gerente de manufactura, Carla Ramos gerente de gente y gesti\u00f3n, Claudio Lim\u00f3n, gerente de asuntos corporativos, Leobardo Soto Mart\u00ednez secretario general de la CTM en Puebla, entre otros invitados. Despu\u00e9s del tradicional corte de list\u00f3n inaugural, Leobardo Soto Mart\u00ednez, manifest\u00f3 su agradecimiento a la empresa, la cual cuenta con un sindicato cetemista: \u201cLas instalaciones est\u00e1n de s\u00faper lujo y todo es para la capacitaci\u00f3n de los trabajadores. Estoy muy feliz, la verdad, de ser testigo de esta&hellip;Leer m\u00e1s...\" \/>\n<meta property=\"og:url\" content=\"https:\/\/www.aliadospuebla.com\/?p=47702\" \/>\n<meta property=\"og:site_name\" content=\"AliadosPuebla\" \/>\n<meta property=\"article:published_time\" content=\"2020-10-28T01:25:10+00:00\" \/>\n<meta property=\"article:modified_time\" content=\"2020-10-28T22:34:14+00:00\" \/>\n<meta property=\"og:image\" content=\"https:\/\/www.aliadospuebla.com\/web2017\/wp-content\/uploads\/2020\/10\/ctm.jpg\" \/>\n\t<meta property=\"og:image:width\" content=\"600\" \/>\n\t<meta property=\"og:image:height\" content=\"450\" \/>\n\t<meta property=\"og:image:type\" content=\"image\/jpeg\" \/>\n<meta name=\"author\" content=\"Aliados Videos\" \/>\n<meta name=\"twitter:card\" content=\"summary_large_image\" \/>\n<meta name=\"twitter:label1\" content=\"Escrito por\" \/>\n\t<meta name=\"twitter:data1\" content=\"Aliados Videos\" \/>\n\t<meta name=\"twitter:label2\" content=\"Tiempo de lectura\" \/>\n\t<meta name=\"twitter:data2\" content=\"1 minuto\" \/>\n<script type=\"application\/ld+json\" class=\"yoast-schema-graph\">{\"@context\":\"https:\\\/\\\/schema.org\",\"@graph\":[{\"@type\":\"Article\",\"@id\":\"https:\\\/\\\/www.aliadospuebla.com\\\/?p=47702#article\",\"isPartOf\":{\"@id\":\"https:\\\/\\\/www.aliadospuebla.com\\\/?p=47702\"},\"author\":{\"name\":\"Aliados Videos\",\"@id\":\"https:\\\/\\\/www.aliadospuebla.com\\\/#\\\/schema\\\/person\\\/0fd017f23cc5c3f7988d5d58850eec8e\"},\"headline\":\"INAUGURA LA EMPACADORA SAN MARCOS, CON INSTALACIONES DE PRIMER MUNDO\",\"datePublished\":\"2020-10-28T01:25:10+00:00\",\"dateModified\":\"2020-10-28T22:34:14+00:00\",\"mainEntityOfPage\":{\"@id\":\"https:\\\/\\\/www.aliadospuebla.com\\\/?p=47702\"},\"wordCount\":271,\"commentCount\":0,\"image\":{\"@id\":\"https:\\\/\\\/www.aliadospuebla.com\\\/?p=47702#primaryimage\"},\"thumbnailUrl\":\"https:\\\/\\\/www.aliadospuebla.com\\\/web2017\\\/wp-content\\\/uploads\\\/2020\\\/10\\\/ctm.jpg\",\"keywords\":[\"capital\",\"CTM\",\"Leobardo Soto\",\"L\u00cdDER\",\"MARCO MENA\",\"MIGUEL BARBOSA\",\"PRI\",\"Puebla\",\"SAN MARCOS\"],\"articleSection\":[\"Capital\"],\"inLanguage\":\"es\",\"potentialAction\":[{\"@type\":\"CommentAction\",\"name\":\"Comment\",\"target\":[\"https:\\\/\\\/www.aliadospuebla.com\\\/?p=47702#respond\"]}]},{\"@type\":\"WebPage\",\"@id\":\"https:\\\/\\\/www.aliadospuebla.com\\\/?p=47702\",\"url\":\"https:\\\/\\\/www.aliadospuebla.com\\\/?p=47702\",\"name\":\"INAUGURA LA EMPACADORA SAN MARCOS, CON INSTALACIONES DE PRIMER MUNDO - AliadosPuebla\",\"isPartOf\":{\"@id\":\"https:\\\/\\\/www.aliadospuebla.com\\\/#website\"},\"primaryImageOfPage\":{\"@id\":\"https:\\\/\\\/www.aliadospuebla.com\\\/?p=47702#primaryimage\"},\"image\":{\"@id\":\"https:\\\/\\\/www.aliadospuebla.com\\\/?p=47702#primaryimage\"},\"thumbnailUrl\":\"https:\\\/\\\/www.aliadospuebla.com\\\/web2017\\\/wp-content\\\/uploads\\\/2020\\\/10\\\/ctm.jpg\",\"datePublished\":\"2020-10-28T01:25:10+00:00\",\"dateModified\":\"2020-10-28T22:34:14+00:00\",\"author\":{\"@id\":\"https:\\\/\\\/www.aliadospuebla.com\\\/#\\\/schema\\\/person\\\/0fd017f23cc5c3f7988d5d58850eec8e\"},\"breadcrumb\":{\"@id\":\"https:\\\/\\\/www.aliadospuebla.com\\\/?p=47702#breadcrumb\"},\"inLanguage\":\"es\",\"potentialAction\":[{\"@type\":\"ReadAction\",\"target\":[\"https:\\\/\\\/www.aliadospuebla.com\\\/?p=47702\"]}]},{\"@type\":\"ImageObject\",\"inLanguage\":\"es\",\"@id\":\"https:\\\/\\\/www.aliadospuebla.com\\\/?p=47702#primaryimage\",\"url\":\"https:\\\/\\\/www.aliadospuebla.com\\\/web2017\\\/wp-content\\\/uploads\\\/2020\\\/10\\\/ctm.jpg\",\"contentUrl\":\"https:\\\/\\\/www.aliadospuebla.com\\\/web2017\\\/wp-content\\\/uploads\\\/2020\\\/10\\\/ctm.jpg\",\"width\":600,\"height\":450},{\"@type\":\"BreadcrumbList\",\"@id\":\"https:\\\/\\\/www.aliadospuebla.com\\\/?p=47702#breadcrumb\",\"itemListElement\":[{\"@type\":\"ListItem\",\"position\":1,\"name\":\"Portada\",\"item\":\"https:\\\/\\\/www.aliadospuebla.com\\\/\"},{\"@type\":\"ListItem\",\"position\":2,\"name\":\"INAUGURA LA EMPACADORA SAN MARCOS, CON INSTALACIONES DE PRIMER MUNDO\"}]},{\"@type\":\"WebSite\",\"@id\":\"https:\\\/\\\/www.aliadospuebla.com\\\/#website\",\"url\":\"https:\\\/\\\/www.aliadospuebla.com\\\/\",\"name\":\"AliadosPuebla\",\"description\":\"La informaci\u00f3n en tus manos\",\"potentialAction\":[{\"@type\":\"SearchAction\",\"target\":{\"@type\":\"EntryPoint\",\"urlTemplate\":\"https:\\\/\\\/www.aliadospuebla.com\\\/?s={search_term_string}\"},\"query-input\":{\"@type\":\"PropertyValueSpecification\",\"valueRequired\":true,\"valueName\":\"search_term_string\"}}],\"inLanguage\":\"es\"},{\"@type\":\"Person\",\"@id\":\"https:\\\/\\\/www.aliadospuebla.com\\\/#\\\/schema\\\/person\\\/0fd017f23cc5c3f7988d5d58850eec8e\",\"name\":\"Aliados Videos\",\"image\":{\"@type\":\"ImageObject\",\"inLanguage\":\"es\",\"@id\":\"https:\\\/\\\/secure.gravatar.com\\\/avatar\\\/42b92de8b2d8339e1e824f3a73ab023a0bec0ee2e3920248085eb1f3160b4083?s=96&d=mm&r=g\",\"url\":\"https:\\\/\\\/secure.gravatar.com\\\/avatar\\\/42b92de8b2d8339e1e824f3a73ab023a0bec0ee2e3920248085eb1f3160b4083?s=96&d=mm&r=g\",\"contentUrl\":\"https:\\\/\\\/secure.gravatar.com\\\/avatar\\\/42b92de8b2d8339e1e824f3a73ab023a0bec0ee2e3920248085eb1f3160b4083?s=96&d=mm&r=g\",\"caption\":\"Aliados Videos\"},\"url\":\"https:\\\/\\\/www.aliadospuebla.com\\\/?author=3\"}]}<\/script>\n<!-- \/ Yoast SEO plugin. -->","yoast_head_json":{"title":"INAUGURA LA EMPACADORA SAN MARCOS, CON INSTALACIONES DE PRIMER MUNDO - AliadosPuebla","robots":{"index":"index","follow":"follow","max-snippet":"max-snippet:-1","max-image-preview":"max-image-preview:large","max-video-preview":"max-video-preview:-1"},"canonical":"https:\/\/www.aliadospuebla.com\/?p=47702","og_locale":"es_ES","og_type":"article","og_title":"INAUGURA LA EMPACADORA SAN MARCOS, CON INSTALACIONES DE PRIMER MUNDO - AliadosPuebla","og_description":"Este d\u00eda, la empresa Empacadora San Marcos, inaugur\u00f3 la Universidad Corporativa, la cual cuenta con instalaciones de primer mundo, completamente equipadas; la inversi\u00f3n considerada: con alto sentido humano, beneficia directamente a los trabajadores. El evento inaugural cont\u00f3 con la presencia de Hamlet Taveras head d\u00e9 M\u00e9xico; Mariana Mezquita gerente de manufactura, Carla Ramos gerente de gente y gesti\u00f3n, Claudio Lim\u00f3n, gerente de asuntos corporativos, Leobardo Soto Mart\u00ednez secretario general de la CTM en Puebla, entre otros invitados. Despu\u00e9s del tradicional corte de list\u00f3n inaugural, Leobardo Soto Mart\u00ednez, manifest\u00f3 su agradecimiento a la empresa, la cual cuenta con un sindicato cetemista: \u201cLas instalaciones est\u00e1n de s\u00faper lujo y todo es para la capacitaci\u00f3n de los trabajadores. Estoy muy feliz, la verdad, de ser testigo de esta&hellip;Leer m\u00e1s...","og_url":"https:\/\/www.aliadospuebla.com\/?p=47702","og_site_name":"AliadosPuebla","article_published_time":"2020-10-28T01:25:10+00:00","article_modified_time":"2020-10-28T22:34:14+00:00","og_image":[{"width":600,"height":450,"url":"https:\/\/www.aliadospuebla.com\/web2017\/wp-content\/uploads\/2020\/10\/ctm.jpg","type":"image\/jpeg"}],"author":"Aliados Videos","twitter_card":"summary_large_image","twitter_misc":{"Escrito por":"Aliados Videos","Tiempo de lectura":"1 minuto"},"schema":{"@context":"https:\/\/schema.org","@graph":[{"@type":"Article","@id":"https:\/\/www.aliadospuebla.com\/?p=47702#article","isPartOf":{"@id":"https:\/\/www.aliadospuebla.com\/?p=47702"},"author":{"name":"Aliados Videos","@id":"https:\/\/www.aliadospuebla.com\/#\/schema\/person\/0fd017f23cc5c3f7988d5d58850eec8e"},"headline":"INAUGURA LA EMPACADORA SAN MARCOS, CON INSTALACIONES DE PRIMER MUNDO","datePublished":"2020-10-28T01:25:10+00:00","dateModified":"2020-10-28T22:34:14+00:00","mainEntityOfPage":{"@id":"https:\/\/www.aliadospuebla.com\/?p=47702"},"wordCount":271,"commentCount":0,"image":{"@id":"https:\/\/www.aliadospuebla.com\/?p=47702#primaryimage"},"thumbnailUrl":"https:\/\/www.aliadospuebla.com\/web2017\/wp-content\/uploads\/2020\/10\/ctm.jpg","keywords":["capital","CTM","Leobardo Soto","L\u00cdDER","MARCO MENA","MIGUEL BARBOSA","PRI","Puebla","SAN MARCOS"],"articleSection":["Capital"],"inLanguage":"es","potentialAction":[{"@type":"CommentAction","name":"Comment","target":["https:\/\/www.aliadospuebla.com\/?p=47702#respond"]}]},{"@type":"WebPage","@id":"https:\/\/www.aliadospuebla.com\/?p=47702","url":"https:\/\/www.aliadospuebla.com\/?p=47702","name":"INAUGURA LA EMPACADORA SAN MARCOS, CON INSTALACIONES DE PRIMER MUNDO - AliadosPuebla","isPartOf":{"@id":"https:\/\/www.aliadospuebla.com\/#website"},"primaryImageOfPage":{"@id":"https:\/\/www.aliadospuebla.com\/?p=47702#primaryimage"},"image":{"@id":"https:\/\/www.aliadospuebla.com\/?p=47702#primaryimage"},"thumbnailUrl":"https:\/\/www.aliadospuebla.com\/web2017\/wp-content\/uploads\/2020\/10\/ctm.jpg","datePublished":"2020-10-28T01:25:10+00:00","dateModified":"2020-10-28T22:34:14+00:00","author":{"@id":"https:\/\/www.aliadospuebla.com\/#\/schema\/person\/0fd017f23cc5c3f7988d5d58850eec8e"},"breadcrumb":{"@id":"https:\/\/www.aliadospuebla.com\/?p=47702#breadcrumb"},"inLanguage":"es","potentialAction":[{"@type":"ReadAction","target":["https:\/\/www.aliadospuebla.com\/?p=47702"]}]},{"@type":"ImageObject","inLanguage":"es","@id":"https:\/\/www.aliadospuebla.com\/?p=47702#primaryimage","url":"https:\/\/www.aliadospuebla.com\/web2017\/wp-content\/uploads\/2020\/10\/ctm.jpg","contentUrl":"https:\/\/www.aliadospuebla.com\/web2017\/wp-content\/uploads\/2020\/10\/ctm.jpg","width":600,"height":450},{"@type":"BreadcrumbList","@id":"https:\/\/www.aliadospuebla.com\/?p=47702#breadcrumb","itemListElement":[{"@type":"ListItem","position":1,"name":"Portada","item":"https:\/\/www.aliadospuebla.com\/"},{"@type":"ListItem","position":2,"name":"INAUGURA LA EMPACADORA SAN MARCOS, CON INSTALACIONES DE PRIMER MUNDO"}]},{"@type":"WebSite","@id":"https:\/\/www.aliadospuebla.com\/#website","url":"https:\/\/www.aliadospuebla.com\/","name":"AliadosPuebla","description":"La informaci\u00f3n en tus manos","potentialAction":[{"@type":"SearchAction","target":{"@type":"EntryPoint","urlTemplate":"https:\/\/www.aliadospuebla.com\/?s={search_term_string}"},"query-input":{"@type":"PropertyValueSpecification","valueRequired":true,"valueName":"search_term_string"}}],"inLanguage":"es"},{"@type":"Person","@id":"https:\/\/www.aliadospuebla.com\/#\/schema\/person\/0fd017f23cc5c3f7988d5d58850eec8e","name":"Aliados Videos","image":{"@type":"ImageObject","inLanguage":"es","@id":"https:\/\/secure.gravatar.com\/avatar\/42b92de8b2d8339e1e824f3a73ab023a0bec0ee2e3920248085eb1f3160b4083?s=96&d=mm&r=g","url":"https:\/\/secure.gravatar.com\/avatar\/42b92de8b2d8339e1e824f3a73ab023a0bec0ee2e3920248085eb1f3160b4083?s=96&d=mm&r=g","contentUrl":"https:\/\/secure.gravatar.com\/avatar\/42b92de8b2d8339e1e824f3a73ab023a0bec0ee2e3920248085eb1f3160b4083?s=96&d=mm&r=g","caption":"Aliados Videos"},"url":"https:\/\/www.aliadospuebla.com\/?author=3"}]}},"views":49,"_links":{"self":[{"href":"https:\/\/www.aliadospuebla.com\/index.php?rest_route=\/wp\/v2\/posts\/47702","targetHints":{"allow":["GET"]}}],"collection":[{"href":"https:\/\/www.aliadospuebla.com\/index.php?rest_route=\/wp\/v2\/posts"}],"about":[{"href":"https:\/\/www.aliadospuebla.com\/index.php?rest_route=\/wp\/v2\/types\/post"}],"author":[{"embeddable":true,"href":"https:\/\/www.aliadospuebla.com\/index.php?rest_route=\/wp\/v2\/users\/3"}],"replies":[{"embeddable":true,"href":"https:\/\/www.aliadospuebla.com\/index.php?rest_route=%2Fwp%2Fv2%2Fcomments&post=47702"}],"version-history":[{"count":3,"href":"https:\/\/www.aliadospuebla.com\/index.php?rest_route=\/wp\/v2\/posts\/47702\/revisions"}],"predecessor-version":[{"id":47707,"href":"https:\/\/www.aliadospuebla.com\/index.php?rest_route=\/wp\/v2\/posts\/47702\/revisions\/47707"}],"wp:featuredmedia":[{"embeddable":true,"href":"https:\/\/www.aliadospuebla.com\/index.php?rest_route=\/wp\/v2\/media\/47703"}],"wp:attachment":[{"href":"https:\/\/www.aliadospuebla.com\/index.php?rest_route=%2Fwp%2Fv2%2Fmedia&parent=47702"}],"wp:term":[{"taxonomy":"category","embeddable":true,"href":"https:\/\/www.aliadospuebla.com\/index.php?rest_route=%2Fwp%2Fv2%2Fcategories&post=47702"},{"taxonomy":"post_tag","embeddable":true,"href":"https:\/\/www.aliadospuebla.com\/index.php?rest_route=%2Fwp%2Fv2%2Ftags&post=47702"}],"curies":[{"name":"wp","href":"https:\/\/api.w.org\/{rel}","templated":true}]}}