{"id":47694,"date":"2020-10-28T08:30:51","date_gmt":"2020-10-28T14:30:51","guid":{"rendered":"http:\/\/www.aliados17.com\/?p=47694"},"modified":"2020-10-28T08:30:51","modified_gmt":"2020-10-28T14:30:51","slug":"pleno-del-congreso-del-estado-avala-reformas-a-la-constitucion-federal-en-materia-de-movilidad-y-seguridad-vial","status":"publish","type":"post","link":"https:\/\/www.aliadospuebla.com\/?p=47694","title":{"rendered":"Pleno del Congreso del Estado avala reformas a la Constituci\u00f3n federal, en materia de movilidad y seguridad vial"},"content":{"rendered":"<p><span lang=\"ES-TRAD\">En sesi\u00f3n p\u00fablica ordinaria virtual, el Pleno de la LX Legislatura del Congreso del Estado aprob\u00f3 de manera un\u00e1nime, el Dictamen con Minuta Proyecto de Decreto para reformar y adicionar diversas disposiciones de la Constituci\u00f3n Pol\u00edtica de los Estados Unidos Mexicanos, en materia de movilidad y seguridad vial, enviada por la C\u00e1mara de Diputados del Congreso de la Uni\u00f3n.<\/span><\/p>\n<p><span lang=\"ES-TRAD\">Las reformas a la Constituci\u00f3n tienen como objetivo garantizar el derecho de las personas a la movilidad y seguridad vial, en condiciones accesibles, eficientes, sostenibles e inclusivas, con calidad e igualdad.<\/span><\/p>\n<p><span lang=\"ES-TRAD\">A favor del Dictamen se pronunciaron las y los diputados, Oswaldo Jim\u00e9nez L\u00f3pez, M\u00f3nica Lara Ch\u00e1vez, Ra\u00fal Espinosa Mart\u00ednez, M\u00f3nica Rodr\u00edguez Della Vecchia y Estefan\u00eda Rodr\u00edguez Sandoval, quienes subrayaron la importancia de reconocer el derecho a la movilidad y generar las condiciones para la seguridad vial, que permita la conformaci\u00f3n de ciudades m\u00e1s seguras e incluyentes, retomando a las personas como el centro de la sociedad.<\/span><span lang=\"ES-TRAD\">\u00a0<\/span><\/p>\n<p><span lang=\"ES-TRAD\">Las y los legisladores se\u00f1alaron la necesidad de garantizar este derecho humano a trav\u00e9s de un trabajo coordinado entre los diferentes \u00f3rdenes de gobierno para establecer la infraestructura y equipamiento adecuado, que permita la movilidad de las personas de manera segura e incluyente.<\/span><\/p>\n<p><span lang=\"ES-TRAD\">En este sentido, la diputada Vianey Garc\u00eda Romero enfatiz\u00f3 que con la aprobaci\u00f3n del Dictamen, el Congreso del Estado refrenda el compromiso con la sociedad y con todos los colectivos que han impulsado este derecho humano, que permitir\u00e1 garantizar la movilidad y la seguridad vial de las personas, reduciendo los accidentes viales, lo que representa una oportunidad para mejorar las condiciones de vida, el entorno social y el combate al cambio clim\u00e1tico.<\/span><\/p>\n<p><span lang=\"ES-TRAD\">La legisladora se comprometi\u00f3 a realizar reuniones y mesas de trabajo con representantes de colectivos y organizaciones civiles para Impulsar la Ley de Movilidad y Seguridad Vial en el Estado de Puebla.<\/span><\/p>\n","protected":false},"excerpt":{"rendered":"<p>En sesi\u00f3n p\u00fablica ordinaria virtual, el Pleno de la LX Legislatura del Congreso del Estado aprob\u00f3 de manera un\u00e1nime, el Dictamen con Minuta Proyecto de Decreto para reformar y adicionar diversas disposiciones de la Constituci\u00f3n Pol\u00edtica de los Estados Unidos Mexicanos, en materia de movilidad y seguridad vial, enviada por la C\u00e1mara de Diputados del Congreso de la Uni\u00f3n. Las reformas a la Constituci\u00f3n tienen como objetivo garantizar el derecho de las personas a la movilidad y seguridad vial, en condiciones accesibles, eficientes, sostenibles e inclusivas, con calidad e igualdad. A favor del Dictamen se pronunciaron las y los diputados, Oswaldo Jim\u00e9nez L\u00f3pez, M\u00f3nica Lara Ch\u00e1vez, Ra\u00fal Espinosa Mart\u00ednez, M\u00f3nica Rodr\u00edguez Della Vecchia y Estefan\u00eda Rodr\u00edguez Sandoval, quienes subrayaron la importancia de reconocer el derecho&hellip;<\/p>\n<p class=\"excerpt-more\"><a class=\"blog-excerpt button\" href=\"https:\/\/www.aliadospuebla.com\/?p=47694\">Leer m\u00e1s&#8230;<\/a><\/p>\n","protected":false},"author":2,"featured_media":47695,"comment_status":"open","ping_status":"open","sticky":false,"template":"","format":"standard","meta":{"_monsterinsights_skip_tracking":false,"footnotes":""},"categories":[6],"tags":[88,821,302,3655],"class_list":["post-47694","post","type-post","status-publish","format-standard","has-post-thumbnail","hentry","category-politica","tag-congreso-del-estado","tag-inclusion","tag-movilidad","tag-seguridad-vial"],"yoast_head":"<!-- This site is optimized with the Yoast SEO plugin v28.4 - https:\/\/yoast.com\/product\/yoast-seo-wordpress\/ -->\n<title>Pleno del Congreso del Estado avala reformas a la Constituci\u00f3n federal, en materia de movilidad y seguridad vial - AliadosPuebla<\/title>\n<meta name=\"robots\" content=\"index, follow, max-snippet:-1, max-image-preview:large, max-video-preview:-1\" \/>\n<link rel=\"canonical\" href=\"https:\/\/www.aliadospuebla.com\/?p=47694\" \/>\n<meta property=\"og:locale\" content=\"es_ES\" \/>\n<meta property=\"og:type\" content=\"article\" \/>\n<meta property=\"og:title\" content=\"Pleno del Congreso del Estado avala reformas a la Constituci\u00f3n federal, en materia de movilidad y seguridad vial - AliadosPuebla\" \/>\n<meta property=\"og:description\" content=\"En sesi\u00f3n p\u00fablica ordinaria virtual, el Pleno de la LX Legislatura del Congreso del Estado aprob\u00f3 de manera un\u00e1nime, el Dictamen con Minuta Proyecto de Decreto para reformar y adicionar diversas disposiciones de la Constituci\u00f3n Pol\u00edtica de los Estados Unidos Mexicanos, en materia de movilidad y seguridad vial, enviada por la C\u00e1mara de Diputados del Congreso de la Uni\u00f3n. Las reformas a la Constituci\u00f3n tienen como objetivo garantizar el derecho de las personas a la movilidad y seguridad vial, en condiciones accesibles, eficientes, sostenibles e inclusivas, con calidad e igualdad. A favor del Dictamen se pronunciaron las y los diputados, Oswaldo Jim\u00e9nez L\u00f3pez, M\u00f3nica Lara Ch\u00e1vez, Ra\u00fal Espinosa Mart\u00ednez, M\u00f3nica Rodr\u00edguez Della Vecchia y Estefan\u00eda Rodr\u00edguez Sandoval, quienes subrayaron la importancia de reconocer el derecho&hellip;Leer m\u00e1s...\" \/>\n<meta property=\"og:url\" content=\"https:\/\/www.aliadospuebla.com\/?p=47694\" \/>\n<meta property=\"og:site_name\" content=\"AliadosPuebla\" \/>\n<meta property=\"article:author\" content=\"https:\/\/www.facebook.com\/Aliados17Pue\" \/>\n<meta property=\"article:published_time\" content=\"2020-10-28T14:30:51+00:00\" \/>\n<meta property=\"og:image\" content=\"https:\/\/www.aliadospuebla.com\/web2017\/wp-content\/uploads\/2020\/10\/309-inclusion.jpg\" \/>\n\t<meta property=\"og:image:width\" content=\"600\" \/>\n\t<meta property=\"og:image:height\" content=\"450\" \/>\n\t<meta property=\"og:image:type\" content=\"image\/jpeg\" \/>\n<meta name=\"author\" content=\"Aliados17\" \/>\n<meta name=\"twitter:card\" content=\"summary_large_image\" \/>\n<meta name=\"twitter:creator\" content=\"@AliadosPuebla\" \/>\n<meta name=\"twitter:label1\" content=\"Escrito por\" \/>\n\t<meta name=\"twitter:data1\" content=\"Aliados17\" \/>\n\t<meta name=\"twitter:label2\" content=\"Tiempo de lectura\" \/>\n\t<meta name=\"twitter:data2\" content=\"2 minutos\" \/>\n<script type=\"application\/ld+json\" class=\"yoast-schema-graph\">{\"@context\":\"https:\\\/\\\/schema.org\",\"@graph\":[{\"@type\":\"Article\",\"@id\":\"https:\\\/\\\/www.aliadospuebla.com\\\/?p=47694#article\",\"isPartOf\":{\"@id\":\"https:\\\/\\\/www.aliadospuebla.com\\\/?p=47694\"},\"author\":{\"name\":\"Aliados17\",\"@id\":\"https:\\\/\\\/www.aliadospuebla.com\\\/#\\\/schema\\\/person\\\/5da7dd09320bd4f392b710017ed5f8ad\"},\"headline\":\"Pleno del Congreso del Estado avala reformas a la Constituci\u00f3n federal, en materia de movilidad y seguridad vial\",\"datePublished\":\"2020-10-28T14:30:51+00:00\",\"mainEntityOfPage\":{\"@id\":\"https:\\\/\\\/www.aliadospuebla.com\\\/?p=47694\"},\"wordCount\":347,\"commentCount\":0,\"image\":{\"@id\":\"https:\\\/\\\/www.aliadospuebla.com\\\/?p=47694#primaryimage\"},\"thumbnailUrl\":\"https:\\\/\\\/www.aliadospuebla.com\\\/web2017\\\/wp-content\\\/uploads\\\/2020\\\/10\\\/309-inclusion.jpg\",\"keywords\":[\"Congreso del Estado\",\"INCLUSI\u00d3N\",\"Movilidad\",\"SEGURIDAD VIAL\"],\"articleSection\":[\"Pol\u00edtica\"],\"inLanguage\":\"es\",\"potentialAction\":[{\"@type\":\"CommentAction\",\"name\":\"Comment\",\"target\":[\"https:\\\/\\\/www.aliadospuebla.com\\\/?p=47694#respond\"]}]},{\"@type\":\"WebPage\",\"@id\":\"https:\\\/\\\/www.aliadospuebla.com\\\/?p=47694\",\"url\":\"https:\\\/\\\/www.aliadospuebla.com\\\/?p=47694\",\"name\":\"Pleno del Congreso del Estado avala reformas a la Constituci\u00f3n federal, en materia de movilidad y seguridad vial - AliadosPuebla\",\"isPartOf\":{\"@id\":\"https:\\\/\\\/www.aliadospuebla.com\\\/#website\"},\"primaryImageOfPage\":{\"@id\":\"https:\\\/\\\/www.aliadospuebla.com\\\/?p=47694#primaryimage\"},\"image\":{\"@id\":\"https:\\\/\\\/www.aliadospuebla.com\\\/?p=47694#primaryimage\"},\"thumbnailUrl\":\"https:\\\/\\\/www.aliadospuebla.com\\\/web2017\\\/wp-content\\\/uploads\\\/2020\\\/10\\\/309-inclusion.jpg\",\"datePublished\":\"2020-10-28T14:30:51+00:00\",\"author\":{\"@id\":\"https:\\\/\\\/www.aliadospuebla.com\\\/#\\\/schema\\\/person\\\/5da7dd09320bd4f392b710017ed5f8ad\"},\"breadcrumb\":{\"@id\":\"https:\\\/\\\/www.aliadospuebla.com\\\/?p=47694#breadcrumb\"},\"inLanguage\":\"es\",\"potentialAction\":[{\"@type\":\"ReadAction\",\"target\":[\"https:\\\/\\\/www.aliadospuebla.com\\\/?p=47694\"]}]},{\"@type\":\"ImageObject\",\"inLanguage\":\"es\",\"@id\":\"https:\\\/\\\/www.aliadospuebla.com\\\/?p=47694#primaryimage\",\"url\":\"https:\\\/\\\/www.aliadospuebla.com\\\/web2017\\\/wp-content\\\/uploads\\\/2020\\\/10\\\/309-inclusion.jpg\",\"contentUrl\":\"https:\\\/\\\/www.aliadospuebla.com\\\/web2017\\\/wp-content\\\/uploads\\\/2020\\\/10\\\/309-inclusion.jpg\",\"width\":600,\"height\":450},{\"@type\":\"BreadcrumbList\",\"@id\":\"https:\\\/\\\/www.aliadospuebla.com\\\/?p=47694#breadcrumb\",\"itemListElement\":[{\"@type\":\"ListItem\",\"position\":1,\"name\":\"Portada\",\"item\":\"https:\\\/\\\/www.aliadospuebla.com\\\/\"},{\"@type\":\"ListItem\",\"position\":2,\"name\":\"Pleno del Congreso del Estado avala reformas a la Constituci\u00f3n federal, en materia de movilidad y seguridad vial\"}]},{\"@type\":\"WebSite\",\"@id\":\"https:\\\/\\\/www.aliadospuebla.com\\\/#website\",\"url\":\"https:\\\/\\\/www.aliadospuebla.com\\\/\",\"name\":\"AliadosPuebla\",\"description\":\"La informaci\u00f3n en tus manos\",\"potentialAction\":[{\"@type\":\"SearchAction\",\"target\":{\"@type\":\"EntryPoint\",\"urlTemplate\":\"https:\\\/\\\/www.aliadospuebla.com\\\/?s={search_term_string}\"},\"query-input\":{\"@type\":\"PropertyValueSpecification\",\"valueRequired\":true,\"valueName\":\"search_term_string\"}}],\"inLanguage\":\"es\"},{\"@type\":\"Person\",\"@id\":\"https:\\\/\\\/www.aliadospuebla.com\\\/#\\\/schema\\\/person\\\/5da7dd09320bd4f392b710017ed5f8ad\",\"name\":\"Aliados17\",\"image\":{\"@type\":\"ImageObject\",\"inLanguage\":\"es\",\"@id\":\"https:\\\/\\\/www.aliadospuebla.com\\\/web2017\\\/wp-content\\\/uploads\\\/2025\\\/03\\\/cropped-para-perfil-8-anos-1-96x96.jpg\",\"url\":\"https:\\\/\\\/www.aliadospuebla.com\\\/web2017\\\/wp-content\\\/uploads\\\/2025\\\/03\\\/cropped-para-perfil-8-anos-1-96x96.jpg\",\"contentUrl\":\"https:\\\/\\\/www.aliadospuebla.com\\\/web2017\\\/wp-content\\\/uploads\\\/2025\\\/03\\\/cropped-para-perfil-8-anos-1-96x96.jpg\",\"caption\":\"Aliados17\"},\"sameAs\":[\"https:\\\/\\\/www.aliados17.com\",\"https:\\\/\\\/www.facebook.com\\\/Aliados17Pue\",\"https:\\\/\\\/x.com\\\/AliadosPuebla\"],\"url\":\"https:\\\/\\\/www.aliadospuebla.com\\\/?author=2\"}]}<\/script>\n<!-- \/ Yoast SEO plugin. -->","yoast_head_json":{"title":"Pleno del Congreso del Estado avala reformas a la Constituci\u00f3n federal, en materia de movilidad y seguridad vial - AliadosPuebla","robots":{"index":"index","follow":"follow","max-snippet":"max-snippet:-1","max-image-preview":"max-image-preview:large","max-video-preview":"max-video-preview:-1"},"canonical":"https:\/\/www.aliadospuebla.com\/?p=47694","og_locale":"es_ES","og_type":"article","og_title":"Pleno del Congreso del Estado avala reformas a la Constituci\u00f3n federal, en materia de movilidad y seguridad vial - AliadosPuebla","og_description":"En sesi\u00f3n p\u00fablica ordinaria virtual, el Pleno de la LX Legislatura del Congreso del Estado aprob\u00f3 de manera un\u00e1nime, el Dictamen con Minuta Proyecto de Decreto para reformar y adicionar diversas disposiciones de la Constituci\u00f3n Pol\u00edtica de los Estados Unidos Mexicanos, en materia de movilidad y seguridad vial, enviada por la C\u00e1mara de Diputados del Congreso de la Uni\u00f3n. Las reformas a la Constituci\u00f3n tienen como objetivo garantizar el derecho de las personas a la movilidad y seguridad vial, en condiciones accesibles, eficientes, sostenibles e inclusivas, con calidad e igualdad. A favor del Dictamen se pronunciaron las y los diputados, Oswaldo Jim\u00e9nez L\u00f3pez, M\u00f3nica Lara Ch\u00e1vez, Ra\u00fal Espinosa Mart\u00ednez, M\u00f3nica Rodr\u00edguez Della Vecchia y Estefan\u00eda Rodr\u00edguez Sandoval, quienes subrayaron la importancia de reconocer el derecho&hellip;Leer m\u00e1s...","og_url":"https:\/\/www.aliadospuebla.com\/?p=47694","og_site_name":"AliadosPuebla","article_author":"https:\/\/www.facebook.com\/Aliados17Pue","article_published_time":"2020-10-28T14:30:51+00:00","og_image":[{"width":600,"height":450,"url":"https:\/\/www.aliadospuebla.com\/web2017\/wp-content\/uploads\/2020\/10\/309-inclusion.jpg","type":"image\/jpeg"}],"author":"Aliados17","twitter_card":"summary_large_image","twitter_creator":"@AliadosPuebla","twitter_misc":{"Escrito por":"Aliados17","Tiempo de lectura":"2 minutos"},"schema":{"@context":"https:\/\/schema.org","@graph":[{"@type":"Article","@id":"https:\/\/www.aliadospuebla.com\/?p=47694#article","isPartOf":{"@id":"https:\/\/www.aliadospuebla.com\/?p=47694"},"author":{"name":"Aliados17","@id":"https:\/\/www.aliadospuebla.com\/#\/schema\/person\/5da7dd09320bd4f392b710017ed5f8ad"},"headline":"Pleno del Congreso del Estado avala reformas a la Constituci\u00f3n federal, en materia de movilidad y seguridad vial","datePublished":"2020-10-28T14:30:51+00:00","mainEntityOfPage":{"@id":"https:\/\/www.aliadospuebla.com\/?p=47694"},"wordCount":347,"commentCount":0,"image":{"@id":"https:\/\/www.aliadospuebla.com\/?p=47694#primaryimage"},"thumbnailUrl":"https:\/\/www.aliadospuebla.com\/web2017\/wp-content\/uploads\/2020\/10\/309-inclusion.jpg","keywords":["Congreso del Estado","INCLUSI\u00d3N","Movilidad","SEGURIDAD VIAL"],"articleSection":["Pol\u00edtica"],"inLanguage":"es","potentialAction":[{"@type":"CommentAction","name":"Comment","target":["https:\/\/www.aliadospuebla.com\/?p=47694#respond"]}]},{"@type":"WebPage","@id":"https:\/\/www.aliadospuebla.com\/?p=47694","url":"https:\/\/www.aliadospuebla.com\/?p=47694","name":"Pleno del Congreso del Estado avala reformas a la Constituci\u00f3n federal, en materia de movilidad y seguridad vial - AliadosPuebla","isPartOf":{"@id":"https:\/\/www.aliadospuebla.com\/#website"},"primaryImageOfPage":{"@id":"https:\/\/www.aliadospuebla.com\/?p=47694#primaryimage"},"image":{"@id":"https:\/\/www.aliadospuebla.com\/?p=47694#primaryimage"},"thumbnailUrl":"https:\/\/www.aliadospuebla.com\/web2017\/wp-content\/uploads\/2020\/10\/309-inclusion.jpg","datePublished":"2020-10-28T14:30:51+00:00","author":{"@id":"https:\/\/www.aliadospuebla.com\/#\/schema\/person\/5da7dd09320bd4f392b710017ed5f8ad"},"breadcrumb":{"@id":"https:\/\/www.aliadospuebla.com\/?p=47694#breadcrumb"},"inLanguage":"es","potentialAction":[{"@type":"ReadAction","target":["https:\/\/www.aliadospuebla.com\/?p=47694"]}]},{"@type":"ImageObject","inLanguage":"es","@id":"https:\/\/www.aliadospuebla.com\/?p=47694#primaryimage","url":"https:\/\/www.aliadospuebla.com\/web2017\/wp-content\/uploads\/2020\/10\/309-inclusion.jpg","contentUrl":"https:\/\/www.aliadospuebla.com\/web2017\/wp-content\/uploads\/2020\/10\/309-inclusion.jpg","width":600,"height":450},{"@type":"BreadcrumbList","@id":"https:\/\/www.aliadospuebla.com\/?p=47694#breadcrumb","itemListElement":[{"@type":"ListItem","position":1,"name":"Portada","item":"https:\/\/www.aliadospuebla.com\/"},{"@type":"ListItem","position":2,"name":"Pleno del Congreso del Estado avala reformas a la Constituci\u00f3n federal, en materia de movilidad y seguridad vial"}]},{"@type":"WebSite","@id":"https:\/\/www.aliadospuebla.com\/#website","url":"https:\/\/www.aliadospuebla.com\/","name":"AliadosPuebla","description":"La informaci\u00f3n en tus manos","potentialAction":[{"@type":"SearchAction","target":{"@type":"EntryPoint","urlTemplate":"https:\/\/www.aliadospuebla.com\/?s={search_term_string}"},"query-input":{"@type":"PropertyValueSpecification","valueRequired":true,"valueName":"search_term_string"}}],"inLanguage":"es"},{"@type":"Person","@id":"https:\/\/www.aliadospuebla.com\/#\/schema\/person\/5da7dd09320bd4f392b710017ed5f8ad","name":"Aliados17","image":{"@type":"ImageObject","inLanguage":"es","@id":"https:\/\/www.aliadospuebla.com\/web2017\/wp-content\/uploads\/2025\/03\/cropped-para-perfil-8-anos-1-96x96.jpg","url":"https:\/\/www.aliadospuebla.com\/web2017\/wp-content\/uploads\/2025\/03\/cropped-para-perfil-8-anos-1-96x96.jpg","contentUrl":"https:\/\/www.aliadospuebla.com\/web2017\/wp-content\/uploads\/2025\/03\/cropped-para-perfil-8-anos-1-96x96.jpg","caption":"Aliados17"},"sameAs":["https:\/\/www.aliados17.com","https:\/\/www.facebook.com\/Aliados17Pue","https:\/\/x.com\/AliadosPuebla"],"url":"https:\/\/www.aliadospuebla.com\/?author=2"}]}},"views":11,"_links":{"self":[{"href":"https:\/\/www.aliadospuebla.com\/index.php?rest_route=\/wp\/v2\/posts\/47694","targetHints":{"allow":["GET"]}}],"collection":[{"href":"https:\/\/www.aliadospuebla.com\/index.php?rest_route=\/wp\/v2\/posts"}],"about":[{"href":"https:\/\/www.aliadospuebla.com\/index.php?rest_route=\/wp\/v2\/types\/post"}],"author":[{"embeddable":true,"href":"https:\/\/www.aliadospuebla.com\/index.php?rest_route=\/wp\/v2\/users\/2"}],"replies":[{"embeddable":true,"href":"https:\/\/www.aliadospuebla.com\/index.php?rest_route=%2Fwp%2Fv2%2Fcomments&post=47694"}],"version-history":[{"count":1,"href":"https:\/\/www.aliadospuebla.com\/index.php?rest_route=\/wp\/v2\/posts\/47694\/revisions"}],"predecessor-version":[{"id":47696,"href":"https:\/\/www.aliadospuebla.com\/index.php?rest_route=\/wp\/v2\/posts\/47694\/revisions\/47696"}],"wp:featuredmedia":[{"embeddable":true,"href":"https:\/\/www.aliadospuebla.com\/index.php?rest_route=\/wp\/v2\/media\/47695"}],"wp:attachment":[{"href":"https:\/\/www.aliadospuebla.com\/index.php?rest_route=%2Fwp%2Fv2%2Fmedia&parent=47694"}],"wp:term":[{"taxonomy":"category","embeddable":true,"href":"https:\/\/www.aliadospuebla.com\/index.php?rest_route=%2Fwp%2Fv2%2Fcategories&post=47694"},{"taxonomy":"post_tag","embeddable":true,"href":"https:\/\/www.aliadospuebla.com\/index.php?rest_route=%2Fwp%2Fv2%2Ftags&post=47694"}],"curies":[{"name":"wp","href":"https:\/\/api.w.org\/{rel}","templated":true}]}}