{"id":47637,"date":"2020-10-27T09:04:35","date_gmt":"2020-10-27T15:04:35","guid":{"rendered":"http:\/\/www.aliados17.com\/?p=47637"},"modified":"2020-10-27T09:04:35","modified_gmt":"2020-10-27T15:04:35","slug":"confirma-sesa-33-personas-recuperadas-3-defunciones-y-21-casos-positivos-en-tlaxcala-de-covid-19","status":"publish","type":"post","link":"https:\/\/www.aliadospuebla.com\/?p=47637","title":{"rendered":"CONFIRMA SESA 33 PERSONAS RECUPERADAS, 3 DEFUNCIONES  Y 21 CASOS POSITIVOS EN TLAXCALA DE COVID-19"},"content":{"rendered":"<p style=\"font-weight: 400;\">De acuerdo con el reporte del 26 de octubre, la Secretar\u00eda de Salud del Estado (SESA) confirm\u00f3 33 personas recuperadas, tres fallecimientos y 21 casos positivos de Covid-19 de tlaxcaltecas identificados en el estado y uno en otra entidad.<\/p>\n<p style=\"font-weight: 400;\">De esta manera, el estado registra cinco mil 659 personas recuperadas, ocho mil 300 casos positivos y mil 237 fallecimientos.<\/p>\n<p style=\"font-weight: 400;\">La dependencia inform\u00f3 que de las defunciones dos se registraron en el IMSS, y corresponden a un masculino de 75 a\u00f1os y una mujer de 80 a\u00f1os con diabetes mellitus e hipertensi\u00f3n arterial sist\u00e9mica; adem\u00e1s, en el Issste falleci\u00f3 una mujer de 66 a\u00f1os con diabetes mellitus.<\/p>\n<p style=\"font-weight: 400;\">El estado registra, hasta este momento, 15 mil 123 casos negativos y 245 se encuentran en espera de resultado.<\/p>\n<p style=\"font-weight: 400;\">Del total de casos positivos, cuatro mil 20 se han registrado en la SESA, dos mil 684 en el IMSS, 895 en el Issste y 701 en otros espacios m\u00e9dicos.<\/p>\n<p style=\"font-weight: 400;\">Mientras, del total de fallecimientos, 503 se han registrado en la SESA, 537 en el IMSS, 170 en el Issste, 11 en otras instituciones, uno en domicilio particular y 15 en hospital privado.<\/p>\n<p style=\"font-weight: 400;\">Hasta este momento, Tlaxcala registra mil 476 casos, Apizaco 925, Chiautempan 569, Huamantla 482, Zacatelco 401, Contla 295, Yauhquemehcan 244, San Pablo del Monte 234, Calpulalpan 225, Ixtacuixtla 197, Tlaxco 196, Totolac 193, Tetla 168, Papalotla 162, Apetatitl\u00e1n 159, Panotla 155.<\/p>\n<p style=\"font-weight: 400;\">Santa Cruz Tlaxcala 140, Tzompantepec 138, Xaloztoc 120, Nativitas 112, Teolocholco y Tepeyanco 107, Amaxac de Guerrero 98, La Magdalena Tlaltelulco y Xicohtzinco 83, Xaltocan 72, Tenancingo y Tepetitla de Lardiz\u00e1bal 67.<\/p>\n<p style=\"font-weight: 400;\">Tetlatlahuca 64, El Carmen Tequexquitla 56, San Juan Huactzinco 51, Nanacamilpa 49, Santa Ana Nopalucan 48, Tetlanohcan y Santa Catarina Ayometla 46, Hueyotlipan e Ixtenco 45, Cuapiaxtla 44, Tocatl\u00e1n y Terrenate 43, Cuaxomulco 37, Atltzayanca 35, Zitlaltepec 32, Axocomanitla 31.<\/p>\n<p style=\"font-weight: 400;\">Acuamanala y San Jos\u00e9 Teacalco 28, Xiloxoxtla 27, Atlangatepec 26, Zacualpan 25, Sanct\u00f3rum 24, San Dami\u00e1n Texoloc 23, Mazatecochco 22, Mu\u00f1oz de Domingo Arenas 21, L\u00e1zaro C\u00e1rdenas 16, Espa\u00f1ita 15, Santa Cruz Quilehtla y Santa Apolonia Teacalco 14, Benito Ju\u00e1rez 11, San Lucas Tecopilco 9 y Emiliano Zapata 7.<\/p>\n","protected":false},"excerpt":{"rendered":"<p>De acuerdo con el reporte del 26 de octubre, la Secretar\u00eda de Salud del Estado (SESA) confirm\u00f3 33 personas recuperadas, tres fallecimientos y 21 casos positivos de Covid-19 de tlaxcaltecas identificados en el estado y uno en otra entidad. De esta manera, el estado registra cinco mil 659 personas recuperadas, ocho mil 300 casos positivos y mil 237 fallecimientos. La dependencia inform\u00f3 que de las defunciones dos se registraron en el IMSS, y corresponden a un masculino de 75 a\u00f1os y una mujer de 80 a\u00f1os con diabetes mellitus e hipertensi\u00f3n arterial sist\u00e9mica; adem\u00e1s, en el Issste falleci\u00f3 una mujer de 66 a\u00f1os con diabetes mellitus. El estado registra, hasta este momento, 15 mil 123 casos negativos y 245 se encuentran en espera de resultado.&hellip;<\/p>\n<p class=\"excerpt-more\"><a class=\"blog-excerpt button\" href=\"https:\/\/www.aliadospuebla.com\/?p=47637\">Leer m\u00e1s&#8230;<\/a><\/p>\n","protected":false},"author":2,"featured_media":47638,"comment_status":"open","ping_status":"open","sticky":false,"template":"","format":"standard","meta":{"_monsterinsights_skip_tracking":false,"footnotes":""},"categories":[8304],"tags":[11738,7493,12478,365,8355,319],"class_list":["post-47637","post","type-post","status-publish","format-standard","has-post-thumbnail","hentry","category-nacional","tag-covid-19","tag-nuevos-casos","tag-personas-recuperadas","tag-salud","tag-sesa","tag-tlaxcala"],"yoast_head":"<!-- This site is optimized with the Yoast SEO plugin v28.4 - https:\/\/yoast.com\/product\/yoast-seo-wordpress\/ -->\n<title>CONFIRMA SESA 33 PERSONAS RECUPERADAS, 3 DEFUNCIONES Y 21 CASOS POSITIVOS EN TLAXCALA DE COVID-19 - AliadosPuebla<\/title>\n<meta name=\"robots\" content=\"index, follow, max-snippet:-1, max-image-preview:large, max-video-preview:-1\" \/>\n<link rel=\"canonical\" href=\"https:\/\/www.aliadospuebla.com\/?p=47637\" \/>\n<meta property=\"og:locale\" content=\"es_ES\" \/>\n<meta property=\"og:type\" content=\"article\" \/>\n<meta property=\"og:title\" content=\"CONFIRMA SESA 33 PERSONAS RECUPERADAS, 3 DEFUNCIONES Y 21 CASOS POSITIVOS EN TLAXCALA DE COVID-19 - AliadosPuebla\" \/>\n<meta property=\"og:description\" content=\"De acuerdo con el reporte del 26 de octubre, la Secretar\u00eda de Salud del Estado (SESA) confirm\u00f3 33 personas recuperadas, tres fallecimientos y 21 casos positivos de Covid-19 de tlaxcaltecas identificados en el estado y uno en otra entidad. De esta manera, el estado registra cinco mil 659 personas recuperadas, ocho mil 300 casos positivos y mil 237 fallecimientos. La dependencia inform\u00f3 que de las defunciones dos se registraron en el IMSS, y corresponden a un masculino de 75 a\u00f1os y una mujer de 80 a\u00f1os con diabetes mellitus e hipertensi\u00f3n arterial sist\u00e9mica; adem\u00e1s, en el Issste falleci\u00f3 una mujer de 66 a\u00f1os con diabetes mellitus. El estado registra, hasta este momento, 15 mil 123 casos negativos y 245 se encuentran en espera de resultado.&hellip;Leer m\u00e1s...\" \/>\n<meta property=\"og:url\" content=\"https:\/\/www.aliadospuebla.com\/?p=47637\" \/>\n<meta property=\"og:site_name\" content=\"AliadosPuebla\" \/>\n<meta property=\"article:author\" content=\"https:\/\/www.facebook.com\/Aliados17Pue\" \/>\n<meta property=\"article:published_time\" content=\"2020-10-27T15:04:35+00:00\" \/>\n<meta property=\"og:image\" content=\"https:\/\/www.aliadospuebla.com\/web2017\/wp-content\/uploads\/2020\/10\/290-SESA.jpg\" \/>\n\t<meta property=\"og:image:width\" content=\"600\" \/>\n\t<meta property=\"og:image:height\" content=\"450\" \/>\n\t<meta property=\"og:image:type\" content=\"image\/jpeg\" \/>\n<meta name=\"author\" content=\"Aliados17\" \/>\n<meta name=\"twitter:card\" content=\"summary_large_image\" \/>\n<meta name=\"twitter:creator\" content=\"@AliadosPuebla\" \/>\n<meta name=\"twitter:label1\" content=\"Escrito por\" \/>\n\t<meta name=\"twitter:data1\" content=\"Aliados17\" \/>\n\t<meta name=\"twitter:label2\" content=\"Tiempo de lectura\" \/>\n\t<meta name=\"twitter:data2\" content=\"1 minuto\" \/>\n<script type=\"application\/ld+json\" class=\"yoast-schema-graph\">{\"@context\":\"https:\\\/\\\/schema.org\",\"@graph\":[{\"@type\":\"Article\",\"@id\":\"https:\\\/\\\/www.aliadospuebla.com\\\/?p=47637#article\",\"isPartOf\":{\"@id\":\"https:\\\/\\\/www.aliadospuebla.com\\\/?p=47637\"},\"author\":{\"name\":\"Aliados17\",\"@id\":\"https:\\\/\\\/www.aliadospuebla.com\\\/#\\\/schema\\\/person\\\/5da7dd09320bd4f392b710017ed5f8ad\"},\"headline\":\"CONFIRMA SESA 33 PERSONAS RECUPERADAS, 3 DEFUNCIONES Y 21 CASOS POSITIVOS EN TLAXCALA DE COVID-19\",\"datePublished\":\"2020-10-27T15:04:35+00:00\",\"mainEntityOfPage\":{\"@id\":\"https:\\\/\\\/www.aliadospuebla.com\\\/?p=47637\"},\"wordCount\":307,\"commentCount\":0,\"image\":{\"@id\":\"https:\\\/\\\/www.aliadospuebla.com\\\/?p=47637#primaryimage\"},\"thumbnailUrl\":\"https:\\\/\\\/www.aliadospuebla.com\\\/web2017\\\/wp-content\\\/uploads\\\/2020\\\/10\\\/290-SESA.jpg\",\"keywords\":[\"COVID-19\",\"NUEVOS CASOS\",\"personas recuperadas\",\"SALUD\",\"SESA\",\"TLAXCALA\"],\"articleSection\":[\"Nacional\"],\"inLanguage\":\"es\",\"potentialAction\":[{\"@type\":\"CommentAction\",\"name\":\"Comment\",\"target\":[\"https:\\\/\\\/www.aliadospuebla.com\\\/?p=47637#respond\"]}]},{\"@type\":\"WebPage\",\"@id\":\"https:\\\/\\\/www.aliadospuebla.com\\\/?p=47637\",\"url\":\"https:\\\/\\\/www.aliadospuebla.com\\\/?p=47637\",\"name\":\"CONFIRMA SESA 33 PERSONAS RECUPERADAS, 3 DEFUNCIONES Y 21 CASOS POSITIVOS EN TLAXCALA DE COVID-19 - AliadosPuebla\",\"isPartOf\":{\"@id\":\"https:\\\/\\\/www.aliadospuebla.com\\\/#website\"},\"primaryImageOfPage\":{\"@id\":\"https:\\\/\\\/www.aliadospuebla.com\\\/?p=47637#primaryimage\"},\"image\":{\"@id\":\"https:\\\/\\\/www.aliadospuebla.com\\\/?p=47637#primaryimage\"},\"thumbnailUrl\":\"https:\\\/\\\/www.aliadospuebla.com\\\/web2017\\\/wp-content\\\/uploads\\\/2020\\\/10\\\/290-SESA.jpg\",\"datePublished\":\"2020-10-27T15:04:35+00:00\",\"author\":{\"@id\":\"https:\\\/\\\/www.aliadospuebla.com\\\/#\\\/schema\\\/person\\\/5da7dd09320bd4f392b710017ed5f8ad\"},\"breadcrumb\":{\"@id\":\"https:\\\/\\\/www.aliadospuebla.com\\\/?p=47637#breadcrumb\"},\"inLanguage\":\"es\",\"potentialAction\":[{\"@type\":\"ReadAction\",\"target\":[\"https:\\\/\\\/www.aliadospuebla.com\\\/?p=47637\"]}]},{\"@type\":\"ImageObject\",\"inLanguage\":\"es\",\"@id\":\"https:\\\/\\\/www.aliadospuebla.com\\\/?p=47637#primaryimage\",\"url\":\"https:\\\/\\\/www.aliadospuebla.com\\\/web2017\\\/wp-content\\\/uploads\\\/2020\\\/10\\\/290-SESA.jpg\",\"contentUrl\":\"https:\\\/\\\/www.aliadospuebla.com\\\/web2017\\\/wp-content\\\/uploads\\\/2020\\\/10\\\/290-SESA.jpg\",\"width\":600,\"height\":450},{\"@type\":\"BreadcrumbList\",\"@id\":\"https:\\\/\\\/www.aliadospuebla.com\\\/?p=47637#breadcrumb\",\"itemListElement\":[{\"@type\":\"ListItem\",\"position\":1,\"name\":\"Portada\",\"item\":\"https:\\\/\\\/www.aliadospuebla.com\\\/\"},{\"@type\":\"ListItem\",\"position\":2,\"name\":\"CONFIRMA SESA 33 PERSONAS RECUPERADAS, 3 DEFUNCIONES Y 21 CASOS POSITIVOS EN TLAXCALA DE COVID-19\"}]},{\"@type\":\"WebSite\",\"@id\":\"https:\\\/\\\/www.aliadospuebla.com\\\/#website\",\"url\":\"https:\\\/\\\/www.aliadospuebla.com\\\/\",\"name\":\"AliadosPuebla\",\"description\":\"La informaci\u00f3n en tus manos\",\"potentialAction\":[{\"@type\":\"SearchAction\",\"target\":{\"@type\":\"EntryPoint\",\"urlTemplate\":\"https:\\\/\\\/www.aliadospuebla.com\\\/?s={search_term_string}\"},\"query-input\":{\"@type\":\"PropertyValueSpecification\",\"valueRequired\":true,\"valueName\":\"search_term_string\"}}],\"inLanguage\":\"es\"},{\"@type\":\"Person\",\"@id\":\"https:\\\/\\\/www.aliadospuebla.com\\\/#\\\/schema\\\/person\\\/5da7dd09320bd4f392b710017ed5f8ad\",\"name\":\"Aliados17\",\"image\":{\"@type\":\"ImageObject\",\"inLanguage\":\"es\",\"@id\":\"https:\\\/\\\/www.aliadospuebla.com\\\/web2017\\\/wp-content\\\/uploads\\\/2025\\\/03\\\/cropped-para-perfil-8-anos-1-96x96.jpg\",\"url\":\"https:\\\/\\\/www.aliadospuebla.com\\\/web2017\\\/wp-content\\\/uploads\\\/2025\\\/03\\\/cropped-para-perfil-8-anos-1-96x96.jpg\",\"contentUrl\":\"https:\\\/\\\/www.aliadospuebla.com\\\/web2017\\\/wp-content\\\/uploads\\\/2025\\\/03\\\/cropped-para-perfil-8-anos-1-96x96.jpg\",\"caption\":\"Aliados17\"},\"sameAs\":[\"https:\\\/\\\/www.aliados17.com\",\"https:\\\/\\\/www.facebook.com\\\/Aliados17Pue\",\"https:\\\/\\\/x.com\\\/AliadosPuebla\"],\"url\":\"https:\\\/\\\/www.aliadospuebla.com\\\/?author=2\"}]}<\/script>\n<!-- \/ Yoast SEO plugin. -->","yoast_head_json":{"title":"CONFIRMA SESA 33 PERSONAS RECUPERADAS, 3 DEFUNCIONES Y 21 CASOS POSITIVOS EN TLAXCALA DE COVID-19 - AliadosPuebla","robots":{"index":"index","follow":"follow","max-snippet":"max-snippet:-1","max-image-preview":"max-image-preview:large","max-video-preview":"max-video-preview:-1"},"canonical":"https:\/\/www.aliadospuebla.com\/?p=47637","og_locale":"es_ES","og_type":"article","og_title":"CONFIRMA SESA 33 PERSONAS RECUPERADAS, 3 DEFUNCIONES Y 21 CASOS POSITIVOS EN TLAXCALA DE COVID-19 - AliadosPuebla","og_description":"De acuerdo con el reporte del 26 de octubre, la Secretar\u00eda de Salud del Estado (SESA) confirm\u00f3 33 personas recuperadas, tres fallecimientos y 21 casos positivos de Covid-19 de tlaxcaltecas identificados en el estado y uno en otra entidad. De esta manera, el estado registra cinco mil 659 personas recuperadas, ocho mil 300 casos positivos y mil 237 fallecimientos. La dependencia inform\u00f3 que de las defunciones dos se registraron en el IMSS, y corresponden a un masculino de 75 a\u00f1os y una mujer de 80 a\u00f1os con diabetes mellitus e hipertensi\u00f3n arterial sist\u00e9mica; adem\u00e1s, en el Issste falleci\u00f3 una mujer de 66 a\u00f1os con diabetes mellitus. El estado registra, hasta este momento, 15 mil 123 casos negativos y 245 se encuentran en espera de resultado.&hellip;Leer m\u00e1s...","og_url":"https:\/\/www.aliadospuebla.com\/?p=47637","og_site_name":"AliadosPuebla","article_author":"https:\/\/www.facebook.com\/Aliados17Pue","article_published_time":"2020-10-27T15:04:35+00:00","og_image":[{"width":600,"height":450,"url":"https:\/\/www.aliadospuebla.com\/web2017\/wp-content\/uploads\/2020\/10\/290-SESA.jpg","type":"image\/jpeg"}],"author":"Aliados17","twitter_card":"summary_large_image","twitter_creator":"@AliadosPuebla","twitter_misc":{"Escrito por":"Aliados17","Tiempo de lectura":"1 minuto"},"schema":{"@context":"https:\/\/schema.org","@graph":[{"@type":"Article","@id":"https:\/\/www.aliadospuebla.com\/?p=47637#article","isPartOf":{"@id":"https:\/\/www.aliadospuebla.com\/?p=47637"},"author":{"name":"Aliados17","@id":"https:\/\/www.aliadospuebla.com\/#\/schema\/person\/5da7dd09320bd4f392b710017ed5f8ad"},"headline":"CONFIRMA SESA 33 PERSONAS RECUPERADAS, 3 DEFUNCIONES Y 21 CASOS POSITIVOS EN TLAXCALA DE COVID-19","datePublished":"2020-10-27T15:04:35+00:00","mainEntityOfPage":{"@id":"https:\/\/www.aliadospuebla.com\/?p=47637"},"wordCount":307,"commentCount":0,"image":{"@id":"https:\/\/www.aliadospuebla.com\/?p=47637#primaryimage"},"thumbnailUrl":"https:\/\/www.aliadospuebla.com\/web2017\/wp-content\/uploads\/2020\/10\/290-SESA.jpg","keywords":["COVID-19","NUEVOS CASOS","personas recuperadas","SALUD","SESA","TLAXCALA"],"articleSection":["Nacional"],"inLanguage":"es","potentialAction":[{"@type":"CommentAction","name":"Comment","target":["https:\/\/www.aliadospuebla.com\/?p=47637#respond"]}]},{"@type":"WebPage","@id":"https:\/\/www.aliadospuebla.com\/?p=47637","url":"https:\/\/www.aliadospuebla.com\/?p=47637","name":"CONFIRMA SESA 33 PERSONAS RECUPERADAS, 3 DEFUNCIONES Y 21 CASOS POSITIVOS EN TLAXCALA DE COVID-19 - AliadosPuebla","isPartOf":{"@id":"https:\/\/www.aliadospuebla.com\/#website"},"primaryImageOfPage":{"@id":"https:\/\/www.aliadospuebla.com\/?p=47637#primaryimage"},"image":{"@id":"https:\/\/www.aliadospuebla.com\/?p=47637#primaryimage"},"thumbnailUrl":"https:\/\/www.aliadospuebla.com\/web2017\/wp-content\/uploads\/2020\/10\/290-SESA.jpg","datePublished":"2020-10-27T15:04:35+00:00","author":{"@id":"https:\/\/www.aliadospuebla.com\/#\/schema\/person\/5da7dd09320bd4f392b710017ed5f8ad"},"breadcrumb":{"@id":"https:\/\/www.aliadospuebla.com\/?p=47637#breadcrumb"},"inLanguage":"es","potentialAction":[{"@type":"ReadAction","target":["https:\/\/www.aliadospuebla.com\/?p=47637"]}]},{"@type":"ImageObject","inLanguage":"es","@id":"https:\/\/www.aliadospuebla.com\/?p=47637#primaryimage","url":"https:\/\/www.aliadospuebla.com\/web2017\/wp-content\/uploads\/2020\/10\/290-SESA.jpg","contentUrl":"https:\/\/www.aliadospuebla.com\/web2017\/wp-content\/uploads\/2020\/10\/290-SESA.jpg","width":600,"height":450},{"@type":"BreadcrumbList","@id":"https:\/\/www.aliadospuebla.com\/?p=47637#breadcrumb","itemListElement":[{"@type":"ListItem","position":1,"name":"Portada","item":"https:\/\/www.aliadospuebla.com\/"},{"@type":"ListItem","position":2,"name":"CONFIRMA SESA 33 PERSONAS RECUPERADAS, 3 DEFUNCIONES Y 21 CASOS POSITIVOS EN TLAXCALA DE COVID-19"}]},{"@type":"WebSite","@id":"https:\/\/www.aliadospuebla.com\/#website","url":"https:\/\/www.aliadospuebla.com\/","name":"AliadosPuebla","description":"La informaci\u00f3n en tus manos","potentialAction":[{"@type":"SearchAction","target":{"@type":"EntryPoint","urlTemplate":"https:\/\/www.aliadospuebla.com\/?s={search_term_string}"},"query-input":{"@type":"PropertyValueSpecification","valueRequired":true,"valueName":"search_term_string"}}],"inLanguage":"es"},{"@type":"Person","@id":"https:\/\/www.aliadospuebla.com\/#\/schema\/person\/5da7dd09320bd4f392b710017ed5f8ad","name":"Aliados17","image":{"@type":"ImageObject","inLanguage":"es","@id":"https:\/\/www.aliadospuebla.com\/web2017\/wp-content\/uploads\/2025\/03\/cropped-para-perfil-8-anos-1-96x96.jpg","url":"https:\/\/www.aliadospuebla.com\/web2017\/wp-content\/uploads\/2025\/03\/cropped-para-perfil-8-anos-1-96x96.jpg","contentUrl":"https:\/\/www.aliadospuebla.com\/web2017\/wp-content\/uploads\/2025\/03\/cropped-para-perfil-8-anos-1-96x96.jpg","caption":"Aliados17"},"sameAs":["https:\/\/www.aliados17.com","https:\/\/www.facebook.com\/Aliados17Pue","https:\/\/x.com\/AliadosPuebla"],"url":"https:\/\/www.aliadospuebla.com\/?author=2"}]}},"views":11,"_links":{"self":[{"href":"https:\/\/www.aliadospuebla.com\/index.php?rest_route=\/wp\/v2\/posts\/47637","targetHints":{"allow":["GET"]}}],"collection":[{"href":"https:\/\/www.aliadospuebla.com\/index.php?rest_route=\/wp\/v2\/posts"}],"about":[{"href":"https:\/\/www.aliadospuebla.com\/index.php?rest_route=\/wp\/v2\/types\/post"}],"author":[{"embeddable":true,"href":"https:\/\/www.aliadospuebla.com\/index.php?rest_route=\/wp\/v2\/users\/2"}],"replies":[{"embeddable":true,"href":"https:\/\/www.aliadospuebla.com\/index.php?rest_route=%2Fwp%2Fv2%2Fcomments&post=47637"}],"version-history":[{"count":1,"href":"https:\/\/www.aliadospuebla.com\/index.php?rest_route=\/wp\/v2\/posts\/47637\/revisions"}],"predecessor-version":[{"id":47639,"href":"https:\/\/www.aliadospuebla.com\/index.php?rest_route=\/wp\/v2\/posts\/47637\/revisions\/47639"}],"wp:featuredmedia":[{"embeddable":true,"href":"https:\/\/www.aliadospuebla.com\/index.php?rest_route=\/wp\/v2\/media\/47638"}],"wp:attachment":[{"href":"https:\/\/www.aliadospuebla.com\/index.php?rest_route=%2Fwp%2Fv2%2Fmedia&parent=47637"}],"wp:term":[{"taxonomy":"category","embeddable":true,"href":"https:\/\/www.aliadospuebla.com\/index.php?rest_route=%2Fwp%2Fv2%2Fcategories&post=47637"},{"taxonomy":"post_tag","embeddable":true,"href":"https:\/\/www.aliadospuebla.com\/index.php?rest_route=%2Fwp%2Fv2%2Ftags&post=47637"}],"curies":[{"name":"wp","href":"https:\/\/api.w.org\/{rel}","templated":true}]}}