{"id":47625,"date":"2020-10-26T21:22:39","date_gmt":"2020-10-27T03:22:39","guid":{"rendered":"http:\/\/www.aliados17.com\/?p=47625"},"modified":"2020-10-26T21:22:39","modified_gmt":"2020-10-27T03:22:39","slug":"transito-municipal-continua-con-operativos-de-casco-seguro-y-programa-multa-cero","status":"publish","type":"post","link":"https:\/\/www.aliadospuebla.com\/?p=47625","title":{"rendered":"TR\u00c1NSITO MUNICIPAL CONTIN\u00daA CON OPERATIVOS DE CASCO SEGURO Y  PROGRAMA MULTA CERO"},"content":{"rendered":"<p>Con el objetivo de fortalecer una nueva cultura vial entre los ciudadanos y prevenir accidentes, la direcci\u00f3n de Tr\u00e1nsito Municipal implementar\u00e1 operativos de \u201cCasco Seguro\u201d y de Reordenamiento Vial en los pr\u00f3ximos d\u00edas, adem\u00e1s de recordar que contin\u00faa el programa \u201cMulta Cero\u201d, en beneficio de las y los texmeluquenses.<\/p>\n<p>El director de Tr\u00e1nsito Municipal, Jos\u00e9 Abdul Orendain de los Reyes, destac\u00f3 que uno de los principales compromisos de la presidenta municipal, Norma Lay\u00f3n, es mantener el orden vial y que los ciudadanos hagan conciencia respecto al uso responsable de casco que, en un accidente, salva vidas.<\/p>\n<p>En este sentido, el operativo de Casco Seguro se implementar\u00e1 en diferentes puntos de la cabecera municipal, mientras que el operativo de Reordenamiento Vehicular tendr\u00e1 lugar en las calles del primer cuadro de la ciudad, lo que abarca el z\u00f3calo, 16 de septiembre, Morelos, Josefa Ortiz de Dom\u00ednguez y Ju\u00e1rez.<\/p>\n<p>El programa Casco Seguro busca que los ciudadanos hagan conciencia sobre su uso, con el cual, en caso de un accidente vial aminora las consecuencias y puede evitar lesiones con da\u00f1os irreversibles; mientras que con el operativo de Reordenamiento Vehicular vamos a mejorar la movilidad al tener calles en orden.<\/p>\n<p>Aunado a lo anterior, para beneficio de los ciudadanos el programa Multa Cero sigue vigente en Texmelucan, con el cual se promueve una nueva cultura vial; los ciudadanos que cometan alguna infracci\u00f3n por primera vez, se les dar\u00e1 oportunidad de no pagar la multa, sin embargo, a la segunda falta al reglamento de Tr\u00e1nsito Municipal, se aplicar\u00e1 la multa correspondiente.<\/p>\n<p>El Gobierno municipal de San Mart\u00edn Texmelucan refrenda su compromiso con el orden y el impulso de una mejor ciudad, a trav\u00e9s de la cultura vial en beneficio de todas y todos.<\/p>\n","protected":false},"excerpt":{"rendered":"<p>Con el objetivo de fortalecer una nueva cultura vial entre los ciudadanos y prevenir accidentes, la direcci\u00f3n de Tr\u00e1nsito Municipal implementar\u00e1 operativos de \u201cCasco Seguro\u201d y de Reordenamiento Vial en los pr\u00f3ximos d\u00edas, adem\u00e1s de recordar que contin\u00faa el programa \u201cMulta Cero\u201d, en beneficio de las y los texmeluquenses. El director de Tr\u00e1nsito Municipal, Jos\u00e9 Abdul Orendain de los Reyes, destac\u00f3 que uno de los principales compromisos de la presidenta municipal, Norma Lay\u00f3n, es mantener el orden vial y que los ciudadanos hagan conciencia respecto al uso responsable de casco que, en un accidente, salva vidas. En este sentido, el operativo de Casco Seguro se implementar\u00e1 en diferentes puntos de la cabecera municipal, mientras que el operativo de Reordenamiento Vehicular tendr\u00e1 lugar en las calles&hellip;<\/p>\n<p class=\"excerpt-more\"><a class=\"blog-excerpt button\" href=\"https:\/\/www.aliadospuebla.com\/?p=47625\">Leer m\u00e1s&#8230;<\/a><\/p>\n","protected":false},"author":2,"featured_media":47626,"comment_status":"open","ping_status":"open","sticky":false,"template":"","format":"standard","meta":{"_monsterinsights_skip_tracking":false,"footnotes":""},"categories":[4],"tags":[14631,242,14073,6950,710],"class_list":["post-47625","post","type-post","status-publish","format-standard","has-post-thumbnail","hentry","category-municipios","tag-casco-seguro","tag-cultura-vial","tag-multa-cero","tag-norma-layon","tag-san-martin-texmelucan"],"yoast_head":"<!-- This site is optimized with the Yoast SEO plugin v28.4 - https:\/\/yoast.com\/product\/yoast-seo-wordpress\/ -->\n<title>TR\u00c1NSITO MUNICIPAL CONTIN\u00daA CON OPERATIVOS DE CASCO SEGURO Y PROGRAMA MULTA CERO - AliadosPuebla<\/title>\n<meta name=\"robots\" content=\"index, follow, max-snippet:-1, max-image-preview:large, max-video-preview:-1\" \/>\n<link rel=\"canonical\" href=\"https:\/\/www.aliadospuebla.com\/?p=47625\" \/>\n<meta property=\"og:locale\" content=\"es_ES\" \/>\n<meta property=\"og:type\" content=\"article\" \/>\n<meta property=\"og:title\" content=\"TR\u00c1NSITO MUNICIPAL CONTIN\u00daA CON OPERATIVOS DE CASCO SEGURO Y PROGRAMA MULTA CERO - AliadosPuebla\" \/>\n<meta property=\"og:description\" content=\"Con el objetivo de fortalecer una nueva cultura vial entre los ciudadanos y prevenir accidentes, la direcci\u00f3n de Tr\u00e1nsito Municipal implementar\u00e1 operativos de \u201cCasco Seguro\u201d y de Reordenamiento Vial en los pr\u00f3ximos d\u00edas, adem\u00e1s de recordar que contin\u00faa el programa \u201cMulta Cero\u201d, en beneficio de las y los texmeluquenses. El director de Tr\u00e1nsito Municipal, Jos\u00e9 Abdul Orendain de los Reyes, destac\u00f3 que uno de los principales compromisos de la presidenta municipal, Norma Lay\u00f3n, es mantener el orden vial y que los ciudadanos hagan conciencia respecto al uso responsable de casco que, en un accidente, salva vidas. En este sentido, el operativo de Casco Seguro se implementar\u00e1 en diferentes puntos de la cabecera municipal, mientras que el operativo de Reordenamiento Vehicular tendr\u00e1 lugar en las calles&hellip;Leer m\u00e1s...\" \/>\n<meta property=\"og:url\" content=\"https:\/\/www.aliadospuebla.com\/?p=47625\" \/>\n<meta property=\"og:site_name\" content=\"AliadosPuebla\" \/>\n<meta property=\"article:author\" content=\"https:\/\/www.facebook.com\/Aliados17Pue\" \/>\n<meta property=\"article:published_time\" content=\"2020-10-27T03:22:39+00:00\" \/>\n<meta property=\"og:image\" content=\"https:\/\/www.aliadospuebla.com\/web2017\/wp-content\/uploads\/2020\/10\/287-multa-cero.jpg\" \/>\n\t<meta property=\"og:image:width\" content=\"600\" \/>\n\t<meta property=\"og:image:height\" content=\"450\" \/>\n\t<meta property=\"og:image:type\" content=\"image\/jpeg\" \/>\n<meta name=\"author\" content=\"Aliados17\" \/>\n<meta name=\"twitter:card\" content=\"summary_large_image\" \/>\n<meta name=\"twitter:creator\" content=\"@AliadosPuebla\" \/>\n<meta name=\"twitter:label1\" content=\"Escrito por\" \/>\n\t<meta name=\"twitter:data1\" content=\"Aliados17\" \/>\n\t<meta name=\"twitter:label2\" content=\"Tiempo de lectura\" \/>\n\t<meta name=\"twitter:data2\" content=\"2 minutos\" \/>\n<script type=\"application\/ld+json\" class=\"yoast-schema-graph\">{\"@context\":\"https:\\\/\\\/schema.org\",\"@graph\":[{\"@type\":\"Article\",\"@id\":\"https:\\\/\\\/www.aliadospuebla.com\\\/?p=47625#article\",\"isPartOf\":{\"@id\":\"https:\\\/\\\/www.aliadospuebla.com\\\/?p=47625\"},\"author\":{\"name\":\"Aliados17\",\"@id\":\"https:\\\/\\\/www.aliadospuebla.com\\\/#\\\/schema\\\/person\\\/5da7dd09320bd4f392b710017ed5f8ad\"},\"headline\":\"TR\u00c1NSITO MUNICIPAL CONTIN\u00daA CON OPERATIVOS DE CASCO SEGURO Y PROGRAMA MULTA CERO\",\"datePublished\":\"2020-10-27T03:22:39+00:00\",\"mainEntityOfPage\":{\"@id\":\"https:\\\/\\\/www.aliadospuebla.com\\\/?p=47625\"},\"wordCount\":317,\"commentCount\":0,\"image\":{\"@id\":\"https:\\\/\\\/www.aliadospuebla.com\\\/?p=47625#primaryimage\"},\"thumbnailUrl\":\"https:\\\/\\\/www.aliadospuebla.com\\\/web2017\\\/wp-content\\\/uploads\\\/2020\\\/10\\\/287-multa-cero.jpg\",\"keywords\":[\"casco seguro\",\"cultura vial\",\"multa cero\",\"NORMA LAY\u00d3N\",\"SAN MART\u00cdN TEXMELUCAN\"],\"articleSection\":[\"Municipios\"],\"inLanguage\":\"es\",\"potentialAction\":[{\"@type\":\"CommentAction\",\"name\":\"Comment\",\"target\":[\"https:\\\/\\\/www.aliadospuebla.com\\\/?p=47625#respond\"]}]},{\"@type\":\"WebPage\",\"@id\":\"https:\\\/\\\/www.aliadospuebla.com\\\/?p=47625\",\"url\":\"https:\\\/\\\/www.aliadospuebla.com\\\/?p=47625\",\"name\":\"TR\u00c1NSITO MUNICIPAL CONTIN\u00daA CON OPERATIVOS DE CASCO SEGURO Y PROGRAMA MULTA CERO - AliadosPuebla\",\"isPartOf\":{\"@id\":\"https:\\\/\\\/www.aliadospuebla.com\\\/#website\"},\"primaryImageOfPage\":{\"@id\":\"https:\\\/\\\/www.aliadospuebla.com\\\/?p=47625#primaryimage\"},\"image\":{\"@id\":\"https:\\\/\\\/www.aliadospuebla.com\\\/?p=47625#primaryimage\"},\"thumbnailUrl\":\"https:\\\/\\\/www.aliadospuebla.com\\\/web2017\\\/wp-content\\\/uploads\\\/2020\\\/10\\\/287-multa-cero.jpg\",\"datePublished\":\"2020-10-27T03:22:39+00:00\",\"author\":{\"@id\":\"https:\\\/\\\/www.aliadospuebla.com\\\/#\\\/schema\\\/person\\\/5da7dd09320bd4f392b710017ed5f8ad\"},\"breadcrumb\":{\"@id\":\"https:\\\/\\\/www.aliadospuebla.com\\\/?p=47625#breadcrumb\"},\"inLanguage\":\"es\",\"potentialAction\":[{\"@type\":\"ReadAction\",\"target\":[\"https:\\\/\\\/www.aliadospuebla.com\\\/?p=47625\"]}]},{\"@type\":\"ImageObject\",\"inLanguage\":\"es\",\"@id\":\"https:\\\/\\\/www.aliadospuebla.com\\\/?p=47625#primaryimage\",\"url\":\"https:\\\/\\\/www.aliadospuebla.com\\\/web2017\\\/wp-content\\\/uploads\\\/2020\\\/10\\\/287-multa-cero.jpg\",\"contentUrl\":\"https:\\\/\\\/www.aliadospuebla.com\\\/web2017\\\/wp-content\\\/uploads\\\/2020\\\/10\\\/287-multa-cero.jpg\",\"width\":600,\"height\":450},{\"@type\":\"BreadcrumbList\",\"@id\":\"https:\\\/\\\/www.aliadospuebla.com\\\/?p=47625#breadcrumb\",\"itemListElement\":[{\"@type\":\"ListItem\",\"position\":1,\"name\":\"Portada\",\"item\":\"https:\\\/\\\/www.aliadospuebla.com\\\/\"},{\"@type\":\"ListItem\",\"position\":2,\"name\":\"TR\u00c1NSITO MUNICIPAL CONTIN\u00daA CON OPERATIVOS DE CASCO SEGURO Y PROGRAMA MULTA CERO\"}]},{\"@type\":\"WebSite\",\"@id\":\"https:\\\/\\\/www.aliadospuebla.com\\\/#website\",\"url\":\"https:\\\/\\\/www.aliadospuebla.com\\\/\",\"name\":\"AliadosPuebla\",\"description\":\"La informaci\u00f3n en tus manos\",\"potentialAction\":[{\"@type\":\"SearchAction\",\"target\":{\"@type\":\"EntryPoint\",\"urlTemplate\":\"https:\\\/\\\/www.aliadospuebla.com\\\/?s={search_term_string}\"},\"query-input\":{\"@type\":\"PropertyValueSpecification\",\"valueRequired\":true,\"valueName\":\"search_term_string\"}}],\"inLanguage\":\"es\"},{\"@type\":\"Person\",\"@id\":\"https:\\\/\\\/www.aliadospuebla.com\\\/#\\\/schema\\\/person\\\/5da7dd09320bd4f392b710017ed5f8ad\",\"name\":\"Aliados17\",\"image\":{\"@type\":\"ImageObject\",\"inLanguage\":\"es\",\"@id\":\"https:\\\/\\\/www.aliadospuebla.com\\\/web2017\\\/wp-content\\\/uploads\\\/2025\\\/03\\\/cropped-para-perfil-8-anos-1-96x96.jpg\",\"url\":\"https:\\\/\\\/www.aliadospuebla.com\\\/web2017\\\/wp-content\\\/uploads\\\/2025\\\/03\\\/cropped-para-perfil-8-anos-1-96x96.jpg\",\"contentUrl\":\"https:\\\/\\\/www.aliadospuebla.com\\\/web2017\\\/wp-content\\\/uploads\\\/2025\\\/03\\\/cropped-para-perfil-8-anos-1-96x96.jpg\",\"caption\":\"Aliados17\"},\"sameAs\":[\"https:\\\/\\\/www.aliados17.com\",\"https:\\\/\\\/www.facebook.com\\\/Aliados17Pue\",\"https:\\\/\\\/x.com\\\/AliadosPuebla\"],\"url\":\"https:\\\/\\\/www.aliadospuebla.com\\\/?author=2\"}]}<\/script>\n<!-- \/ Yoast SEO plugin. -->","yoast_head_json":{"title":"TR\u00c1NSITO MUNICIPAL CONTIN\u00daA CON OPERATIVOS DE CASCO SEGURO Y PROGRAMA MULTA CERO - AliadosPuebla","robots":{"index":"index","follow":"follow","max-snippet":"max-snippet:-1","max-image-preview":"max-image-preview:large","max-video-preview":"max-video-preview:-1"},"canonical":"https:\/\/www.aliadospuebla.com\/?p=47625","og_locale":"es_ES","og_type":"article","og_title":"TR\u00c1NSITO MUNICIPAL CONTIN\u00daA CON OPERATIVOS DE CASCO SEGURO Y PROGRAMA MULTA CERO - AliadosPuebla","og_description":"Con el objetivo de fortalecer una nueva cultura vial entre los ciudadanos y prevenir accidentes, la direcci\u00f3n de Tr\u00e1nsito Municipal implementar\u00e1 operativos de \u201cCasco Seguro\u201d y de Reordenamiento Vial en los pr\u00f3ximos d\u00edas, adem\u00e1s de recordar que contin\u00faa el programa \u201cMulta Cero\u201d, en beneficio de las y los texmeluquenses. El director de Tr\u00e1nsito Municipal, Jos\u00e9 Abdul Orendain de los Reyes, destac\u00f3 que uno de los principales compromisos de la presidenta municipal, Norma Lay\u00f3n, es mantener el orden vial y que los ciudadanos hagan conciencia respecto al uso responsable de casco que, en un accidente, salva vidas. En este sentido, el operativo de Casco Seguro se implementar\u00e1 en diferentes puntos de la cabecera municipal, mientras que el operativo de Reordenamiento Vehicular tendr\u00e1 lugar en las calles&hellip;Leer m\u00e1s...","og_url":"https:\/\/www.aliadospuebla.com\/?p=47625","og_site_name":"AliadosPuebla","article_author":"https:\/\/www.facebook.com\/Aliados17Pue","article_published_time":"2020-10-27T03:22:39+00:00","og_image":[{"width":600,"height":450,"url":"https:\/\/www.aliadospuebla.com\/web2017\/wp-content\/uploads\/2020\/10\/287-multa-cero.jpg","type":"image\/jpeg"}],"author":"Aliados17","twitter_card":"summary_large_image","twitter_creator":"@AliadosPuebla","twitter_misc":{"Escrito por":"Aliados17","Tiempo de lectura":"2 minutos"},"schema":{"@context":"https:\/\/schema.org","@graph":[{"@type":"Article","@id":"https:\/\/www.aliadospuebla.com\/?p=47625#article","isPartOf":{"@id":"https:\/\/www.aliadospuebla.com\/?p=47625"},"author":{"name":"Aliados17","@id":"https:\/\/www.aliadospuebla.com\/#\/schema\/person\/5da7dd09320bd4f392b710017ed5f8ad"},"headline":"TR\u00c1NSITO MUNICIPAL CONTIN\u00daA CON OPERATIVOS DE CASCO SEGURO Y PROGRAMA MULTA CERO","datePublished":"2020-10-27T03:22:39+00:00","mainEntityOfPage":{"@id":"https:\/\/www.aliadospuebla.com\/?p=47625"},"wordCount":317,"commentCount":0,"image":{"@id":"https:\/\/www.aliadospuebla.com\/?p=47625#primaryimage"},"thumbnailUrl":"https:\/\/www.aliadospuebla.com\/web2017\/wp-content\/uploads\/2020\/10\/287-multa-cero.jpg","keywords":["casco seguro","cultura vial","multa cero","NORMA LAY\u00d3N","SAN MART\u00cdN TEXMELUCAN"],"articleSection":["Municipios"],"inLanguage":"es","potentialAction":[{"@type":"CommentAction","name":"Comment","target":["https:\/\/www.aliadospuebla.com\/?p=47625#respond"]}]},{"@type":"WebPage","@id":"https:\/\/www.aliadospuebla.com\/?p=47625","url":"https:\/\/www.aliadospuebla.com\/?p=47625","name":"TR\u00c1NSITO MUNICIPAL CONTIN\u00daA CON OPERATIVOS DE CASCO SEGURO Y PROGRAMA MULTA CERO - AliadosPuebla","isPartOf":{"@id":"https:\/\/www.aliadospuebla.com\/#website"},"primaryImageOfPage":{"@id":"https:\/\/www.aliadospuebla.com\/?p=47625#primaryimage"},"image":{"@id":"https:\/\/www.aliadospuebla.com\/?p=47625#primaryimage"},"thumbnailUrl":"https:\/\/www.aliadospuebla.com\/web2017\/wp-content\/uploads\/2020\/10\/287-multa-cero.jpg","datePublished":"2020-10-27T03:22:39+00:00","author":{"@id":"https:\/\/www.aliadospuebla.com\/#\/schema\/person\/5da7dd09320bd4f392b710017ed5f8ad"},"breadcrumb":{"@id":"https:\/\/www.aliadospuebla.com\/?p=47625#breadcrumb"},"inLanguage":"es","potentialAction":[{"@type":"ReadAction","target":["https:\/\/www.aliadospuebla.com\/?p=47625"]}]},{"@type":"ImageObject","inLanguage":"es","@id":"https:\/\/www.aliadospuebla.com\/?p=47625#primaryimage","url":"https:\/\/www.aliadospuebla.com\/web2017\/wp-content\/uploads\/2020\/10\/287-multa-cero.jpg","contentUrl":"https:\/\/www.aliadospuebla.com\/web2017\/wp-content\/uploads\/2020\/10\/287-multa-cero.jpg","width":600,"height":450},{"@type":"BreadcrumbList","@id":"https:\/\/www.aliadospuebla.com\/?p=47625#breadcrumb","itemListElement":[{"@type":"ListItem","position":1,"name":"Portada","item":"https:\/\/www.aliadospuebla.com\/"},{"@type":"ListItem","position":2,"name":"TR\u00c1NSITO MUNICIPAL CONTIN\u00daA CON OPERATIVOS DE CASCO SEGURO Y PROGRAMA MULTA CERO"}]},{"@type":"WebSite","@id":"https:\/\/www.aliadospuebla.com\/#website","url":"https:\/\/www.aliadospuebla.com\/","name":"AliadosPuebla","description":"La informaci\u00f3n en tus manos","potentialAction":[{"@type":"SearchAction","target":{"@type":"EntryPoint","urlTemplate":"https:\/\/www.aliadospuebla.com\/?s={search_term_string}"},"query-input":{"@type":"PropertyValueSpecification","valueRequired":true,"valueName":"search_term_string"}}],"inLanguage":"es"},{"@type":"Person","@id":"https:\/\/www.aliadospuebla.com\/#\/schema\/person\/5da7dd09320bd4f392b710017ed5f8ad","name":"Aliados17","image":{"@type":"ImageObject","inLanguage":"es","@id":"https:\/\/www.aliadospuebla.com\/web2017\/wp-content\/uploads\/2025\/03\/cropped-para-perfil-8-anos-1-96x96.jpg","url":"https:\/\/www.aliadospuebla.com\/web2017\/wp-content\/uploads\/2025\/03\/cropped-para-perfil-8-anos-1-96x96.jpg","contentUrl":"https:\/\/www.aliadospuebla.com\/web2017\/wp-content\/uploads\/2025\/03\/cropped-para-perfil-8-anos-1-96x96.jpg","caption":"Aliados17"},"sameAs":["https:\/\/www.aliados17.com","https:\/\/www.facebook.com\/Aliados17Pue","https:\/\/x.com\/AliadosPuebla"],"url":"https:\/\/www.aliadospuebla.com\/?author=2"}]}},"views":11,"_links":{"self":[{"href":"https:\/\/www.aliadospuebla.com\/index.php?rest_route=\/wp\/v2\/posts\/47625","targetHints":{"allow":["GET"]}}],"collection":[{"href":"https:\/\/www.aliadospuebla.com\/index.php?rest_route=\/wp\/v2\/posts"}],"about":[{"href":"https:\/\/www.aliadospuebla.com\/index.php?rest_route=\/wp\/v2\/types\/post"}],"author":[{"embeddable":true,"href":"https:\/\/www.aliadospuebla.com\/index.php?rest_route=\/wp\/v2\/users\/2"}],"replies":[{"embeddable":true,"href":"https:\/\/www.aliadospuebla.com\/index.php?rest_route=%2Fwp%2Fv2%2Fcomments&post=47625"}],"version-history":[{"count":1,"href":"https:\/\/www.aliadospuebla.com\/index.php?rest_route=\/wp\/v2\/posts\/47625\/revisions"}],"predecessor-version":[{"id":47627,"href":"https:\/\/www.aliadospuebla.com\/index.php?rest_route=\/wp\/v2\/posts\/47625\/revisions\/47627"}],"wp:featuredmedia":[{"embeddable":true,"href":"https:\/\/www.aliadospuebla.com\/index.php?rest_route=\/wp\/v2\/media\/47626"}],"wp:attachment":[{"href":"https:\/\/www.aliadospuebla.com\/index.php?rest_route=%2Fwp%2Fv2%2Fmedia&parent=47625"}],"wp:term":[{"taxonomy":"category","embeddable":true,"href":"https:\/\/www.aliadospuebla.com\/index.php?rest_route=%2Fwp%2Fv2%2Fcategories&post=47625"},{"taxonomy":"post_tag","embeddable":true,"href":"https:\/\/www.aliadospuebla.com\/index.php?rest_route=%2Fwp%2Fv2%2Ftags&post=47625"}],"curies":[{"name":"wp","href":"https:\/\/api.w.org\/{rel}","templated":true}]}}