{"id":47492,"date":"2020-10-23T08:43:45","date_gmt":"2020-10-23T13:43:45","guid":{"rendered":"http:\/\/www.aliados17.com\/?p=47492"},"modified":"2020-10-23T08:43:45","modified_gmt":"2020-10-23T13:43:45","slug":"en-huejotzingo-integrantes-del-proyecto-yabasta-responsabiliza-al-ayuntamiento-de-angelica-alvarado-de-cualquier-dano-moral-y-fisico","status":"publish","type":"post","link":"https:\/\/www.aliadospuebla.com\/?p=47492","title":{"rendered":"En Huejotzingo integrantes del proyecto #YaBasta responsabiliza al Ayuntamiento de Ang\u00e9lica Alvarado de cualquier da\u00f1o moral y f\u00edsico"},"content":{"rendered":"<p>Al filo de las 9:00hrs un grupo de 6 personas dimos inicio el proyecto #YaBasta para embellecer bardas ubicadas frente al Ex Convento de Huejotzingo con el permiso de los due\u00f1os de la propiedad privada.<br \/>\nUna actividad con doble objetivo: embellecer bardas en malas condiciones del municipio de Huejotzingo y a su vez protestar de manera pac\u00edfica colocando el hashtag #YaBasta acompa\u00f1ado de cortas oraciones.<br \/>\nMientras nos encontr\u00e1bamos embelleciendo las bardas en el Callej\u00f3n San Francisco, colocamos en una pared la frase \u201c#YaBasta no m\u00e1s secuestros\u201d con el consentimiento de la propietaria que durante esta administraci\u00f3n sufri\u00f3 el percance con un familiar. Tal como si fu\u00e9ramos delincuentes, alrededor de<br \/>\nlas 2 de la tarde fuimos rodeados por m\u00e1s de 14 elementos de seguridad del H. Ayuntamiento de Huejotzingo 2018-2021 que preside la Maestra Ang\u00e9lica Alvarado Ju\u00e1rez, cerrando el callej\u00f3n San Francisco con unidades de seguridad municipal por ambas entradas, argumentando que no pod\u00edamos continuar con la actividad y amenaz\u00e1ndonos con privarnos de la libertad por no contar con permiso de la Presidenta Municipal.<br \/>\n<strong>Art\u00edculo 6o. Derecho a manifestarte. La manifestaci\u00f3n de las ideas no ser\u00e1 objeto de ninguna inquisici\u00f3n judicial o administrativa, sino en el caso de que ataque a la moral, la vida privada o los derechos de terceros, provoque alg\u00fan delito, o perturbe el orden p\u00fablico.<\/strong><br \/>\nPara iniciar el proyecto contamos con los permisos de los due\u00f1os de la propiedad privada, dichas bardas fueron construidas por los propietarios hace 45 a\u00f1os aproximadamente misma que no afecta la barda perimetral, ni el Ex Convento de Huejotzingo considerado Patrimonio de la humanidad.<br \/>\nEl \u201cpolic\u00eda sin cubreboca\u201d que nunca quiso identificarse argument\u00f3 que:<br \/>\n-En Xalmimilulco ahorita tenemos el reporte de levant\u00f3n y secuestro de dos menores de edad y una extorsi\u00f3n telef\u00f3nica.<\/p>\n<p>Raz\u00f3n por la que no llegaron en la ma\u00f1ana a notificarnos que no deb\u00edamos continuar con el embellecimiento del lugar. Fue hasta la cuarta visita de los elementos de seguridad, que presentaron un documento que indicaba que aun siendo propiedad privada se deber\u00eda tener en consideraci\u00f3n la<br \/>\npaleta de colores autorizada por el Ayuntamiento de Huejotzingo, Puebla.<br \/>\nEn todo momento dejamos claro que el proyecto es sin fines pol\u00edticos justificando que el color naranja que nos donaron, representa la fuerza de la juventud, que cont\u00e1bamos con permiso de los propietarios y que es un proyecto de embellecimiento y protesta pac\u00edfica.<br \/>\nAnte esta lamentable situaci\u00f3n e intimidaci\u00f3n por parte de los elementos de seguridad, las personas que integramos el proyecto tememos contra nuestra integridad f\u00edsica y moral como resultado del abuso de autoridad y a la mala informaci\u00f3n que el propio ayuntamiento ha dado a conocer de nuestro proyecto que es completamente pacifista.<br \/>\nEl proyecto #YaBasta hace responsable al H. Ayuntamiento de Huejotzingo 2018-2021 de cualquier da\u00f1o moral y f\u00edsico que pueda ocurrirnos a cualquiera de los integrantes de este proyecto.<\/p>\n<p><img loading=\"lazy\" decoding=\"async\" class=\"alignleft size-full wp-image-47493\" src=\"http:\/\/www.aliados17.com\/web2017\/wp-content\/uploads\/2020\/10\/251-ya-basta-01.jpg\" alt=\"\" width=\"600\" height=\"450\" \/><\/p>\n","protected":false},"excerpt":{"rendered":"<p>Al filo de las 9:00hrs un grupo de 6 personas dimos inicio el proyecto #YaBasta para embellecer bardas ubicadas frente al Ex Convento de Huejotzingo con el permiso de los due\u00f1os de la propiedad privada. Una actividad con doble objetivo: embellecer bardas en malas condiciones del municipio de Huejotzingo y a su vez protestar de manera pac\u00edfica colocando el hashtag #YaBasta acompa\u00f1ado de cortas oraciones. Mientras nos encontr\u00e1bamos embelleciendo las bardas en el Callej\u00f3n San Francisco, colocamos en una pared la frase \u201c#YaBasta no m\u00e1s secuestros\u201d con el consentimiento de la propietaria que durante esta administraci\u00f3n sufri\u00f3 el percance con un familiar. Tal como si fu\u00e9ramos delincuentes, alrededor de las 2 de la tarde fuimos rodeados por m\u00e1s de 14 elementos de seguridad del H.&hellip;<\/p>\n<p class=\"excerpt-more\"><a class=\"blog-excerpt button\" href=\"https:\/\/www.aliadospuebla.com\/?p=47492\">Leer m\u00e1s&#8230;<\/a><\/p>\n","protected":false},"author":2,"featured_media":47494,"comment_status":"open","ping_status":"open","sticky":false,"template":"","format":"standard","meta":{"_monsterinsights_skip_tracking":false,"footnotes":""},"categories":[4],"tags":[13684,7990,761,1991,2708,156,20,14578],"class_list":["post-47492","post","type-post","status-publish","format-standard","has-post-thumbnail","hentry","category-municipios","tag-abuso-de-autoridad","tag-angelica-alvarado","tag-huejotzingo","tag-inseguridad","tag-intimidacion","tag-proyecto","tag-seguridad","tag-ya-basta"],"yoast_head":"<!-- This site is optimized with the Yoast SEO plugin v28.4 - https:\/\/yoast.com\/product\/yoast-seo-wordpress\/ -->\n<title>En Huejotzingo integrantes del proyecto #YaBasta responsabiliza al Ayuntamiento de Ang\u00e9lica Alvarado de cualquier da\u00f1o moral y f\u00edsico - AliadosPuebla<\/title>\n<meta name=\"robots\" content=\"index, follow, max-snippet:-1, max-image-preview:large, max-video-preview:-1\" \/>\n<link rel=\"canonical\" href=\"https:\/\/www.aliadospuebla.com\/?p=47492\" \/>\n<meta property=\"og:locale\" content=\"es_ES\" \/>\n<meta property=\"og:type\" content=\"article\" \/>\n<meta property=\"og:title\" content=\"En Huejotzingo integrantes del proyecto #YaBasta responsabiliza al Ayuntamiento de Ang\u00e9lica Alvarado de cualquier da\u00f1o moral y f\u00edsico - AliadosPuebla\" \/>\n<meta property=\"og:description\" content=\"Al filo de las 9:00hrs un grupo de 6 personas dimos inicio el proyecto #YaBasta para embellecer bardas ubicadas frente al Ex Convento de Huejotzingo con el permiso de los due\u00f1os de la propiedad privada. Una actividad con doble objetivo: embellecer bardas en malas condiciones del municipio de Huejotzingo y a su vez protestar de manera pac\u00edfica colocando el hashtag #YaBasta acompa\u00f1ado de cortas oraciones. Mientras nos encontr\u00e1bamos embelleciendo las bardas en el Callej\u00f3n San Francisco, colocamos en una pared la frase \u201c#YaBasta no m\u00e1s secuestros\u201d con el consentimiento de la propietaria que durante esta administraci\u00f3n sufri\u00f3 el percance con un familiar. Tal como si fu\u00e9ramos delincuentes, alrededor de las 2 de la tarde fuimos rodeados por m\u00e1s de 14 elementos de seguridad del H.&hellip;Leer m\u00e1s...\" \/>\n<meta property=\"og:url\" content=\"https:\/\/www.aliadospuebla.com\/?p=47492\" \/>\n<meta property=\"og:site_name\" content=\"AliadosPuebla\" \/>\n<meta property=\"article:author\" content=\"https:\/\/www.facebook.com\/Aliados17Pue\" \/>\n<meta property=\"article:published_time\" content=\"2020-10-23T13:43:45+00:00\" \/>\n<meta property=\"og:image\" content=\"https:\/\/www.aliadospuebla.com\/web2017\/wp-content\/uploads\/2020\/10\/251-ya-basta-02.jpg\" \/>\n\t<meta property=\"og:image:width\" content=\"600\" \/>\n\t<meta property=\"og:image:height\" content=\"450\" \/>\n\t<meta property=\"og:image:type\" content=\"image\/jpeg\" \/>\n<meta name=\"author\" content=\"Aliados17\" \/>\n<meta name=\"twitter:card\" content=\"summary_large_image\" \/>\n<meta name=\"twitter:creator\" content=\"@AliadosPuebla\" \/>\n<meta name=\"twitter:label1\" content=\"Escrito por\" \/>\n\t<meta name=\"twitter:data1\" content=\"Aliados17\" \/>\n\t<meta name=\"twitter:label2\" content=\"Tiempo de lectura\" \/>\n\t<meta name=\"twitter:data2\" content=\"3 minutos\" \/>\n<script type=\"application\/ld+json\" class=\"yoast-schema-graph\">{\"@context\":\"https:\\\/\\\/schema.org\",\"@graph\":[{\"@type\":\"Article\",\"@id\":\"https:\\\/\\\/www.aliadospuebla.com\\\/?p=47492#article\",\"isPartOf\":{\"@id\":\"https:\\\/\\\/www.aliadospuebla.com\\\/?p=47492\"},\"author\":{\"name\":\"Aliados17\",\"@id\":\"https:\\\/\\\/www.aliadospuebla.com\\\/#\\\/schema\\\/person\\\/5da7dd09320bd4f392b710017ed5f8ad\"},\"headline\":\"En Huejotzingo integrantes del proyecto #YaBasta responsabiliza al Ayuntamiento de Ang\u00e9lica Alvarado de cualquier da\u00f1o moral y f\u00edsico\",\"datePublished\":\"2020-10-23T13:43:45+00:00\",\"mainEntityOfPage\":{\"@id\":\"https:\\\/\\\/www.aliadospuebla.com\\\/?p=47492\"},\"wordCount\":527,\"commentCount\":0,\"image\":{\"@id\":\"https:\\\/\\\/www.aliadospuebla.com\\\/?p=47492#primaryimage\"},\"thumbnailUrl\":\"https:\\\/\\\/www.aliadospuebla.com\\\/web2017\\\/wp-content\\\/uploads\\\/2020\\\/10\\\/251-ya-basta-02.jpg\",\"keywords\":[\"Abuso de autoridad\",\"ANG\u00c9LICA ALVARADO\",\"HUEJOTZINGO\",\"INSEGURIDAD\",\"INTIMIDACI\u00d3N\",\"Proyecto\",\"Seguridad\",\"Ya Basta\"],\"articleSection\":[\"Municipios\"],\"inLanguage\":\"es\",\"potentialAction\":[{\"@type\":\"CommentAction\",\"name\":\"Comment\",\"target\":[\"https:\\\/\\\/www.aliadospuebla.com\\\/?p=47492#respond\"]}]},{\"@type\":\"WebPage\",\"@id\":\"https:\\\/\\\/www.aliadospuebla.com\\\/?p=47492\",\"url\":\"https:\\\/\\\/www.aliadospuebla.com\\\/?p=47492\",\"name\":\"En Huejotzingo integrantes del proyecto #YaBasta responsabiliza al Ayuntamiento de Ang\u00e9lica Alvarado de cualquier da\u00f1o moral y f\u00edsico - AliadosPuebla\",\"isPartOf\":{\"@id\":\"https:\\\/\\\/www.aliadospuebla.com\\\/#website\"},\"primaryImageOfPage\":{\"@id\":\"https:\\\/\\\/www.aliadospuebla.com\\\/?p=47492#primaryimage\"},\"image\":{\"@id\":\"https:\\\/\\\/www.aliadospuebla.com\\\/?p=47492#primaryimage\"},\"thumbnailUrl\":\"https:\\\/\\\/www.aliadospuebla.com\\\/web2017\\\/wp-content\\\/uploads\\\/2020\\\/10\\\/251-ya-basta-02.jpg\",\"datePublished\":\"2020-10-23T13:43:45+00:00\",\"author\":{\"@id\":\"https:\\\/\\\/www.aliadospuebla.com\\\/#\\\/schema\\\/person\\\/5da7dd09320bd4f392b710017ed5f8ad\"},\"breadcrumb\":{\"@id\":\"https:\\\/\\\/www.aliadospuebla.com\\\/?p=47492#breadcrumb\"},\"inLanguage\":\"es\",\"potentialAction\":[{\"@type\":\"ReadAction\",\"target\":[\"https:\\\/\\\/www.aliadospuebla.com\\\/?p=47492\"]}]},{\"@type\":\"ImageObject\",\"inLanguage\":\"es\",\"@id\":\"https:\\\/\\\/www.aliadospuebla.com\\\/?p=47492#primaryimage\",\"url\":\"https:\\\/\\\/www.aliadospuebla.com\\\/web2017\\\/wp-content\\\/uploads\\\/2020\\\/10\\\/251-ya-basta-02.jpg\",\"contentUrl\":\"https:\\\/\\\/www.aliadospuebla.com\\\/web2017\\\/wp-content\\\/uploads\\\/2020\\\/10\\\/251-ya-basta-02.jpg\",\"width\":600,\"height\":450},{\"@type\":\"BreadcrumbList\",\"@id\":\"https:\\\/\\\/www.aliadospuebla.com\\\/?p=47492#breadcrumb\",\"itemListElement\":[{\"@type\":\"ListItem\",\"position\":1,\"name\":\"Portada\",\"item\":\"https:\\\/\\\/www.aliadospuebla.com\\\/\"},{\"@type\":\"ListItem\",\"position\":2,\"name\":\"En Huejotzingo integrantes del proyecto #YaBasta responsabiliza al Ayuntamiento de Ang\u00e9lica Alvarado de cualquier da\u00f1o moral y f\u00edsico\"}]},{\"@type\":\"WebSite\",\"@id\":\"https:\\\/\\\/www.aliadospuebla.com\\\/#website\",\"url\":\"https:\\\/\\\/www.aliadospuebla.com\\\/\",\"name\":\"AliadosPuebla\",\"description\":\"La informaci\u00f3n en tus manos\",\"potentialAction\":[{\"@type\":\"SearchAction\",\"target\":{\"@type\":\"EntryPoint\",\"urlTemplate\":\"https:\\\/\\\/www.aliadospuebla.com\\\/?s={search_term_string}\"},\"query-input\":{\"@type\":\"PropertyValueSpecification\",\"valueRequired\":true,\"valueName\":\"search_term_string\"}}],\"inLanguage\":\"es\"},{\"@type\":\"Person\",\"@id\":\"https:\\\/\\\/www.aliadospuebla.com\\\/#\\\/schema\\\/person\\\/5da7dd09320bd4f392b710017ed5f8ad\",\"name\":\"Aliados17\",\"image\":{\"@type\":\"ImageObject\",\"inLanguage\":\"es\",\"@id\":\"https:\\\/\\\/www.aliadospuebla.com\\\/web2017\\\/wp-content\\\/uploads\\\/2025\\\/03\\\/cropped-para-perfil-8-anos-1-96x96.jpg\",\"url\":\"https:\\\/\\\/www.aliadospuebla.com\\\/web2017\\\/wp-content\\\/uploads\\\/2025\\\/03\\\/cropped-para-perfil-8-anos-1-96x96.jpg\",\"contentUrl\":\"https:\\\/\\\/www.aliadospuebla.com\\\/web2017\\\/wp-content\\\/uploads\\\/2025\\\/03\\\/cropped-para-perfil-8-anos-1-96x96.jpg\",\"caption\":\"Aliados17\"},\"sameAs\":[\"https:\\\/\\\/www.aliados17.com\",\"https:\\\/\\\/www.facebook.com\\\/Aliados17Pue\",\"https:\\\/\\\/x.com\\\/AliadosPuebla\"],\"url\":\"https:\\\/\\\/www.aliadospuebla.com\\\/?author=2\"}]}<\/script>\n<!-- \/ Yoast SEO plugin. -->","yoast_head_json":{"title":"En Huejotzingo integrantes del proyecto #YaBasta responsabiliza al Ayuntamiento de Ang\u00e9lica Alvarado de cualquier da\u00f1o moral y f\u00edsico - AliadosPuebla","robots":{"index":"index","follow":"follow","max-snippet":"max-snippet:-1","max-image-preview":"max-image-preview:large","max-video-preview":"max-video-preview:-1"},"canonical":"https:\/\/www.aliadospuebla.com\/?p=47492","og_locale":"es_ES","og_type":"article","og_title":"En Huejotzingo integrantes del proyecto #YaBasta responsabiliza al Ayuntamiento de Ang\u00e9lica Alvarado de cualquier da\u00f1o moral y f\u00edsico - AliadosPuebla","og_description":"Al filo de las 9:00hrs un grupo de 6 personas dimos inicio el proyecto #YaBasta para embellecer bardas ubicadas frente al Ex Convento de Huejotzingo con el permiso de los due\u00f1os de la propiedad privada. Una actividad con doble objetivo: embellecer bardas en malas condiciones del municipio de Huejotzingo y a su vez protestar de manera pac\u00edfica colocando el hashtag #YaBasta acompa\u00f1ado de cortas oraciones. Mientras nos encontr\u00e1bamos embelleciendo las bardas en el Callej\u00f3n San Francisco, colocamos en una pared la frase \u201c#YaBasta no m\u00e1s secuestros\u201d con el consentimiento de la propietaria que durante esta administraci\u00f3n sufri\u00f3 el percance con un familiar. Tal como si fu\u00e9ramos delincuentes, alrededor de las 2 de la tarde fuimos rodeados por m\u00e1s de 14 elementos de seguridad del H.&hellip;Leer m\u00e1s...","og_url":"https:\/\/www.aliadospuebla.com\/?p=47492","og_site_name":"AliadosPuebla","article_author":"https:\/\/www.facebook.com\/Aliados17Pue","article_published_time":"2020-10-23T13:43:45+00:00","og_image":[{"width":600,"height":450,"url":"https:\/\/www.aliadospuebla.com\/web2017\/wp-content\/uploads\/2020\/10\/251-ya-basta-02.jpg","type":"image\/jpeg"}],"author":"Aliados17","twitter_card":"summary_large_image","twitter_creator":"@AliadosPuebla","twitter_misc":{"Escrito por":"Aliados17","Tiempo de lectura":"3 minutos"},"schema":{"@context":"https:\/\/schema.org","@graph":[{"@type":"Article","@id":"https:\/\/www.aliadospuebla.com\/?p=47492#article","isPartOf":{"@id":"https:\/\/www.aliadospuebla.com\/?p=47492"},"author":{"name":"Aliados17","@id":"https:\/\/www.aliadospuebla.com\/#\/schema\/person\/5da7dd09320bd4f392b710017ed5f8ad"},"headline":"En Huejotzingo integrantes del proyecto #YaBasta responsabiliza al Ayuntamiento de Ang\u00e9lica Alvarado de cualquier da\u00f1o moral y f\u00edsico","datePublished":"2020-10-23T13:43:45+00:00","mainEntityOfPage":{"@id":"https:\/\/www.aliadospuebla.com\/?p=47492"},"wordCount":527,"commentCount":0,"image":{"@id":"https:\/\/www.aliadospuebla.com\/?p=47492#primaryimage"},"thumbnailUrl":"https:\/\/www.aliadospuebla.com\/web2017\/wp-content\/uploads\/2020\/10\/251-ya-basta-02.jpg","keywords":["Abuso de autoridad","ANG\u00c9LICA ALVARADO","HUEJOTZINGO","INSEGURIDAD","INTIMIDACI\u00d3N","Proyecto","Seguridad","Ya Basta"],"articleSection":["Municipios"],"inLanguage":"es","potentialAction":[{"@type":"CommentAction","name":"Comment","target":["https:\/\/www.aliadospuebla.com\/?p=47492#respond"]}]},{"@type":"WebPage","@id":"https:\/\/www.aliadospuebla.com\/?p=47492","url":"https:\/\/www.aliadospuebla.com\/?p=47492","name":"En Huejotzingo integrantes del proyecto #YaBasta responsabiliza al Ayuntamiento de Ang\u00e9lica Alvarado de cualquier da\u00f1o moral y f\u00edsico - AliadosPuebla","isPartOf":{"@id":"https:\/\/www.aliadospuebla.com\/#website"},"primaryImageOfPage":{"@id":"https:\/\/www.aliadospuebla.com\/?p=47492#primaryimage"},"image":{"@id":"https:\/\/www.aliadospuebla.com\/?p=47492#primaryimage"},"thumbnailUrl":"https:\/\/www.aliadospuebla.com\/web2017\/wp-content\/uploads\/2020\/10\/251-ya-basta-02.jpg","datePublished":"2020-10-23T13:43:45+00:00","author":{"@id":"https:\/\/www.aliadospuebla.com\/#\/schema\/person\/5da7dd09320bd4f392b710017ed5f8ad"},"breadcrumb":{"@id":"https:\/\/www.aliadospuebla.com\/?p=47492#breadcrumb"},"inLanguage":"es","potentialAction":[{"@type":"ReadAction","target":["https:\/\/www.aliadospuebla.com\/?p=47492"]}]},{"@type":"ImageObject","inLanguage":"es","@id":"https:\/\/www.aliadospuebla.com\/?p=47492#primaryimage","url":"https:\/\/www.aliadospuebla.com\/web2017\/wp-content\/uploads\/2020\/10\/251-ya-basta-02.jpg","contentUrl":"https:\/\/www.aliadospuebla.com\/web2017\/wp-content\/uploads\/2020\/10\/251-ya-basta-02.jpg","width":600,"height":450},{"@type":"BreadcrumbList","@id":"https:\/\/www.aliadospuebla.com\/?p=47492#breadcrumb","itemListElement":[{"@type":"ListItem","position":1,"name":"Portada","item":"https:\/\/www.aliadospuebla.com\/"},{"@type":"ListItem","position":2,"name":"En Huejotzingo integrantes del proyecto #YaBasta responsabiliza al Ayuntamiento de Ang\u00e9lica Alvarado de cualquier da\u00f1o moral y f\u00edsico"}]},{"@type":"WebSite","@id":"https:\/\/www.aliadospuebla.com\/#website","url":"https:\/\/www.aliadospuebla.com\/","name":"AliadosPuebla","description":"La informaci\u00f3n en tus manos","potentialAction":[{"@type":"SearchAction","target":{"@type":"EntryPoint","urlTemplate":"https:\/\/www.aliadospuebla.com\/?s={search_term_string}"},"query-input":{"@type":"PropertyValueSpecification","valueRequired":true,"valueName":"search_term_string"}}],"inLanguage":"es"},{"@type":"Person","@id":"https:\/\/www.aliadospuebla.com\/#\/schema\/person\/5da7dd09320bd4f392b710017ed5f8ad","name":"Aliados17","image":{"@type":"ImageObject","inLanguage":"es","@id":"https:\/\/www.aliadospuebla.com\/web2017\/wp-content\/uploads\/2025\/03\/cropped-para-perfil-8-anos-1-96x96.jpg","url":"https:\/\/www.aliadospuebla.com\/web2017\/wp-content\/uploads\/2025\/03\/cropped-para-perfil-8-anos-1-96x96.jpg","contentUrl":"https:\/\/www.aliadospuebla.com\/web2017\/wp-content\/uploads\/2025\/03\/cropped-para-perfil-8-anos-1-96x96.jpg","caption":"Aliados17"},"sameAs":["https:\/\/www.aliados17.com","https:\/\/www.facebook.com\/Aliados17Pue","https:\/\/x.com\/AliadosPuebla"],"url":"https:\/\/www.aliadospuebla.com\/?author=2"}]}},"views":13,"_links":{"self":[{"href":"https:\/\/www.aliadospuebla.com\/index.php?rest_route=\/wp\/v2\/posts\/47492","targetHints":{"allow":["GET"]}}],"collection":[{"href":"https:\/\/www.aliadospuebla.com\/index.php?rest_route=\/wp\/v2\/posts"}],"about":[{"href":"https:\/\/www.aliadospuebla.com\/index.php?rest_route=\/wp\/v2\/types\/post"}],"author":[{"embeddable":true,"href":"https:\/\/www.aliadospuebla.com\/index.php?rest_route=\/wp\/v2\/users\/2"}],"replies":[{"embeddable":true,"href":"https:\/\/www.aliadospuebla.com\/index.php?rest_route=%2Fwp%2Fv2%2Fcomments&post=47492"}],"version-history":[{"count":1,"href":"https:\/\/www.aliadospuebla.com\/index.php?rest_route=\/wp\/v2\/posts\/47492\/revisions"}],"predecessor-version":[{"id":47495,"href":"https:\/\/www.aliadospuebla.com\/index.php?rest_route=\/wp\/v2\/posts\/47492\/revisions\/47495"}],"wp:featuredmedia":[{"embeddable":true,"href":"https:\/\/www.aliadospuebla.com\/index.php?rest_route=\/wp\/v2\/media\/47494"}],"wp:attachment":[{"href":"https:\/\/www.aliadospuebla.com\/index.php?rest_route=%2Fwp%2Fv2%2Fmedia&parent=47492"}],"wp:term":[{"taxonomy":"category","embeddable":true,"href":"https:\/\/www.aliadospuebla.com\/index.php?rest_route=%2Fwp%2Fv2%2Fcategories&post=47492"},{"taxonomy":"post_tag","embeddable":true,"href":"https:\/\/www.aliadospuebla.com\/index.php?rest_route=%2Fwp%2Fv2%2Ftags&post=47492"}],"curies":[{"name":"wp","href":"https:\/\/api.w.org\/{rel}","templated":true}]}}