{"id":47397,"date":"2020-10-21T16:04:50","date_gmt":"2020-10-21T21:04:50","guid":{"rendered":"http:\/\/www.aliados17.com\/?p=47397"},"modified":"2020-10-21T16:04:50","modified_gmt":"2020-10-21T21:04:50","slug":"implementara-gobierno-de-texmelucan-campana-de-concientizacion-y-operativo-por-dia-de-muertos","status":"publish","type":"post","link":"https:\/\/www.aliadospuebla.com\/?p=47397","title":{"rendered":"IMPLEMENTAR\u00c1 GOBIERNO DE TEXMELUCAN CAMPA\u00d1A DE CONCIENTIZACI\u00d3N Y OPERATIVO POR D\u00cdA DE MUERTOS"},"content":{"rendered":"<p>Ante las pr\u00f3ximas festividades por D\u00eda de Muertos y el alto riesgo de contagio por el COVID-19, el Gobierno Municipal de Texmelucan reitera que los panteones de la cabecera municipal permanecer\u00e1n cerrados y anuncia que implementar\u00e1 una campa\u00f1a de concientizaci\u00f3n entre la poblaci\u00f3n para resaltar la importancia que tiene seguir cuidando la salud, adem\u00e1s de un operativo de vigilancia.<\/p>\n<p>Del 28 de octubre al 2 de noviembre, fechas en que los ciudadanos por tradici\u00f3n asisten a los camposantos, la Secretar\u00eda de Seguridad P\u00fablica y Tr\u00e1nsito Municipal en conjunto con la direcci\u00f3n de Gobernaci\u00f3n y Protecci\u00f3n Civil Municipal, realizar\u00e1n un operativo de vigilancia en las inmediaciones de los panteones de Dolores, San Mart\u00edn y Jardines de San Jer\u00f3nimo, con el objetivo de evitar las aglomeraciones de gente; as\u00ed mismo, se apoyar\u00e1 a las juntas auxiliares que lo soliciten.<\/p>\n<p>A trav\u00e9s de redes sociales se difundir\u00e1 una campa\u00f1a de concientizaci\u00f3n, destacando que, durante las principales celebraciones del D\u00eda de Muertos, los panteones llegan a recibir m\u00e1s de 15 mil personas, lo que representa un evidente riesgo de contagio para mujeres, hombres, j\u00f3venes, ni\u00f1os y adultos mayores que regularmente asisten.<\/p>\n<p>La presidenta municipal Norma Lay\u00f3n invita a las familias texmeluquenses a celebrar estas fechas con el mismo fervor y tradici\u00f3n, pero desde casa, colocando la tradicional ofrenda de muertos, en grupos peque\u00f1os, en familia; si bien, el D\u00eda de Muertos es una de las fechas m\u00e1s importantes en la cultura mexicana, los contagios por COVID-19 a\u00fan contin\u00faan.<\/p>\n<p>El Gobierno Municipal de Texmelucan desde el inicio de la pandemia ha conducido su actuar de manera responsable, cuidando sobre todo la salud de las familias de las 11 juntas auxiliares y la cabecera municipal, y con total apego a los decretos del Gobierno del Estado de Puebla y recomendaciones del Gobierno Federal. Es momento de redoblar esfuerzos y seguir implementando las medidas de higiene.<\/p>\n","protected":false},"excerpt":{"rendered":"<p>Ante las pr\u00f3ximas festividades por D\u00eda de Muertos y el alto riesgo de contagio por el COVID-19, el Gobierno Municipal de Texmelucan reitera que los panteones de la cabecera municipal permanecer\u00e1n cerrados y anuncia que implementar\u00e1 una campa\u00f1a de concientizaci\u00f3n entre la poblaci\u00f3n para resaltar la importancia que tiene seguir cuidando la salud, adem\u00e1s de un operativo de vigilancia. Del 28 de octubre al 2 de noviembre, fechas en que los ciudadanos por tradici\u00f3n asisten a los camposantos, la Secretar\u00eda de Seguridad P\u00fablica y Tr\u00e1nsito Municipal en conjunto con la direcci\u00f3n de Gobernaci\u00f3n y Protecci\u00f3n Civil Municipal, realizar\u00e1n un operativo de vigilancia en las inmediaciones de los panteones de Dolores, San Mart\u00edn y Jardines de San Jer\u00f3nimo, con el objetivo de evitar las aglomeraciones de&hellip;<\/p>\n<p class=\"excerpt-more\"><a class=\"blog-excerpt button\" href=\"https:\/\/www.aliadospuebla.com\/?p=47397\">Leer m\u00e1s&#8230;<\/a><\/p>\n","protected":false},"author":2,"featured_media":47398,"comment_status":"open","ping_status":"open","sticky":false,"template":"","format":"standard","meta":{"_monsterinsights_skip_tracking":false,"footnotes":""},"categories":[4],"tags":[11738,158,2351,6950,19,2326,365,710],"class_list":["post-47397","post","type-post","status-publish","format-standard","has-post-thumbnail","hentry","category-municipios","tag-covid-19","tag-cultura","tag-dia-de-muertos","tag-norma-layon","tag-operativo","tag-panteones","tag-salud","tag-san-martin-texmelucan"],"yoast_head":"<!-- This site is optimized with the Yoast SEO plugin v28.4 - https:\/\/yoast.com\/product\/yoast-seo-wordpress\/ -->\n<title>IMPLEMENTAR\u00c1 GOBIERNO DE TEXMELUCAN CAMPA\u00d1A DE CONCIENTIZACI\u00d3N Y OPERATIVO POR D\u00cdA DE MUERTOS - AliadosPuebla<\/title>\n<meta name=\"robots\" content=\"index, follow, max-snippet:-1, max-image-preview:large, max-video-preview:-1\" \/>\n<link rel=\"canonical\" href=\"https:\/\/www.aliadospuebla.com\/?p=47397\" \/>\n<meta property=\"og:locale\" content=\"es_ES\" \/>\n<meta property=\"og:type\" content=\"article\" \/>\n<meta property=\"og:title\" content=\"IMPLEMENTAR\u00c1 GOBIERNO DE TEXMELUCAN CAMPA\u00d1A DE CONCIENTIZACI\u00d3N Y OPERATIVO POR D\u00cdA DE MUERTOS - AliadosPuebla\" \/>\n<meta property=\"og:description\" content=\"Ante las pr\u00f3ximas festividades por D\u00eda de Muertos y el alto riesgo de contagio por el COVID-19, el Gobierno Municipal de Texmelucan reitera que los panteones de la cabecera municipal permanecer\u00e1n cerrados y anuncia que implementar\u00e1 una campa\u00f1a de concientizaci\u00f3n entre la poblaci\u00f3n para resaltar la importancia que tiene seguir cuidando la salud, adem\u00e1s de un operativo de vigilancia. Del 28 de octubre al 2 de noviembre, fechas en que los ciudadanos por tradici\u00f3n asisten a los camposantos, la Secretar\u00eda de Seguridad P\u00fablica y Tr\u00e1nsito Municipal en conjunto con la direcci\u00f3n de Gobernaci\u00f3n y Protecci\u00f3n Civil Municipal, realizar\u00e1n un operativo de vigilancia en las inmediaciones de los panteones de Dolores, San Mart\u00edn y Jardines de San Jer\u00f3nimo, con el objetivo de evitar las aglomeraciones de&hellip;Leer m\u00e1s...\" \/>\n<meta property=\"og:url\" content=\"https:\/\/www.aliadospuebla.com\/?p=47397\" \/>\n<meta property=\"og:site_name\" content=\"AliadosPuebla\" \/>\n<meta property=\"article:author\" content=\"https:\/\/www.facebook.com\/Aliados17Pue\" \/>\n<meta property=\"article:published_time\" content=\"2020-10-21T21:04:50+00:00\" \/>\n<meta property=\"og:image\" content=\"https:\/\/www.aliadospuebla.com\/web2017\/wp-content\/uploads\/2020\/10\/235-texmelucan.jpg\" \/>\n\t<meta property=\"og:image:width\" content=\"600\" \/>\n\t<meta property=\"og:image:height\" content=\"450\" \/>\n\t<meta property=\"og:image:type\" content=\"image\/jpeg\" \/>\n<meta name=\"author\" content=\"Aliados17\" \/>\n<meta name=\"twitter:card\" content=\"summary_large_image\" \/>\n<meta name=\"twitter:creator\" content=\"@AliadosPuebla\" \/>\n<meta name=\"twitter:label1\" content=\"Escrito por\" \/>\n\t<meta name=\"twitter:data1\" content=\"Aliados17\" \/>\n\t<meta name=\"twitter:label2\" content=\"Tiempo de lectura\" \/>\n\t<meta name=\"twitter:data2\" content=\"2 minutos\" \/>\n<script type=\"application\/ld+json\" class=\"yoast-schema-graph\">{\"@context\":\"https:\\\/\\\/schema.org\",\"@graph\":[{\"@type\":\"Article\",\"@id\":\"https:\\\/\\\/www.aliadospuebla.com\\\/?p=47397#article\",\"isPartOf\":{\"@id\":\"https:\\\/\\\/www.aliadospuebla.com\\\/?p=47397\"},\"author\":{\"name\":\"Aliados17\",\"@id\":\"https:\\\/\\\/www.aliadospuebla.com\\\/#\\\/schema\\\/person\\\/5da7dd09320bd4f392b710017ed5f8ad\"},\"headline\":\"IMPLEMENTAR\u00c1 GOBIERNO DE TEXMELUCAN CAMPA\u00d1A DE CONCIENTIZACI\u00d3N Y OPERATIVO POR D\u00cdA DE MUERTOS\",\"datePublished\":\"2020-10-21T21:04:50+00:00\",\"mainEntityOfPage\":{\"@id\":\"https:\\\/\\\/www.aliadospuebla.com\\\/?p=47397\"},\"wordCount\":352,\"commentCount\":0,\"image\":{\"@id\":\"https:\\\/\\\/www.aliadospuebla.com\\\/?p=47397#primaryimage\"},\"thumbnailUrl\":\"https:\\\/\\\/www.aliadospuebla.com\\\/web2017\\\/wp-content\\\/uploads\\\/2020\\\/10\\\/235-texmelucan.jpg\",\"keywords\":[\"COVID-19\",\"Cultura\",\"D\u00cdA DE MUERTOS\",\"NORMA LAY\u00d3N\",\"Operativo\",\"PANTEONES\",\"SALUD\",\"SAN MART\u00cdN TEXMELUCAN\"],\"articleSection\":[\"Municipios\"],\"inLanguage\":\"es\",\"potentialAction\":[{\"@type\":\"CommentAction\",\"name\":\"Comment\",\"target\":[\"https:\\\/\\\/www.aliadospuebla.com\\\/?p=47397#respond\"]}]},{\"@type\":\"WebPage\",\"@id\":\"https:\\\/\\\/www.aliadospuebla.com\\\/?p=47397\",\"url\":\"https:\\\/\\\/www.aliadospuebla.com\\\/?p=47397\",\"name\":\"IMPLEMENTAR\u00c1 GOBIERNO DE TEXMELUCAN CAMPA\u00d1A DE CONCIENTIZACI\u00d3N Y OPERATIVO POR D\u00cdA DE MUERTOS - AliadosPuebla\",\"isPartOf\":{\"@id\":\"https:\\\/\\\/www.aliadospuebla.com\\\/#website\"},\"primaryImageOfPage\":{\"@id\":\"https:\\\/\\\/www.aliadospuebla.com\\\/?p=47397#primaryimage\"},\"image\":{\"@id\":\"https:\\\/\\\/www.aliadospuebla.com\\\/?p=47397#primaryimage\"},\"thumbnailUrl\":\"https:\\\/\\\/www.aliadospuebla.com\\\/web2017\\\/wp-content\\\/uploads\\\/2020\\\/10\\\/235-texmelucan.jpg\",\"datePublished\":\"2020-10-21T21:04:50+00:00\",\"author\":{\"@id\":\"https:\\\/\\\/www.aliadospuebla.com\\\/#\\\/schema\\\/person\\\/5da7dd09320bd4f392b710017ed5f8ad\"},\"breadcrumb\":{\"@id\":\"https:\\\/\\\/www.aliadospuebla.com\\\/?p=47397#breadcrumb\"},\"inLanguage\":\"es\",\"potentialAction\":[{\"@type\":\"ReadAction\",\"target\":[\"https:\\\/\\\/www.aliadospuebla.com\\\/?p=47397\"]}]},{\"@type\":\"ImageObject\",\"inLanguage\":\"es\",\"@id\":\"https:\\\/\\\/www.aliadospuebla.com\\\/?p=47397#primaryimage\",\"url\":\"https:\\\/\\\/www.aliadospuebla.com\\\/web2017\\\/wp-content\\\/uploads\\\/2020\\\/10\\\/235-texmelucan.jpg\",\"contentUrl\":\"https:\\\/\\\/www.aliadospuebla.com\\\/web2017\\\/wp-content\\\/uploads\\\/2020\\\/10\\\/235-texmelucan.jpg\",\"width\":600,\"height\":450},{\"@type\":\"BreadcrumbList\",\"@id\":\"https:\\\/\\\/www.aliadospuebla.com\\\/?p=47397#breadcrumb\",\"itemListElement\":[{\"@type\":\"ListItem\",\"position\":1,\"name\":\"Portada\",\"item\":\"https:\\\/\\\/www.aliadospuebla.com\\\/\"},{\"@type\":\"ListItem\",\"position\":2,\"name\":\"IMPLEMENTAR\u00c1 GOBIERNO DE TEXMELUCAN CAMPA\u00d1A DE CONCIENTIZACI\u00d3N Y OPERATIVO POR D\u00cdA DE MUERTOS\"}]},{\"@type\":\"WebSite\",\"@id\":\"https:\\\/\\\/www.aliadospuebla.com\\\/#website\",\"url\":\"https:\\\/\\\/www.aliadospuebla.com\\\/\",\"name\":\"AliadosPuebla\",\"description\":\"La informaci\u00f3n en tus manos\",\"potentialAction\":[{\"@type\":\"SearchAction\",\"target\":{\"@type\":\"EntryPoint\",\"urlTemplate\":\"https:\\\/\\\/www.aliadospuebla.com\\\/?s={search_term_string}\"},\"query-input\":{\"@type\":\"PropertyValueSpecification\",\"valueRequired\":true,\"valueName\":\"search_term_string\"}}],\"inLanguage\":\"es\"},{\"@type\":\"Person\",\"@id\":\"https:\\\/\\\/www.aliadospuebla.com\\\/#\\\/schema\\\/person\\\/5da7dd09320bd4f392b710017ed5f8ad\",\"name\":\"Aliados17\",\"image\":{\"@type\":\"ImageObject\",\"inLanguage\":\"es\",\"@id\":\"https:\\\/\\\/www.aliadospuebla.com\\\/web2017\\\/wp-content\\\/uploads\\\/2025\\\/03\\\/cropped-para-perfil-8-anos-1-96x96.jpg\",\"url\":\"https:\\\/\\\/www.aliadospuebla.com\\\/web2017\\\/wp-content\\\/uploads\\\/2025\\\/03\\\/cropped-para-perfil-8-anos-1-96x96.jpg\",\"contentUrl\":\"https:\\\/\\\/www.aliadospuebla.com\\\/web2017\\\/wp-content\\\/uploads\\\/2025\\\/03\\\/cropped-para-perfil-8-anos-1-96x96.jpg\",\"caption\":\"Aliados17\"},\"sameAs\":[\"https:\\\/\\\/www.aliados17.com\",\"https:\\\/\\\/www.facebook.com\\\/Aliados17Pue\",\"https:\\\/\\\/x.com\\\/AliadosPuebla\"],\"url\":\"https:\\\/\\\/www.aliadospuebla.com\\\/?author=2\"}]}<\/script>\n<!-- \/ Yoast SEO plugin. -->","yoast_head_json":{"title":"IMPLEMENTAR\u00c1 GOBIERNO DE TEXMELUCAN CAMPA\u00d1A DE CONCIENTIZACI\u00d3N Y OPERATIVO POR D\u00cdA DE MUERTOS - AliadosPuebla","robots":{"index":"index","follow":"follow","max-snippet":"max-snippet:-1","max-image-preview":"max-image-preview:large","max-video-preview":"max-video-preview:-1"},"canonical":"https:\/\/www.aliadospuebla.com\/?p=47397","og_locale":"es_ES","og_type":"article","og_title":"IMPLEMENTAR\u00c1 GOBIERNO DE TEXMELUCAN CAMPA\u00d1A DE CONCIENTIZACI\u00d3N Y OPERATIVO POR D\u00cdA DE MUERTOS - AliadosPuebla","og_description":"Ante las pr\u00f3ximas festividades por D\u00eda de Muertos y el alto riesgo de contagio por el COVID-19, el Gobierno Municipal de Texmelucan reitera que los panteones de la cabecera municipal permanecer\u00e1n cerrados y anuncia que implementar\u00e1 una campa\u00f1a de concientizaci\u00f3n entre la poblaci\u00f3n para resaltar la importancia que tiene seguir cuidando la salud, adem\u00e1s de un operativo de vigilancia. Del 28 de octubre al 2 de noviembre, fechas en que los ciudadanos por tradici\u00f3n asisten a los camposantos, la Secretar\u00eda de Seguridad P\u00fablica y Tr\u00e1nsito Municipal en conjunto con la direcci\u00f3n de Gobernaci\u00f3n y Protecci\u00f3n Civil Municipal, realizar\u00e1n un operativo de vigilancia en las inmediaciones de los panteones de Dolores, San Mart\u00edn y Jardines de San Jer\u00f3nimo, con el objetivo de evitar las aglomeraciones de&hellip;Leer m\u00e1s...","og_url":"https:\/\/www.aliadospuebla.com\/?p=47397","og_site_name":"AliadosPuebla","article_author":"https:\/\/www.facebook.com\/Aliados17Pue","article_published_time":"2020-10-21T21:04:50+00:00","og_image":[{"width":600,"height":450,"url":"https:\/\/www.aliadospuebla.com\/web2017\/wp-content\/uploads\/2020\/10\/235-texmelucan.jpg","type":"image\/jpeg"}],"author":"Aliados17","twitter_card":"summary_large_image","twitter_creator":"@AliadosPuebla","twitter_misc":{"Escrito por":"Aliados17","Tiempo de lectura":"2 minutos"},"schema":{"@context":"https:\/\/schema.org","@graph":[{"@type":"Article","@id":"https:\/\/www.aliadospuebla.com\/?p=47397#article","isPartOf":{"@id":"https:\/\/www.aliadospuebla.com\/?p=47397"},"author":{"name":"Aliados17","@id":"https:\/\/www.aliadospuebla.com\/#\/schema\/person\/5da7dd09320bd4f392b710017ed5f8ad"},"headline":"IMPLEMENTAR\u00c1 GOBIERNO DE TEXMELUCAN CAMPA\u00d1A DE CONCIENTIZACI\u00d3N Y OPERATIVO POR D\u00cdA DE MUERTOS","datePublished":"2020-10-21T21:04:50+00:00","mainEntityOfPage":{"@id":"https:\/\/www.aliadospuebla.com\/?p=47397"},"wordCount":352,"commentCount":0,"image":{"@id":"https:\/\/www.aliadospuebla.com\/?p=47397#primaryimage"},"thumbnailUrl":"https:\/\/www.aliadospuebla.com\/web2017\/wp-content\/uploads\/2020\/10\/235-texmelucan.jpg","keywords":["COVID-19","Cultura","D\u00cdA DE MUERTOS","NORMA LAY\u00d3N","Operativo","PANTEONES","SALUD","SAN MART\u00cdN TEXMELUCAN"],"articleSection":["Municipios"],"inLanguage":"es","potentialAction":[{"@type":"CommentAction","name":"Comment","target":["https:\/\/www.aliadospuebla.com\/?p=47397#respond"]}]},{"@type":"WebPage","@id":"https:\/\/www.aliadospuebla.com\/?p=47397","url":"https:\/\/www.aliadospuebla.com\/?p=47397","name":"IMPLEMENTAR\u00c1 GOBIERNO DE TEXMELUCAN CAMPA\u00d1A DE CONCIENTIZACI\u00d3N Y OPERATIVO POR D\u00cdA DE MUERTOS - AliadosPuebla","isPartOf":{"@id":"https:\/\/www.aliadospuebla.com\/#website"},"primaryImageOfPage":{"@id":"https:\/\/www.aliadospuebla.com\/?p=47397#primaryimage"},"image":{"@id":"https:\/\/www.aliadospuebla.com\/?p=47397#primaryimage"},"thumbnailUrl":"https:\/\/www.aliadospuebla.com\/web2017\/wp-content\/uploads\/2020\/10\/235-texmelucan.jpg","datePublished":"2020-10-21T21:04:50+00:00","author":{"@id":"https:\/\/www.aliadospuebla.com\/#\/schema\/person\/5da7dd09320bd4f392b710017ed5f8ad"},"breadcrumb":{"@id":"https:\/\/www.aliadospuebla.com\/?p=47397#breadcrumb"},"inLanguage":"es","potentialAction":[{"@type":"ReadAction","target":["https:\/\/www.aliadospuebla.com\/?p=47397"]}]},{"@type":"ImageObject","inLanguage":"es","@id":"https:\/\/www.aliadospuebla.com\/?p=47397#primaryimage","url":"https:\/\/www.aliadospuebla.com\/web2017\/wp-content\/uploads\/2020\/10\/235-texmelucan.jpg","contentUrl":"https:\/\/www.aliadospuebla.com\/web2017\/wp-content\/uploads\/2020\/10\/235-texmelucan.jpg","width":600,"height":450},{"@type":"BreadcrumbList","@id":"https:\/\/www.aliadospuebla.com\/?p=47397#breadcrumb","itemListElement":[{"@type":"ListItem","position":1,"name":"Portada","item":"https:\/\/www.aliadospuebla.com\/"},{"@type":"ListItem","position":2,"name":"IMPLEMENTAR\u00c1 GOBIERNO DE TEXMELUCAN CAMPA\u00d1A DE CONCIENTIZACI\u00d3N Y OPERATIVO POR D\u00cdA DE MUERTOS"}]},{"@type":"WebSite","@id":"https:\/\/www.aliadospuebla.com\/#website","url":"https:\/\/www.aliadospuebla.com\/","name":"AliadosPuebla","description":"La informaci\u00f3n en tus manos","potentialAction":[{"@type":"SearchAction","target":{"@type":"EntryPoint","urlTemplate":"https:\/\/www.aliadospuebla.com\/?s={search_term_string}"},"query-input":{"@type":"PropertyValueSpecification","valueRequired":true,"valueName":"search_term_string"}}],"inLanguage":"es"},{"@type":"Person","@id":"https:\/\/www.aliadospuebla.com\/#\/schema\/person\/5da7dd09320bd4f392b710017ed5f8ad","name":"Aliados17","image":{"@type":"ImageObject","inLanguage":"es","@id":"https:\/\/www.aliadospuebla.com\/web2017\/wp-content\/uploads\/2025\/03\/cropped-para-perfil-8-anos-1-96x96.jpg","url":"https:\/\/www.aliadospuebla.com\/web2017\/wp-content\/uploads\/2025\/03\/cropped-para-perfil-8-anos-1-96x96.jpg","contentUrl":"https:\/\/www.aliadospuebla.com\/web2017\/wp-content\/uploads\/2025\/03\/cropped-para-perfil-8-anos-1-96x96.jpg","caption":"Aliados17"},"sameAs":["https:\/\/www.aliados17.com","https:\/\/www.facebook.com\/Aliados17Pue","https:\/\/x.com\/AliadosPuebla"],"url":"https:\/\/www.aliadospuebla.com\/?author=2"}]}},"views":11,"_links":{"self":[{"href":"https:\/\/www.aliadospuebla.com\/index.php?rest_route=\/wp\/v2\/posts\/47397","targetHints":{"allow":["GET"]}}],"collection":[{"href":"https:\/\/www.aliadospuebla.com\/index.php?rest_route=\/wp\/v2\/posts"}],"about":[{"href":"https:\/\/www.aliadospuebla.com\/index.php?rest_route=\/wp\/v2\/types\/post"}],"author":[{"embeddable":true,"href":"https:\/\/www.aliadospuebla.com\/index.php?rest_route=\/wp\/v2\/users\/2"}],"replies":[{"embeddable":true,"href":"https:\/\/www.aliadospuebla.com\/index.php?rest_route=%2Fwp%2Fv2%2Fcomments&post=47397"}],"version-history":[{"count":1,"href":"https:\/\/www.aliadospuebla.com\/index.php?rest_route=\/wp\/v2\/posts\/47397\/revisions"}],"predecessor-version":[{"id":47399,"href":"https:\/\/www.aliadospuebla.com\/index.php?rest_route=\/wp\/v2\/posts\/47397\/revisions\/47399"}],"wp:featuredmedia":[{"embeddable":true,"href":"https:\/\/www.aliadospuebla.com\/index.php?rest_route=\/wp\/v2\/media\/47398"}],"wp:attachment":[{"href":"https:\/\/www.aliadospuebla.com\/index.php?rest_route=%2Fwp%2Fv2%2Fmedia&parent=47397"}],"wp:term":[{"taxonomy":"category","embeddable":true,"href":"https:\/\/www.aliadospuebla.com\/index.php?rest_route=%2Fwp%2Fv2%2Fcategories&post=47397"},{"taxonomy":"post_tag","embeddable":true,"href":"https:\/\/www.aliadospuebla.com\/index.php?rest_route=%2Fwp%2Fv2%2Ftags&post=47397"}],"curies":[{"name":"wp","href":"https:\/\/api.w.org\/{rel}","templated":true}]}}