{"id":47379,"date":"2020-10-21T13:26:25","date_gmt":"2020-10-21T18:26:25","guid":{"rendered":"http:\/\/www.aliados17.com\/?p=47379"},"modified":"2020-10-21T13:26:25","modified_gmt":"2020-10-21T18:26:25","slug":"urgente-brindar-mayor-seguridad-a-planteles-educativos-fernando-manzanilla","status":"publish","type":"post","link":"https:\/\/www.aliadospuebla.com\/?p=47379","title":{"rendered":"URGENTE BRINDAR MAYOR SEGURIDAD A PLANTELES EDUCATIVOS: FERNANDO MANZANILLA"},"content":{"rendered":"<p>Al manifestar su preocupaci\u00f3n porque en los \u00faltimos meses se ha desatado una ola imparable de atracos a planteles de escuelas p\u00fablicas de la capital, el Diputado Federal por el Distrito 12 de Puebla, Fernando Manzanilla Prieto, llam\u00f3 a las autoridades a brindar mayor seguridad, ya que se calcula que al d\u00eda se registran cinco robos a instituciones educativas.<\/p>\n<p>\u201cSeg\u00fan lo han denunciado algunos regidores, en estos meses de pandemia ha habido m\u00e1s de 350 robos. Donde m\u00e1s se han ensa\u00f1ado los delincuentes es en Lomas de San Miguel, La Joya, Amalucan, Rivera Anaya y La Margarita. Por reportes se sabe que el delito se repite en algunos casos.\u201d, recalc\u00f3.<\/p>\n<p>El legislador indic\u00f3 que los delincuentes van tras el equipo de c\u00f3mputo, muebles, cables de luz, bombas de agua, e incluso la tuber\u00eda PVC se han llevado. Ejemplific\u00f3 que uno de los robos m\u00e1s escandalosos se suscit\u00f3 en el bachillerato Gabino Barreda, que est\u00e1 en la colonia Adolfo L\u00f3pez Mateos, donde un grupo armado de seis personas, entre ellos una mujer, irrumpi\u00f3 en el plantel y, tras someter al velador, se robaron todo, hasta los celulares que estaban resguardados en la direcci\u00f3n de la escuela.<\/p>\n<p>\u201cEsto nos habla de la presencia de bandas armadas y organizadas, no de delincuentes comunes. Bandas que est\u00e1n operando con total impunidad, acabando con la poca infraestructura educativa con la que cuentan las ni\u00f1as, ni\u00f1os y j\u00f3venes del estado para su educaci\u00f3n\u201d, enfatiz\u00f3.<\/p>\n<p>En este sentido, Manzanilla Prieto dijo que present\u00f3 un punto de acuerdo en la C\u00e1mara de Diputados para exhortar a la Secretar\u00eda de Seguridad P\u00fablica del gobierno del estado de Puebla, a las autoridades del ayuntamiento de la capital y a la Fiscal\u00eda General del Estado a que, en el \u00e1mbito de sus atribuciones, garanticen la seguridad de los centros educativos en la entidad.<\/p>\n<p>Asimismo, pidi\u00f3 que se dise\u00f1en e implementen estrategias de prevenci\u00f3n y vigilancia en las escuelas p\u00fablicas a fin de combatir, reducir y eliminar los robos en los planteles educativos. Y a promover la realizaci\u00f3n de operativos conjuntos con otras instancias p\u00fablicas gubernamentales, con el objetivo de desarticular a estas bandas delictivas dedicadas al robo de escuelas.<\/p>\n<p>\u201cLos \u00edndices delincuenciales han bajado respecto al a\u00f1o pasado. Pero no perdamos de vista que ha sido como consecuencia de la pandemia. El problema es que en medio de la emergencia sanitaria, se han abierto otros frentes que la delincuencia ha sabido aprovechar\u201d, concluy\u00f3.<\/p>\n","protected":false},"excerpt":{"rendered":"<p>Al manifestar su preocupaci\u00f3n porque en los \u00faltimos meses se ha desatado una ola imparable de atracos a planteles de escuelas p\u00fablicas de la capital, el Diputado Federal por el Distrito 12 de Puebla, Fernando Manzanilla Prieto, llam\u00f3 a las autoridades a brindar mayor seguridad, ya que se calcula que al d\u00eda se registran cinco robos a instituciones educativas. \u201cSeg\u00fan lo han denunciado algunos regidores, en estos meses de pandemia ha habido m\u00e1s de 350 robos. Donde m\u00e1s se han ensa\u00f1ado los delincuentes es en Lomas de San Miguel, La Joya, Amalucan, Rivera Anaya y La Margarita. Por reportes se sabe que el delito se repite en algunos casos.\u201d, recalc\u00f3. El legislador indic\u00f3 que los delincuentes van tras el equipo de c\u00f3mputo, muebles, cables de&hellip;<\/p>\n<p class=\"excerpt-more\"><a class=\"blog-excerpt button\" href=\"https:\/\/www.aliadospuebla.com\/?p=47379\">Leer m\u00e1s&#8230;<\/a><\/p>\n","protected":false},"author":2,"featured_media":47380,"comment_status":"open","ping_status":"open","sticky":false,"template":"","format":"standard","meta":{"_monsterinsights_skip_tracking":false,"footnotes":""},"categories":[6],"tags":[4756,12251,20],"class_list":["post-47379","post","type-post","status-publish","format-standard","has-post-thumbnail","hentry","category-politica","tag-fernando-manzanilla","tag-planteles-educativos","tag-seguridad"],"yoast_head":"<!-- This site is optimized with the Yoast SEO plugin v28.4 - https:\/\/yoast.com\/product\/yoast-seo-wordpress\/ -->\n<title>URGENTE BRINDAR MAYOR SEGURIDAD A PLANTELES EDUCATIVOS: FERNANDO MANZANILLA - AliadosPuebla<\/title>\n<meta name=\"robots\" content=\"index, follow, max-snippet:-1, max-image-preview:large, max-video-preview:-1\" \/>\n<link rel=\"canonical\" href=\"https:\/\/www.aliadospuebla.com\/?p=47379\" \/>\n<meta property=\"og:locale\" content=\"es_ES\" \/>\n<meta property=\"og:type\" content=\"article\" \/>\n<meta property=\"og:title\" content=\"URGENTE BRINDAR MAYOR SEGURIDAD A PLANTELES EDUCATIVOS: FERNANDO MANZANILLA - AliadosPuebla\" \/>\n<meta property=\"og:description\" content=\"Al manifestar su preocupaci\u00f3n porque en los \u00faltimos meses se ha desatado una ola imparable de atracos a planteles de escuelas p\u00fablicas de la capital, el Diputado Federal por el Distrito 12 de Puebla, Fernando Manzanilla Prieto, llam\u00f3 a las autoridades a brindar mayor seguridad, ya que se calcula que al d\u00eda se registran cinco robos a instituciones educativas. \u201cSeg\u00fan lo han denunciado algunos regidores, en estos meses de pandemia ha habido m\u00e1s de 350 robos. Donde m\u00e1s se han ensa\u00f1ado los delincuentes es en Lomas de San Miguel, La Joya, Amalucan, Rivera Anaya y La Margarita. Por reportes se sabe que el delito se repite en algunos casos.\u201d, recalc\u00f3. El legislador indic\u00f3 que los delincuentes van tras el equipo de c\u00f3mputo, muebles, cables de&hellip;Leer m\u00e1s...\" \/>\n<meta property=\"og:url\" content=\"https:\/\/www.aliadospuebla.com\/?p=47379\" \/>\n<meta property=\"og:site_name\" content=\"AliadosPuebla\" \/>\n<meta property=\"article:author\" content=\"https:\/\/www.facebook.com\/Aliados17Pue\" \/>\n<meta property=\"article:published_time\" content=\"2020-10-21T18:26:25+00:00\" \/>\n<meta property=\"og:image\" content=\"https:\/\/www.aliadospuebla.com\/web2017\/wp-content\/uploads\/2020\/10\/229-Fernando-Manzanilla.jpg\" \/>\n\t<meta property=\"og:image:width\" content=\"600\" \/>\n\t<meta property=\"og:image:height\" content=\"450\" \/>\n\t<meta property=\"og:image:type\" content=\"image\/jpeg\" \/>\n<meta name=\"author\" content=\"Aliados17\" \/>\n<meta name=\"twitter:card\" content=\"summary_large_image\" \/>\n<meta name=\"twitter:creator\" content=\"@AliadosPuebla\" \/>\n<meta name=\"twitter:label1\" content=\"Escrito por\" \/>\n\t<meta name=\"twitter:data1\" content=\"Aliados17\" \/>\n\t<meta name=\"twitter:label2\" content=\"Tiempo de lectura\" \/>\n\t<meta name=\"twitter:data2\" content=\"2 minutos\" \/>\n<script type=\"application\/ld+json\" class=\"yoast-schema-graph\">{\"@context\":\"https:\\\/\\\/schema.org\",\"@graph\":[{\"@type\":\"Article\",\"@id\":\"https:\\\/\\\/www.aliadospuebla.com\\\/?p=47379#article\",\"isPartOf\":{\"@id\":\"https:\\\/\\\/www.aliadospuebla.com\\\/?p=47379\"},\"author\":{\"name\":\"Aliados17\",\"@id\":\"https:\\\/\\\/www.aliadospuebla.com\\\/#\\\/schema\\\/person\\\/5da7dd09320bd4f392b710017ed5f8ad\"},\"headline\":\"URGENTE BRINDAR MAYOR SEGURIDAD A PLANTELES EDUCATIVOS: FERNANDO MANZANILLA\",\"datePublished\":\"2020-10-21T18:26:25+00:00\",\"mainEntityOfPage\":{\"@id\":\"https:\\\/\\\/www.aliadospuebla.com\\\/?p=47379\"},\"wordCount\":436,\"commentCount\":0,\"image\":{\"@id\":\"https:\\\/\\\/www.aliadospuebla.com\\\/?p=47379#primaryimage\"},\"thumbnailUrl\":\"https:\\\/\\\/www.aliadospuebla.com\\\/web2017\\\/wp-content\\\/uploads\\\/2020\\\/10\\\/229-Fernando-Manzanilla.jpg\",\"keywords\":[\"FERNANDO MANZANILLA\",\"planteles educativos\",\"Seguridad\"],\"articleSection\":[\"Pol\u00edtica\"],\"inLanguage\":\"es\",\"potentialAction\":[{\"@type\":\"CommentAction\",\"name\":\"Comment\",\"target\":[\"https:\\\/\\\/www.aliadospuebla.com\\\/?p=47379#respond\"]}]},{\"@type\":\"WebPage\",\"@id\":\"https:\\\/\\\/www.aliadospuebla.com\\\/?p=47379\",\"url\":\"https:\\\/\\\/www.aliadospuebla.com\\\/?p=47379\",\"name\":\"URGENTE BRINDAR MAYOR SEGURIDAD A PLANTELES EDUCATIVOS: FERNANDO MANZANILLA - AliadosPuebla\",\"isPartOf\":{\"@id\":\"https:\\\/\\\/www.aliadospuebla.com\\\/#website\"},\"primaryImageOfPage\":{\"@id\":\"https:\\\/\\\/www.aliadospuebla.com\\\/?p=47379#primaryimage\"},\"image\":{\"@id\":\"https:\\\/\\\/www.aliadospuebla.com\\\/?p=47379#primaryimage\"},\"thumbnailUrl\":\"https:\\\/\\\/www.aliadospuebla.com\\\/web2017\\\/wp-content\\\/uploads\\\/2020\\\/10\\\/229-Fernando-Manzanilla.jpg\",\"datePublished\":\"2020-10-21T18:26:25+00:00\",\"author\":{\"@id\":\"https:\\\/\\\/www.aliadospuebla.com\\\/#\\\/schema\\\/person\\\/5da7dd09320bd4f392b710017ed5f8ad\"},\"breadcrumb\":{\"@id\":\"https:\\\/\\\/www.aliadospuebla.com\\\/?p=47379#breadcrumb\"},\"inLanguage\":\"es\",\"potentialAction\":[{\"@type\":\"ReadAction\",\"target\":[\"https:\\\/\\\/www.aliadospuebla.com\\\/?p=47379\"]}]},{\"@type\":\"ImageObject\",\"inLanguage\":\"es\",\"@id\":\"https:\\\/\\\/www.aliadospuebla.com\\\/?p=47379#primaryimage\",\"url\":\"https:\\\/\\\/www.aliadospuebla.com\\\/web2017\\\/wp-content\\\/uploads\\\/2020\\\/10\\\/229-Fernando-Manzanilla.jpg\",\"contentUrl\":\"https:\\\/\\\/www.aliadospuebla.com\\\/web2017\\\/wp-content\\\/uploads\\\/2020\\\/10\\\/229-Fernando-Manzanilla.jpg\",\"width\":600,\"height\":450},{\"@type\":\"BreadcrumbList\",\"@id\":\"https:\\\/\\\/www.aliadospuebla.com\\\/?p=47379#breadcrumb\",\"itemListElement\":[{\"@type\":\"ListItem\",\"position\":1,\"name\":\"Portada\",\"item\":\"https:\\\/\\\/www.aliadospuebla.com\\\/\"},{\"@type\":\"ListItem\",\"position\":2,\"name\":\"URGENTE BRINDAR MAYOR SEGURIDAD A PLANTELES EDUCATIVOS: FERNANDO MANZANILLA\"}]},{\"@type\":\"WebSite\",\"@id\":\"https:\\\/\\\/www.aliadospuebla.com\\\/#website\",\"url\":\"https:\\\/\\\/www.aliadospuebla.com\\\/\",\"name\":\"AliadosPuebla\",\"description\":\"La informaci\u00f3n en tus manos\",\"potentialAction\":[{\"@type\":\"SearchAction\",\"target\":{\"@type\":\"EntryPoint\",\"urlTemplate\":\"https:\\\/\\\/www.aliadospuebla.com\\\/?s={search_term_string}\"},\"query-input\":{\"@type\":\"PropertyValueSpecification\",\"valueRequired\":true,\"valueName\":\"search_term_string\"}}],\"inLanguage\":\"es\"},{\"@type\":\"Person\",\"@id\":\"https:\\\/\\\/www.aliadospuebla.com\\\/#\\\/schema\\\/person\\\/5da7dd09320bd4f392b710017ed5f8ad\",\"name\":\"Aliados17\",\"image\":{\"@type\":\"ImageObject\",\"inLanguage\":\"es\",\"@id\":\"https:\\\/\\\/www.aliadospuebla.com\\\/web2017\\\/wp-content\\\/uploads\\\/2025\\\/03\\\/cropped-para-perfil-8-anos-1-96x96.jpg\",\"url\":\"https:\\\/\\\/www.aliadospuebla.com\\\/web2017\\\/wp-content\\\/uploads\\\/2025\\\/03\\\/cropped-para-perfil-8-anos-1-96x96.jpg\",\"contentUrl\":\"https:\\\/\\\/www.aliadospuebla.com\\\/web2017\\\/wp-content\\\/uploads\\\/2025\\\/03\\\/cropped-para-perfil-8-anos-1-96x96.jpg\",\"caption\":\"Aliados17\"},\"sameAs\":[\"https:\\\/\\\/www.aliados17.com\",\"https:\\\/\\\/www.facebook.com\\\/Aliados17Pue\",\"https:\\\/\\\/x.com\\\/AliadosPuebla\"],\"url\":\"https:\\\/\\\/www.aliadospuebla.com\\\/?author=2\"}]}<\/script>\n<!-- \/ Yoast SEO plugin. -->","yoast_head_json":{"title":"URGENTE BRINDAR MAYOR SEGURIDAD A PLANTELES EDUCATIVOS: FERNANDO MANZANILLA - AliadosPuebla","robots":{"index":"index","follow":"follow","max-snippet":"max-snippet:-1","max-image-preview":"max-image-preview:large","max-video-preview":"max-video-preview:-1"},"canonical":"https:\/\/www.aliadospuebla.com\/?p=47379","og_locale":"es_ES","og_type":"article","og_title":"URGENTE BRINDAR MAYOR SEGURIDAD A PLANTELES EDUCATIVOS: FERNANDO MANZANILLA - AliadosPuebla","og_description":"Al manifestar su preocupaci\u00f3n porque en los \u00faltimos meses se ha desatado una ola imparable de atracos a planteles de escuelas p\u00fablicas de la capital, el Diputado Federal por el Distrito 12 de Puebla, Fernando Manzanilla Prieto, llam\u00f3 a las autoridades a brindar mayor seguridad, ya que se calcula que al d\u00eda se registran cinco robos a instituciones educativas. \u201cSeg\u00fan lo han denunciado algunos regidores, en estos meses de pandemia ha habido m\u00e1s de 350 robos. Donde m\u00e1s se han ensa\u00f1ado los delincuentes es en Lomas de San Miguel, La Joya, Amalucan, Rivera Anaya y La Margarita. Por reportes se sabe que el delito se repite en algunos casos.\u201d, recalc\u00f3. El legislador indic\u00f3 que los delincuentes van tras el equipo de c\u00f3mputo, muebles, cables de&hellip;Leer m\u00e1s...","og_url":"https:\/\/www.aliadospuebla.com\/?p=47379","og_site_name":"AliadosPuebla","article_author":"https:\/\/www.facebook.com\/Aliados17Pue","article_published_time":"2020-10-21T18:26:25+00:00","og_image":[{"width":600,"height":450,"url":"https:\/\/www.aliadospuebla.com\/web2017\/wp-content\/uploads\/2020\/10\/229-Fernando-Manzanilla.jpg","type":"image\/jpeg"}],"author":"Aliados17","twitter_card":"summary_large_image","twitter_creator":"@AliadosPuebla","twitter_misc":{"Escrito por":"Aliados17","Tiempo de lectura":"2 minutos"},"schema":{"@context":"https:\/\/schema.org","@graph":[{"@type":"Article","@id":"https:\/\/www.aliadospuebla.com\/?p=47379#article","isPartOf":{"@id":"https:\/\/www.aliadospuebla.com\/?p=47379"},"author":{"name":"Aliados17","@id":"https:\/\/www.aliadospuebla.com\/#\/schema\/person\/5da7dd09320bd4f392b710017ed5f8ad"},"headline":"URGENTE BRINDAR MAYOR SEGURIDAD A PLANTELES EDUCATIVOS: FERNANDO MANZANILLA","datePublished":"2020-10-21T18:26:25+00:00","mainEntityOfPage":{"@id":"https:\/\/www.aliadospuebla.com\/?p=47379"},"wordCount":436,"commentCount":0,"image":{"@id":"https:\/\/www.aliadospuebla.com\/?p=47379#primaryimage"},"thumbnailUrl":"https:\/\/www.aliadospuebla.com\/web2017\/wp-content\/uploads\/2020\/10\/229-Fernando-Manzanilla.jpg","keywords":["FERNANDO MANZANILLA","planteles educativos","Seguridad"],"articleSection":["Pol\u00edtica"],"inLanguage":"es","potentialAction":[{"@type":"CommentAction","name":"Comment","target":["https:\/\/www.aliadospuebla.com\/?p=47379#respond"]}]},{"@type":"WebPage","@id":"https:\/\/www.aliadospuebla.com\/?p=47379","url":"https:\/\/www.aliadospuebla.com\/?p=47379","name":"URGENTE BRINDAR MAYOR SEGURIDAD A PLANTELES EDUCATIVOS: FERNANDO MANZANILLA - AliadosPuebla","isPartOf":{"@id":"https:\/\/www.aliadospuebla.com\/#website"},"primaryImageOfPage":{"@id":"https:\/\/www.aliadospuebla.com\/?p=47379#primaryimage"},"image":{"@id":"https:\/\/www.aliadospuebla.com\/?p=47379#primaryimage"},"thumbnailUrl":"https:\/\/www.aliadospuebla.com\/web2017\/wp-content\/uploads\/2020\/10\/229-Fernando-Manzanilla.jpg","datePublished":"2020-10-21T18:26:25+00:00","author":{"@id":"https:\/\/www.aliadospuebla.com\/#\/schema\/person\/5da7dd09320bd4f392b710017ed5f8ad"},"breadcrumb":{"@id":"https:\/\/www.aliadospuebla.com\/?p=47379#breadcrumb"},"inLanguage":"es","potentialAction":[{"@type":"ReadAction","target":["https:\/\/www.aliadospuebla.com\/?p=47379"]}]},{"@type":"ImageObject","inLanguage":"es","@id":"https:\/\/www.aliadospuebla.com\/?p=47379#primaryimage","url":"https:\/\/www.aliadospuebla.com\/web2017\/wp-content\/uploads\/2020\/10\/229-Fernando-Manzanilla.jpg","contentUrl":"https:\/\/www.aliadospuebla.com\/web2017\/wp-content\/uploads\/2020\/10\/229-Fernando-Manzanilla.jpg","width":600,"height":450},{"@type":"BreadcrumbList","@id":"https:\/\/www.aliadospuebla.com\/?p=47379#breadcrumb","itemListElement":[{"@type":"ListItem","position":1,"name":"Portada","item":"https:\/\/www.aliadospuebla.com\/"},{"@type":"ListItem","position":2,"name":"URGENTE BRINDAR MAYOR SEGURIDAD A PLANTELES EDUCATIVOS: FERNANDO MANZANILLA"}]},{"@type":"WebSite","@id":"https:\/\/www.aliadospuebla.com\/#website","url":"https:\/\/www.aliadospuebla.com\/","name":"AliadosPuebla","description":"La informaci\u00f3n en tus manos","potentialAction":[{"@type":"SearchAction","target":{"@type":"EntryPoint","urlTemplate":"https:\/\/www.aliadospuebla.com\/?s={search_term_string}"},"query-input":{"@type":"PropertyValueSpecification","valueRequired":true,"valueName":"search_term_string"}}],"inLanguage":"es"},{"@type":"Person","@id":"https:\/\/www.aliadospuebla.com\/#\/schema\/person\/5da7dd09320bd4f392b710017ed5f8ad","name":"Aliados17","image":{"@type":"ImageObject","inLanguage":"es","@id":"https:\/\/www.aliadospuebla.com\/web2017\/wp-content\/uploads\/2025\/03\/cropped-para-perfil-8-anos-1-96x96.jpg","url":"https:\/\/www.aliadospuebla.com\/web2017\/wp-content\/uploads\/2025\/03\/cropped-para-perfil-8-anos-1-96x96.jpg","contentUrl":"https:\/\/www.aliadospuebla.com\/web2017\/wp-content\/uploads\/2025\/03\/cropped-para-perfil-8-anos-1-96x96.jpg","caption":"Aliados17"},"sameAs":["https:\/\/www.aliados17.com","https:\/\/www.facebook.com\/Aliados17Pue","https:\/\/x.com\/AliadosPuebla"],"url":"https:\/\/www.aliadospuebla.com\/?author=2"}]}},"views":9,"_links":{"self":[{"href":"https:\/\/www.aliadospuebla.com\/index.php?rest_route=\/wp\/v2\/posts\/47379","targetHints":{"allow":["GET"]}}],"collection":[{"href":"https:\/\/www.aliadospuebla.com\/index.php?rest_route=\/wp\/v2\/posts"}],"about":[{"href":"https:\/\/www.aliadospuebla.com\/index.php?rest_route=\/wp\/v2\/types\/post"}],"author":[{"embeddable":true,"href":"https:\/\/www.aliadospuebla.com\/index.php?rest_route=\/wp\/v2\/users\/2"}],"replies":[{"embeddable":true,"href":"https:\/\/www.aliadospuebla.com\/index.php?rest_route=%2Fwp%2Fv2%2Fcomments&post=47379"}],"version-history":[{"count":1,"href":"https:\/\/www.aliadospuebla.com\/index.php?rest_route=\/wp\/v2\/posts\/47379\/revisions"}],"predecessor-version":[{"id":47381,"href":"https:\/\/www.aliadospuebla.com\/index.php?rest_route=\/wp\/v2\/posts\/47379\/revisions\/47381"}],"wp:featuredmedia":[{"embeddable":true,"href":"https:\/\/www.aliadospuebla.com\/index.php?rest_route=\/wp\/v2\/media\/47380"}],"wp:attachment":[{"href":"https:\/\/www.aliadospuebla.com\/index.php?rest_route=%2Fwp%2Fv2%2Fmedia&parent=47379"}],"wp:term":[{"taxonomy":"category","embeddable":true,"href":"https:\/\/www.aliadospuebla.com\/index.php?rest_route=%2Fwp%2Fv2%2Fcategories&post=47379"},{"taxonomy":"post_tag","embeddable":true,"href":"https:\/\/www.aliadospuebla.com\/index.php?rest_route=%2Fwp%2Fv2%2Ftags&post=47379"}],"curies":[{"name":"wp","href":"https:\/\/api.w.org\/{rel}","templated":true}]}}