{"id":47373,"date":"2020-10-21T08:20:49","date_gmt":"2020-10-21T13:20:49","guid":{"rendered":"http:\/\/www.aliados17.com\/?p=47373"},"modified":"2020-10-21T08:20:49","modified_gmt":"2020-10-21T13:20:49","slug":"andres-ceron-puntero-distrito-19-es-de-muy-buena-fuente","status":"publish","type":"post","link":"https:\/\/www.aliadospuebla.com\/?p=47373","title":{"rendered":"Andr\u00e9s Cer\u00f3n, puntero distrito 19: Es de Muy Buena Fuente"},"content":{"rendered":"<p>Aunque en MORENA tienen un revoltijo pol\u00edtico, la verdad es que algunas candidaturas a diputados locales, van tomando color.<br \/>\nLa ciudad de Puebla tiene siete distritos locales y de los siete, la Coalici\u00f3n Juntos \u201cDestrozaremos\u201d la Historia, gan\u00f3 los siete en 2018. Carro completo, alcanz\u00f3.<br \/>\nAhora, de los aspirantes a diputados, Andr\u00e9s Cer\u00f3n Salas en el distrito 19, es el m\u00e1s adelantado, no s\u00f3lo en el recorrido del territorio, sino en conocimiento y lo mejor: en intenci\u00f3n de voto.<br \/>\nEl actual diputado por ese distrito, al sur oriente de la ciudad, es H\u00e9ctor Alonso Granados, quien dej\u00f3 MORENA para quedar \u201csin partido\u201d. En la siguiente elecci\u00f3n ya no juega, por mandato de ley.<br \/>\nOtro competidor de Cer\u00f3n es el respetado regidor Jos\u00e9 Iv\u00e1n Herrera Villag\u00f3mez, pero aun se encuentra muy lejos en preferencias. Como que ser\u00e1 para la otra.<br \/>\nEl distrito 20 es un manojo de nervios: Jos\u00e9 Juan Espinosa Torres el actual diputado si puede ser postulado para la re elecci\u00f3n aunque el gobernador Luis Miguel Barbosa se oponga. El \u201cJJ\u201d es posici\u00f3n del Partido del Trabajo.<br \/>\nEl Verde Ecologista tambi\u00e9n juega. Para \u201clos verdes\u201d ser\u00e1 el distrito 17 que actualmente representa M\u00f3nica Lara Ch\u00e1vez.<br \/>\nEn el 16 \u201cpelean\u201d dos del equipo de Claudia Rivera, la presidenta municipal: Eduardo Covi\u00e1n Carrizales, secretario de Movilidad y regidor con licencia y Liza Elena Aceves L\u00f3pez, secretaria General, ambos del Ayuntamiento.<br \/>\nAlejandro Carvajal, diputado del sexto federal tiene mano en el 11 de Emilio Maurer Espinosa. Sin embargo, no descarten a la alcaldesa suplente Argelia Arriaga Garc\u00eda, como otra posici\u00f3n de do\u00f1a Claudia.<br \/>\nPara el 10 ya ni le busquen: Va el regidor Jos\u00e9 Luis Gonz\u00e1lez Acosta.<br \/>\nLeonor Vargas se queda como directora del DIF y su suplente en el distrito 9, Guadalupe Tlaque no m\u00e1s ni pinta para la re elecci\u00f3n, y menos para alcaldesa de Cuautlancingo; tampoco le alcanza a la otra Lupita: Daniel Hern\u00e1ndez, la presidenta actual.<br \/>\nEse es territorio de los Rivera Vivanco. Nadie m\u00e1s merecido que do\u00f1a Eloisa Vivanco Esquide, aunque el Plan B es Leobardo Rodr\u00edguez Ju\u00e1rez, secretario de Administraci\u00f3n del gobierno municipal capitalino.<br \/>\n\u00bfQue todo puede cambiar? S\u00ed, pero en verdad, poco va a cambiar.<br \/>\nPunto.<br \/>\nHe escrito.<\/p>\n<p>Polo de Lara firme por la alcald\u00eda<\/p>\n<p>El maestro Julio Leopoldo de Lara, present\u00f3 su renuncia como Presidente del Grupo Puebla 500 para convertirse en Presidente Honorario.<br \/>\nDe esta forma \u201csanitiza\u201d el proceder del Grupo, a efecto de convertirse en candidato a la presidencia municipal de la ciudad capital del Estado que le vio nacer, crecer y convertirse en un pol\u00edtico s\u00f3lido que tambi\u00e9n ha transitado por la administraci\u00f3n p\u00fablica.<br \/>\nLos integrantes del Grupo, elegir\u00e1n en fecha pr\u00f3xima a quien ser\u00e1 la o el sucesor de Polo, en esta agrupaci\u00f3n que buscar sumar voluntades para hacer de Puebla, cada vez mejor.<br \/>\nPunto.<br \/>\nHe dicho y he escrito.<\/p>\n<p>Ni Obama<br \/>\nSi no es el de Teziutl\u00e1n, Carlos Peredo Grau; es el de Atlixco, Guillermo Vel\u00e1zquez Guti\u00e9rrez; si no, el de Tepeaca Sergio Salom\u00f3n C\u00e9spedes Peregrina. El caso es que a los alcaldes de oposici\u00f3n en Puebla les dan trato de primera. Pero a los de MORENA, PT \u00a1Y m\u00e1s a los del PES! les meten unas rega\u00f1izas, que no se las pone, ni Obama.<\/p>\n<p>El Verdugo<br \/>\nCarlos Mart\u00ednez Amador es presidente estatal del Partido de la Revoluci\u00f3n Democr\u00e1tica (PRD) en Puebla. Tiene en su cartera pol\u00edtica a varios personajes de mejor trayectoria, pero que otros partidos dejaron ir. El Verdugo dice: Por aquello de quedar bien en Casa Aguayo.<\/p>\n<p>De Buena Fuente no es la mejor columna pol\u00edtica, pero tiene a los mejores lectores.<\/p>\n<p>cmaciaspalma@yahoo.com.mx<br \/>\ncmaciaspalma0105@gmail.com<br \/>\n@cmaciaspalma<br \/>\nFB: Carlos Mac\u00edas Palma<br \/>\nMi\u00e9rcoles: 17 a 18 horas en Carlos Mac\u00edas-Radio (radioenredes.com)<br \/>\nViernes: 10 a 11 horas en Entre amigos (RevistaUnicaporCincoMujeres)<\/p>\n","protected":false},"excerpt":{"rendered":"<p>Aunque en MORENA tienen un revoltijo pol\u00edtico, la verdad es que algunas candidaturas a diputados locales, van tomando color. La ciudad de Puebla tiene siete distritos locales y de los siete, la Coalici\u00f3n Juntos \u201cDestrozaremos\u201d la Historia, gan\u00f3 los siete en 2018. Carro completo, alcanz\u00f3. Ahora, de los aspirantes a diputados, Andr\u00e9s Cer\u00f3n Salas en el distrito 19, es el m\u00e1s adelantado, no s\u00f3lo en el recorrido del territorio, sino en conocimiento y lo mejor: en intenci\u00f3n de voto. El actual diputado por ese distrito, al sur oriente de la ciudad, es H\u00e9ctor Alonso Granados, quien dej\u00f3 MORENA para quedar \u201csin partido\u201d. En la siguiente elecci\u00f3n ya no juega, por mandato de ley. Otro competidor de Cer\u00f3n es el respetado regidor Jos\u00e9 Iv\u00e1n Herrera Villag\u00f3mez,&hellip;<\/p>\n<p class=\"excerpt-more\"><a class=\"blog-excerpt button\" href=\"https:\/\/www.aliadospuebla.com\/?p=47373\">Leer m\u00e1s&#8230;<\/a><\/p>\n","protected":false},"author":2,"featured_media":47374,"comment_status":"open","ping_status":"open","sticky":false,"template":"","format":"standard","meta":{"_monsterinsights_skip_tracking":false,"footnotes":""},"categories":[9],"tags":[14529,12564,3679,14530,6890,3701,9785,10709,666,5285],"class_list":["post-47373","post","type-post","status-publish","format-standard","has-post-thumbnail","hentry","category-columnas","tag-andres-ceron","tag-carlos-macias-palma","tag-carlos-martinez-amador","tag-jose-ivan-herrera","tag-jose-juan-espinosa","tag-luis-miguel-barbosa","tag-lupita-daniel-hernandez","tag-monica-lara-chavez","tag-morena","tag-pt-puebla"],"yoast_head":"<!-- This site is optimized with the Yoast SEO plugin v28.4 - https:\/\/yoast.com\/product\/yoast-seo-wordpress\/ -->\n<title>Andr\u00e9s Cer\u00f3n, puntero distrito 19: Es de Muy Buena Fuente - AliadosPuebla<\/title>\n<meta name=\"robots\" content=\"index, follow, max-snippet:-1, max-image-preview:large, max-video-preview:-1\" \/>\n<link rel=\"canonical\" href=\"https:\/\/www.aliadospuebla.com\/?p=47373\" \/>\n<meta property=\"og:locale\" content=\"es_ES\" \/>\n<meta property=\"og:type\" content=\"article\" \/>\n<meta property=\"og:title\" content=\"Andr\u00e9s Cer\u00f3n, puntero distrito 19: Es de Muy Buena Fuente - AliadosPuebla\" \/>\n<meta property=\"og:description\" content=\"Aunque en MORENA tienen un revoltijo pol\u00edtico, la verdad es que algunas candidaturas a diputados locales, van tomando color. La ciudad de Puebla tiene siete distritos locales y de los siete, la Coalici\u00f3n Juntos \u201cDestrozaremos\u201d la Historia, gan\u00f3 los siete en 2018. Carro completo, alcanz\u00f3. Ahora, de los aspirantes a diputados, Andr\u00e9s Cer\u00f3n Salas en el distrito 19, es el m\u00e1s adelantado, no s\u00f3lo en el recorrido del territorio, sino en conocimiento y lo mejor: en intenci\u00f3n de voto. El actual diputado por ese distrito, al sur oriente de la ciudad, es H\u00e9ctor Alonso Granados, quien dej\u00f3 MORENA para quedar \u201csin partido\u201d. En la siguiente elecci\u00f3n ya no juega, por mandato de ley. Otro competidor de Cer\u00f3n es el respetado regidor Jos\u00e9 Iv\u00e1n Herrera Villag\u00f3mez,&hellip;Leer m\u00e1s...\" \/>\n<meta property=\"og:url\" content=\"https:\/\/www.aliadospuebla.com\/?p=47373\" \/>\n<meta property=\"og:site_name\" content=\"AliadosPuebla\" \/>\n<meta property=\"article:author\" content=\"https:\/\/www.facebook.com\/Aliados17Pue\" \/>\n<meta property=\"article:published_time\" content=\"2020-10-21T13:20:49+00:00\" \/>\n<meta property=\"og:image\" content=\"https:\/\/www.aliadospuebla.com\/web2017\/wp-content\/uploads\/2020\/10\/014-Macias-Palma-12.jpg\" \/>\n\t<meta property=\"og:image:width\" content=\"600\" \/>\n\t<meta property=\"og:image:height\" content=\"450\" \/>\n\t<meta property=\"og:image:type\" content=\"image\/jpeg\" \/>\n<meta name=\"author\" content=\"Aliados17\" \/>\n<meta name=\"twitter:card\" content=\"summary_large_image\" \/>\n<meta name=\"twitter:creator\" content=\"@AliadosPuebla\" \/>\n<meta name=\"twitter:label1\" content=\"Escrito por\" \/>\n\t<meta name=\"twitter:data1\" content=\"Aliados17\" \/>\n\t<meta name=\"twitter:label2\" content=\"Tiempo de lectura\" \/>\n\t<meta name=\"twitter:data2\" content=\"3 minutos\" \/>\n<script type=\"application\/ld+json\" class=\"yoast-schema-graph\">{\"@context\":\"https:\\\/\\\/schema.org\",\"@graph\":[{\"@type\":\"Article\",\"@id\":\"https:\\\/\\\/www.aliadospuebla.com\\\/?p=47373#article\",\"isPartOf\":{\"@id\":\"https:\\\/\\\/www.aliadospuebla.com\\\/?p=47373\"},\"author\":{\"name\":\"Aliados17\",\"@id\":\"https:\\\/\\\/www.aliadospuebla.com\\\/#\\\/schema\\\/person\\\/5da7dd09320bd4f392b710017ed5f8ad\"},\"headline\":\"Andr\u00e9s Cer\u00f3n, puntero distrito 19: Es de Muy Buena Fuente\",\"datePublished\":\"2020-10-21T13:20:49+00:00\",\"mainEntityOfPage\":{\"@id\":\"https:\\\/\\\/www.aliadospuebla.com\\\/?p=47373\"},\"wordCount\":681,\"commentCount\":0,\"image\":{\"@id\":\"https:\\\/\\\/www.aliadospuebla.com\\\/?p=47373#primaryimage\"},\"thumbnailUrl\":\"https:\\\/\\\/www.aliadospuebla.com\\\/web2017\\\/wp-content\\\/uploads\\\/2020\\\/10\\\/014-Macias-Palma-12.jpg\",\"keywords\":[\"Andr\u00e9s Cer\u00f3n\",\"Carlos Mac\u00edas Palma\",\"CARLOS MART\u00cdNEZ AMADOR\",\"Jos\u00e9 Iv\u00e1n Herrera\",\"JOS\u00c9 JUAN ESPINOSA\",\"LUIS MIGUEL BARBOSA\",\"Lupita Daniel Hern\u00e1ndez\",\"MONICA LARA CHAVEZ\",\"MORENA\",\"PT PUEBLA\"],\"articleSection\":[\"Columnas\"],\"inLanguage\":\"es\",\"potentialAction\":[{\"@type\":\"CommentAction\",\"name\":\"Comment\",\"target\":[\"https:\\\/\\\/www.aliadospuebla.com\\\/?p=47373#respond\"]}]},{\"@type\":\"WebPage\",\"@id\":\"https:\\\/\\\/www.aliadospuebla.com\\\/?p=47373\",\"url\":\"https:\\\/\\\/www.aliadospuebla.com\\\/?p=47373\",\"name\":\"Andr\u00e9s Cer\u00f3n, puntero distrito 19: Es de Muy Buena Fuente - AliadosPuebla\",\"isPartOf\":{\"@id\":\"https:\\\/\\\/www.aliadospuebla.com\\\/#website\"},\"primaryImageOfPage\":{\"@id\":\"https:\\\/\\\/www.aliadospuebla.com\\\/?p=47373#primaryimage\"},\"image\":{\"@id\":\"https:\\\/\\\/www.aliadospuebla.com\\\/?p=47373#primaryimage\"},\"thumbnailUrl\":\"https:\\\/\\\/www.aliadospuebla.com\\\/web2017\\\/wp-content\\\/uploads\\\/2020\\\/10\\\/014-Macias-Palma-12.jpg\",\"datePublished\":\"2020-10-21T13:20:49+00:00\",\"author\":{\"@id\":\"https:\\\/\\\/www.aliadospuebla.com\\\/#\\\/schema\\\/person\\\/5da7dd09320bd4f392b710017ed5f8ad\"},\"breadcrumb\":{\"@id\":\"https:\\\/\\\/www.aliadospuebla.com\\\/?p=47373#breadcrumb\"},\"inLanguage\":\"es\",\"potentialAction\":[{\"@type\":\"ReadAction\",\"target\":[\"https:\\\/\\\/www.aliadospuebla.com\\\/?p=47373\"]}]},{\"@type\":\"ImageObject\",\"inLanguage\":\"es\",\"@id\":\"https:\\\/\\\/www.aliadospuebla.com\\\/?p=47373#primaryimage\",\"url\":\"https:\\\/\\\/www.aliadospuebla.com\\\/web2017\\\/wp-content\\\/uploads\\\/2020\\\/10\\\/014-Macias-Palma-12.jpg\",\"contentUrl\":\"https:\\\/\\\/www.aliadospuebla.com\\\/web2017\\\/wp-content\\\/uploads\\\/2020\\\/10\\\/014-Macias-Palma-12.jpg\",\"width\":600,\"height\":450},{\"@type\":\"BreadcrumbList\",\"@id\":\"https:\\\/\\\/www.aliadospuebla.com\\\/?p=47373#breadcrumb\",\"itemListElement\":[{\"@type\":\"ListItem\",\"position\":1,\"name\":\"Portada\",\"item\":\"https:\\\/\\\/www.aliadospuebla.com\\\/\"},{\"@type\":\"ListItem\",\"position\":2,\"name\":\"Andr\u00e9s Cer\u00f3n, puntero distrito 19: Es de Muy Buena Fuente\"}]},{\"@type\":\"WebSite\",\"@id\":\"https:\\\/\\\/www.aliadospuebla.com\\\/#website\",\"url\":\"https:\\\/\\\/www.aliadospuebla.com\\\/\",\"name\":\"AliadosPuebla\",\"description\":\"La informaci\u00f3n en tus manos\",\"potentialAction\":[{\"@type\":\"SearchAction\",\"target\":{\"@type\":\"EntryPoint\",\"urlTemplate\":\"https:\\\/\\\/www.aliadospuebla.com\\\/?s={search_term_string}\"},\"query-input\":{\"@type\":\"PropertyValueSpecification\",\"valueRequired\":true,\"valueName\":\"search_term_string\"}}],\"inLanguage\":\"es\"},{\"@type\":\"Person\",\"@id\":\"https:\\\/\\\/www.aliadospuebla.com\\\/#\\\/schema\\\/person\\\/5da7dd09320bd4f392b710017ed5f8ad\",\"name\":\"Aliados17\",\"image\":{\"@type\":\"ImageObject\",\"inLanguage\":\"es\",\"@id\":\"https:\\\/\\\/www.aliadospuebla.com\\\/web2017\\\/wp-content\\\/uploads\\\/2025\\\/03\\\/cropped-para-perfil-8-anos-1-96x96.jpg\",\"url\":\"https:\\\/\\\/www.aliadospuebla.com\\\/web2017\\\/wp-content\\\/uploads\\\/2025\\\/03\\\/cropped-para-perfil-8-anos-1-96x96.jpg\",\"contentUrl\":\"https:\\\/\\\/www.aliadospuebla.com\\\/web2017\\\/wp-content\\\/uploads\\\/2025\\\/03\\\/cropped-para-perfil-8-anos-1-96x96.jpg\",\"caption\":\"Aliados17\"},\"sameAs\":[\"https:\\\/\\\/www.aliados17.com\",\"https:\\\/\\\/www.facebook.com\\\/Aliados17Pue\",\"https:\\\/\\\/x.com\\\/AliadosPuebla\"],\"url\":\"https:\\\/\\\/www.aliadospuebla.com\\\/?author=2\"}]}<\/script>\n<!-- \/ Yoast SEO plugin. -->","yoast_head_json":{"title":"Andr\u00e9s Cer\u00f3n, puntero distrito 19: Es de Muy Buena Fuente - AliadosPuebla","robots":{"index":"index","follow":"follow","max-snippet":"max-snippet:-1","max-image-preview":"max-image-preview:large","max-video-preview":"max-video-preview:-1"},"canonical":"https:\/\/www.aliadospuebla.com\/?p=47373","og_locale":"es_ES","og_type":"article","og_title":"Andr\u00e9s Cer\u00f3n, puntero distrito 19: Es de Muy Buena Fuente - AliadosPuebla","og_description":"Aunque en MORENA tienen un revoltijo pol\u00edtico, la verdad es que algunas candidaturas a diputados locales, van tomando color. La ciudad de Puebla tiene siete distritos locales y de los siete, la Coalici\u00f3n Juntos \u201cDestrozaremos\u201d la Historia, gan\u00f3 los siete en 2018. Carro completo, alcanz\u00f3. Ahora, de los aspirantes a diputados, Andr\u00e9s Cer\u00f3n Salas en el distrito 19, es el m\u00e1s adelantado, no s\u00f3lo en el recorrido del territorio, sino en conocimiento y lo mejor: en intenci\u00f3n de voto. El actual diputado por ese distrito, al sur oriente de la ciudad, es H\u00e9ctor Alonso Granados, quien dej\u00f3 MORENA para quedar \u201csin partido\u201d. En la siguiente elecci\u00f3n ya no juega, por mandato de ley. Otro competidor de Cer\u00f3n es el respetado regidor Jos\u00e9 Iv\u00e1n Herrera Villag\u00f3mez,&hellip;Leer m\u00e1s...","og_url":"https:\/\/www.aliadospuebla.com\/?p=47373","og_site_name":"AliadosPuebla","article_author":"https:\/\/www.facebook.com\/Aliados17Pue","article_published_time":"2020-10-21T13:20:49+00:00","og_image":[{"width":600,"height":450,"url":"https:\/\/www.aliadospuebla.com\/web2017\/wp-content\/uploads\/2020\/10\/014-Macias-Palma-12.jpg","type":"image\/jpeg"}],"author":"Aliados17","twitter_card":"summary_large_image","twitter_creator":"@AliadosPuebla","twitter_misc":{"Escrito por":"Aliados17","Tiempo de lectura":"3 minutos"},"schema":{"@context":"https:\/\/schema.org","@graph":[{"@type":"Article","@id":"https:\/\/www.aliadospuebla.com\/?p=47373#article","isPartOf":{"@id":"https:\/\/www.aliadospuebla.com\/?p=47373"},"author":{"name":"Aliados17","@id":"https:\/\/www.aliadospuebla.com\/#\/schema\/person\/5da7dd09320bd4f392b710017ed5f8ad"},"headline":"Andr\u00e9s Cer\u00f3n, puntero distrito 19: Es de Muy Buena Fuente","datePublished":"2020-10-21T13:20:49+00:00","mainEntityOfPage":{"@id":"https:\/\/www.aliadospuebla.com\/?p=47373"},"wordCount":681,"commentCount":0,"image":{"@id":"https:\/\/www.aliadospuebla.com\/?p=47373#primaryimage"},"thumbnailUrl":"https:\/\/www.aliadospuebla.com\/web2017\/wp-content\/uploads\/2020\/10\/014-Macias-Palma-12.jpg","keywords":["Andr\u00e9s Cer\u00f3n","Carlos Mac\u00edas Palma","CARLOS MART\u00cdNEZ AMADOR","Jos\u00e9 Iv\u00e1n Herrera","JOS\u00c9 JUAN ESPINOSA","LUIS MIGUEL BARBOSA","Lupita Daniel Hern\u00e1ndez","MONICA LARA CHAVEZ","MORENA","PT PUEBLA"],"articleSection":["Columnas"],"inLanguage":"es","potentialAction":[{"@type":"CommentAction","name":"Comment","target":["https:\/\/www.aliadospuebla.com\/?p=47373#respond"]}]},{"@type":"WebPage","@id":"https:\/\/www.aliadospuebla.com\/?p=47373","url":"https:\/\/www.aliadospuebla.com\/?p=47373","name":"Andr\u00e9s Cer\u00f3n, puntero distrito 19: Es de Muy Buena Fuente - AliadosPuebla","isPartOf":{"@id":"https:\/\/www.aliadospuebla.com\/#website"},"primaryImageOfPage":{"@id":"https:\/\/www.aliadospuebla.com\/?p=47373#primaryimage"},"image":{"@id":"https:\/\/www.aliadospuebla.com\/?p=47373#primaryimage"},"thumbnailUrl":"https:\/\/www.aliadospuebla.com\/web2017\/wp-content\/uploads\/2020\/10\/014-Macias-Palma-12.jpg","datePublished":"2020-10-21T13:20:49+00:00","author":{"@id":"https:\/\/www.aliadospuebla.com\/#\/schema\/person\/5da7dd09320bd4f392b710017ed5f8ad"},"breadcrumb":{"@id":"https:\/\/www.aliadospuebla.com\/?p=47373#breadcrumb"},"inLanguage":"es","potentialAction":[{"@type":"ReadAction","target":["https:\/\/www.aliadospuebla.com\/?p=47373"]}]},{"@type":"ImageObject","inLanguage":"es","@id":"https:\/\/www.aliadospuebla.com\/?p=47373#primaryimage","url":"https:\/\/www.aliadospuebla.com\/web2017\/wp-content\/uploads\/2020\/10\/014-Macias-Palma-12.jpg","contentUrl":"https:\/\/www.aliadospuebla.com\/web2017\/wp-content\/uploads\/2020\/10\/014-Macias-Palma-12.jpg","width":600,"height":450},{"@type":"BreadcrumbList","@id":"https:\/\/www.aliadospuebla.com\/?p=47373#breadcrumb","itemListElement":[{"@type":"ListItem","position":1,"name":"Portada","item":"https:\/\/www.aliadospuebla.com\/"},{"@type":"ListItem","position":2,"name":"Andr\u00e9s Cer\u00f3n, puntero distrito 19: Es de Muy Buena Fuente"}]},{"@type":"WebSite","@id":"https:\/\/www.aliadospuebla.com\/#website","url":"https:\/\/www.aliadospuebla.com\/","name":"AliadosPuebla","description":"La informaci\u00f3n en tus manos","potentialAction":[{"@type":"SearchAction","target":{"@type":"EntryPoint","urlTemplate":"https:\/\/www.aliadospuebla.com\/?s={search_term_string}"},"query-input":{"@type":"PropertyValueSpecification","valueRequired":true,"valueName":"search_term_string"}}],"inLanguage":"es"},{"@type":"Person","@id":"https:\/\/www.aliadospuebla.com\/#\/schema\/person\/5da7dd09320bd4f392b710017ed5f8ad","name":"Aliados17","image":{"@type":"ImageObject","inLanguage":"es","@id":"https:\/\/www.aliadospuebla.com\/web2017\/wp-content\/uploads\/2025\/03\/cropped-para-perfil-8-anos-1-96x96.jpg","url":"https:\/\/www.aliadospuebla.com\/web2017\/wp-content\/uploads\/2025\/03\/cropped-para-perfil-8-anos-1-96x96.jpg","contentUrl":"https:\/\/www.aliadospuebla.com\/web2017\/wp-content\/uploads\/2025\/03\/cropped-para-perfil-8-anos-1-96x96.jpg","caption":"Aliados17"},"sameAs":["https:\/\/www.aliados17.com","https:\/\/www.facebook.com\/Aliados17Pue","https:\/\/x.com\/AliadosPuebla"],"url":"https:\/\/www.aliadospuebla.com\/?author=2"}]}},"views":13,"_links":{"self":[{"href":"https:\/\/www.aliadospuebla.com\/index.php?rest_route=\/wp\/v2\/posts\/47373","targetHints":{"allow":["GET"]}}],"collection":[{"href":"https:\/\/www.aliadospuebla.com\/index.php?rest_route=\/wp\/v2\/posts"}],"about":[{"href":"https:\/\/www.aliadospuebla.com\/index.php?rest_route=\/wp\/v2\/types\/post"}],"author":[{"embeddable":true,"href":"https:\/\/www.aliadospuebla.com\/index.php?rest_route=\/wp\/v2\/users\/2"}],"replies":[{"embeddable":true,"href":"https:\/\/www.aliadospuebla.com\/index.php?rest_route=%2Fwp%2Fv2%2Fcomments&post=47373"}],"version-history":[{"count":1,"href":"https:\/\/www.aliadospuebla.com\/index.php?rest_route=\/wp\/v2\/posts\/47373\/revisions"}],"predecessor-version":[{"id":47375,"href":"https:\/\/www.aliadospuebla.com\/index.php?rest_route=\/wp\/v2\/posts\/47373\/revisions\/47375"}],"wp:featuredmedia":[{"embeddable":true,"href":"https:\/\/www.aliadospuebla.com\/index.php?rest_route=\/wp\/v2\/media\/47374"}],"wp:attachment":[{"href":"https:\/\/www.aliadospuebla.com\/index.php?rest_route=%2Fwp%2Fv2%2Fmedia&parent=47373"}],"wp:term":[{"taxonomy":"category","embeddable":true,"href":"https:\/\/www.aliadospuebla.com\/index.php?rest_route=%2Fwp%2Fv2%2Fcategories&post=47373"},{"taxonomy":"post_tag","embeddable":true,"href":"https:\/\/www.aliadospuebla.com\/index.php?rest_route=%2Fwp%2Fv2%2Ftags&post=47373"}],"curies":[{"name":"wp","href":"https:\/\/api.w.org\/{rel}","templated":true}]}}