{"id":47331,"date":"2020-10-20T18:19:52","date_gmt":"2020-10-20T23:19:52","guid":{"rendered":"http:\/\/www.aliados17.com\/?p=47331"},"modified":"2020-10-20T18:19:52","modified_gmt":"2020-10-20T23:19:52","slug":"arranca-obra-de-adoquinamiento-en-la-comunidad-de-la-compania-de-jesus-en-quecholac","status":"publish","type":"post","link":"https:\/\/www.aliadospuebla.com\/?p=47331","title":{"rendered":"Arranca obra de adoquinamiento en la comunidad de la Compa\u00f1\u00eda de Jes\u00fas en Quecholac"},"content":{"rendered":"<p>El Honorable Ayuntamiento de Quecholac que encabeza el Presidente Municipal el Lic. Jos\u00e9 Alejandro Mart\u00ednez Fuentes dio banderazo de Arranque de obra en la comunidad de la compa\u00f1\u00eda de Jes\u00fas.<\/p>\n<p>Esta obra tendr\u00e1 un monto de inversi\u00f3n de $1,204,448.07 pesos por la construcci\u00f3n de Adoquinamiento en la calle Flores Mag\u00f3n entre camino Nacional y privada #6.<\/p>\n<p>Durante este inicio de obra el Alcalde reiter\u00f3 que a pesar de la pandemia se siguen realizando trabajos coordinados tomando las medidas pertinentes para la realizaci\u00f3n de obras p\u00fablicas. Ya que es de suma importancia atender las necesidades de la ciudadan\u00eda.<\/p>\n<p>Las personas que se acercaron a este banderazo de obra reconocieron la labor del Mun\u00edcipe y agradecieron que se tomar\u00e1 en cuenta su avenida, porque la calle es una zona de mucho lodo en \u00e9pocas de lluvia.<\/p>\n<p>En Una Nueva Forma de Gobernar, trabajamos por tu Bienestar.<\/p>\n","protected":false},"excerpt":{"rendered":"<p>El Honorable Ayuntamiento de Quecholac que encabeza el Presidente Municipal el Lic. Jos\u00e9 Alejandro Mart\u00ednez Fuentes dio banderazo de Arranque de obra en la comunidad de la compa\u00f1\u00eda de Jes\u00fas. Esta obra tendr\u00e1 un monto de inversi\u00f3n de $1,204,448.07 pesos por la construcci\u00f3n de Adoquinamiento en la calle Flores Mag\u00f3n entre camino Nacional y privada #6. Durante este inicio de obra el Alcalde reiter\u00f3 que a pesar de la pandemia se siguen realizando trabajos coordinados tomando las medidas pertinentes para la realizaci\u00f3n de obras p\u00fablicas. Ya que es de suma importancia atender las necesidades de la ciudadan\u00eda. Las personas que se acercaron a este banderazo de obra reconocieron la labor del Mun\u00edcipe y agradecieron que se tomar\u00e1 en cuenta su avenida, porque la calle es&hellip;<\/p>\n<p class=\"excerpt-more\"><a class=\"blog-excerpt button\" href=\"https:\/\/www.aliadospuebla.com\/?p=47331\">Leer m\u00e1s&#8230;<\/a><\/p>\n","protected":false},"author":2,"featured_media":47332,"comment_status":"open","ping_status":"open","sticky":false,"template":"","format":"standard","meta":{"_monsterinsights_skip_tracking":false,"footnotes":""},"categories":[4],"tags":[565,7249,483,57],"class_list":["post-47331","post","type-post","status-publish","format-standard","has-post-thumbnail","hentry","category-municipios","tag-adoquinamiento","tag-jose-alejandro-martinez-fuentes","tag-obra","tag-quecholac"],"yoast_head":"<!-- This site is optimized with the Yoast SEO plugin v28.4 - https:\/\/yoast.com\/product\/yoast-seo-wordpress\/ -->\n<title>Arranca obra de adoquinamiento en la comunidad de la Compa\u00f1\u00eda de Jes\u00fas en Quecholac - AliadosPuebla<\/title>\n<meta name=\"robots\" content=\"index, follow, max-snippet:-1, max-image-preview:large, max-video-preview:-1\" \/>\n<link rel=\"canonical\" href=\"https:\/\/www.aliadospuebla.com\/?p=47331\" \/>\n<meta property=\"og:locale\" content=\"es_ES\" \/>\n<meta property=\"og:type\" content=\"article\" \/>\n<meta property=\"og:title\" content=\"Arranca obra de adoquinamiento en la comunidad de la Compa\u00f1\u00eda de Jes\u00fas en Quecholac - AliadosPuebla\" \/>\n<meta property=\"og:description\" content=\"El Honorable Ayuntamiento de Quecholac que encabeza el Presidente Municipal el Lic. Jos\u00e9 Alejandro Mart\u00ednez Fuentes dio banderazo de Arranque de obra en la comunidad de la compa\u00f1\u00eda de Jes\u00fas. Esta obra tendr\u00e1 un monto de inversi\u00f3n de $1,204,448.07 pesos por la construcci\u00f3n de Adoquinamiento en la calle Flores Mag\u00f3n entre camino Nacional y privada #6. Durante este inicio de obra el Alcalde reiter\u00f3 que a pesar de la pandemia se siguen realizando trabajos coordinados tomando las medidas pertinentes para la realizaci\u00f3n de obras p\u00fablicas. Ya que es de suma importancia atender las necesidades de la ciudadan\u00eda. Las personas que se acercaron a este banderazo de obra reconocieron la labor del Mun\u00edcipe y agradecieron que se tomar\u00e1 en cuenta su avenida, porque la calle es&hellip;Leer m\u00e1s...\" \/>\n<meta property=\"og:url\" content=\"https:\/\/www.aliadospuebla.com\/?p=47331\" \/>\n<meta property=\"og:site_name\" content=\"AliadosPuebla\" \/>\n<meta property=\"article:author\" content=\"https:\/\/www.facebook.com\/Aliados17Pue\" \/>\n<meta property=\"article:published_time\" content=\"2020-10-20T23:19:52+00:00\" \/>\n<meta property=\"og:image\" content=\"https:\/\/www.aliadospuebla.com\/web2017\/wp-content\/uploads\/2020\/10\/214-Quecholac.jpg\" \/>\n\t<meta property=\"og:image:width\" content=\"600\" \/>\n\t<meta property=\"og:image:height\" content=\"450\" \/>\n\t<meta property=\"og:image:type\" content=\"image\/jpeg\" \/>\n<meta name=\"author\" content=\"Aliados17\" \/>\n<meta name=\"twitter:card\" content=\"summary_large_image\" \/>\n<meta name=\"twitter:creator\" content=\"@AliadosPuebla\" \/>\n<meta name=\"twitter:label1\" content=\"Escrito por\" \/>\n\t<meta name=\"twitter:data1\" content=\"Aliados17\" \/>\n\t<meta name=\"twitter:label2\" content=\"Tiempo de lectura\" \/>\n\t<meta name=\"twitter:data2\" content=\"1 minuto\" \/>\n<script type=\"application\/ld+json\" class=\"yoast-schema-graph\">{\"@context\":\"https:\\\/\\\/schema.org\",\"@graph\":[{\"@type\":\"Article\",\"@id\":\"https:\\\/\\\/www.aliadospuebla.com\\\/?p=47331#article\",\"isPartOf\":{\"@id\":\"https:\\\/\\\/www.aliadospuebla.com\\\/?p=47331\"},\"author\":{\"name\":\"Aliados17\",\"@id\":\"https:\\\/\\\/www.aliadospuebla.com\\\/#\\\/schema\\\/person\\\/5da7dd09320bd4f392b710017ed5f8ad\"},\"headline\":\"Arranca obra de adoquinamiento en la comunidad de la Compa\u00f1\u00eda de Jes\u00fas en Quecholac\",\"datePublished\":\"2020-10-20T23:19:52+00:00\",\"mainEntityOfPage\":{\"@id\":\"https:\\\/\\\/www.aliadospuebla.com\\\/?p=47331\"},\"wordCount\":168,\"commentCount\":0,\"image\":{\"@id\":\"https:\\\/\\\/www.aliadospuebla.com\\\/?p=47331#primaryimage\"},\"thumbnailUrl\":\"https:\\\/\\\/www.aliadospuebla.com\\\/web2017\\\/wp-content\\\/uploads\\\/2020\\\/10\\\/214-Quecholac.jpg\",\"keywords\":[\"ADOQUINAMIENTO\",\"JOS\u00c9 ALEJANDRO MART\u00cdNEZ FUENTES\",\"OBRA\",\"Quecholac\"],\"articleSection\":[\"Municipios\"],\"inLanguage\":\"es\",\"potentialAction\":[{\"@type\":\"CommentAction\",\"name\":\"Comment\",\"target\":[\"https:\\\/\\\/www.aliadospuebla.com\\\/?p=47331#respond\"]}]},{\"@type\":\"WebPage\",\"@id\":\"https:\\\/\\\/www.aliadospuebla.com\\\/?p=47331\",\"url\":\"https:\\\/\\\/www.aliadospuebla.com\\\/?p=47331\",\"name\":\"Arranca obra de adoquinamiento en la comunidad de la Compa\u00f1\u00eda de Jes\u00fas en Quecholac - AliadosPuebla\",\"isPartOf\":{\"@id\":\"https:\\\/\\\/www.aliadospuebla.com\\\/#website\"},\"primaryImageOfPage\":{\"@id\":\"https:\\\/\\\/www.aliadospuebla.com\\\/?p=47331#primaryimage\"},\"image\":{\"@id\":\"https:\\\/\\\/www.aliadospuebla.com\\\/?p=47331#primaryimage\"},\"thumbnailUrl\":\"https:\\\/\\\/www.aliadospuebla.com\\\/web2017\\\/wp-content\\\/uploads\\\/2020\\\/10\\\/214-Quecholac.jpg\",\"datePublished\":\"2020-10-20T23:19:52+00:00\",\"author\":{\"@id\":\"https:\\\/\\\/www.aliadospuebla.com\\\/#\\\/schema\\\/person\\\/5da7dd09320bd4f392b710017ed5f8ad\"},\"breadcrumb\":{\"@id\":\"https:\\\/\\\/www.aliadospuebla.com\\\/?p=47331#breadcrumb\"},\"inLanguage\":\"es\",\"potentialAction\":[{\"@type\":\"ReadAction\",\"target\":[\"https:\\\/\\\/www.aliadospuebla.com\\\/?p=47331\"]}]},{\"@type\":\"ImageObject\",\"inLanguage\":\"es\",\"@id\":\"https:\\\/\\\/www.aliadospuebla.com\\\/?p=47331#primaryimage\",\"url\":\"https:\\\/\\\/www.aliadospuebla.com\\\/web2017\\\/wp-content\\\/uploads\\\/2020\\\/10\\\/214-Quecholac.jpg\",\"contentUrl\":\"https:\\\/\\\/www.aliadospuebla.com\\\/web2017\\\/wp-content\\\/uploads\\\/2020\\\/10\\\/214-Quecholac.jpg\",\"width\":600,\"height\":450},{\"@type\":\"BreadcrumbList\",\"@id\":\"https:\\\/\\\/www.aliadospuebla.com\\\/?p=47331#breadcrumb\",\"itemListElement\":[{\"@type\":\"ListItem\",\"position\":1,\"name\":\"Portada\",\"item\":\"https:\\\/\\\/www.aliadospuebla.com\\\/\"},{\"@type\":\"ListItem\",\"position\":2,\"name\":\"Arranca obra de adoquinamiento en la comunidad de la Compa\u00f1\u00eda de Jes\u00fas en Quecholac\"}]},{\"@type\":\"WebSite\",\"@id\":\"https:\\\/\\\/www.aliadospuebla.com\\\/#website\",\"url\":\"https:\\\/\\\/www.aliadospuebla.com\\\/\",\"name\":\"AliadosPuebla\",\"description\":\"La informaci\u00f3n en tus manos\",\"potentialAction\":[{\"@type\":\"SearchAction\",\"target\":{\"@type\":\"EntryPoint\",\"urlTemplate\":\"https:\\\/\\\/www.aliadospuebla.com\\\/?s={search_term_string}\"},\"query-input\":{\"@type\":\"PropertyValueSpecification\",\"valueRequired\":true,\"valueName\":\"search_term_string\"}}],\"inLanguage\":\"es\"},{\"@type\":\"Person\",\"@id\":\"https:\\\/\\\/www.aliadospuebla.com\\\/#\\\/schema\\\/person\\\/5da7dd09320bd4f392b710017ed5f8ad\",\"name\":\"Aliados17\",\"image\":{\"@type\":\"ImageObject\",\"inLanguage\":\"es\",\"@id\":\"https:\\\/\\\/www.aliadospuebla.com\\\/web2017\\\/wp-content\\\/uploads\\\/2025\\\/03\\\/cropped-para-perfil-8-anos-1-96x96.jpg\",\"url\":\"https:\\\/\\\/www.aliadospuebla.com\\\/web2017\\\/wp-content\\\/uploads\\\/2025\\\/03\\\/cropped-para-perfil-8-anos-1-96x96.jpg\",\"contentUrl\":\"https:\\\/\\\/www.aliadospuebla.com\\\/web2017\\\/wp-content\\\/uploads\\\/2025\\\/03\\\/cropped-para-perfil-8-anos-1-96x96.jpg\",\"caption\":\"Aliados17\"},\"sameAs\":[\"https:\\\/\\\/www.aliados17.com\",\"https:\\\/\\\/www.facebook.com\\\/Aliados17Pue\",\"https:\\\/\\\/x.com\\\/AliadosPuebla\"],\"url\":\"https:\\\/\\\/www.aliadospuebla.com\\\/?author=2\"}]}<\/script>\n<!-- \/ Yoast SEO plugin. -->","yoast_head_json":{"title":"Arranca obra de adoquinamiento en la comunidad de la Compa\u00f1\u00eda de Jes\u00fas en Quecholac - AliadosPuebla","robots":{"index":"index","follow":"follow","max-snippet":"max-snippet:-1","max-image-preview":"max-image-preview:large","max-video-preview":"max-video-preview:-1"},"canonical":"https:\/\/www.aliadospuebla.com\/?p=47331","og_locale":"es_ES","og_type":"article","og_title":"Arranca obra de adoquinamiento en la comunidad de la Compa\u00f1\u00eda de Jes\u00fas en Quecholac - AliadosPuebla","og_description":"El Honorable Ayuntamiento de Quecholac que encabeza el Presidente Municipal el Lic. Jos\u00e9 Alejandro Mart\u00ednez Fuentes dio banderazo de Arranque de obra en la comunidad de la compa\u00f1\u00eda de Jes\u00fas. Esta obra tendr\u00e1 un monto de inversi\u00f3n de $1,204,448.07 pesos por la construcci\u00f3n de Adoquinamiento en la calle Flores Mag\u00f3n entre camino Nacional y privada #6. Durante este inicio de obra el Alcalde reiter\u00f3 que a pesar de la pandemia se siguen realizando trabajos coordinados tomando las medidas pertinentes para la realizaci\u00f3n de obras p\u00fablicas. Ya que es de suma importancia atender las necesidades de la ciudadan\u00eda. Las personas que se acercaron a este banderazo de obra reconocieron la labor del Mun\u00edcipe y agradecieron que se tomar\u00e1 en cuenta su avenida, porque la calle es&hellip;Leer m\u00e1s...","og_url":"https:\/\/www.aliadospuebla.com\/?p=47331","og_site_name":"AliadosPuebla","article_author":"https:\/\/www.facebook.com\/Aliados17Pue","article_published_time":"2020-10-20T23:19:52+00:00","og_image":[{"width":600,"height":450,"url":"https:\/\/www.aliadospuebla.com\/web2017\/wp-content\/uploads\/2020\/10\/214-Quecholac.jpg","type":"image\/jpeg"}],"author":"Aliados17","twitter_card":"summary_large_image","twitter_creator":"@AliadosPuebla","twitter_misc":{"Escrito por":"Aliados17","Tiempo de lectura":"1 minuto"},"schema":{"@context":"https:\/\/schema.org","@graph":[{"@type":"Article","@id":"https:\/\/www.aliadospuebla.com\/?p=47331#article","isPartOf":{"@id":"https:\/\/www.aliadospuebla.com\/?p=47331"},"author":{"name":"Aliados17","@id":"https:\/\/www.aliadospuebla.com\/#\/schema\/person\/5da7dd09320bd4f392b710017ed5f8ad"},"headline":"Arranca obra de adoquinamiento en la comunidad de la Compa\u00f1\u00eda de Jes\u00fas en Quecholac","datePublished":"2020-10-20T23:19:52+00:00","mainEntityOfPage":{"@id":"https:\/\/www.aliadospuebla.com\/?p=47331"},"wordCount":168,"commentCount":0,"image":{"@id":"https:\/\/www.aliadospuebla.com\/?p=47331#primaryimage"},"thumbnailUrl":"https:\/\/www.aliadospuebla.com\/web2017\/wp-content\/uploads\/2020\/10\/214-Quecholac.jpg","keywords":["ADOQUINAMIENTO","JOS\u00c9 ALEJANDRO MART\u00cdNEZ FUENTES","OBRA","Quecholac"],"articleSection":["Municipios"],"inLanguage":"es","potentialAction":[{"@type":"CommentAction","name":"Comment","target":["https:\/\/www.aliadospuebla.com\/?p=47331#respond"]}]},{"@type":"WebPage","@id":"https:\/\/www.aliadospuebla.com\/?p=47331","url":"https:\/\/www.aliadospuebla.com\/?p=47331","name":"Arranca obra de adoquinamiento en la comunidad de la Compa\u00f1\u00eda de Jes\u00fas en Quecholac - AliadosPuebla","isPartOf":{"@id":"https:\/\/www.aliadospuebla.com\/#website"},"primaryImageOfPage":{"@id":"https:\/\/www.aliadospuebla.com\/?p=47331#primaryimage"},"image":{"@id":"https:\/\/www.aliadospuebla.com\/?p=47331#primaryimage"},"thumbnailUrl":"https:\/\/www.aliadospuebla.com\/web2017\/wp-content\/uploads\/2020\/10\/214-Quecholac.jpg","datePublished":"2020-10-20T23:19:52+00:00","author":{"@id":"https:\/\/www.aliadospuebla.com\/#\/schema\/person\/5da7dd09320bd4f392b710017ed5f8ad"},"breadcrumb":{"@id":"https:\/\/www.aliadospuebla.com\/?p=47331#breadcrumb"},"inLanguage":"es","potentialAction":[{"@type":"ReadAction","target":["https:\/\/www.aliadospuebla.com\/?p=47331"]}]},{"@type":"ImageObject","inLanguage":"es","@id":"https:\/\/www.aliadospuebla.com\/?p=47331#primaryimage","url":"https:\/\/www.aliadospuebla.com\/web2017\/wp-content\/uploads\/2020\/10\/214-Quecholac.jpg","contentUrl":"https:\/\/www.aliadospuebla.com\/web2017\/wp-content\/uploads\/2020\/10\/214-Quecholac.jpg","width":600,"height":450},{"@type":"BreadcrumbList","@id":"https:\/\/www.aliadospuebla.com\/?p=47331#breadcrumb","itemListElement":[{"@type":"ListItem","position":1,"name":"Portada","item":"https:\/\/www.aliadospuebla.com\/"},{"@type":"ListItem","position":2,"name":"Arranca obra de adoquinamiento en la comunidad de la Compa\u00f1\u00eda de Jes\u00fas en Quecholac"}]},{"@type":"WebSite","@id":"https:\/\/www.aliadospuebla.com\/#website","url":"https:\/\/www.aliadospuebla.com\/","name":"AliadosPuebla","description":"La informaci\u00f3n en tus manos","potentialAction":[{"@type":"SearchAction","target":{"@type":"EntryPoint","urlTemplate":"https:\/\/www.aliadospuebla.com\/?s={search_term_string}"},"query-input":{"@type":"PropertyValueSpecification","valueRequired":true,"valueName":"search_term_string"}}],"inLanguage":"es"},{"@type":"Person","@id":"https:\/\/www.aliadospuebla.com\/#\/schema\/person\/5da7dd09320bd4f392b710017ed5f8ad","name":"Aliados17","image":{"@type":"ImageObject","inLanguage":"es","@id":"https:\/\/www.aliadospuebla.com\/web2017\/wp-content\/uploads\/2025\/03\/cropped-para-perfil-8-anos-1-96x96.jpg","url":"https:\/\/www.aliadospuebla.com\/web2017\/wp-content\/uploads\/2025\/03\/cropped-para-perfil-8-anos-1-96x96.jpg","contentUrl":"https:\/\/www.aliadospuebla.com\/web2017\/wp-content\/uploads\/2025\/03\/cropped-para-perfil-8-anos-1-96x96.jpg","caption":"Aliados17"},"sameAs":["https:\/\/www.aliados17.com","https:\/\/www.facebook.com\/Aliados17Pue","https:\/\/x.com\/AliadosPuebla"],"url":"https:\/\/www.aliadospuebla.com\/?author=2"}]}},"views":13,"_links":{"self":[{"href":"https:\/\/www.aliadospuebla.com\/index.php?rest_route=\/wp\/v2\/posts\/47331","targetHints":{"allow":["GET"]}}],"collection":[{"href":"https:\/\/www.aliadospuebla.com\/index.php?rest_route=\/wp\/v2\/posts"}],"about":[{"href":"https:\/\/www.aliadospuebla.com\/index.php?rest_route=\/wp\/v2\/types\/post"}],"author":[{"embeddable":true,"href":"https:\/\/www.aliadospuebla.com\/index.php?rest_route=\/wp\/v2\/users\/2"}],"replies":[{"embeddable":true,"href":"https:\/\/www.aliadospuebla.com\/index.php?rest_route=%2Fwp%2Fv2%2Fcomments&post=47331"}],"version-history":[{"count":1,"href":"https:\/\/www.aliadospuebla.com\/index.php?rest_route=\/wp\/v2\/posts\/47331\/revisions"}],"predecessor-version":[{"id":47333,"href":"https:\/\/www.aliadospuebla.com\/index.php?rest_route=\/wp\/v2\/posts\/47331\/revisions\/47333"}],"wp:featuredmedia":[{"embeddable":true,"href":"https:\/\/www.aliadospuebla.com\/index.php?rest_route=\/wp\/v2\/media\/47332"}],"wp:attachment":[{"href":"https:\/\/www.aliadospuebla.com\/index.php?rest_route=%2Fwp%2Fv2%2Fmedia&parent=47331"}],"wp:term":[{"taxonomy":"category","embeddable":true,"href":"https:\/\/www.aliadospuebla.com\/index.php?rest_route=%2Fwp%2Fv2%2Fcategories&post=47331"},{"taxonomy":"post_tag","embeddable":true,"href":"https:\/\/www.aliadospuebla.com\/index.php?rest_route=%2Fwp%2Fv2%2Ftags&post=47331"}],"curies":[{"name":"wp","href":"https:\/\/api.w.org\/{rel}","templated":true}]}}