{"id":116955,"date":"2026-09-04T06:23:17","date_gmt":"2026-09-04T12:23:17","guid":{"rendered":"https:\/\/www.aliadospuebla.com\/?p=116955"},"modified":"2026-09-04T06:23:17","modified_gmt":"2026-09-04T12:23:17","slug":"gran-feria-milenaria-tonantzin-fernandez-encabeza-jornada-que-culmina-con-la-fiesta-magnifica","status":"publish","type":"post","link":"https:\/\/www.aliadospuebla.com\/?p=116955","title":{"rendered":"Gran Feria Milenaria: Tonantzin Fern\u00e1ndez encabeza jornada que culmina con la Fiesta Magn\u00edfica"},"content":{"rendered":"<h4>La Apuesta, Junior Klan, Blanco y Negro, Los Chicos Aventura y Juanma LV pusieron a cantar y bailar al p\u00fablico<\/h4>\n<p>San Pedro Cholula, Pue. \u2013 Miles de personas se dieron cita en una nueva jornada de la Gran Feria Milenaria de San Pedro Cholula, donde disfrutaron de los diferentes pasillos, pabellones y espacios destinados a la promoci\u00f3n de la cultura, gastronom\u00eda, artesan\u00edas y comercio local.<\/p>\n<p>Desde temprana hora, familias cholultecas y visitantes recorrieron los distintos espacios de la Feria, encontrando productos elaborados por artesanas y artesanos, as\u00ed como una amplia oferta gastron\u00f3mica y comercial dirigida a personas de todas las edades.<\/p>\n<p>La actividad concluy\u00f3 con la Fiesta Magn\u00edfica, una noche dedicada a la m\u00fasica y el baile que reuni\u00f3 en el foro art\u00edstico a La Apuesta, Junior Klan, Blanco y Negro, Los Chicos Aventura y Juanma LV.<\/p>\n<p>Las agrupaciones hicieron vibrar a las y los asistentes con algunos de sus principales \u00e9xitos, generando un ambiente festivo que se prolong\u00f3 durante el cierre de la jornada con m\u00fasica de cumbia y regional mexicano.<\/p>\n<p>Al finalizar sus presentaciones, las y los integrantes de los grupos agradecieron al Gobierno Municipal de San Pedro Cholula, encabezado por la presidenta municipal Tonantzin Fern\u00e1ndez, por la invitaci\u00f3n a formar parte de esta celebraci\u00f3n y por la oportunidad de presentarse ante el p\u00fablico cholulteca.<\/p>\n<p>La Gran Feria Milenaria continuar\u00e1 con actividades culturales, gastron\u00f3micas, comerciales y art\u00edsticas, como parte de esta celebraci\u00f3n que re\u00fane las tradiciones y expresiones que forman parte de la identidad de San Pedro Cholula.<\/p>\n","protected":false},"excerpt":{"rendered":"<p>La Apuesta, Junior Klan, Blanco y Negro, Los Chicos Aventura y Juanma LV pusieron a cantar y bailar al p\u00fablico San Pedro Cholula, Pue. \u2013 Miles de personas se dieron cita en una nueva jornada de la Gran Feria Milenaria de San Pedro Cholula, donde disfrutaron de los diferentes pasillos, pabellones y espacios destinados a la promoci\u00f3n de la cultura, gastronom\u00eda, artesan\u00edas y comercio local. Desde temprana hora, familias cholultecas y visitantes recorrieron los distintos espacios de la Feria, encontrando productos elaborados por artesanas y artesanos, as\u00ed como una amplia oferta gastron\u00f3mica y comercial dirigida a personas de todas las edades. La actividad concluy\u00f3 con la Fiesta Magn\u00edfica, una noche dedicada a la m\u00fasica y el baile que reuni\u00f3 en el foro art\u00edstico a La&hellip;<\/p>\n<p class=\"excerpt-more\"><a class=\"blog-excerpt button\" href=\"https:\/\/www.aliadospuebla.com\/?p=116955\">Leer m\u00e1s&#8230;<\/a><\/p>\n","protected":false},"author":2,"featured_media":116956,"comment_status":"open","ping_status":"open","sticky":false,"template":"","format":"standard","meta":{"_monsterinsights_skip_tracking":false,"footnotes":""},"categories":[4],"tags":[1406,22338,292,34955,5274,24328,7394],"class_list":["post-116955","post","type-post","status-publish","format-standard","has-post-thumbnail","hentry","category-municipios","tag-artesanias","tag-fiesta-magnifica","tag-gastronomia","tag-gran-feria-milenaria-de-san-pedro-cholula","tag-identidad","tag-promocion-de-la-cultura","tag-tonantzin-fernandez"],"yoast_head":"<!-- This site is optimized with the Yoast SEO plugin v28.4 - https:\/\/yoast.com\/product\/yoast-seo-wordpress\/ -->\n<title>Gran Feria Milenaria: Tonantzin Fern\u00e1ndez encabeza jornada que culmina con la Fiesta Magn\u00edfica - AliadosPuebla<\/title>\n<meta name=\"robots\" content=\"index, follow, max-snippet:-1, max-image-preview:large, max-video-preview:-1\" \/>\n<link rel=\"canonical\" href=\"https:\/\/www.aliadospuebla.com\/?p=116955\" \/>\n<meta property=\"og:locale\" content=\"es_ES\" \/>\n<meta property=\"og:type\" content=\"article\" \/>\n<meta property=\"og:title\" content=\"Gran Feria Milenaria: Tonantzin Fern\u00e1ndez encabeza jornada que culmina con la Fiesta Magn\u00edfica - AliadosPuebla\" \/>\n<meta property=\"og:description\" content=\"La Apuesta, Junior Klan, Blanco y Negro, Los Chicos Aventura y Juanma LV pusieron a cantar y bailar al p\u00fablico San Pedro Cholula, Pue. \u2013 Miles de personas se dieron cita en una nueva jornada de la Gran Feria Milenaria de San Pedro Cholula, donde disfrutaron de los diferentes pasillos, pabellones y espacios destinados a la promoci\u00f3n de la cultura, gastronom\u00eda, artesan\u00edas y comercio local. Desde temprana hora, familias cholultecas y visitantes recorrieron los distintos espacios de la Feria, encontrando productos elaborados por artesanas y artesanos, as\u00ed como una amplia oferta gastron\u00f3mica y comercial dirigida a personas de todas las edades. La actividad concluy\u00f3 con la Fiesta Magn\u00edfica, una noche dedicada a la m\u00fasica y el baile que reuni\u00f3 en el foro art\u00edstico a La&hellip;Leer m\u00e1s...\" \/>\n<meta property=\"og:url\" content=\"https:\/\/www.aliadospuebla.com\/?p=116955\" \/>\n<meta property=\"og:site_name\" content=\"AliadosPuebla\" \/>\n<meta property=\"article:author\" content=\"https:\/\/www.facebook.com\/Aliados17Pue\" \/>\n<meta property=\"article:published_time\" content=\"2026-09-04T12:23:17+00:00\" \/>\n<meta property=\"og:image\" content=\"https:\/\/www.aliadospuebla.com\/web2017\/wp-content\/uploads\/2026\/09\/018.jpg\" \/>\n\t<meta property=\"og:image:width\" content=\"600\" \/>\n\t<meta property=\"og:image:height\" content=\"450\" \/>\n\t<meta property=\"og:image:type\" content=\"image\/jpeg\" \/>\n<meta name=\"author\" content=\"Aliados17\" \/>\n<meta name=\"twitter:card\" content=\"summary_large_image\" \/>\n<meta name=\"twitter:creator\" content=\"@AliadosPuebla\" \/>\n<meta name=\"twitter:label1\" content=\"Escrito por\" \/>\n\t<meta name=\"twitter:data1\" content=\"Aliados17\" \/>\n\t<meta name=\"twitter:label2\" content=\"Tiempo de lectura\" \/>\n\t<meta name=\"twitter:data2\" content=\"2 minutos\" \/>\n<script type=\"application\/ld+json\" class=\"yoast-schema-graph\">{\"@context\":\"https:\\\/\\\/schema.org\",\"@graph\":[{\"@type\":\"Article\",\"@id\":\"https:\\\/\\\/www.aliadospuebla.com\\\/?p=116955#article\",\"isPartOf\":{\"@id\":\"https:\\\/\\\/www.aliadospuebla.com\\\/?p=116955\"},\"author\":{\"name\":\"Aliados17\",\"@id\":\"https:\\\/\\\/www.aliadospuebla.com\\\/#\\\/schema\\\/person\\\/5da7dd09320bd4f392b710017ed5f8ad\"},\"headline\":\"Gran Feria Milenaria: Tonantzin Fern\u00e1ndez encabeza jornada que culmina con la Fiesta Magn\u00edfica\",\"datePublished\":\"2026-09-04T12:23:17+00:00\",\"mainEntityOfPage\":{\"@id\":\"https:\\\/\\\/www.aliadospuebla.com\\\/?p=116955\"},\"wordCount\":281,\"commentCount\":0,\"image\":{\"@id\":\"https:\\\/\\\/www.aliadospuebla.com\\\/?p=116955#primaryimage\"},\"thumbnailUrl\":\"https:\\\/\\\/www.aliadospuebla.com\\\/web2017\\\/wp-content\\\/uploads\\\/2026\\\/09\\\/018.jpg\",\"keywords\":[\"ARTESAN\u00cdAS\",\"fiesta magn\u00edfica\",\"gastronom\u00eda\",\"Gran Feria Milenaria de San Pedro Cholula\",\"IDENTIDAD\",\"promoci\u00f3n de la cultura\",\"TONANTZIN FERN\u00c1NDEZ\"],\"articleSection\":[\"Municipios\"],\"inLanguage\":\"es\",\"potentialAction\":[{\"@type\":\"CommentAction\",\"name\":\"Comment\",\"target\":[\"https:\\\/\\\/www.aliadospuebla.com\\\/?p=116955#respond\"]}]},{\"@type\":\"WebPage\",\"@id\":\"https:\\\/\\\/www.aliadospuebla.com\\\/?p=116955\",\"url\":\"https:\\\/\\\/www.aliadospuebla.com\\\/?p=116955\",\"name\":\"Gran Feria Milenaria: Tonantzin Fern\u00e1ndez encabeza jornada que culmina con la Fiesta Magn\u00edfica - AliadosPuebla\",\"isPartOf\":{\"@id\":\"https:\\\/\\\/www.aliadospuebla.com\\\/#website\"},\"primaryImageOfPage\":{\"@id\":\"https:\\\/\\\/www.aliadospuebla.com\\\/?p=116955#primaryimage\"},\"image\":{\"@id\":\"https:\\\/\\\/www.aliadospuebla.com\\\/?p=116955#primaryimage\"},\"thumbnailUrl\":\"https:\\\/\\\/www.aliadospuebla.com\\\/web2017\\\/wp-content\\\/uploads\\\/2026\\\/09\\\/018.jpg\",\"datePublished\":\"2026-09-04T12:23:17+00:00\",\"author\":{\"@id\":\"https:\\\/\\\/www.aliadospuebla.com\\\/#\\\/schema\\\/person\\\/5da7dd09320bd4f392b710017ed5f8ad\"},\"breadcrumb\":{\"@id\":\"https:\\\/\\\/www.aliadospuebla.com\\\/?p=116955#breadcrumb\"},\"inLanguage\":\"es\",\"potentialAction\":[{\"@type\":\"ReadAction\",\"target\":[\"https:\\\/\\\/www.aliadospuebla.com\\\/?p=116955\"]}]},{\"@type\":\"ImageObject\",\"inLanguage\":\"es\",\"@id\":\"https:\\\/\\\/www.aliadospuebla.com\\\/?p=116955#primaryimage\",\"url\":\"https:\\\/\\\/www.aliadospuebla.com\\\/web2017\\\/wp-content\\\/uploads\\\/2026\\\/09\\\/018.jpg\",\"contentUrl\":\"https:\\\/\\\/www.aliadospuebla.com\\\/web2017\\\/wp-content\\\/uploads\\\/2026\\\/09\\\/018.jpg\",\"width\":600,\"height\":450},{\"@type\":\"BreadcrumbList\",\"@id\":\"https:\\\/\\\/www.aliadospuebla.com\\\/?p=116955#breadcrumb\",\"itemListElement\":[{\"@type\":\"ListItem\",\"position\":1,\"name\":\"Portada\",\"item\":\"https:\\\/\\\/www.aliadospuebla.com\\\/\"},{\"@type\":\"ListItem\",\"position\":2,\"name\":\"Gran Feria Milenaria: Tonantzin Fern\u00e1ndez encabeza jornada que culmina con la Fiesta Magn\u00edfica\"}]},{\"@type\":\"WebSite\",\"@id\":\"https:\\\/\\\/www.aliadospuebla.com\\\/#website\",\"url\":\"https:\\\/\\\/www.aliadospuebla.com\\\/\",\"name\":\"AliadosPuebla\",\"description\":\"La informaci\u00f3n en tus manos\",\"potentialAction\":[{\"@type\":\"SearchAction\",\"target\":{\"@type\":\"EntryPoint\",\"urlTemplate\":\"https:\\\/\\\/www.aliadospuebla.com\\\/?s={search_term_string}\"},\"query-input\":{\"@type\":\"PropertyValueSpecification\",\"valueRequired\":true,\"valueName\":\"search_term_string\"}}],\"inLanguage\":\"es\"},{\"@type\":\"Person\",\"@id\":\"https:\\\/\\\/www.aliadospuebla.com\\\/#\\\/schema\\\/person\\\/5da7dd09320bd4f392b710017ed5f8ad\",\"name\":\"Aliados17\",\"image\":{\"@type\":\"ImageObject\",\"inLanguage\":\"es\",\"@id\":\"https:\\\/\\\/www.aliadospuebla.com\\\/web2017\\\/wp-content\\\/uploads\\\/2025\\\/03\\\/cropped-para-perfil-8-anos-1-96x96.jpg\",\"url\":\"https:\\\/\\\/www.aliadospuebla.com\\\/web2017\\\/wp-content\\\/uploads\\\/2025\\\/03\\\/cropped-para-perfil-8-anos-1-96x96.jpg\",\"contentUrl\":\"https:\\\/\\\/www.aliadospuebla.com\\\/web2017\\\/wp-content\\\/uploads\\\/2025\\\/03\\\/cropped-para-perfil-8-anos-1-96x96.jpg\",\"caption\":\"Aliados17\"},\"sameAs\":[\"https:\\\/\\\/www.aliados17.com\",\"https:\\\/\\\/www.facebook.com\\\/Aliados17Pue\",\"https:\\\/\\\/x.com\\\/AliadosPuebla\"],\"url\":\"https:\\\/\\\/www.aliadospuebla.com\\\/?author=2\"}]}<\/script>\n<!-- \/ Yoast SEO plugin. -->","yoast_head_json":{"title":"Gran Feria Milenaria: Tonantzin Fern\u00e1ndez encabeza jornada que culmina con la Fiesta Magn\u00edfica - AliadosPuebla","robots":{"index":"index","follow":"follow","max-snippet":"max-snippet:-1","max-image-preview":"max-image-preview:large","max-video-preview":"max-video-preview:-1"},"canonical":"https:\/\/www.aliadospuebla.com\/?p=116955","og_locale":"es_ES","og_type":"article","og_title":"Gran Feria Milenaria: Tonantzin Fern\u00e1ndez encabeza jornada que culmina con la Fiesta Magn\u00edfica - AliadosPuebla","og_description":"La Apuesta, Junior Klan, Blanco y Negro, Los Chicos Aventura y Juanma LV pusieron a cantar y bailar al p\u00fablico San Pedro Cholula, Pue. \u2013 Miles de personas se dieron cita en una nueva jornada de la Gran Feria Milenaria de San Pedro Cholula, donde disfrutaron de los diferentes pasillos, pabellones y espacios destinados a la promoci\u00f3n de la cultura, gastronom\u00eda, artesan\u00edas y comercio local. Desde temprana hora, familias cholultecas y visitantes recorrieron los distintos espacios de la Feria, encontrando productos elaborados por artesanas y artesanos, as\u00ed como una amplia oferta gastron\u00f3mica y comercial dirigida a personas de todas las edades. La actividad concluy\u00f3 con la Fiesta Magn\u00edfica, una noche dedicada a la m\u00fasica y el baile que reuni\u00f3 en el foro art\u00edstico a La&hellip;Leer m\u00e1s...","og_url":"https:\/\/www.aliadospuebla.com\/?p=116955","og_site_name":"AliadosPuebla","article_author":"https:\/\/www.facebook.com\/Aliados17Pue","article_published_time":"2026-09-04T12:23:17+00:00","og_image":[{"width":600,"height":450,"url":"https:\/\/www.aliadospuebla.com\/web2017\/wp-content\/uploads\/2026\/09\/018.jpg","type":"image\/jpeg"}],"author":"Aliados17","twitter_card":"summary_large_image","twitter_creator":"@AliadosPuebla","twitter_misc":{"Escrito por":"Aliados17","Tiempo de lectura":"2 minutos"},"schema":{"@context":"https:\/\/schema.org","@graph":[{"@type":"Article","@id":"https:\/\/www.aliadospuebla.com\/?p=116955#article","isPartOf":{"@id":"https:\/\/www.aliadospuebla.com\/?p=116955"},"author":{"name":"Aliados17","@id":"https:\/\/www.aliadospuebla.com\/#\/schema\/person\/5da7dd09320bd4f392b710017ed5f8ad"},"headline":"Gran Feria Milenaria: Tonantzin Fern\u00e1ndez encabeza jornada que culmina con la Fiesta Magn\u00edfica","datePublished":"2026-09-04T12:23:17+00:00","mainEntityOfPage":{"@id":"https:\/\/www.aliadospuebla.com\/?p=116955"},"wordCount":281,"commentCount":0,"image":{"@id":"https:\/\/www.aliadospuebla.com\/?p=116955#primaryimage"},"thumbnailUrl":"https:\/\/www.aliadospuebla.com\/web2017\/wp-content\/uploads\/2026\/09\/018.jpg","keywords":["ARTESAN\u00cdAS","fiesta magn\u00edfica","gastronom\u00eda","Gran Feria Milenaria de San Pedro Cholula","IDENTIDAD","promoci\u00f3n de la cultura","TONANTZIN FERN\u00c1NDEZ"],"articleSection":["Municipios"],"inLanguage":"es","potentialAction":[{"@type":"CommentAction","name":"Comment","target":["https:\/\/www.aliadospuebla.com\/?p=116955#respond"]}]},{"@type":"WebPage","@id":"https:\/\/www.aliadospuebla.com\/?p=116955","url":"https:\/\/www.aliadospuebla.com\/?p=116955","name":"Gran Feria Milenaria: Tonantzin Fern\u00e1ndez encabeza jornada que culmina con la Fiesta Magn\u00edfica - AliadosPuebla","isPartOf":{"@id":"https:\/\/www.aliadospuebla.com\/#website"},"primaryImageOfPage":{"@id":"https:\/\/www.aliadospuebla.com\/?p=116955#primaryimage"},"image":{"@id":"https:\/\/www.aliadospuebla.com\/?p=116955#primaryimage"},"thumbnailUrl":"https:\/\/www.aliadospuebla.com\/web2017\/wp-content\/uploads\/2026\/09\/018.jpg","datePublished":"2026-09-04T12:23:17+00:00","author":{"@id":"https:\/\/www.aliadospuebla.com\/#\/schema\/person\/5da7dd09320bd4f392b710017ed5f8ad"},"breadcrumb":{"@id":"https:\/\/www.aliadospuebla.com\/?p=116955#breadcrumb"},"inLanguage":"es","potentialAction":[{"@type":"ReadAction","target":["https:\/\/www.aliadospuebla.com\/?p=116955"]}]},{"@type":"ImageObject","inLanguage":"es","@id":"https:\/\/www.aliadospuebla.com\/?p=116955#primaryimage","url":"https:\/\/www.aliadospuebla.com\/web2017\/wp-content\/uploads\/2026\/09\/018.jpg","contentUrl":"https:\/\/www.aliadospuebla.com\/web2017\/wp-content\/uploads\/2026\/09\/018.jpg","width":600,"height":450},{"@type":"BreadcrumbList","@id":"https:\/\/www.aliadospuebla.com\/?p=116955#breadcrumb","itemListElement":[{"@type":"ListItem","position":1,"name":"Portada","item":"https:\/\/www.aliadospuebla.com\/"},{"@type":"ListItem","position":2,"name":"Gran Feria Milenaria: Tonantzin Fern\u00e1ndez encabeza jornada que culmina con la Fiesta Magn\u00edfica"}]},{"@type":"WebSite","@id":"https:\/\/www.aliadospuebla.com\/#website","url":"https:\/\/www.aliadospuebla.com\/","name":"AliadosPuebla","description":"La informaci\u00f3n en tus manos","potentialAction":[{"@type":"SearchAction","target":{"@type":"EntryPoint","urlTemplate":"https:\/\/www.aliadospuebla.com\/?s={search_term_string}"},"query-input":{"@type":"PropertyValueSpecification","valueRequired":true,"valueName":"search_term_string"}}],"inLanguage":"es"},{"@type":"Person","@id":"https:\/\/www.aliadospuebla.com\/#\/schema\/person\/5da7dd09320bd4f392b710017ed5f8ad","name":"Aliados17","image":{"@type":"ImageObject","inLanguage":"es","@id":"https:\/\/www.aliadospuebla.com\/web2017\/wp-content\/uploads\/2025\/03\/cropped-para-perfil-8-anos-1-96x96.jpg","url":"https:\/\/www.aliadospuebla.com\/web2017\/wp-content\/uploads\/2025\/03\/cropped-para-perfil-8-anos-1-96x96.jpg","contentUrl":"https:\/\/www.aliadospuebla.com\/web2017\/wp-content\/uploads\/2025\/03\/cropped-para-perfil-8-anos-1-96x96.jpg","caption":"Aliados17"},"sameAs":["https:\/\/www.aliados17.com","https:\/\/www.facebook.com\/Aliados17Pue","https:\/\/x.com\/AliadosPuebla"],"url":"https:\/\/www.aliadospuebla.com\/?author=2"}]}},"views":7,"_links":{"self":[{"href":"https:\/\/www.aliadospuebla.com\/index.php?rest_route=\/wp\/v2\/posts\/116955","targetHints":{"allow":["GET"]}}],"collection":[{"href":"https:\/\/www.aliadospuebla.com\/index.php?rest_route=\/wp\/v2\/posts"}],"about":[{"href":"https:\/\/www.aliadospuebla.com\/index.php?rest_route=\/wp\/v2\/types\/post"}],"author":[{"embeddable":true,"href":"https:\/\/www.aliadospuebla.com\/index.php?rest_route=\/wp\/v2\/users\/2"}],"replies":[{"embeddable":true,"href":"https:\/\/www.aliadospuebla.com\/index.php?rest_route=%2Fwp%2Fv2%2Fcomments&post=116955"}],"version-history":[{"count":1,"href":"https:\/\/www.aliadospuebla.com\/index.php?rest_route=\/wp\/v2\/posts\/116955\/revisions"}],"predecessor-version":[{"id":116957,"href":"https:\/\/www.aliadospuebla.com\/index.php?rest_route=\/wp\/v2\/posts\/116955\/revisions\/116957"}],"wp:featuredmedia":[{"embeddable":true,"href":"https:\/\/www.aliadospuebla.com\/index.php?rest_route=\/wp\/v2\/media\/116956"}],"wp:attachment":[{"href":"https:\/\/www.aliadospuebla.com\/index.php?rest_route=%2Fwp%2Fv2%2Fmedia&parent=116955"}],"wp:term":[{"taxonomy":"category","embeddable":true,"href":"https:\/\/www.aliadospuebla.com\/index.php?rest_route=%2Fwp%2Fv2%2Fcategories&post=116955"},{"taxonomy":"post_tag","embeddable":true,"href":"https:\/\/www.aliadospuebla.com\/index.php?rest_route=%2Fwp%2Fv2%2Ftags&post=116955"}],"curies":[{"name":"wp","href":"https:\/\/api.w.org\/{rel}","templated":true}]}}