{"id":116952,"date":"2026-09-03T06:10:32","date_gmt":"2026-09-03T12:10:32","guid":{"rendered":"https:\/\/www.aliadospuebla.com\/?p=116952"},"modified":"2026-09-04T06:17:20","modified_gmt":"2026-09-04T12:17:20","slug":"la-gran-feria-de-cholula-se-viste-de-ambiente-sonidero-en-su-segundo-dia","status":"publish","type":"post","link":"https:\/\/www.aliadospuebla.com\/?p=116952","title":{"rendered":"La Gran Feria de Cholula se viste de ambiente sonidero en su segundo d\u00eda"},"content":{"rendered":"<h4>La presidenta municipal, Tonantzin Fern\u00e1ndez, agradeci\u00f3 a Sonido Famoso por cerrar con gran \u00e9xito esta jornada de feria<\/h4>\n<p>San Pedro Cholula, Pue. \u2013 Este martes se llev\u00f3 a cabo el segundo d\u00eda de la Gran Feria de San Pedro Cholula,<\/p>\n<p>jornada que estuvo marcada por la presencia de miles de visitantes, quienes desde las primeras horas<\/p>\n<p>del d\u00eda se dieron cita en los corredores gastron\u00f3micos, comerciales y artesanales,<\/p>\n<p>as\u00ed como en el Pabell\u00f3n de Pueblos M\u00e1gicos.<\/p>\n<p>Al respecto, la presidenta municipal, Tonantzin Fern\u00e1ndez, realiz\u00f3 un recorrido por el domo<\/p>\n<p>y los diferentes pasillos de la feria, donde convivi\u00f3 con comerciantes, artesanos y visitantes.<\/p>\n<p>Asimismo, exhort\u00f3 a las y los cholultecas, as\u00ed como a quienes visitan el municipio<\/p>\n<p>desde otros estados y pa\u00edses, a continuar disfrutando y conociendo la riqueza cultural,<\/p>\n<p>hist\u00f3rica, gastron\u00f3mica y tur\u00edstica de San Pedro Cholula.<\/p>\n<p>Durante su recorrido, la presidenta municipal agradeci\u00f3 la participaci\u00f3n de los Pueblos M\u00e1gicos<\/p>\n<p>que forman parte de este gran encuentro, e invit\u00f3 a las familias a conocer parte de su riqueza cultural a trav\u00e9s de los productos artesanales y gastron\u00f3micos que ofrecen.<\/p>\n<p>De igual manera, el Pabell\u00f3n cuenta con un espacio dedicado a Cholula, donde se promueven productos locales, entre ellos la tradicional bebida de cacao, as\u00ed como la gastronom\u00eda cholulteca, con la participaci\u00f3n de cocineras que ofrecen el tradicional taco cholulteca, preparado a base de cecina.<\/p>\n<p>Finalmente, la noche cerr\u00f3 con una gran presentaci\u00f3n en el foro art\u00edstico a cargo de Sonido Famoso, quien puso a bailar y corear sus canciones a una Plaza de la Concordia totalmente abarrotada.<\/p>\n<p>Previo a su presentaci\u00f3n, Jaime Guzm\u00e1n, de Sonido Famoso, y la presidenta municipal, Tonantzin Fern\u00e1ndez, anunciaron que el espect\u00e1culo tendr\u00eda una duraci\u00f3n de tres horas, haciendo de esta presentaci\u00f3n uno de los momentos m\u00e1s esperados de la segunda jornada de feria.<\/p>\n<p>Con estas acciones, el Gobierno Municipal de San Pedro Cholula fortalece la promoci\u00f3n del turismo nacional e internacional y ofrece una feria con una amplia variedad de atractivos para todos los gustos y edades, privilegiando en todo momento la seguridad de las familias y visitantes.<\/p>\n<p>El segundo d\u00eda de la Gran Feria de San Pedro Cholula concluy\u00f3 con saldo blanco.<\/p>\n","protected":false},"excerpt":{"rendered":"<p>La presidenta municipal, Tonantzin Fern\u00e1ndez, agradeci\u00f3 a Sonido Famoso por cerrar con gran \u00e9xito esta jornada de feria San Pedro Cholula, Pue. \u2013 Este martes se llev\u00f3 a cabo el segundo d\u00eda de la Gran Feria de San Pedro Cholula, jornada que estuvo marcada por la presencia de miles de visitantes, quienes desde las primeras horas del d\u00eda se dieron cita en los corredores gastron\u00f3micos, comerciales y artesanales, as\u00ed como en el Pabell\u00f3n de Pueblos M\u00e1gicos. Al respecto, la presidenta municipal, Tonantzin Fern\u00e1ndez, realiz\u00f3 un recorrido por el domo y los diferentes pasillos de la feria, donde convivi\u00f3 con comerciantes, artesanos y visitantes. Asimismo, exhort\u00f3 a las y los cholultecas, as\u00ed como a quienes visitan el municipio desde otros estados y pa\u00edses, a continuar disfrutando&hellip;<\/p>\n<p class=\"excerpt-more\"><a class=\"blog-excerpt button\" href=\"https:\/\/www.aliadospuebla.com\/?p=116952\">Leer m\u00e1s&#8230;<\/a><\/p>\n","protected":false},"author":2,"featured_media":116953,"comment_status":"open","ping_status":"open","sticky":false,"template":"","format":"standard","meta":{"_monsterinsights_skip_tracking":false,"footnotes":""},"categories":[4],"tags":[34952,34809,34954,9768,34953,7394],"class_list":["post-116952","post","type-post","status-publish","format-standard","has-post-thumbnail","hentry","category-municipios","tag-ambiente-sonidero","tag-gran-feria-de-san-pedro-cholula","tag-pabellon-de-pueblos-magicos","tag-riqueza-cultural","tag-sonido-famoso","tag-tonantzin-fernandez"],"yoast_head":"<!-- This site is optimized with the Yoast SEO plugin v28.4 - https:\/\/yoast.com\/product\/yoast-seo-wordpress\/ -->\n<title>La Gran Feria de Cholula se viste de ambiente sonidero en su segundo d\u00eda - AliadosPuebla<\/title>\n<meta name=\"robots\" content=\"index, follow, max-snippet:-1, max-image-preview:large, max-video-preview:-1\" \/>\n<link rel=\"canonical\" href=\"https:\/\/www.aliadospuebla.com\/?p=116952\" \/>\n<meta property=\"og:locale\" content=\"es_ES\" \/>\n<meta property=\"og:type\" content=\"article\" \/>\n<meta property=\"og:title\" content=\"La Gran Feria de Cholula se viste de ambiente sonidero en su segundo d\u00eda - AliadosPuebla\" \/>\n<meta property=\"og:description\" content=\"La presidenta municipal, Tonantzin Fern\u00e1ndez, agradeci\u00f3 a Sonido Famoso por cerrar con gran \u00e9xito esta jornada de feria San Pedro Cholula, Pue. \u2013 Este martes se llev\u00f3 a cabo el segundo d\u00eda de la Gran Feria de San Pedro Cholula, jornada que estuvo marcada por la presencia de miles de visitantes, quienes desde las primeras horas del d\u00eda se dieron cita en los corredores gastron\u00f3micos, comerciales y artesanales, as\u00ed como en el Pabell\u00f3n de Pueblos M\u00e1gicos. Al respecto, la presidenta municipal, Tonantzin Fern\u00e1ndez, realiz\u00f3 un recorrido por el domo y los diferentes pasillos de la feria, donde convivi\u00f3 con comerciantes, artesanos y visitantes. Asimismo, exhort\u00f3 a las y los cholultecas, as\u00ed como a quienes visitan el municipio desde otros estados y pa\u00edses, a continuar disfrutando&hellip;Leer m\u00e1s...\" \/>\n<meta property=\"og:url\" content=\"https:\/\/www.aliadospuebla.com\/?p=116952\" \/>\n<meta property=\"og:site_name\" content=\"AliadosPuebla\" \/>\n<meta property=\"article:author\" content=\"https:\/\/www.facebook.com\/Aliados17Pue\" \/>\n<meta property=\"article:published_time\" content=\"2026-09-03T12:10:32+00:00\" \/>\n<meta property=\"article:modified_time\" content=\"2026-09-04T12:17:20+00:00\" \/>\n<meta property=\"og:image\" content=\"https:\/\/www.aliadospuebla.com\/web2017\/wp-content\/uploads\/2026\/09\/017.jpg\" \/>\n\t<meta property=\"og:image:width\" content=\"600\" \/>\n\t<meta property=\"og:image:height\" content=\"450\" \/>\n\t<meta property=\"og:image:type\" content=\"image\/jpeg\" \/>\n<meta name=\"author\" content=\"Aliados17\" \/>\n<meta name=\"twitter:card\" content=\"summary_large_image\" \/>\n<meta name=\"twitter:creator\" content=\"@AliadosPuebla\" \/>\n<meta name=\"twitter:label1\" content=\"Escrito por\" \/>\n\t<meta name=\"twitter:data1\" content=\"Aliados17\" \/>\n\t<meta name=\"twitter:label2\" content=\"Tiempo de lectura\" \/>\n\t<meta name=\"twitter:data2\" content=\"2 minutos\" \/>\n<script type=\"application\/ld+json\" class=\"yoast-schema-graph\">{\"@context\":\"https:\\\/\\\/schema.org\",\"@graph\":[{\"@type\":\"Article\",\"@id\":\"https:\\\/\\\/www.aliadospuebla.com\\\/?p=116952#article\",\"isPartOf\":{\"@id\":\"https:\\\/\\\/www.aliadospuebla.com\\\/?p=116952\"},\"author\":{\"name\":\"Aliados17\",\"@id\":\"https:\\\/\\\/www.aliadospuebla.com\\\/#\\\/schema\\\/person\\\/5da7dd09320bd4f392b710017ed5f8ad\"},\"headline\":\"La Gran Feria de Cholula se viste de ambiente sonidero en su segundo d\u00eda\",\"datePublished\":\"2026-09-03T12:10:32+00:00\",\"dateModified\":\"2026-09-04T12:17:20+00:00\",\"mainEntityOfPage\":{\"@id\":\"https:\\\/\\\/www.aliadospuebla.com\\\/?p=116952\"},\"wordCount\":403,\"commentCount\":0,\"image\":{\"@id\":\"https:\\\/\\\/www.aliadospuebla.com\\\/?p=116952#primaryimage\"},\"thumbnailUrl\":\"https:\\\/\\\/www.aliadospuebla.com\\\/web2017\\\/wp-content\\\/uploads\\\/2026\\\/09\\\/017.jpg\",\"keywords\":[\"ambiente sonidero\",\"Gran Feria de San Pedro Cholula\",\"Pabell\u00f3n de Pueblos M\u00e1gicos\",\"riqueza cultural\",\"Sonido Famoso\",\"TONANTZIN FERN\u00c1NDEZ\"],\"articleSection\":[\"Municipios\"],\"inLanguage\":\"es\",\"potentialAction\":[{\"@type\":\"CommentAction\",\"name\":\"Comment\",\"target\":[\"https:\\\/\\\/www.aliadospuebla.com\\\/?p=116952#respond\"]}]},{\"@type\":\"WebPage\",\"@id\":\"https:\\\/\\\/www.aliadospuebla.com\\\/?p=116952\",\"url\":\"https:\\\/\\\/www.aliadospuebla.com\\\/?p=116952\",\"name\":\"La Gran Feria de Cholula se viste de ambiente sonidero en su segundo d\u00eda - AliadosPuebla\",\"isPartOf\":{\"@id\":\"https:\\\/\\\/www.aliadospuebla.com\\\/#website\"},\"primaryImageOfPage\":{\"@id\":\"https:\\\/\\\/www.aliadospuebla.com\\\/?p=116952#primaryimage\"},\"image\":{\"@id\":\"https:\\\/\\\/www.aliadospuebla.com\\\/?p=116952#primaryimage\"},\"thumbnailUrl\":\"https:\\\/\\\/www.aliadospuebla.com\\\/web2017\\\/wp-content\\\/uploads\\\/2026\\\/09\\\/017.jpg\",\"datePublished\":\"2026-09-03T12:10:32+00:00\",\"dateModified\":\"2026-09-04T12:17:20+00:00\",\"author\":{\"@id\":\"https:\\\/\\\/www.aliadospuebla.com\\\/#\\\/schema\\\/person\\\/5da7dd09320bd4f392b710017ed5f8ad\"},\"breadcrumb\":{\"@id\":\"https:\\\/\\\/www.aliadospuebla.com\\\/?p=116952#breadcrumb\"},\"inLanguage\":\"es\",\"potentialAction\":[{\"@type\":\"ReadAction\",\"target\":[\"https:\\\/\\\/www.aliadospuebla.com\\\/?p=116952\"]}]},{\"@type\":\"ImageObject\",\"inLanguage\":\"es\",\"@id\":\"https:\\\/\\\/www.aliadospuebla.com\\\/?p=116952#primaryimage\",\"url\":\"https:\\\/\\\/www.aliadospuebla.com\\\/web2017\\\/wp-content\\\/uploads\\\/2026\\\/09\\\/017.jpg\",\"contentUrl\":\"https:\\\/\\\/www.aliadospuebla.com\\\/web2017\\\/wp-content\\\/uploads\\\/2026\\\/09\\\/017.jpg\",\"width\":600,\"height\":450},{\"@type\":\"BreadcrumbList\",\"@id\":\"https:\\\/\\\/www.aliadospuebla.com\\\/?p=116952#breadcrumb\",\"itemListElement\":[{\"@type\":\"ListItem\",\"position\":1,\"name\":\"Portada\",\"item\":\"https:\\\/\\\/www.aliadospuebla.com\\\/\"},{\"@type\":\"ListItem\",\"position\":2,\"name\":\"La Gran Feria de Cholula se viste de ambiente sonidero en su segundo d\u00eda\"}]},{\"@type\":\"WebSite\",\"@id\":\"https:\\\/\\\/www.aliadospuebla.com\\\/#website\",\"url\":\"https:\\\/\\\/www.aliadospuebla.com\\\/\",\"name\":\"AliadosPuebla\",\"description\":\"La informaci\u00f3n en tus manos\",\"potentialAction\":[{\"@type\":\"SearchAction\",\"target\":{\"@type\":\"EntryPoint\",\"urlTemplate\":\"https:\\\/\\\/www.aliadospuebla.com\\\/?s={search_term_string}\"},\"query-input\":{\"@type\":\"PropertyValueSpecification\",\"valueRequired\":true,\"valueName\":\"search_term_string\"}}],\"inLanguage\":\"es\"},{\"@type\":\"Person\",\"@id\":\"https:\\\/\\\/www.aliadospuebla.com\\\/#\\\/schema\\\/person\\\/5da7dd09320bd4f392b710017ed5f8ad\",\"name\":\"Aliados17\",\"image\":{\"@type\":\"ImageObject\",\"inLanguage\":\"es\",\"@id\":\"https:\\\/\\\/www.aliadospuebla.com\\\/web2017\\\/wp-content\\\/uploads\\\/2025\\\/03\\\/cropped-para-perfil-8-anos-1-96x96.jpg\",\"url\":\"https:\\\/\\\/www.aliadospuebla.com\\\/web2017\\\/wp-content\\\/uploads\\\/2025\\\/03\\\/cropped-para-perfil-8-anos-1-96x96.jpg\",\"contentUrl\":\"https:\\\/\\\/www.aliadospuebla.com\\\/web2017\\\/wp-content\\\/uploads\\\/2025\\\/03\\\/cropped-para-perfil-8-anos-1-96x96.jpg\",\"caption\":\"Aliados17\"},\"sameAs\":[\"https:\\\/\\\/www.aliados17.com\",\"https:\\\/\\\/www.facebook.com\\\/Aliados17Pue\",\"https:\\\/\\\/x.com\\\/AliadosPuebla\"],\"url\":\"https:\\\/\\\/www.aliadospuebla.com\\\/?author=2\"}]}<\/script>\n<!-- \/ Yoast SEO plugin. -->","yoast_head_json":{"title":"La Gran Feria de Cholula se viste de ambiente sonidero en su segundo d\u00eda - AliadosPuebla","robots":{"index":"index","follow":"follow","max-snippet":"max-snippet:-1","max-image-preview":"max-image-preview:large","max-video-preview":"max-video-preview:-1"},"canonical":"https:\/\/www.aliadospuebla.com\/?p=116952","og_locale":"es_ES","og_type":"article","og_title":"La Gran Feria de Cholula se viste de ambiente sonidero en su segundo d\u00eda - AliadosPuebla","og_description":"La presidenta municipal, Tonantzin Fern\u00e1ndez, agradeci\u00f3 a Sonido Famoso por cerrar con gran \u00e9xito esta jornada de feria San Pedro Cholula, Pue. \u2013 Este martes se llev\u00f3 a cabo el segundo d\u00eda de la Gran Feria de San Pedro Cholula, jornada que estuvo marcada por la presencia de miles de visitantes, quienes desde las primeras horas del d\u00eda se dieron cita en los corredores gastron\u00f3micos, comerciales y artesanales, as\u00ed como en el Pabell\u00f3n de Pueblos M\u00e1gicos. Al respecto, la presidenta municipal, Tonantzin Fern\u00e1ndez, realiz\u00f3 un recorrido por el domo y los diferentes pasillos de la feria, donde convivi\u00f3 con comerciantes, artesanos y visitantes. Asimismo, exhort\u00f3 a las y los cholultecas, as\u00ed como a quienes visitan el municipio desde otros estados y pa\u00edses, a continuar disfrutando&hellip;Leer m\u00e1s...","og_url":"https:\/\/www.aliadospuebla.com\/?p=116952","og_site_name":"AliadosPuebla","article_author":"https:\/\/www.facebook.com\/Aliados17Pue","article_published_time":"2026-09-03T12:10:32+00:00","article_modified_time":"2026-09-04T12:17:20+00:00","og_image":[{"width":600,"height":450,"url":"https:\/\/www.aliadospuebla.com\/web2017\/wp-content\/uploads\/2026\/09\/017.jpg","type":"image\/jpeg"}],"author":"Aliados17","twitter_card":"summary_large_image","twitter_creator":"@AliadosPuebla","twitter_misc":{"Escrito por":"Aliados17","Tiempo de lectura":"2 minutos"},"schema":{"@context":"https:\/\/schema.org","@graph":[{"@type":"Article","@id":"https:\/\/www.aliadospuebla.com\/?p=116952#article","isPartOf":{"@id":"https:\/\/www.aliadospuebla.com\/?p=116952"},"author":{"name":"Aliados17","@id":"https:\/\/www.aliadospuebla.com\/#\/schema\/person\/5da7dd09320bd4f392b710017ed5f8ad"},"headline":"La Gran Feria de Cholula se viste de ambiente sonidero en su segundo d\u00eda","datePublished":"2026-09-03T12:10:32+00:00","dateModified":"2026-09-04T12:17:20+00:00","mainEntityOfPage":{"@id":"https:\/\/www.aliadospuebla.com\/?p=116952"},"wordCount":403,"commentCount":0,"image":{"@id":"https:\/\/www.aliadospuebla.com\/?p=116952#primaryimage"},"thumbnailUrl":"https:\/\/www.aliadospuebla.com\/web2017\/wp-content\/uploads\/2026\/09\/017.jpg","keywords":["ambiente sonidero","Gran Feria de San Pedro Cholula","Pabell\u00f3n de Pueblos M\u00e1gicos","riqueza cultural","Sonido Famoso","TONANTZIN FERN\u00c1NDEZ"],"articleSection":["Municipios"],"inLanguage":"es","potentialAction":[{"@type":"CommentAction","name":"Comment","target":["https:\/\/www.aliadospuebla.com\/?p=116952#respond"]}]},{"@type":"WebPage","@id":"https:\/\/www.aliadospuebla.com\/?p=116952","url":"https:\/\/www.aliadospuebla.com\/?p=116952","name":"La Gran Feria de Cholula se viste de ambiente sonidero en su segundo d\u00eda - AliadosPuebla","isPartOf":{"@id":"https:\/\/www.aliadospuebla.com\/#website"},"primaryImageOfPage":{"@id":"https:\/\/www.aliadospuebla.com\/?p=116952#primaryimage"},"image":{"@id":"https:\/\/www.aliadospuebla.com\/?p=116952#primaryimage"},"thumbnailUrl":"https:\/\/www.aliadospuebla.com\/web2017\/wp-content\/uploads\/2026\/09\/017.jpg","datePublished":"2026-09-03T12:10:32+00:00","dateModified":"2026-09-04T12:17:20+00:00","author":{"@id":"https:\/\/www.aliadospuebla.com\/#\/schema\/person\/5da7dd09320bd4f392b710017ed5f8ad"},"breadcrumb":{"@id":"https:\/\/www.aliadospuebla.com\/?p=116952#breadcrumb"},"inLanguage":"es","potentialAction":[{"@type":"ReadAction","target":["https:\/\/www.aliadospuebla.com\/?p=116952"]}]},{"@type":"ImageObject","inLanguage":"es","@id":"https:\/\/www.aliadospuebla.com\/?p=116952#primaryimage","url":"https:\/\/www.aliadospuebla.com\/web2017\/wp-content\/uploads\/2026\/09\/017.jpg","contentUrl":"https:\/\/www.aliadospuebla.com\/web2017\/wp-content\/uploads\/2026\/09\/017.jpg","width":600,"height":450},{"@type":"BreadcrumbList","@id":"https:\/\/www.aliadospuebla.com\/?p=116952#breadcrumb","itemListElement":[{"@type":"ListItem","position":1,"name":"Portada","item":"https:\/\/www.aliadospuebla.com\/"},{"@type":"ListItem","position":2,"name":"La Gran Feria de Cholula se viste de ambiente sonidero en su segundo d\u00eda"}]},{"@type":"WebSite","@id":"https:\/\/www.aliadospuebla.com\/#website","url":"https:\/\/www.aliadospuebla.com\/","name":"AliadosPuebla","description":"La informaci\u00f3n en tus manos","potentialAction":[{"@type":"SearchAction","target":{"@type":"EntryPoint","urlTemplate":"https:\/\/www.aliadospuebla.com\/?s={search_term_string}"},"query-input":{"@type":"PropertyValueSpecification","valueRequired":true,"valueName":"search_term_string"}}],"inLanguage":"es"},{"@type":"Person","@id":"https:\/\/www.aliadospuebla.com\/#\/schema\/person\/5da7dd09320bd4f392b710017ed5f8ad","name":"Aliados17","image":{"@type":"ImageObject","inLanguage":"es","@id":"https:\/\/www.aliadospuebla.com\/web2017\/wp-content\/uploads\/2025\/03\/cropped-para-perfil-8-anos-1-96x96.jpg","url":"https:\/\/www.aliadospuebla.com\/web2017\/wp-content\/uploads\/2025\/03\/cropped-para-perfil-8-anos-1-96x96.jpg","contentUrl":"https:\/\/www.aliadospuebla.com\/web2017\/wp-content\/uploads\/2025\/03\/cropped-para-perfil-8-anos-1-96x96.jpg","caption":"Aliados17"},"sameAs":["https:\/\/www.aliados17.com","https:\/\/www.facebook.com\/Aliados17Pue","https:\/\/x.com\/AliadosPuebla"],"url":"https:\/\/www.aliadospuebla.com\/?author=2"}]}},"views":6,"_links":{"self":[{"href":"https:\/\/www.aliadospuebla.com\/index.php?rest_route=\/wp\/v2\/posts\/116952","targetHints":{"allow":["GET"]}}],"collection":[{"href":"https:\/\/www.aliadospuebla.com\/index.php?rest_route=\/wp\/v2\/posts"}],"about":[{"href":"https:\/\/www.aliadospuebla.com\/index.php?rest_route=\/wp\/v2\/types\/post"}],"author":[{"embeddable":true,"href":"https:\/\/www.aliadospuebla.com\/index.php?rest_route=\/wp\/v2\/users\/2"}],"replies":[{"embeddable":true,"href":"https:\/\/www.aliadospuebla.com\/index.php?rest_route=%2Fwp%2Fv2%2Fcomments&post=116952"}],"version-history":[{"count":1,"href":"https:\/\/www.aliadospuebla.com\/index.php?rest_route=\/wp\/v2\/posts\/116952\/revisions"}],"predecessor-version":[{"id":116954,"href":"https:\/\/www.aliadospuebla.com\/index.php?rest_route=\/wp\/v2\/posts\/116952\/revisions\/116954"}],"wp:featuredmedia":[{"embeddable":true,"href":"https:\/\/www.aliadospuebla.com\/index.php?rest_route=\/wp\/v2\/media\/116953"}],"wp:attachment":[{"href":"https:\/\/www.aliadospuebla.com\/index.php?rest_route=%2Fwp%2Fv2%2Fmedia&parent=116952"}],"wp:term":[{"taxonomy":"category","embeddable":true,"href":"https:\/\/www.aliadospuebla.com\/index.php?rest_route=%2Fwp%2Fv2%2Fcategories&post=116952"},{"taxonomy":"post_tag","embeddable":true,"href":"https:\/\/www.aliadospuebla.com\/index.php?rest_route=%2Fwp%2Fv2%2Ftags&post=116952"}],"curies":[{"name":"wp","href":"https:\/\/api.w.org\/{rel}","templated":true}]}}