{"id":116942,"date":"2026-09-03T00:43:58","date_gmt":"2026-09-03T06:43:58","guid":{"rendered":"https:\/\/www.aliadospuebla.com\/?p=116942"},"modified":"2026-09-03T00:43:58","modified_gmt":"2026-09-03T06:43:58","slug":"fortalece-gobierno-de-pepe-chedraui-estrategia-de-seguridad-vial-en-la-capital","status":"publish","type":"post","link":"https:\/\/www.aliadospuebla.com\/?p=116942","title":{"rendered":"Fortalece Gobierno de Pepe Chedraui estrategia de seguridad vial en la capital"},"content":{"rendered":"<h4>&#8211; \u201cEl alcalde Pepe Chedraui est\u00e1 comprometido con brindar a la ciudadan\u00eda entornos m\u00e1s seguros, donde peatones, ciclistas, motociclistas y automovilistas puedan desplazarse de manera segura\u201d: Franco Rodr\u00edguez<\/h4>\n<p>&#8211; Con el programa Entornos de Movilidad Segura se han modernizado 9 de las 10 intersecciones identificadas con m\u00e1s siniestros viales en la capital<\/p>\n<p>Puebla, Pue.- Como resultado de la puesta en marcha del programa Entornos de Movilidad Segura,<\/p>\n<p>el Gobierno de la Ciudad que encabeza el presidente municipal, Pepe Chedraui, inaugur\u00f3<\/p>\n<p>los trabajos de modernizaci\u00f3n de la intersecci\u00f3n vial ubicada en prolongaci\u00f3n 14 Sur y bulevar Valsequillo<\/p>\n<p>en la colonia Bugambilias 3ra. Secci\u00f3n, obra que beneficia a m\u00e1s de mil 600 habitantes.<\/p>\n<p>Al respecto, el titular de la Secretar\u00eda General de Gobierno, Franco Rodr\u00edguez, se\u00f1al\u00f3 que<\/p>\n<p>la intervenci\u00f3n de las 10 intersecciones identificadas con m\u00e1s siniestros viales de la capital<\/p>\n<p>representa una acci\u00f3n estrat\u00e9gica orientada a impulsar infraestructura con perspectiva<\/p>\n<p>de accesibilidad universal, as\u00ed como colocar en el centro de las pol\u00edticas p\u00fablicas a todas y todos los usuarios de la v\u00eda.<\/p>\n<p>\u201cEl alcalde Pepe Chedraui est\u00e1 comprometido con brindar a la ciudadan\u00eda entornos m\u00e1s seguros,<\/p>\n<p>donde peatones, ciclistas, motociclistas y automovilistas puedan desplazarse de manera segura.<\/p>\n<h4>En este punto de la ciudad \u2014prolongaci\u00f3n 14 Sur y bulevar Valsequillo\u2014 se han presentado un total de 54 siniestros viales, con un saldo de dos personas heridas y dos fallecimientos. Por ello, la importancia de intervenir esta zona con criterios de accesibilidad\u201d, puntualiz\u00f3.<\/h4>\n<p>Por su parte, el coordinador General de Participaci\u00f3n y Desarrollo Estudiantil<\/p>\n<p>de la Benem\u00e9rita Universidad Aut\u00f3noma de Puebla, Jorge Avelino Sol\u00eds agradeci\u00f3 al alcalde<\/p>\n<p>Pepe Chedraui por impulsar acciones que fomentan la participaci\u00f3n activa de las y los estudiantes<\/p>\n<p>de artes pl\u00e1sticas de esta casa de estudios.<\/p>\n<p>\u201cCuando gobierno y el sector acad\u00e9mico unen voluntades el resultado siempre ser\u00e1 en beneficio de la sociedad. Ahora contamos con un espacio dignificado d\u00f3nde nuestros estudiantes podr\u00e1n transitar de forma m\u00e1s segura\u201d, a\u00f1adi\u00f3.<\/p>\n<p>En su intervenci\u00f3n, el secretario de Movilidad e Infraestructura, David Aysa, inform\u00f3 que, del a\u00f1o 2015 a la fecha, en la ciudad de Puebla se han registrado 58 mil 720 siniestros viales y han fallecido por esta causa un total de 816 personas. Ante esta situaci\u00f3n, destac\u00f3 la importancia de continuar con la implementaci\u00f3n de acciones que contribuyan a mejorar las condiciones de seguridad vial en la ciudad.<\/p>\n<p>\u201cDurante los trabajos en esta intersecci\u00f3n, colocamos 14 sem\u00e1foros peatonales audibles, 21 se\u00f1alamientos verticales, 40 bolardos, aplicamos mil 196 metros de se\u00f1alamiento horizontal y construimos 331 metros cuadrados de banquetas con gu\u00eda podot\u00e1ctil, entre otras acciones\u201d, precis\u00f3.<\/p>\n<p>En el acto, el subsecretario de Movilidad y Seguridad Vial, Jos\u00e9 Antonio Ontiveros Palacios, mencion\u00f3 que, con el programa Entornos de Movilidad Segura se han modernizado 9 de las 10 intersecciones que se ten\u00edan programadas al inicio de la actual administraci\u00f3n municipal.<\/p>\n<p>\u201cLa modernizaci\u00f3n integral de esta intersecci\u00f3n incluy\u00f3 la realizaci\u00f3n de un mural art\u00edstico realizado por el artista Teddy Kelly y alumnos de artes pl\u00e1sticas de nuestra m\u00e1xima casa de estudios, lo anterior, con el objetivo de generar un espacio urbano m\u00e1s atractivo y fortalecer la identidad de la zona\u201d, asever\u00f3.<\/p>\n<p>Cabe destacar que, con los trabajos en prolongaci\u00f3n 14 Sur y bulevar Valsequillo, se beneficia a colonias como: Villa Universitaria, Loma Linda, Bugambilias 3ra. Secci\u00f3n, as\u00ed como a estudiantes de la Benem\u00e9rita Universidad Aut\u00f3noma de Puebla.<\/p>\n<p>Con el programa Entornos de Movilidad Segura, el alcalde Pepe Chedraui fortalece la seguridad vial en beneficio de todas y todos los usuarios de la v\u00eda.<\/p>\n","protected":false},"excerpt":{"rendered":"<p>&#8211; \u201cEl alcalde Pepe Chedraui est\u00e1 comprometido con brindar a la ciudadan\u00eda entornos m\u00e1s seguros, donde peatones, ciclistas, motociclistas y automovilistas puedan desplazarse de manera segura\u201d: Franco Rodr\u00edguez &#8211; Con el programa Entornos de Movilidad Segura se han modernizado 9 de las 10 intersecciones identificadas con m\u00e1s siniestros viales en la capital Puebla, Pue.- Como resultado de la puesta en marcha del programa Entornos de Movilidad Segura, el Gobierno de la Ciudad que encabeza el presidente municipal, Pepe Chedraui, inaugur\u00f3 los trabajos de modernizaci\u00f3n de la intersecci\u00f3n vial ubicada en prolongaci\u00f3n 14 Sur y bulevar Valsequillo en la colonia Bugambilias 3ra. Secci\u00f3n, obra que beneficia a m\u00e1s de mil 600 habitantes. Al respecto, el titular de la Secretar\u00eda General de Gobierno, Franco Rodr\u00edguez, se\u00f1al\u00f3 que&hellip;<\/p>\n<p class=\"excerpt-more\"><a class=\"blog-excerpt button\" href=\"https:\/\/www.aliadospuebla.com\/?p=116942\">Leer m\u00e1s&#8230;<\/a><\/p>\n","protected":false},"author":2,"featured_media":116943,"comment_status":"open","ping_status":"open","sticky":false,"template":"","format":"standard","meta":{"_monsterinsights_skip_tracking":false,"footnotes":""},"categories":[62],"tags":[27295,34949,506,34950,20612,34951],"class_list":["post-116942","post","type-post","status-publish","format-standard","has-post-thumbnail","hentry","category-capital","tag-entornos-de-movilidad-segura","tag-estrategia-de-seguridad-vial","tag-franco-rodriguez","tag-interseccion-vial","tag-pepe-chedraui","tag-semaforos-peatonales-audibles"],"yoast_head":"<!-- This site is optimized with the Yoast SEO plugin v28.4 - https:\/\/yoast.com\/product\/yoast-seo-wordpress\/ -->\n<title>Fortalece Gobierno de Pepe Chedraui estrategia de seguridad vial en la capital - AliadosPuebla<\/title>\n<meta name=\"robots\" content=\"index, follow, max-snippet:-1, max-image-preview:large, max-video-preview:-1\" \/>\n<link rel=\"canonical\" href=\"https:\/\/www.aliadospuebla.com\/?p=116942\" \/>\n<meta property=\"og:locale\" content=\"es_ES\" \/>\n<meta property=\"og:type\" content=\"article\" \/>\n<meta property=\"og:title\" content=\"Fortalece Gobierno de Pepe Chedraui estrategia de seguridad vial en la capital - AliadosPuebla\" \/>\n<meta property=\"og:description\" content=\"&#8211; \u201cEl alcalde Pepe Chedraui est\u00e1 comprometido con brindar a la ciudadan\u00eda entornos m\u00e1s seguros, donde peatones, ciclistas, motociclistas y automovilistas puedan desplazarse de manera segura\u201d: Franco Rodr\u00edguez &#8211; Con el programa Entornos de Movilidad Segura se han modernizado 9 de las 10 intersecciones identificadas con m\u00e1s siniestros viales en la capital Puebla, Pue.- Como resultado de la puesta en marcha del programa Entornos de Movilidad Segura, el Gobierno de la Ciudad que encabeza el presidente municipal, Pepe Chedraui, inaugur\u00f3 los trabajos de modernizaci\u00f3n de la intersecci\u00f3n vial ubicada en prolongaci\u00f3n 14 Sur y bulevar Valsequillo en la colonia Bugambilias 3ra. Secci\u00f3n, obra que beneficia a m\u00e1s de mil 600 habitantes. Al respecto, el titular de la Secretar\u00eda General de Gobierno, Franco Rodr\u00edguez, se\u00f1al\u00f3 que&hellip;Leer m\u00e1s...\" \/>\n<meta property=\"og:url\" content=\"https:\/\/www.aliadospuebla.com\/?p=116942\" \/>\n<meta property=\"og:site_name\" content=\"AliadosPuebla\" \/>\n<meta property=\"article:author\" content=\"https:\/\/www.facebook.com\/Aliados17Pue\" \/>\n<meta property=\"article:published_time\" content=\"2026-09-03T06:43:58+00:00\" \/>\n<meta property=\"og:image\" content=\"https:\/\/www.aliadospuebla.com\/web2017\/wp-content\/uploads\/2026\/09\/015.jpg\" \/>\n\t<meta property=\"og:image:width\" content=\"600\" \/>\n\t<meta property=\"og:image:height\" content=\"450\" \/>\n\t<meta property=\"og:image:type\" content=\"image\/jpeg\" \/>\n<meta name=\"author\" content=\"Aliados17\" \/>\n<meta name=\"twitter:card\" content=\"summary_large_image\" \/>\n<meta name=\"twitter:creator\" content=\"@AliadosPuebla\" \/>\n<meta name=\"twitter:label1\" content=\"Escrito por\" \/>\n\t<meta name=\"twitter:data1\" content=\"Aliados17\" \/>\n\t<meta name=\"twitter:label2\" content=\"Tiempo de lectura\" \/>\n\t<meta name=\"twitter:data2\" content=\"3 minutos\" \/>\n<script type=\"application\/ld+json\" class=\"yoast-schema-graph\">{\"@context\":\"https:\\\/\\\/schema.org\",\"@graph\":[{\"@type\":\"Article\",\"@id\":\"https:\\\/\\\/www.aliadospuebla.com\\\/?p=116942#article\",\"isPartOf\":{\"@id\":\"https:\\\/\\\/www.aliadospuebla.com\\\/?p=116942\"},\"author\":{\"name\":\"Aliados17\",\"@id\":\"https:\\\/\\\/www.aliadospuebla.com\\\/#\\\/schema\\\/person\\\/5da7dd09320bd4f392b710017ed5f8ad\"},\"headline\":\"Fortalece Gobierno de Pepe Chedraui estrategia de seguridad vial en la capital\",\"datePublished\":\"2026-09-03T06:43:58+00:00\",\"mainEntityOfPage\":{\"@id\":\"https:\\\/\\\/www.aliadospuebla.com\\\/?p=116942\"},\"wordCount\":630,\"commentCount\":0,\"image\":{\"@id\":\"https:\\\/\\\/www.aliadospuebla.com\\\/?p=116942#primaryimage\"},\"thumbnailUrl\":\"https:\\\/\\\/www.aliadospuebla.com\\\/web2017\\\/wp-content\\\/uploads\\\/2026\\\/09\\\/015.jpg\",\"keywords\":[\"Entornos de Movilidad Segura\",\"estrategia de seguridad vial\",\"FRANCO RODR\u00cdGUEZ\",\"intersecci\u00f3n vial\",\"Pepe Chedraui\",\"sem\u00e1foros peatonales audibles\"],\"articleSection\":[\"Capital\"],\"inLanguage\":\"es\",\"potentialAction\":[{\"@type\":\"CommentAction\",\"name\":\"Comment\",\"target\":[\"https:\\\/\\\/www.aliadospuebla.com\\\/?p=116942#respond\"]}]},{\"@type\":\"WebPage\",\"@id\":\"https:\\\/\\\/www.aliadospuebla.com\\\/?p=116942\",\"url\":\"https:\\\/\\\/www.aliadospuebla.com\\\/?p=116942\",\"name\":\"Fortalece Gobierno de Pepe Chedraui estrategia de seguridad vial en la capital - AliadosPuebla\",\"isPartOf\":{\"@id\":\"https:\\\/\\\/www.aliadospuebla.com\\\/#website\"},\"primaryImageOfPage\":{\"@id\":\"https:\\\/\\\/www.aliadospuebla.com\\\/?p=116942#primaryimage\"},\"image\":{\"@id\":\"https:\\\/\\\/www.aliadospuebla.com\\\/?p=116942#primaryimage\"},\"thumbnailUrl\":\"https:\\\/\\\/www.aliadospuebla.com\\\/web2017\\\/wp-content\\\/uploads\\\/2026\\\/09\\\/015.jpg\",\"datePublished\":\"2026-09-03T06:43:58+00:00\",\"author\":{\"@id\":\"https:\\\/\\\/www.aliadospuebla.com\\\/#\\\/schema\\\/person\\\/5da7dd09320bd4f392b710017ed5f8ad\"},\"breadcrumb\":{\"@id\":\"https:\\\/\\\/www.aliadospuebla.com\\\/?p=116942#breadcrumb\"},\"inLanguage\":\"es\",\"potentialAction\":[{\"@type\":\"ReadAction\",\"target\":[\"https:\\\/\\\/www.aliadospuebla.com\\\/?p=116942\"]}]},{\"@type\":\"ImageObject\",\"inLanguage\":\"es\",\"@id\":\"https:\\\/\\\/www.aliadospuebla.com\\\/?p=116942#primaryimage\",\"url\":\"https:\\\/\\\/www.aliadospuebla.com\\\/web2017\\\/wp-content\\\/uploads\\\/2026\\\/09\\\/015.jpg\",\"contentUrl\":\"https:\\\/\\\/www.aliadospuebla.com\\\/web2017\\\/wp-content\\\/uploads\\\/2026\\\/09\\\/015.jpg\",\"width\":600,\"height\":450},{\"@type\":\"BreadcrumbList\",\"@id\":\"https:\\\/\\\/www.aliadospuebla.com\\\/?p=116942#breadcrumb\",\"itemListElement\":[{\"@type\":\"ListItem\",\"position\":1,\"name\":\"Portada\",\"item\":\"https:\\\/\\\/www.aliadospuebla.com\\\/\"},{\"@type\":\"ListItem\",\"position\":2,\"name\":\"Fortalece Gobierno de Pepe Chedraui estrategia de seguridad vial en la capital\"}]},{\"@type\":\"WebSite\",\"@id\":\"https:\\\/\\\/www.aliadospuebla.com\\\/#website\",\"url\":\"https:\\\/\\\/www.aliadospuebla.com\\\/\",\"name\":\"AliadosPuebla\",\"description\":\"La informaci\u00f3n en tus manos\",\"potentialAction\":[{\"@type\":\"SearchAction\",\"target\":{\"@type\":\"EntryPoint\",\"urlTemplate\":\"https:\\\/\\\/www.aliadospuebla.com\\\/?s={search_term_string}\"},\"query-input\":{\"@type\":\"PropertyValueSpecification\",\"valueRequired\":true,\"valueName\":\"search_term_string\"}}],\"inLanguage\":\"es\"},{\"@type\":\"Person\",\"@id\":\"https:\\\/\\\/www.aliadospuebla.com\\\/#\\\/schema\\\/person\\\/5da7dd09320bd4f392b710017ed5f8ad\",\"name\":\"Aliados17\",\"image\":{\"@type\":\"ImageObject\",\"inLanguage\":\"es\",\"@id\":\"https:\\\/\\\/www.aliadospuebla.com\\\/web2017\\\/wp-content\\\/uploads\\\/2025\\\/03\\\/cropped-para-perfil-8-anos-1-96x96.jpg\",\"url\":\"https:\\\/\\\/www.aliadospuebla.com\\\/web2017\\\/wp-content\\\/uploads\\\/2025\\\/03\\\/cropped-para-perfil-8-anos-1-96x96.jpg\",\"contentUrl\":\"https:\\\/\\\/www.aliadospuebla.com\\\/web2017\\\/wp-content\\\/uploads\\\/2025\\\/03\\\/cropped-para-perfil-8-anos-1-96x96.jpg\",\"caption\":\"Aliados17\"},\"sameAs\":[\"https:\\\/\\\/www.aliados17.com\",\"https:\\\/\\\/www.facebook.com\\\/Aliados17Pue\",\"https:\\\/\\\/x.com\\\/AliadosPuebla\"],\"url\":\"https:\\\/\\\/www.aliadospuebla.com\\\/?author=2\"}]}<\/script>\n<!-- \/ Yoast SEO plugin. -->","yoast_head_json":{"title":"Fortalece Gobierno de Pepe Chedraui estrategia de seguridad vial en la capital - AliadosPuebla","robots":{"index":"index","follow":"follow","max-snippet":"max-snippet:-1","max-image-preview":"max-image-preview:large","max-video-preview":"max-video-preview:-1"},"canonical":"https:\/\/www.aliadospuebla.com\/?p=116942","og_locale":"es_ES","og_type":"article","og_title":"Fortalece Gobierno de Pepe Chedraui estrategia de seguridad vial en la capital - AliadosPuebla","og_description":"&#8211; \u201cEl alcalde Pepe Chedraui est\u00e1 comprometido con brindar a la ciudadan\u00eda entornos m\u00e1s seguros, donde peatones, ciclistas, motociclistas y automovilistas puedan desplazarse de manera segura\u201d: Franco Rodr\u00edguez &#8211; Con el programa Entornos de Movilidad Segura se han modernizado 9 de las 10 intersecciones identificadas con m\u00e1s siniestros viales en la capital Puebla, Pue.- Como resultado de la puesta en marcha del programa Entornos de Movilidad Segura, el Gobierno de la Ciudad que encabeza el presidente municipal, Pepe Chedraui, inaugur\u00f3 los trabajos de modernizaci\u00f3n de la intersecci\u00f3n vial ubicada en prolongaci\u00f3n 14 Sur y bulevar Valsequillo en la colonia Bugambilias 3ra. Secci\u00f3n, obra que beneficia a m\u00e1s de mil 600 habitantes. Al respecto, el titular de la Secretar\u00eda General de Gobierno, Franco Rodr\u00edguez, se\u00f1al\u00f3 que&hellip;Leer m\u00e1s...","og_url":"https:\/\/www.aliadospuebla.com\/?p=116942","og_site_name":"AliadosPuebla","article_author":"https:\/\/www.facebook.com\/Aliados17Pue","article_published_time":"2026-09-03T06:43:58+00:00","og_image":[{"width":600,"height":450,"url":"https:\/\/www.aliadospuebla.com\/web2017\/wp-content\/uploads\/2026\/09\/015.jpg","type":"image\/jpeg"}],"author":"Aliados17","twitter_card":"summary_large_image","twitter_creator":"@AliadosPuebla","twitter_misc":{"Escrito por":"Aliados17","Tiempo de lectura":"3 minutos"},"schema":{"@context":"https:\/\/schema.org","@graph":[{"@type":"Article","@id":"https:\/\/www.aliadospuebla.com\/?p=116942#article","isPartOf":{"@id":"https:\/\/www.aliadospuebla.com\/?p=116942"},"author":{"name":"Aliados17","@id":"https:\/\/www.aliadospuebla.com\/#\/schema\/person\/5da7dd09320bd4f392b710017ed5f8ad"},"headline":"Fortalece Gobierno de Pepe Chedraui estrategia de seguridad vial en la capital","datePublished":"2026-09-03T06:43:58+00:00","mainEntityOfPage":{"@id":"https:\/\/www.aliadospuebla.com\/?p=116942"},"wordCount":630,"commentCount":0,"image":{"@id":"https:\/\/www.aliadospuebla.com\/?p=116942#primaryimage"},"thumbnailUrl":"https:\/\/www.aliadospuebla.com\/web2017\/wp-content\/uploads\/2026\/09\/015.jpg","keywords":["Entornos de Movilidad Segura","estrategia de seguridad vial","FRANCO RODR\u00cdGUEZ","intersecci\u00f3n vial","Pepe Chedraui","sem\u00e1foros peatonales audibles"],"articleSection":["Capital"],"inLanguage":"es","potentialAction":[{"@type":"CommentAction","name":"Comment","target":["https:\/\/www.aliadospuebla.com\/?p=116942#respond"]}]},{"@type":"WebPage","@id":"https:\/\/www.aliadospuebla.com\/?p=116942","url":"https:\/\/www.aliadospuebla.com\/?p=116942","name":"Fortalece Gobierno de Pepe Chedraui estrategia de seguridad vial en la capital - AliadosPuebla","isPartOf":{"@id":"https:\/\/www.aliadospuebla.com\/#website"},"primaryImageOfPage":{"@id":"https:\/\/www.aliadospuebla.com\/?p=116942#primaryimage"},"image":{"@id":"https:\/\/www.aliadospuebla.com\/?p=116942#primaryimage"},"thumbnailUrl":"https:\/\/www.aliadospuebla.com\/web2017\/wp-content\/uploads\/2026\/09\/015.jpg","datePublished":"2026-09-03T06:43:58+00:00","author":{"@id":"https:\/\/www.aliadospuebla.com\/#\/schema\/person\/5da7dd09320bd4f392b710017ed5f8ad"},"breadcrumb":{"@id":"https:\/\/www.aliadospuebla.com\/?p=116942#breadcrumb"},"inLanguage":"es","potentialAction":[{"@type":"ReadAction","target":["https:\/\/www.aliadospuebla.com\/?p=116942"]}]},{"@type":"ImageObject","inLanguage":"es","@id":"https:\/\/www.aliadospuebla.com\/?p=116942#primaryimage","url":"https:\/\/www.aliadospuebla.com\/web2017\/wp-content\/uploads\/2026\/09\/015.jpg","contentUrl":"https:\/\/www.aliadospuebla.com\/web2017\/wp-content\/uploads\/2026\/09\/015.jpg","width":600,"height":450},{"@type":"BreadcrumbList","@id":"https:\/\/www.aliadospuebla.com\/?p=116942#breadcrumb","itemListElement":[{"@type":"ListItem","position":1,"name":"Portada","item":"https:\/\/www.aliadospuebla.com\/"},{"@type":"ListItem","position":2,"name":"Fortalece Gobierno de Pepe Chedraui estrategia de seguridad vial en la capital"}]},{"@type":"WebSite","@id":"https:\/\/www.aliadospuebla.com\/#website","url":"https:\/\/www.aliadospuebla.com\/","name":"AliadosPuebla","description":"La informaci\u00f3n en tus manos","potentialAction":[{"@type":"SearchAction","target":{"@type":"EntryPoint","urlTemplate":"https:\/\/www.aliadospuebla.com\/?s={search_term_string}"},"query-input":{"@type":"PropertyValueSpecification","valueRequired":true,"valueName":"search_term_string"}}],"inLanguage":"es"},{"@type":"Person","@id":"https:\/\/www.aliadospuebla.com\/#\/schema\/person\/5da7dd09320bd4f392b710017ed5f8ad","name":"Aliados17","image":{"@type":"ImageObject","inLanguage":"es","@id":"https:\/\/www.aliadospuebla.com\/web2017\/wp-content\/uploads\/2025\/03\/cropped-para-perfil-8-anos-1-96x96.jpg","url":"https:\/\/www.aliadospuebla.com\/web2017\/wp-content\/uploads\/2025\/03\/cropped-para-perfil-8-anos-1-96x96.jpg","contentUrl":"https:\/\/www.aliadospuebla.com\/web2017\/wp-content\/uploads\/2025\/03\/cropped-para-perfil-8-anos-1-96x96.jpg","caption":"Aliados17"},"sameAs":["https:\/\/www.aliados17.com","https:\/\/www.facebook.com\/Aliados17Pue","https:\/\/x.com\/AliadosPuebla"],"url":"https:\/\/www.aliadospuebla.com\/?author=2"}]}},"views":5,"_links":{"self":[{"href":"https:\/\/www.aliadospuebla.com\/index.php?rest_route=\/wp\/v2\/posts\/116942","targetHints":{"allow":["GET"]}}],"collection":[{"href":"https:\/\/www.aliadospuebla.com\/index.php?rest_route=\/wp\/v2\/posts"}],"about":[{"href":"https:\/\/www.aliadospuebla.com\/index.php?rest_route=\/wp\/v2\/types\/post"}],"author":[{"embeddable":true,"href":"https:\/\/www.aliadospuebla.com\/index.php?rest_route=\/wp\/v2\/users\/2"}],"replies":[{"embeddable":true,"href":"https:\/\/www.aliadospuebla.com\/index.php?rest_route=%2Fwp%2Fv2%2Fcomments&post=116942"}],"version-history":[{"count":1,"href":"https:\/\/www.aliadospuebla.com\/index.php?rest_route=\/wp\/v2\/posts\/116942\/revisions"}],"predecessor-version":[{"id":116944,"href":"https:\/\/www.aliadospuebla.com\/index.php?rest_route=\/wp\/v2\/posts\/116942\/revisions\/116944"}],"wp:featuredmedia":[{"embeddable":true,"href":"https:\/\/www.aliadospuebla.com\/index.php?rest_route=\/wp\/v2\/media\/116943"}],"wp:attachment":[{"href":"https:\/\/www.aliadospuebla.com\/index.php?rest_route=%2Fwp%2Fv2%2Fmedia&parent=116942"}],"wp:term":[{"taxonomy":"category","embeddable":true,"href":"https:\/\/www.aliadospuebla.com\/index.php?rest_route=%2Fwp%2Fv2%2Fcategories&post=116942"},{"taxonomy":"post_tag","embeddable":true,"href":"https:\/\/www.aliadospuebla.com\/index.php?rest_route=%2Fwp%2Fv2%2Ftags&post=116942"}],"curies":[{"name":"wp","href":"https:\/\/api.w.org\/{rel}","templated":true}]}}