{"id":116938,"date":"2026-09-03T00:20:49","date_gmt":"2026-09-03T06:20:49","guid":{"rendered":"https:\/\/www.aliadospuebla.com\/?p=116938"},"modified":"2026-09-03T00:20:49","modified_gmt":"2026-09-03T06:20:49","slug":"diputada-ana-laura-gomez-impulsa-iniciativa-para-establecer-esquemas-fiscales-que-favorezcan-a-productores-de-mezcal","status":"publish","type":"post","link":"https:\/\/www.aliadospuebla.com\/?p=116938","title":{"rendered":"Diputada Ana Laura G\u00f3mez impulsa iniciativa para establecer esquemas fiscales que favorezcan a productores de mezcal"},"content":{"rendered":"<h4>La diputada Ana Laura G\u00f3mez Ram\u00edrez present\u00f3 una iniciativa para que, en su caso, sea remitida al Congreso de la Uni\u00f3n, con la finalidad de impulsar reformas a la Ley del Impuesto Especial sobre Producci\u00f3n y Servicios (IEPS) y establecer un esquema fiscal que favorezca a las y los productores de mezcal artesanal y ancestral de menor escala.<\/h4>\n<p>La propuesta plantea sustituir el actual esquema de tasas ad valorem, aplicable<\/p>\n<p>a las bebidas con contenido alcoh\u00f3lico y a la cerveza, por una cuota espec\u00edfica<\/p>\n<p>de un peso con 36 centavos por cada grado Gay-Lussac de alcohol por litro.<\/p>\n<p>Asimismo, propone establecer un est\u00edmulo fiscal para las y los productores de mezcal artesanal y ancestral cuya producci\u00f3n anual no exceda los 10 mil litros de alcohol puro. Estos podr\u00edan acceder a un cr\u00e9dito fiscal equivalente al 90 por ciento del impuesto que resulte a su cargo.<\/p>\n<p>La legisladora indica que la propuesta busca generar mayor equidad en la carga tributaria, al establecer que las bebidas con el mismo contenido alcoh\u00f3lico enfrenten una carga fiscal equivalente, independientemente de su precio, al tiempo que se otorgar\u00eda un trato diferenciado a quienes producen mezcal de manera artesanal y a menor escala.<\/p>\n<p>En el caso de Puebla, la propuesta podr\u00eda contribuir a la protecci\u00f3n del patrimonio biocultural, particularmente de las comunidades mezcaleras de la Mixteca poblana y de las regiones comprendidas en la Denominaci\u00f3n de Origen Mezcal. La iniciativa tambi\u00e9n considera beneficios en materia de protecci\u00f3n al consumidor.<\/p>\n<p>De igual manera, G\u00f3mez Ram\u00edrez plantea que la formalizaci\u00f3n de la actividad mezcalera puede generar oportunidades para las mujeres que participan en las distintas etapas de producci\u00f3n, desde la siembra y el jimado hasta la cocci\u00f3n, el envasado y la comercializaci\u00f3n, facilitando su acceso a mecanismos de seguridad social y financiamiento productivo.<\/p>\n","protected":false},"excerpt":{"rendered":"<p>La diputada Ana Laura G\u00f3mez Ram\u00edrez present\u00f3 una iniciativa para que, en su caso, sea remitida al Congreso de la Uni\u00f3n, con la finalidad de impulsar reformas a la Ley del Impuesto Especial sobre Producci\u00f3n y Servicios (IEPS) y establecer un esquema fiscal que favorezca a las y los productores de mezcal artesanal y ancestral de menor escala. La propuesta plantea sustituir el actual esquema de tasas ad valorem, aplicable a las bebidas con contenido alcoh\u00f3lico y a la cerveza, por una cuota espec\u00edfica de un peso con 36 centavos por cada grado Gay-Lussac de alcohol por litro. Asimismo, propone establecer un est\u00edmulo fiscal para las y los productores de mezcal artesanal y ancestral cuya producci\u00f3n anual no exceda los 10 mil litros de alcohol&hellip;<\/p>\n<p class=\"excerpt-more\"><a class=\"blog-excerpt button\" href=\"https:\/\/www.aliadospuebla.com\/?p=116938\">Leer m\u00e1s&#8230;<\/a><\/p>\n","protected":false},"author":2,"featured_media":116939,"comment_status":"open","ping_status":"open","sticky":false,"template":"","format":"standard","meta":{"_monsterinsights_skip_tracking":false,"footnotes":""},"categories":[6],"tags":[34026,34948,34946,15124,34544,34947],"class_list":["post-116938","post","type-post","status-publish","format-standard","has-post-thumbnail","hentry","category-politica","tag-ana-laura-gomez-ramirez","tag-carga-tributaria","tag-esquemas-fiscales","tag-ieps","tag-patrimonio-biocultural","tag-productores-de-mezcal-artesanal"],"yoast_head":"<!-- This site is optimized with the Yoast SEO plugin v28.4 - https:\/\/yoast.com\/product\/yoast-seo-wordpress\/ -->\n<title>Diputada Ana Laura G\u00f3mez impulsa iniciativa para establecer esquemas fiscales que favorezcan a productores de mezcal - AliadosPuebla<\/title>\n<meta name=\"robots\" content=\"index, follow, max-snippet:-1, max-image-preview:large, max-video-preview:-1\" \/>\n<link rel=\"canonical\" href=\"https:\/\/www.aliadospuebla.com\/?p=116938\" \/>\n<meta property=\"og:locale\" content=\"es_ES\" \/>\n<meta property=\"og:type\" content=\"article\" \/>\n<meta property=\"og:title\" content=\"Diputada Ana Laura G\u00f3mez impulsa iniciativa para establecer esquemas fiscales que favorezcan a productores de mezcal - AliadosPuebla\" \/>\n<meta property=\"og:description\" content=\"La diputada Ana Laura G\u00f3mez Ram\u00edrez present\u00f3 una iniciativa para que, en su caso, sea remitida al Congreso de la Uni\u00f3n, con la finalidad de impulsar reformas a la Ley del Impuesto Especial sobre Producci\u00f3n y Servicios (IEPS) y establecer un esquema fiscal que favorezca a las y los productores de mezcal artesanal y ancestral de menor escala. La propuesta plantea sustituir el actual esquema de tasas ad valorem, aplicable a las bebidas con contenido alcoh\u00f3lico y a la cerveza, por una cuota espec\u00edfica de un peso con 36 centavos por cada grado Gay-Lussac de alcohol por litro. Asimismo, propone establecer un est\u00edmulo fiscal para las y los productores de mezcal artesanal y ancestral cuya producci\u00f3n anual no exceda los 10 mil litros de alcohol&hellip;Leer m\u00e1s...\" \/>\n<meta property=\"og:url\" content=\"https:\/\/www.aliadospuebla.com\/?p=116938\" \/>\n<meta property=\"og:site_name\" content=\"AliadosPuebla\" \/>\n<meta property=\"article:author\" content=\"https:\/\/www.facebook.com\/Aliados17Pue\" \/>\n<meta property=\"article:published_time\" content=\"2026-09-03T06:20:49+00:00\" \/>\n<meta property=\"og:image\" content=\"https:\/\/www.aliadospuebla.com\/web2017\/wp-content\/uploads\/2026\/09\/014.jpg\" \/>\n\t<meta property=\"og:image:width\" content=\"600\" \/>\n\t<meta property=\"og:image:height\" content=\"450\" \/>\n\t<meta property=\"og:image:type\" content=\"image\/jpeg\" \/>\n<meta name=\"author\" content=\"Aliados17\" \/>\n<meta name=\"twitter:card\" content=\"summary_large_image\" \/>\n<meta name=\"twitter:creator\" content=\"@AliadosPuebla\" \/>\n<meta name=\"twitter:label1\" content=\"Escrito por\" \/>\n\t<meta name=\"twitter:data1\" content=\"Aliados17\" \/>\n\t<meta name=\"twitter:label2\" content=\"Tiempo de lectura\" \/>\n\t<meta name=\"twitter:data2\" content=\"2 minutos\" \/>\n<script type=\"application\/ld+json\" class=\"yoast-schema-graph\">{\"@context\":\"https:\\\/\\\/schema.org\",\"@graph\":[{\"@type\":\"Article\",\"@id\":\"https:\\\/\\\/www.aliadospuebla.com\\\/?p=116938#article\",\"isPartOf\":{\"@id\":\"https:\\\/\\\/www.aliadospuebla.com\\\/?p=116938\"},\"author\":{\"name\":\"Aliados17\",\"@id\":\"https:\\\/\\\/www.aliadospuebla.com\\\/#\\\/schema\\\/person\\\/5da7dd09320bd4f392b710017ed5f8ad\"},\"headline\":\"Diputada Ana Laura G\u00f3mez impulsa iniciativa para establecer esquemas fiscales que favorezcan a productores de mezcal\",\"datePublished\":\"2026-09-03T06:20:49+00:00\",\"mainEntityOfPage\":{\"@id\":\"https:\\\/\\\/www.aliadospuebla.com\\\/?p=116938\"},\"wordCount\":332,\"commentCount\":0,\"image\":{\"@id\":\"https:\\\/\\\/www.aliadospuebla.com\\\/?p=116938#primaryimage\"},\"thumbnailUrl\":\"https:\\\/\\\/www.aliadospuebla.com\\\/web2017\\\/wp-content\\\/uploads\\\/2026\\\/09\\\/014.jpg\",\"keywords\":[\"Ana Laura G\u00f3mez Ram\u00edrez\",\"carga tributaria\",\"esquemas fiscales\",\"IEPS\",\"patrimonio biocultural\",\"productores de mezcal artesanal\"],\"articleSection\":[\"Pol\u00edtica\"],\"inLanguage\":\"es\",\"potentialAction\":[{\"@type\":\"CommentAction\",\"name\":\"Comment\",\"target\":[\"https:\\\/\\\/www.aliadospuebla.com\\\/?p=116938#respond\"]}]},{\"@type\":\"WebPage\",\"@id\":\"https:\\\/\\\/www.aliadospuebla.com\\\/?p=116938\",\"url\":\"https:\\\/\\\/www.aliadospuebla.com\\\/?p=116938\",\"name\":\"Diputada Ana Laura G\u00f3mez impulsa iniciativa para establecer esquemas fiscales que favorezcan a productores de mezcal - AliadosPuebla\",\"isPartOf\":{\"@id\":\"https:\\\/\\\/www.aliadospuebla.com\\\/#website\"},\"primaryImageOfPage\":{\"@id\":\"https:\\\/\\\/www.aliadospuebla.com\\\/?p=116938#primaryimage\"},\"image\":{\"@id\":\"https:\\\/\\\/www.aliadospuebla.com\\\/?p=116938#primaryimage\"},\"thumbnailUrl\":\"https:\\\/\\\/www.aliadospuebla.com\\\/web2017\\\/wp-content\\\/uploads\\\/2026\\\/09\\\/014.jpg\",\"datePublished\":\"2026-09-03T06:20:49+00:00\",\"author\":{\"@id\":\"https:\\\/\\\/www.aliadospuebla.com\\\/#\\\/schema\\\/person\\\/5da7dd09320bd4f392b710017ed5f8ad\"},\"breadcrumb\":{\"@id\":\"https:\\\/\\\/www.aliadospuebla.com\\\/?p=116938#breadcrumb\"},\"inLanguage\":\"es\",\"potentialAction\":[{\"@type\":\"ReadAction\",\"target\":[\"https:\\\/\\\/www.aliadospuebla.com\\\/?p=116938\"]}]},{\"@type\":\"ImageObject\",\"inLanguage\":\"es\",\"@id\":\"https:\\\/\\\/www.aliadospuebla.com\\\/?p=116938#primaryimage\",\"url\":\"https:\\\/\\\/www.aliadospuebla.com\\\/web2017\\\/wp-content\\\/uploads\\\/2026\\\/09\\\/014.jpg\",\"contentUrl\":\"https:\\\/\\\/www.aliadospuebla.com\\\/web2017\\\/wp-content\\\/uploads\\\/2026\\\/09\\\/014.jpg\",\"width\":600,\"height\":450},{\"@type\":\"BreadcrumbList\",\"@id\":\"https:\\\/\\\/www.aliadospuebla.com\\\/?p=116938#breadcrumb\",\"itemListElement\":[{\"@type\":\"ListItem\",\"position\":1,\"name\":\"Portada\",\"item\":\"https:\\\/\\\/www.aliadospuebla.com\\\/\"},{\"@type\":\"ListItem\",\"position\":2,\"name\":\"Diputada Ana Laura G\u00f3mez impulsa iniciativa para establecer esquemas fiscales que favorezcan a productores de mezcal\"}]},{\"@type\":\"WebSite\",\"@id\":\"https:\\\/\\\/www.aliadospuebla.com\\\/#website\",\"url\":\"https:\\\/\\\/www.aliadospuebla.com\\\/\",\"name\":\"AliadosPuebla\",\"description\":\"La informaci\u00f3n en tus manos\",\"potentialAction\":[{\"@type\":\"SearchAction\",\"target\":{\"@type\":\"EntryPoint\",\"urlTemplate\":\"https:\\\/\\\/www.aliadospuebla.com\\\/?s={search_term_string}\"},\"query-input\":{\"@type\":\"PropertyValueSpecification\",\"valueRequired\":true,\"valueName\":\"search_term_string\"}}],\"inLanguage\":\"es\"},{\"@type\":\"Person\",\"@id\":\"https:\\\/\\\/www.aliadospuebla.com\\\/#\\\/schema\\\/person\\\/5da7dd09320bd4f392b710017ed5f8ad\",\"name\":\"Aliados17\",\"image\":{\"@type\":\"ImageObject\",\"inLanguage\":\"es\",\"@id\":\"https:\\\/\\\/www.aliadospuebla.com\\\/web2017\\\/wp-content\\\/uploads\\\/2025\\\/03\\\/cropped-para-perfil-8-anos-1-96x96.jpg\",\"url\":\"https:\\\/\\\/www.aliadospuebla.com\\\/web2017\\\/wp-content\\\/uploads\\\/2025\\\/03\\\/cropped-para-perfil-8-anos-1-96x96.jpg\",\"contentUrl\":\"https:\\\/\\\/www.aliadospuebla.com\\\/web2017\\\/wp-content\\\/uploads\\\/2025\\\/03\\\/cropped-para-perfil-8-anos-1-96x96.jpg\",\"caption\":\"Aliados17\"},\"sameAs\":[\"https:\\\/\\\/www.aliados17.com\",\"https:\\\/\\\/www.facebook.com\\\/Aliados17Pue\",\"https:\\\/\\\/x.com\\\/AliadosPuebla\"],\"url\":\"https:\\\/\\\/www.aliadospuebla.com\\\/?author=2\"}]}<\/script>\n<!-- \/ Yoast SEO plugin. -->","yoast_head_json":{"title":"Diputada Ana Laura G\u00f3mez impulsa iniciativa para establecer esquemas fiscales que favorezcan a productores de mezcal - AliadosPuebla","robots":{"index":"index","follow":"follow","max-snippet":"max-snippet:-1","max-image-preview":"max-image-preview:large","max-video-preview":"max-video-preview:-1"},"canonical":"https:\/\/www.aliadospuebla.com\/?p=116938","og_locale":"es_ES","og_type":"article","og_title":"Diputada Ana Laura G\u00f3mez impulsa iniciativa para establecer esquemas fiscales que favorezcan a productores de mezcal - AliadosPuebla","og_description":"La diputada Ana Laura G\u00f3mez Ram\u00edrez present\u00f3 una iniciativa para que, en su caso, sea remitida al Congreso de la Uni\u00f3n, con la finalidad de impulsar reformas a la Ley del Impuesto Especial sobre Producci\u00f3n y Servicios (IEPS) y establecer un esquema fiscal que favorezca a las y los productores de mezcal artesanal y ancestral de menor escala. La propuesta plantea sustituir el actual esquema de tasas ad valorem, aplicable a las bebidas con contenido alcoh\u00f3lico y a la cerveza, por una cuota espec\u00edfica de un peso con 36 centavos por cada grado Gay-Lussac de alcohol por litro. Asimismo, propone establecer un est\u00edmulo fiscal para las y los productores de mezcal artesanal y ancestral cuya producci\u00f3n anual no exceda los 10 mil litros de alcohol&hellip;Leer m\u00e1s...","og_url":"https:\/\/www.aliadospuebla.com\/?p=116938","og_site_name":"AliadosPuebla","article_author":"https:\/\/www.facebook.com\/Aliados17Pue","article_published_time":"2026-09-03T06:20:49+00:00","og_image":[{"width":600,"height":450,"url":"https:\/\/www.aliadospuebla.com\/web2017\/wp-content\/uploads\/2026\/09\/014.jpg","type":"image\/jpeg"}],"author":"Aliados17","twitter_card":"summary_large_image","twitter_creator":"@AliadosPuebla","twitter_misc":{"Escrito por":"Aliados17","Tiempo de lectura":"2 minutos"},"schema":{"@context":"https:\/\/schema.org","@graph":[{"@type":"Article","@id":"https:\/\/www.aliadospuebla.com\/?p=116938#article","isPartOf":{"@id":"https:\/\/www.aliadospuebla.com\/?p=116938"},"author":{"name":"Aliados17","@id":"https:\/\/www.aliadospuebla.com\/#\/schema\/person\/5da7dd09320bd4f392b710017ed5f8ad"},"headline":"Diputada Ana Laura G\u00f3mez impulsa iniciativa para establecer esquemas fiscales que favorezcan a productores de mezcal","datePublished":"2026-09-03T06:20:49+00:00","mainEntityOfPage":{"@id":"https:\/\/www.aliadospuebla.com\/?p=116938"},"wordCount":332,"commentCount":0,"image":{"@id":"https:\/\/www.aliadospuebla.com\/?p=116938#primaryimage"},"thumbnailUrl":"https:\/\/www.aliadospuebla.com\/web2017\/wp-content\/uploads\/2026\/09\/014.jpg","keywords":["Ana Laura G\u00f3mez Ram\u00edrez","carga tributaria","esquemas fiscales","IEPS","patrimonio biocultural","productores de mezcal artesanal"],"articleSection":["Pol\u00edtica"],"inLanguage":"es","potentialAction":[{"@type":"CommentAction","name":"Comment","target":["https:\/\/www.aliadospuebla.com\/?p=116938#respond"]}]},{"@type":"WebPage","@id":"https:\/\/www.aliadospuebla.com\/?p=116938","url":"https:\/\/www.aliadospuebla.com\/?p=116938","name":"Diputada Ana Laura G\u00f3mez impulsa iniciativa para establecer esquemas fiscales que favorezcan a productores de mezcal - AliadosPuebla","isPartOf":{"@id":"https:\/\/www.aliadospuebla.com\/#website"},"primaryImageOfPage":{"@id":"https:\/\/www.aliadospuebla.com\/?p=116938#primaryimage"},"image":{"@id":"https:\/\/www.aliadospuebla.com\/?p=116938#primaryimage"},"thumbnailUrl":"https:\/\/www.aliadospuebla.com\/web2017\/wp-content\/uploads\/2026\/09\/014.jpg","datePublished":"2026-09-03T06:20:49+00:00","author":{"@id":"https:\/\/www.aliadospuebla.com\/#\/schema\/person\/5da7dd09320bd4f392b710017ed5f8ad"},"breadcrumb":{"@id":"https:\/\/www.aliadospuebla.com\/?p=116938#breadcrumb"},"inLanguage":"es","potentialAction":[{"@type":"ReadAction","target":["https:\/\/www.aliadospuebla.com\/?p=116938"]}]},{"@type":"ImageObject","inLanguage":"es","@id":"https:\/\/www.aliadospuebla.com\/?p=116938#primaryimage","url":"https:\/\/www.aliadospuebla.com\/web2017\/wp-content\/uploads\/2026\/09\/014.jpg","contentUrl":"https:\/\/www.aliadospuebla.com\/web2017\/wp-content\/uploads\/2026\/09\/014.jpg","width":600,"height":450},{"@type":"BreadcrumbList","@id":"https:\/\/www.aliadospuebla.com\/?p=116938#breadcrumb","itemListElement":[{"@type":"ListItem","position":1,"name":"Portada","item":"https:\/\/www.aliadospuebla.com\/"},{"@type":"ListItem","position":2,"name":"Diputada Ana Laura G\u00f3mez impulsa iniciativa para establecer esquemas fiscales que favorezcan a productores de mezcal"}]},{"@type":"WebSite","@id":"https:\/\/www.aliadospuebla.com\/#website","url":"https:\/\/www.aliadospuebla.com\/","name":"AliadosPuebla","description":"La informaci\u00f3n en tus manos","potentialAction":[{"@type":"SearchAction","target":{"@type":"EntryPoint","urlTemplate":"https:\/\/www.aliadospuebla.com\/?s={search_term_string}"},"query-input":{"@type":"PropertyValueSpecification","valueRequired":true,"valueName":"search_term_string"}}],"inLanguage":"es"},{"@type":"Person","@id":"https:\/\/www.aliadospuebla.com\/#\/schema\/person\/5da7dd09320bd4f392b710017ed5f8ad","name":"Aliados17","image":{"@type":"ImageObject","inLanguage":"es","@id":"https:\/\/www.aliadospuebla.com\/web2017\/wp-content\/uploads\/2025\/03\/cropped-para-perfil-8-anos-1-96x96.jpg","url":"https:\/\/www.aliadospuebla.com\/web2017\/wp-content\/uploads\/2025\/03\/cropped-para-perfil-8-anos-1-96x96.jpg","contentUrl":"https:\/\/www.aliadospuebla.com\/web2017\/wp-content\/uploads\/2025\/03\/cropped-para-perfil-8-anos-1-96x96.jpg","caption":"Aliados17"},"sameAs":["https:\/\/www.aliados17.com","https:\/\/www.facebook.com\/Aliados17Pue","https:\/\/x.com\/AliadosPuebla"],"url":"https:\/\/www.aliadospuebla.com\/?author=2"}]}},"views":9,"_links":{"self":[{"href":"https:\/\/www.aliadospuebla.com\/index.php?rest_route=\/wp\/v2\/posts\/116938","targetHints":{"allow":["GET"]}}],"collection":[{"href":"https:\/\/www.aliadospuebla.com\/index.php?rest_route=\/wp\/v2\/posts"}],"about":[{"href":"https:\/\/www.aliadospuebla.com\/index.php?rest_route=\/wp\/v2\/types\/post"}],"author":[{"embeddable":true,"href":"https:\/\/www.aliadospuebla.com\/index.php?rest_route=\/wp\/v2\/users\/2"}],"replies":[{"embeddable":true,"href":"https:\/\/www.aliadospuebla.com\/index.php?rest_route=%2Fwp%2Fv2%2Fcomments&post=116938"}],"version-history":[{"count":1,"href":"https:\/\/www.aliadospuebla.com\/index.php?rest_route=\/wp\/v2\/posts\/116938\/revisions"}],"predecessor-version":[{"id":116940,"href":"https:\/\/www.aliadospuebla.com\/index.php?rest_route=\/wp\/v2\/posts\/116938\/revisions\/116940"}],"wp:featuredmedia":[{"embeddable":true,"href":"https:\/\/www.aliadospuebla.com\/index.php?rest_route=\/wp\/v2\/media\/116939"}],"wp:attachment":[{"href":"https:\/\/www.aliadospuebla.com\/index.php?rest_route=%2Fwp%2Fv2%2Fmedia&parent=116938"}],"wp:term":[{"taxonomy":"category","embeddable":true,"href":"https:\/\/www.aliadospuebla.com\/index.php?rest_route=%2Fwp%2Fv2%2Fcategories&post=116938"},{"taxonomy":"post_tag","embeddable":true,"href":"https:\/\/www.aliadospuebla.com\/index.php?rest_route=%2Fwp%2Fv2%2Ftags&post=116938"}],"curies":[{"name":"wp","href":"https:\/\/api.w.org\/{rel}","templated":true}]}}