{"id":116927,"date":"2026-09-02T23:33:57","date_gmt":"2026-09-03T05:33:57","guid":{"rendered":"https:\/\/www.aliadospuebla.com\/?p=116927"},"modified":"2026-09-02T23:33:57","modified_gmt":"2026-09-03T05:33:57","slug":"desde-el-congreso-del-estado-el-diputado-jose-luis-figueroa-impulsa-la-promocion-de-la-noche-magica-de-acatzingo","status":"publish","type":"post","link":"https:\/\/www.aliadospuebla.com\/?p=116927","title":{"rendered":"Desde el Congreso del Estado, el diputado Jos\u00e9 Luis Figueroa impulsa la promoci\u00f3n de la \u201cNoche M\u00e1gica de Acatzingo\u201d"},"content":{"rendered":"<h4><em>Esta tradici\u00f3n se llevar\u00e1 a cabo el 14 de septiembre donde se podr\u00e1 disfrutar del turismo religioso, la cultura, la gastronom\u00eda y el arte ef\u00edmero<\/em><\/h4>\n<p>El diputado Jos\u00e9 Luis Figueroa Cort\u00e9s, presidente de la Comisi\u00f3n de Trabajo, Competitividad<\/p>\n<p>y Previsi\u00f3n Social del Congreso del Estado, organiz\u00f3 una rueda de prensa en la sede<\/p>\n<p>del Poder Legislativo para anunciar la realizaci\u00f3n de la \u201cNoche M\u00e1gica de Acatzingo 2026\u201d,<\/p>\n<p>que tendr\u00e1 lugar el pr\u00f3ximo 14 de septiembre a partir de las 23:00 horas.<\/p>\n<p>Durante la reuni\u00f3n con medios de comunicaci\u00f3n, el legislador destac\u00f3 la importancia<\/p>\n<p>de promover las tradiciones, la cultura y los atractivos tur\u00edsticos de los municipios de Puebla,<\/p>\n<p>como es el caso de Acatzingo, donde se realiza una de las expresiones de arte ef\u00edmero<\/p>\n<p>m\u00e1s representativas de la entidad en honor a la Virgen de los Dolores.<\/p>\n<p>Figueroa Cort\u00e9s, mencion\u00f3 que durante esta celebraci\u00f3n las calles del municipio<\/p>\n<p>se llenan de color con alfombras elaboradas con aserr\u00edn, flores, frutas y dulces,<\/p>\n<p>mientras que la imagen de la Virgen de los Dolores realiza un recorrido de aproximadamente<\/p>\n<p>7.8 kil\u00f3metros por 53 calles, desde las 23:00 horas hasta las primeras horas de la ma\u00f1ana.<\/p>\n<p>Por su parte, el promotor del evento y enlace de instituciones del Estado de Puebla, Jes\u00fas Fernando Machorro Fuentes, explic\u00f3 que la celebraci\u00f3n de la \u201cNoche M\u00e1gica\u201d comenz\u00f3 en 1965 y actualmente constituye un importante atractivo tur\u00edstico y cultural, donde se pueden visitar el Santuario de la Virgen de los Dolores, la Parroquia de San Juan Evangelista y el exconvento franciscano, adem\u00e1s de disfrutar de la gastronom\u00eda y la hospitalidad de las familias de Acatzingo.<\/p>\n<p>En la rueda de prensa tambi\u00e9n participaron el director de Promoci\u00f3n y Relaciones P\u00fablicas de la Secretar\u00eda de Desarrollo Tur\u00edstico, Juan Carlos Rinc\u00f3n Luis, as\u00ed como la directora del Museo Regional de Cholula, Rosario Vega Briones.<\/p>\n<p>Con estas acciones, el Congreso del Estado contribuye a la promoci\u00f3n de las tradiciones y expresiones culturales de los municipios poblanos, as\u00ed como al fortalecimiento del turismo y la econom\u00eda local.<\/p>\n","protected":false},"excerpt":{"rendered":"<p>Esta tradici\u00f3n se llevar\u00e1 a cabo el 14 de septiembre donde se podr\u00e1 disfrutar del turismo religioso, la cultura, la gastronom\u00eda y el arte ef\u00edmero El diputado Jos\u00e9 Luis Figueroa Cort\u00e9s, presidente de la Comisi\u00f3n de Trabajo, Competitividad y Previsi\u00f3n Social del Congreso del Estado, organiz\u00f3 una rueda de prensa en la sede del Poder Legislativo para anunciar la realizaci\u00f3n de la \u201cNoche M\u00e1gica de Acatzingo 2026\u201d, que tendr\u00e1 lugar el pr\u00f3ximo 14 de septiembre a partir de las 23:00 horas. Durante la reuni\u00f3n con medios de comunicaci\u00f3n, el legislador destac\u00f3 la importancia de promover las tradiciones, la cultura y los atractivos tur\u00edsticos de los municipios de Puebla, como es el caso de Acatzingo, donde se realiza una de las expresiones de arte ef\u00edmero m\u00e1s&hellip;<\/p>\n<p class=\"excerpt-more\"><a class=\"blog-excerpt button\" href=\"https:\/\/www.aliadospuebla.com\/?p=116927\">Leer m\u00e1s&#8230;<\/a><\/p>\n","protected":false},"author":2,"featured_media":116928,"comment_status":"open","ping_status":"open","sticky":false,"template":"","format":"standard","meta":{"_monsterinsights_skip_tracking":false,"footnotes":""},"categories":[6],"tags":[88,25103,34944,7535,34945],"class_list":["post-116927","post","type-post","status-publish","format-standard","has-post-thumbnail","hentry","category-politica","tag-congreso-del-estado","tag-jose-luis-figueroa-cortes","tag-noche-magica-de-acatzingo-2026","tag-turismo-religioso","tag-virgen-de-los-dolores"],"yoast_head":"<!-- This site is optimized with the Yoast SEO plugin v28.4 - https:\/\/yoast.com\/product\/yoast-seo-wordpress\/ -->\n<title>Desde el Congreso del Estado, el diputado Jos\u00e9 Luis Figueroa impulsa la promoci\u00f3n de la \u201cNoche M\u00e1gica de Acatzingo\u201d - AliadosPuebla<\/title>\n<meta name=\"robots\" content=\"index, follow, max-snippet:-1, max-image-preview:large, max-video-preview:-1\" \/>\n<link rel=\"canonical\" href=\"https:\/\/www.aliadospuebla.com\/?p=116927\" \/>\n<meta property=\"og:locale\" content=\"es_ES\" \/>\n<meta property=\"og:type\" content=\"article\" \/>\n<meta property=\"og:title\" content=\"Desde el Congreso del Estado, el diputado Jos\u00e9 Luis Figueroa impulsa la promoci\u00f3n de la \u201cNoche M\u00e1gica de Acatzingo\u201d - AliadosPuebla\" \/>\n<meta property=\"og:description\" content=\"Esta tradici\u00f3n se llevar\u00e1 a cabo el 14 de septiembre donde se podr\u00e1 disfrutar del turismo religioso, la cultura, la gastronom\u00eda y el arte ef\u00edmero El diputado Jos\u00e9 Luis Figueroa Cort\u00e9s, presidente de la Comisi\u00f3n de Trabajo, Competitividad y Previsi\u00f3n Social del Congreso del Estado, organiz\u00f3 una rueda de prensa en la sede del Poder Legislativo para anunciar la realizaci\u00f3n de la \u201cNoche M\u00e1gica de Acatzingo 2026\u201d, que tendr\u00e1 lugar el pr\u00f3ximo 14 de septiembre a partir de las 23:00 horas. Durante la reuni\u00f3n con medios de comunicaci\u00f3n, el legislador destac\u00f3 la importancia de promover las tradiciones, la cultura y los atractivos tur\u00edsticos de los municipios de Puebla, como es el caso de Acatzingo, donde se realiza una de las expresiones de arte ef\u00edmero m\u00e1s&hellip;Leer m\u00e1s...\" \/>\n<meta property=\"og:url\" content=\"https:\/\/www.aliadospuebla.com\/?p=116927\" \/>\n<meta property=\"og:site_name\" content=\"AliadosPuebla\" \/>\n<meta property=\"article:author\" content=\"https:\/\/www.facebook.com\/Aliados17Pue\" \/>\n<meta property=\"article:published_time\" content=\"2026-09-03T05:33:57+00:00\" \/>\n<meta property=\"og:image\" content=\"https:\/\/www.aliadospuebla.com\/web2017\/wp-content\/uploads\/2026\/09\/012.jpg\" \/>\n\t<meta property=\"og:image:width\" content=\"600\" \/>\n\t<meta property=\"og:image:height\" content=\"450\" \/>\n\t<meta property=\"og:image:type\" content=\"image\/jpeg\" \/>\n<meta name=\"author\" content=\"Aliados17\" \/>\n<meta name=\"twitter:card\" content=\"summary_large_image\" \/>\n<meta name=\"twitter:creator\" content=\"@AliadosPuebla\" \/>\n<meta name=\"twitter:label1\" content=\"Escrito por\" \/>\n\t<meta name=\"twitter:data1\" content=\"Aliados17\" \/>\n\t<meta name=\"twitter:label2\" content=\"Tiempo de lectura\" \/>\n\t<meta name=\"twitter:data2\" content=\"2 minutos\" \/>\n<script type=\"application\/ld+json\" class=\"yoast-schema-graph\">{\"@context\":\"https:\\\/\\\/schema.org\",\"@graph\":[{\"@type\":\"Article\",\"@id\":\"https:\\\/\\\/www.aliadospuebla.com\\\/?p=116927#article\",\"isPartOf\":{\"@id\":\"https:\\\/\\\/www.aliadospuebla.com\\\/?p=116927\"},\"author\":{\"name\":\"Aliados17\",\"@id\":\"https:\\\/\\\/www.aliadospuebla.com\\\/#\\\/schema\\\/person\\\/5da7dd09320bd4f392b710017ed5f8ad\"},\"headline\":\"Desde el Congreso del Estado, el diputado Jos\u00e9 Luis Figueroa impulsa la promoci\u00f3n de la \u201cNoche M\u00e1gica de Acatzingo\u201d\",\"datePublished\":\"2026-09-03T05:33:57+00:00\",\"mainEntityOfPage\":{\"@id\":\"https:\\\/\\\/www.aliadospuebla.com\\\/?p=116927\"},\"wordCount\":380,\"commentCount\":0,\"image\":{\"@id\":\"https:\\\/\\\/www.aliadospuebla.com\\\/?p=116927#primaryimage\"},\"thumbnailUrl\":\"https:\\\/\\\/www.aliadospuebla.com\\\/web2017\\\/wp-content\\\/uploads\\\/2026\\\/09\\\/012.jpg\",\"keywords\":[\"Congreso del Estado\",\"Jos\u00e9 Luis Figueroa Cort\u00e9s\",\"Noche M\u00e1gica de Acatzingo 2026\",\"TURISMO RELIGIOSO\",\"Virgen de los Dolores\"],\"articleSection\":[\"Pol\u00edtica\"],\"inLanguage\":\"es\",\"potentialAction\":[{\"@type\":\"CommentAction\",\"name\":\"Comment\",\"target\":[\"https:\\\/\\\/www.aliadospuebla.com\\\/?p=116927#respond\"]}]},{\"@type\":\"WebPage\",\"@id\":\"https:\\\/\\\/www.aliadospuebla.com\\\/?p=116927\",\"url\":\"https:\\\/\\\/www.aliadospuebla.com\\\/?p=116927\",\"name\":\"Desde el Congreso del Estado, el diputado Jos\u00e9 Luis Figueroa impulsa la promoci\u00f3n de la \u201cNoche M\u00e1gica de Acatzingo\u201d - AliadosPuebla\",\"isPartOf\":{\"@id\":\"https:\\\/\\\/www.aliadospuebla.com\\\/#website\"},\"primaryImageOfPage\":{\"@id\":\"https:\\\/\\\/www.aliadospuebla.com\\\/?p=116927#primaryimage\"},\"image\":{\"@id\":\"https:\\\/\\\/www.aliadospuebla.com\\\/?p=116927#primaryimage\"},\"thumbnailUrl\":\"https:\\\/\\\/www.aliadospuebla.com\\\/web2017\\\/wp-content\\\/uploads\\\/2026\\\/09\\\/012.jpg\",\"datePublished\":\"2026-09-03T05:33:57+00:00\",\"author\":{\"@id\":\"https:\\\/\\\/www.aliadospuebla.com\\\/#\\\/schema\\\/person\\\/5da7dd09320bd4f392b710017ed5f8ad\"},\"breadcrumb\":{\"@id\":\"https:\\\/\\\/www.aliadospuebla.com\\\/?p=116927#breadcrumb\"},\"inLanguage\":\"es\",\"potentialAction\":[{\"@type\":\"ReadAction\",\"target\":[\"https:\\\/\\\/www.aliadospuebla.com\\\/?p=116927\"]}]},{\"@type\":\"ImageObject\",\"inLanguage\":\"es\",\"@id\":\"https:\\\/\\\/www.aliadospuebla.com\\\/?p=116927#primaryimage\",\"url\":\"https:\\\/\\\/www.aliadospuebla.com\\\/web2017\\\/wp-content\\\/uploads\\\/2026\\\/09\\\/012.jpg\",\"contentUrl\":\"https:\\\/\\\/www.aliadospuebla.com\\\/web2017\\\/wp-content\\\/uploads\\\/2026\\\/09\\\/012.jpg\",\"width\":600,\"height\":450},{\"@type\":\"BreadcrumbList\",\"@id\":\"https:\\\/\\\/www.aliadospuebla.com\\\/?p=116927#breadcrumb\",\"itemListElement\":[{\"@type\":\"ListItem\",\"position\":1,\"name\":\"Portada\",\"item\":\"https:\\\/\\\/www.aliadospuebla.com\\\/\"},{\"@type\":\"ListItem\",\"position\":2,\"name\":\"Desde el Congreso del Estado, el diputado Jos\u00e9 Luis Figueroa impulsa la promoci\u00f3n de la \u201cNoche M\u00e1gica de Acatzingo\u201d\"}]},{\"@type\":\"WebSite\",\"@id\":\"https:\\\/\\\/www.aliadospuebla.com\\\/#website\",\"url\":\"https:\\\/\\\/www.aliadospuebla.com\\\/\",\"name\":\"AliadosPuebla\",\"description\":\"La informaci\u00f3n en tus manos\",\"potentialAction\":[{\"@type\":\"SearchAction\",\"target\":{\"@type\":\"EntryPoint\",\"urlTemplate\":\"https:\\\/\\\/www.aliadospuebla.com\\\/?s={search_term_string}\"},\"query-input\":{\"@type\":\"PropertyValueSpecification\",\"valueRequired\":true,\"valueName\":\"search_term_string\"}}],\"inLanguage\":\"es\"},{\"@type\":\"Person\",\"@id\":\"https:\\\/\\\/www.aliadospuebla.com\\\/#\\\/schema\\\/person\\\/5da7dd09320bd4f392b710017ed5f8ad\",\"name\":\"Aliados17\",\"image\":{\"@type\":\"ImageObject\",\"inLanguage\":\"es\",\"@id\":\"https:\\\/\\\/www.aliadospuebla.com\\\/web2017\\\/wp-content\\\/uploads\\\/2025\\\/03\\\/cropped-para-perfil-8-anos-1-96x96.jpg\",\"url\":\"https:\\\/\\\/www.aliadospuebla.com\\\/web2017\\\/wp-content\\\/uploads\\\/2025\\\/03\\\/cropped-para-perfil-8-anos-1-96x96.jpg\",\"contentUrl\":\"https:\\\/\\\/www.aliadospuebla.com\\\/web2017\\\/wp-content\\\/uploads\\\/2025\\\/03\\\/cropped-para-perfil-8-anos-1-96x96.jpg\",\"caption\":\"Aliados17\"},\"sameAs\":[\"https:\\\/\\\/www.aliados17.com\",\"https:\\\/\\\/www.facebook.com\\\/Aliados17Pue\",\"https:\\\/\\\/x.com\\\/AliadosPuebla\"],\"url\":\"https:\\\/\\\/www.aliadospuebla.com\\\/?author=2\"}]}<\/script>\n<!-- \/ Yoast SEO plugin. -->","yoast_head_json":{"title":"Desde el Congreso del Estado, el diputado Jos\u00e9 Luis Figueroa impulsa la promoci\u00f3n de la \u201cNoche M\u00e1gica de Acatzingo\u201d - AliadosPuebla","robots":{"index":"index","follow":"follow","max-snippet":"max-snippet:-1","max-image-preview":"max-image-preview:large","max-video-preview":"max-video-preview:-1"},"canonical":"https:\/\/www.aliadospuebla.com\/?p=116927","og_locale":"es_ES","og_type":"article","og_title":"Desde el Congreso del Estado, el diputado Jos\u00e9 Luis Figueroa impulsa la promoci\u00f3n de la \u201cNoche M\u00e1gica de Acatzingo\u201d - AliadosPuebla","og_description":"Esta tradici\u00f3n se llevar\u00e1 a cabo el 14 de septiembre donde se podr\u00e1 disfrutar del turismo religioso, la cultura, la gastronom\u00eda y el arte ef\u00edmero El diputado Jos\u00e9 Luis Figueroa Cort\u00e9s, presidente de la Comisi\u00f3n de Trabajo, Competitividad y Previsi\u00f3n Social del Congreso del Estado, organiz\u00f3 una rueda de prensa en la sede del Poder Legislativo para anunciar la realizaci\u00f3n de la \u201cNoche M\u00e1gica de Acatzingo 2026\u201d, que tendr\u00e1 lugar el pr\u00f3ximo 14 de septiembre a partir de las 23:00 horas. Durante la reuni\u00f3n con medios de comunicaci\u00f3n, el legislador destac\u00f3 la importancia de promover las tradiciones, la cultura y los atractivos tur\u00edsticos de los municipios de Puebla, como es el caso de Acatzingo, donde se realiza una de las expresiones de arte ef\u00edmero m\u00e1s&hellip;Leer m\u00e1s...","og_url":"https:\/\/www.aliadospuebla.com\/?p=116927","og_site_name":"AliadosPuebla","article_author":"https:\/\/www.facebook.com\/Aliados17Pue","article_published_time":"2026-09-03T05:33:57+00:00","og_image":[{"width":600,"height":450,"url":"https:\/\/www.aliadospuebla.com\/web2017\/wp-content\/uploads\/2026\/09\/012.jpg","type":"image\/jpeg"}],"author":"Aliados17","twitter_card":"summary_large_image","twitter_creator":"@AliadosPuebla","twitter_misc":{"Escrito por":"Aliados17","Tiempo de lectura":"2 minutos"},"schema":{"@context":"https:\/\/schema.org","@graph":[{"@type":"Article","@id":"https:\/\/www.aliadospuebla.com\/?p=116927#article","isPartOf":{"@id":"https:\/\/www.aliadospuebla.com\/?p=116927"},"author":{"name":"Aliados17","@id":"https:\/\/www.aliadospuebla.com\/#\/schema\/person\/5da7dd09320bd4f392b710017ed5f8ad"},"headline":"Desde el Congreso del Estado, el diputado Jos\u00e9 Luis Figueroa impulsa la promoci\u00f3n de la \u201cNoche M\u00e1gica de Acatzingo\u201d","datePublished":"2026-09-03T05:33:57+00:00","mainEntityOfPage":{"@id":"https:\/\/www.aliadospuebla.com\/?p=116927"},"wordCount":380,"commentCount":0,"image":{"@id":"https:\/\/www.aliadospuebla.com\/?p=116927#primaryimage"},"thumbnailUrl":"https:\/\/www.aliadospuebla.com\/web2017\/wp-content\/uploads\/2026\/09\/012.jpg","keywords":["Congreso del Estado","Jos\u00e9 Luis Figueroa Cort\u00e9s","Noche M\u00e1gica de Acatzingo 2026","TURISMO RELIGIOSO","Virgen de los Dolores"],"articleSection":["Pol\u00edtica"],"inLanguage":"es","potentialAction":[{"@type":"CommentAction","name":"Comment","target":["https:\/\/www.aliadospuebla.com\/?p=116927#respond"]}]},{"@type":"WebPage","@id":"https:\/\/www.aliadospuebla.com\/?p=116927","url":"https:\/\/www.aliadospuebla.com\/?p=116927","name":"Desde el Congreso del Estado, el diputado Jos\u00e9 Luis Figueroa impulsa la promoci\u00f3n de la \u201cNoche M\u00e1gica de Acatzingo\u201d - AliadosPuebla","isPartOf":{"@id":"https:\/\/www.aliadospuebla.com\/#website"},"primaryImageOfPage":{"@id":"https:\/\/www.aliadospuebla.com\/?p=116927#primaryimage"},"image":{"@id":"https:\/\/www.aliadospuebla.com\/?p=116927#primaryimage"},"thumbnailUrl":"https:\/\/www.aliadospuebla.com\/web2017\/wp-content\/uploads\/2026\/09\/012.jpg","datePublished":"2026-09-03T05:33:57+00:00","author":{"@id":"https:\/\/www.aliadospuebla.com\/#\/schema\/person\/5da7dd09320bd4f392b710017ed5f8ad"},"breadcrumb":{"@id":"https:\/\/www.aliadospuebla.com\/?p=116927#breadcrumb"},"inLanguage":"es","potentialAction":[{"@type":"ReadAction","target":["https:\/\/www.aliadospuebla.com\/?p=116927"]}]},{"@type":"ImageObject","inLanguage":"es","@id":"https:\/\/www.aliadospuebla.com\/?p=116927#primaryimage","url":"https:\/\/www.aliadospuebla.com\/web2017\/wp-content\/uploads\/2026\/09\/012.jpg","contentUrl":"https:\/\/www.aliadospuebla.com\/web2017\/wp-content\/uploads\/2026\/09\/012.jpg","width":600,"height":450},{"@type":"BreadcrumbList","@id":"https:\/\/www.aliadospuebla.com\/?p=116927#breadcrumb","itemListElement":[{"@type":"ListItem","position":1,"name":"Portada","item":"https:\/\/www.aliadospuebla.com\/"},{"@type":"ListItem","position":2,"name":"Desde el Congreso del Estado, el diputado Jos\u00e9 Luis Figueroa impulsa la promoci\u00f3n de la \u201cNoche M\u00e1gica de Acatzingo\u201d"}]},{"@type":"WebSite","@id":"https:\/\/www.aliadospuebla.com\/#website","url":"https:\/\/www.aliadospuebla.com\/","name":"AliadosPuebla","description":"La informaci\u00f3n en tus manos","potentialAction":[{"@type":"SearchAction","target":{"@type":"EntryPoint","urlTemplate":"https:\/\/www.aliadospuebla.com\/?s={search_term_string}"},"query-input":{"@type":"PropertyValueSpecification","valueRequired":true,"valueName":"search_term_string"}}],"inLanguage":"es"},{"@type":"Person","@id":"https:\/\/www.aliadospuebla.com\/#\/schema\/person\/5da7dd09320bd4f392b710017ed5f8ad","name":"Aliados17","image":{"@type":"ImageObject","inLanguage":"es","@id":"https:\/\/www.aliadospuebla.com\/web2017\/wp-content\/uploads\/2025\/03\/cropped-para-perfil-8-anos-1-96x96.jpg","url":"https:\/\/www.aliadospuebla.com\/web2017\/wp-content\/uploads\/2025\/03\/cropped-para-perfil-8-anos-1-96x96.jpg","contentUrl":"https:\/\/www.aliadospuebla.com\/web2017\/wp-content\/uploads\/2025\/03\/cropped-para-perfil-8-anos-1-96x96.jpg","caption":"Aliados17"},"sameAs":["https:\/\/www.aliados17.com","https:\/\/www.facebook.com\/Aliados17Pue","https:\/\/x.com\/AliadosPuebla"],"url":"https:\/\/www.aliadospuebla.com\/?author=2"}]}},"views":10,"_links":{"self":[{"href":"https:\/\/www.aliadospuebla.com\/index.php?rest_route=\/wp\/v2\/posts\/116927","targetHints":{"allow":["GET"]}}],"collection":[{"href":"https:\/\/www.aliadospuebla.com\/index.php?rest_route=\/wp\/v2\/posts"}],"about":[{"href":"https:\/\/www.aliadospuebla.com\/index.php?rest_route=\/wp\/v2\/types\/post"}],"author":[{"embeddable":true,"href":"https:\/\/www.aliadospuebla.com\/index.php?rest_route=\/wp\/v2\/users\/2"}],"replies":[{"embeddable":true,"href":"https:\/\/www.aliadospuebla.com\/index.php?rest_route=%2Fwp%2Fv2%2Fcomments&post=116927"}],"version-history":[{"count":1,"href":"https:\/\/www.aliadospuebla.com\/index.php?rest_route=\/wp\/v2\/posts\/116927\/revisions"}],"predecessor-version":[{"id":116929,"href":"https:\/\/www.aliadospuebla.com\/index.php?rest_route=\/wp\/v2\/posts\/116927\/revisions\/116929"}],"wp:featuredmedia":[{"embeddable":true,"href":"https:\/\/www.aliadospuebla.com\/index.php?rest_route=\/wp\/v2\/media\/116928"}],"wp:attachment":[{"href":"https:\/\/www.aliadospuebla.com\/index.php?rest_route=%2Fwp%2Fv2%2Fmedia&parent=116927"}],"wp:term":[{"taxonomy":"category","embeddable":true,"href":"https:\/\/www.aliadospuebla.com\/index.php?rest_route=%2Fwp%2Fv2%2Fcategories&post=116927"},{"taxonomy":"post_tag","embeddable":true,"href":"https:\/\/www.aliadospuebla.com\/index.php?rest_route=%2Fwp%2Fv2%2Ftags&post=116927"}],"curies":[{"name":"wp","href":"https:\/\/api.w.org\/{rel}","templated":true}]}}