{"id":116920,"date":"2026-09-02T22:20:25","date_gmt":"2026-09-03T04:20:25","guid":{"rendered":"https:\/\/www.aliadospuebla.com\/?p=116920"},"modified":"2026-09-02T22:20:25","modified_gmt":"2026-09-03T04:20:25","slug":"en-dinamarca-el-gobierno-paga-mas-por-salud-en-mexico-el-que-paga-doble-es-el-pueblo","status":"publish","type":"post","link":"https:\/\/www.aliadospuebla.com\/?p=116920","title":{"rendered":"En Dinamarca el Gobierno paga m\u00e1s por salud, en M\u00e9xico el que paga doble es el Pueblo"},"content":{"rendered":"<h4>Durante varios a\u00f1os el gobierno nos dijo que M\u00e9xico tendr\u00eda un sistema de salud como el de Dinamarca. Despu\u00e9s, alguien (AMLO) dijo que ya era mejor que el de ese pa\u00eds, tanto, que los daneses nos envidiaban.<\/h4>\n<p>A estas alturas ya sabemos que aquello no ocurri\u00f3. Y no hace falta ser especialista en salud p\u00fablica para darse cuenta. Basta con acompa\u00f1ar a un familiar a un hospital p\u00fablico, intentar conseguir una cita con un especialista o simplemente buscar un medicamento que deber\u00eda estar disponible y casualmente, nunca llega.<\/p>\n<p>Los siguientes datos ayudan a ver la magnitud del problema que tenemos hoy d\u00eda.<\/p>\n<p>La OCDE, en su Panorama de la Salud 2025, reporta que M\u00e9xico tiene una cama hospitalaria<\/p>\n<p>por cada mil habitantes, mientras el promedio de los pa\u00edses de la organizaci\u00f3n es de 4.2.<\/p>\n<p>Tambi\u00e9n estamos por debajo en personal m\u00e9dico: 2.7 m\u00e9dicos y tres enfermeras por cada mil habitantes,<\/p>\n<p>contra 3.9 m\u00e9dicos y 9.2 enfermeras en promedio en la OCDE.<\/p>\n<p>Dinamarca est\u00e1 en otra realidad. Ah\u00ed toda la poblaci\u00f3n, ley\u00f3 bien, toda, cuenta con cobertura<\/p>\n<p>de un conjunto b\u00e1sico de servicios de salud. M\u00e9xico alcanza 78 por ciento.<\/p>\n<p>En satisfacci\u00f3n con la disponibilidad de atenci\u00f3n m\u00e9dica de calidad, Dinamarca<\/p>\n<p>llega a 86 por ciento y M\u00e9xico apenas a 56 por ciento.<\/p>\n<p>Y hay una diferencia que explica muchas otras: el dinero. Dinamarca gasta alrededor<\/p>\n<p>de 7 mil 071 d\u00f3lares por habitante en salud; M\u00e9xico, 1,588. Mientras Dinamarca destina<\/p>\n<p>9.4 por ciento de su PIB al sector, M\u00e9xico destina 5.9 por ciento.<\/p>\n<p>Con esos n\u00fameros, decir que nuestro sistema es mejor que el dan\u00e9s no es una comparaci\u00f3n seria,<\/p>\n<p>es mera propaganda y politiquer\u00eda de este gobierno.<\/p>\n<h4>El problema es que la propaganda, las ma\u00f1aneras, el discurso y las falsas promesas, no atiende a los enfermos.<\/h4>\n<p>En M\u00e9xico hay hospitales donde las camas no alcanzan y los pacientes terminan en los pasillos,<\/p>\n<p>esperando sentados o acostados en camillas mientras se desocupa un espacio.<\/p>\n<p>Hay personas que pasan meses esperando una consulta con un especialista y otras<\/p>\n<p>que esperan todav\u00eda m\u00e1s para una cirug\u00eda.<\/p>\n<p>Y cuando finalmente llega la consulta, puede aparecer el siguiente problema: no hay medicamento,<\/p>\n<p>no funciona el equipo que necesitan para un estudio, el hospital no tiene la capacidad para realizarlo<\/p>\n<p>o se atraves\u00f3 una lluvia que inund\u00f3 el hospital, se cay\u00f3 el techo o el incluso ha pasado que<\/p>\n<p>hasta los elevadores se han ca\u00eddo.<\/p>\n<p>As\u00ed es como un problema termina convirti\u00e9ndose en otro.<\/p>\n<p>M\u00e9xico no solamente tiene un problema de infraestructura. Tiene un problema de funcionamiento,<\/p>\n<p>de operaci\u00f3n, de monitoreo y de mantenimiento.<\/p>\n<p>Construir hospitales es necesario, pero construirlos no es suficiente. Un hospital necesita m\u00e9dicos,<\/p>\n<p>enfermeras, especialistas, camas, medicamentos, equipo, mantenimiento y personal suficiente<\/p>\n<p>para que pueda operar todos los d\u00edas.<\/p>\n<h4>De qu\u00e9 sirve inaugurar un edificio si despu\u00e9s el paciente tiene que esperar meses para ser atendido o terminar pagando por fuera.<\/h4>\n<p>Y eso es precisamente lo que est\u00e1 ocurriendo.<\/p>\n<p>El Centro de Investigaci\u00f3n Econ\u00f3mica y Presupuestaria, con informaci\u00f3n de la ENIGH 2024,<\/p>\n<p>encontr\u00f3 que seis de cada diez personas que buscaron atenci\u00f3n m\u00e9dica terminaron recurriendo<\/p>\n<p>al sector privado o a farmacias.<\/p>\n<p>El mismo estudio se\u00f1ala que el gasto de bolsillo en salud<\/p>\n<p>lleg\u00f3 en 2024 a un promedio de 6 mil 421 pesos por hogar, 7.9 por ciento<\/p>\n<p>m\u00e1s en t\u00e9rminos reales que en 2022.<\/p>\n<p>Para una familia de ingresos altos quiz\u00e1 sea un gasto manejable pero para una familia que vive al d\u00eda,<\/p>\n<p>6 mil pesos pueden significar muchas cosas: una renta, la despensa de varias semanas,<\/p>\n<p>gasto para los hijos o dinero que simplemente no estaba contemplado.<\/p>\n<p>Ese es el problema o la situaci\u00f3n que a veces se pierde cuando se habla del presupuesto<\/p>\n<p>de salud en t\u00e9rminos de miles de millones de pesos.<\/p>\n<p>El fracaso del sistema no lo paga solamente el gobierno, lo paga directamente el ciudadano de su bolsillo.<\/p>\n<p>Lo paga cuando tiene que comprar el medicamento que el hospital no tiene.<\/p>\n<p>Cuando paga una consulta porque no consigui\u00f3 una cita.<\/p>\n<p>Cuando necesita una tomograf\u00eda y termina haci\u00e9ndola en un laboratorio particular. Cuando tiene que viajar a otra ciudad porque en la suya no hay especialista.<\/p>\n<h4>Tambi\u00e9n lo paga cuando tiene que dejar de trabajar para cuidar a un familiar enfermo.<\/h4>\n<p>En enfermedades cr\u00f3nicas el problema es todav\u00eda m\u00e1s delicado. Una persona con diabetes,<\/p>\n<p>hipertensi\u00f3n o cualquier padecimiento que requiera tratamiento permanente no puede simplemente<\/p>\n<p>esperar a que el medicamento vuelva a estar disponible.<\/p>\n<p>El tratamiento necesita continuidad. Si el paciente no tiene dinero para comprarlo,<\/p>\n<p>la falta de abasto deja de ser un problema administrativo y se convierte en un riesgo para su salud.<\/p>\n<p>Ha habido casos que algunas personas han mencionado que se toman media pastilla<\/p>\n<p>o un d\u00eda s\u00ed y un d\u00eda no para estirar su tratamiento, otras, definitivamente lo cancelan<\/p>\n<p>y arriesgan su salud.<\/p>\n<p>Los medicamentos representan, de acuerdo con el CIEP, 38.3 por ciento del gasto de bolsillo<\/p>\n<p>en salud de los hogares. En los hogares de menores ingresos la proporci\u00f3n se acerca a la mitad.<\/p>\n<p>Eso deber\u00eda preocuparnos mucho m\u00e1s de lo que preocupa.<\/p>\n<h4>Tambi\u00e9n deber\u00eda preocuparnos la vacunaci\u00f3n infantil. UNICEF ha documentado que M\u00e9xico recuper\u00f3 parte de la cobertura de vacunaci\u00f3n, pero todav\u00eda est\u00e1 lejos de los niveles que ten\u00eda hace una d\u00e9cada.<\/h4>\n<p>En 2015 la cobertura reportada era de 96.7 por ciento; en 2023 fue de 86.6 por ciento.<\/p>\n<p>Una d\u00e9cada de retroceso en vacunaci\u00f3n no es un dato menor.<\/p>\n<p>Las vacunas no son un gasto que pueda aplazarse indefinidamente y tampoco deber\u00edan convertirse<\/p>\n<p>en una reacci\u00f3n cuando aparece un brote.<\/p>\n<p>Prevenir siempre ser\u00e1 m\u00e1s barato que atender las consecuencias, ya nos pas\u00f3 que surgi\u00f3<\/p>\n<p>un brote de sarampi\u00f3n y el gobierno ya no sab\u00eda c\u00f3mo pararlo.<\/p>\n<p>Todo esto lleva a una discusi\u00f3n que el gobierno deber\u00eda asumir con seriedad:<\/p>\n<p>s\u00ed, M\u00e9xico necesita m\u00e1s recursos para salud, pero tambi\u00e9n necesita saber<\/p>\n<p>qu\u00e9 est\u00e1 haciendo con los recursos que ya tiene.<\/p>\n<p>La Auditor\u00eda Superior de la Federaci\u00f3n ha encontrado irregularidades y problemas<\/p>\n<p>de comprobaci\u00f3n en distintos proyectos de infraestructura hospitalaria.<\/p>\n<p>Eso no significa que todo peso observado por la ASF sea dinero robado,<\/p>\n<p>pero s\u00ed que hay razones suficientes para exigir transparencia y rendici\u00f3n de cuentas.<\/p>\n<p>No basta con decir cu\u00e1nto cost\u00f3 un hospital. Hay que saber cu\u00e1nto cost\u00f3 construirlo,<\/p>\n<p>cu\u00e1nto se pag\u00f3 por el equipamiento, qu\u00e9 empresas recibieron los contratos,<\/p>\n<p>cu\u00e1nto cambi\u00f3 el presupuesto original y por qu\u00e9, porque cada peso que se paga de m\u00e1s<\/p>\n<p>en una obra es un peso que deja de estar disponible para otra necesidad.<\/p>\n<p>Hoy, quiz\u00e1 la parte que menos se discute es que M\u00e9xico probablemente<\/p>\n<p>s\u00ed necesita aumentar el gasto en salud porque la comparaci\u00f3n con Dinamarca<\/p>\n<p>y con el promedio de la OCDE deja claro que estamos muy lejos del gasto que ellos hacen.<\/p>\n<h4>Pero aumentar el presupuesto no es el problema de fondo.<\/h4>\n<p>Si ma\u00f1ana se duplicara el presupuesto seguramente seguir\u00edamos teniendo hospitales sin m\u00e9dicos,<\/p>\n<p>medicamentos que no llegan, equipos sin mantenimiento y compras deficientes, el problema continuar\u00eda.<\/p>\n<p>Lo que realmente necesitamos es un sistema que funcione.<\/p>\n<p>Que tenga suficientes m\u00e9dicos y especialistas y que est\u00e9n donde se necesitan. Que las camas correspondan a la poblaci\u00f3n que debe atender cada hospital.<\/p>\n<p>Que los equipos tengan mantenimiento. Que los medicamentos se compren y,<\/p>\n<p>sobre todo, que lleguen a las cl\u00ednicas. Que las vacunas est\u00e9n disponibles antes de que aparezcan los brotes.<\/p>\n<p>Que las obras p\u00fablicas tengan controles que permitan saber d\u00f3nde est\u00e1 cada peso.<\/p>\n<p>Y que todo eso tenga indicadores de medici\u00f3n que nos expliquen y nos gu\u00eden para un mejor funcionamiento de ese sistema.<\/p>\n<p>Porque durante demasiado tiempo hemos medido la pol\u00edtica de salud por anuncios:<\/p>\n<p>cu\u00e1ntos hospitales se construyeron, cu\u00e1nto dinero se destin\u00f3, cu\u00e1ntas consultas se prometieron.<\/p>\n<p>La medida deber\u00eda ser otra.<\/p>\n<p>\u00bfCu\u00e1nto tarda un mexicano en conseguir una consulta? \u00bfCu\u00e1nto tarda una cirug\u00eda? \u00bfCu\u00e1ntas veces tiene que regresar a una cl\u00ednica porque no hay medicamento? \u00bfCu\u00e1nto termina pagando de su bolsillo?<\/p>\n<h4>No hace falta decir que M\u00e9xico tiene que convertirse en Dinamarca. M\u00e9xico tiene sus propios problemas y sus propias necesidades.<\/h4>\n<p>Lo que s\u00ed necesitamos es dejar de presumir un sistema que en la pr\u00e1ctica obliga a millones de mexicanos a resolver por su cuenta aquello que el Estado deber\u00eda garantizar y que deber\u00eda hacerse cargo.<\/p>\n<p>Al final la salud se ha convertido en una especie de doble cobro. El mexicano paga impuestos para tener servicios p\u00fablicos y, cuando esos servicios no funcionan, vuelve a pagar con su dinero en alg\u00fan hospital privado, cl\u00ednica o farmacia.<\/p>\n<p>Y para quien tiene recursos puede ser una molestia, pero para quien no los tiene puede ser la diferencia entre atenderse o no atenderse. Esa es la verdadera discusi\u00f3n sobre la salud en M\u00e9xico. No en si un gobierno de uno u otro partido construy\u00f3 m\u00e1s hospitales, ni en qui\u00e9n pronunci\u00f3 la frase m\u00e1s espectacular sobre Dinamarca.<\/p>\n<p>Est\u00e1 en algo mucho m\u00e1s sencillo: qu\u00e9 pasa con una familia mexicana el d\u00eda que uno de sus integrantes se enferma, \u00bfel diagrama de flujo que debe funcionar en el sistema de salud de M\u00e9xico est\u00e1 funcionando o se rompe?<\/p>\n<p>Si tiene que esperar meses, comprar los medicamentos, pagar los estudios y buscar atenci\u00f3n privada porque el sistema p\u00fablico no pudo responder, entonces algo est\u00e1 fallando.<\/p>\n<p>Y ese fracaso tiene un precio.<\/p>\n<p>Lo estamos pagando todos los d\u00edas todos los mexicanos<\/p>\n","protected":false},"excerpt":{"rendered":"<p>Durante varios a\u00f1os el gobierno nos dijo que M\u00e9xico tendr\u00eda un sistema de salud como el de Dinamarca. Despu\u00e9s, alguien (AMLO) dijo que ya era mejor que el de ese pa\u00eds, tanto, que los daneses nos envidiaban. A estas alturas ya sabemos que aquello no ocurri\u00f3. Y no hace falta ser especialista en salud p\u00fablica para darse cuenta. Basta con acompa\u00f1ar a un familiar a un hospital p\u00fablico, intentar conseguir una cita con un especialista o simplemente buscar un medicamento que deber\u00eda estar disponible y casualmente, nunca llega. Los siguientes datos ayudan a ver la magnitud del problema que tenemos hoy d\u00eda. La OCDE, en su Panorama de la Salud 2025, reporta que M\u00e9xico tiene una cama hospitalaria por cada mil habitantes, mientras el promedio&hellip;<\/p>\n<p class=\"excerpt-more\"><a class=\"blog-excerpt button\" href=\"https:\/\/www.aliadospuebla.com\/?p=116920\">Leer m\u00e1s&#8230;<\/a><\/p>\n","protected":false},"author":2,"featured_media":116921,"comment_status":"open","ping_status":"open","sticky":false,"template":"","format":"standard","meta":{"_monsterinsights_skip_tracking":false,"footnotes":""},"categories":[9],"tags":[34941,34942,3246,13093],"class_list":["post-116920","post","type-post","status-publish","format-standard","has-post-thumbnail","hentry","category-columnas","tag-dinamarca","tag-hospital-publico","tag-servicios-de-salud","tag-sistema-de-salud"],"yoast_head":"<!-- This site is optimized with the Yoast SEO plugin v28.4 - https:\/\/yoast.com\/product\/yoast-seo-wordpress\/ -->\n<title>En Dinamarca el Gobierno paga m\u00e1s por salud, en M\u00e9xico el que paga doble es el Pueblo - AliadosPuebla<\/title>\n<meta name=\"robots\" content=\"index, follow, max-snippet:-1, max-image-preview:large, max-video-preview:-1\" \/>\n<link rel=\"canonical\" href=\"https:\/\/www.aliadospuebla.com\/?p=116920\" \/>\n<meta property=\"og:locale\" content=\"es_ES\" \/>\n<meta property=\"og:type\" content=\"article\" \/>\n<meta property=\"og:title\" content=\"En Dinamarca el Gobierno paga m\u00e1s por salud, en M\u00e9xico el que paga doble es el Pueblo - AliadosPuebla\" \/>\n<meta property=\"og:description\" content=\"Durante varios a\u00f1os el gobierno nos dijo que M\u00e9xico tendr\u00eda un sistema de salud como el de Dinamarca. Despu\u00e9s, alguien (AMLO) dijo que ya era mejor que el de ese pa\u00eds, tanto, que los daneses nos envidiaban. A estas alturas ya sabemos que aquello no ocurri\u00f3. Y no hace falta ser especialista en salud p\u00fablica para darse cuenta. Basta con acompa\u00f1ar a un familiar a un hospital p\u00fablico, intentar conseguir una cita con un especialista o simplemente buscar un medicamento que deber\u00eda estar disponible y casualmente, nunca llega. Los siguientes datos ayudan a ver la magnitud del problema que tenemos hoy d\u00eda. La OCDE, en su Panorama de la Salud 2025, reporta que M\u00e9xico tiene una cama hospitalaria por cada mil habitantes, mientras el promedio&hellip;Leer m\u00e1s...\" \/>\n<meta property=\"og:url\" content=\"https:\/\/www.aliadospuebla.com\/?p=116920\" \/>\n<meta property=\"og:site_name\" content=\"AliadosPuebla\" \/>\n<meta property=\"article:author\" content=\"https:\/\/www.facebook.com\/Aliados17Pue\" \/>\n<meta property=\"article:published_time\" content=\"2026-09-03T04:20:25+00:00\" \/>\n<meta property=\"og:image\" content=\"https:\/\/www.aliadospuebla.com\/web2017\/wp-content\/uploads\/2026\/09\/010.jpg\" \/>\n\t<meta property=\"og:image:width\" content=\"600\" \/>\n\t<meta property=\"og:image:height\" content=\"450\" \/>\n\t<meta property=\"og:image:type\" content=\"image\/jpeg\" \/>\n<meta name=\"author\" content=\"Aliados17\" \/>\n<meta name=\"twitter:card\" content=\"summary_large_image\" \/>\n<meta name=\"twitter:creator\" content=\"@AliadosPuebla\" \/>\n<meta name=\"twitter:label1\" content=\"Escrito por\" \/>\n\t<meta name=\"twitter:data1\" content=\"Aliados17\" \/>\n\t<meta name=\"twitter:label2\" content=\"Tiempo de lectura\" \/>\n\t<meta name=\"twitter:data2\" content=\"8 minutos\" \/>\n<script type=\"application\/ld+json\" class=\"yoast-schema-graph\">{\"@context\":\"https:\\\/\\\/schema.org\",\"@graph\":[{\"@type\":\"Article\",\"@id\":\"https:\\\/\\\/www.aliadospuebla.com\\\/?p=116920#article\",\"isPartOf\":{\"@id\":\"https:\\\/\\\/www.aliadospuebla.com\\\/?p=116920\"},\"author\":{\"name\":\"Aliados17\",\"@id\":\"https:\\\/\\\/www.aliadospuebla.com\\\/#\\\/schema\\\/person\\\/5da7dd09320bd4f392b710017ed5f8ad\"},\"headline\":\"En Dinamarca el Gobierno paga m\u00e1s por salud, en M\u00e9xico el que paga doble es el Pueblo\",\"datePublished\":\"2026-09-03T04:20:25+00:00\",\"mainEntityOfPage\":{\"@id\":\"https:\\\/\\\/www.aliadospuebla.com\\\/?p=116920\"},\"wordCount\":1681,\"commentCount\":0,\"image\":{\"@id\":\"https:\\\/\\\/www.aliadospuebla.com\\\/?p=116920#primaryimage\"},\"thumbnailUrl\":\"https:\\\/\\\/www.aliadospuebla.com\\\/web2017\\\/wp-content\\\/uploads\\\/2026\\\/09\\\/010.jpg\",\"keywords\":[\"Dinamarca\",\"hospital p\u00fablico\",\"SERVICIOS DE SALUD\",\"sistema de salud\"],\"articleSection\":[\"Columnas\"],\"inLanguage\":\"es\",\"potentialAction\":[{\"@type\":\"CommentAction\",\"name\":\"Comment\",\"target\":[\"https:\\\/\\\/www.aliadospuebla.com\\\/?p=116920#respond\"]}]},{\"@type\":\"WebPage\",\"@id\":\"https:\\\/\\\/www.aliadospuebla.com\\\/?p=116920\",\"url\":\"https:\\\/\\\/www.aliadospuebla.com\\\/?p=116920\",\"name\":\"En Dinamarca el Gobierno paga m\u00e1s por salud, en M\u00e9xico el que paga doble es el Pueblo - AliadosPuebla\",\"isPartOf\":{\"@id\":\"https:\\\/\\\/www.aliadospuebla.com\\\/#website\"},\"primaryImageOfPage\":{\"@id\":\"https:\\\/\\\/www.aliadospuebla.com\\\/?p=116920#primaryimage\"},\"image\":{\"@id\":\"https:\\\/\\\/www.aliadospuebla.com\\\/?p=116920#primaryimage\"},\"thumbnailUrl\":\"https:\\\/\\\/www.aliadospuebla.com\\\/web2017\\\/wp-content\\\/uploads\\\/2026\\\/09\\\/010.jpg\",\"datePublished\":\"2026-09-03T04:20:25+00:00\",\"author\":{\"@id\":\"https:\\\/\\\/www.aliadospuebla.com\\\/#\\\/schema\\\/person\\\/5da7dd09320bd4f392b710017ed5f8ad\"},\"breadcrumb\":{\"@id\":\"https:\\\/\\\/www.aliadospuebla.com\\\/?p=116920#breadcrumb\"},\"inLanguage\":\"es\",\"potentialAction\":[{\"@type\":\"ReadAction\",\"target\":[\"https:\\\/\\\/www.aliadospuebla.com\\\/?p=116920\"]}]},{\"@type\":\"ImageObject\",\"inLanguage\":\"es\",\"@id\":\"https:\\\/\\\/www.aliadospuebla.com\\\/?p=116920#primaryimage\",\"url\":\"https:\\\/\\\/www.aliadospuebla.com\\\/web2017\\\/wp-content\\\/uploads\\\/2026\\\/09\\\/010.jpg\",\"contentUrl\":\"https:\\\/\\\/www.aliadospuebla.com\\\/web2017\\\/wp-content\\\/uploads\\\/2026\\\/09\\\/010.jpg\",\"width\":600,\"height\":450},{\"@type\":\"BreadcrumbList\",\"@id\":\"https:\\\/\\\/www.aliadospuebla.com\\\/?p=116920#breadcrumb\",\"itemListElement\":[{\"@type\":\"ListItem\",\"position\":1,\"name\":\"Portada\",\"item\":\"https:\\\/\\\/www.aliadospuebla.com\\\/\"},{\"@type\":\"ListItem\",\"position\":2,\"name\":\"En Dinamarca el Gobierno paga m\u00e1s por salud, en M\u00e9xico el que paga doble es el Pueblo\"}]},{\"@type\":\"WebSite\",\"@id\":\"https:\\\/\\\/www.aliadospuebla.com\\\/#website\",\"url\":\"https:\\\/\\\/www.aliadospuebla.com\\\/\",\"name\":\"AliadosPuebla\",\"description\":\"La informaci\u00f3n en tus manos\",\"potentialAction\":[{\"@type\":\"SearchAction\",\"target\":{\"@type\":\"EntryPoint\",\"urlTemplate\":\"https:\\\/\\\/www.aliadospuebla.com\\\/?s={search_term_string}\"},\"query-input\":{\"@type\":\"PropertyValueSpecification\",\"valueRequired\":true,\"valueName\":\"search_term_string\"}}],\"inLanguage\":\"es\"},{\"@type\":\"Person\",\"@id\":\"https:\\\/\\\/www.aliadospuebla.com\\\/#\\\/schema\\\/person\\\/5da7dd09320bd4f392b710017ed5f8ad\",\"name\":\"Aliados17\",\"image\":{\"@type\":\"ImageObject\",\"inLanguage\":\"es\",\"@id\":\"https:\\\/\\\/www.aliadospuebla.com\\\/web2017\\\/wp-content\\\/uploads\\\/2025\\\/03\\\/cropped-para-perfil-8-anos-1-96x96.jpg\",\"url\":\"https:\\\/\\\/www.aliadospuebla.com\\\/web2017\\\/wp-content\\\/uploads\\\/2025\\\/03\\\/cropped-para-perfil-8-anos-1-96x96.jpg\",\"contentUrl\":\"https:\\\/\\\/www.aliadospuebla.com\\\/web2017\\\/wp-content\\\/uploads\\\/2025\\\/03\\\/cropped-para-perfil-8-anos-1-96x96.jpg\",\"caption\":\"Aliados17\"},\"sameAs\":[\"https:\\\/\\\/www.aliados17.com\",\"https:\\\/\\\/www.facebook.com\\\/Aliados17Pue\",\"https:\\\/\\\/x.com\\\/AliadosPuebla\"],\"url\":\"https:\\\/\\\/www.aliadospuebla.com\\\/?author=2\"}]}<\/script>\n<!-- \/ Yoast SEO plugin. -->","yoast_head_json":{"title":"En Dinamarca el Gobierno paga m\u00e1s por salud, en M\u00e9xico el que paga doble es el Pueblo - AliadosPuebla","robots":{"index":"index","follow":"follow","max-snippet":"max-snippet:-1","max-image-preview":"max-image-preview:large","max-video-preview":"max-video-preview:-1"},"canonical":"https:\/\/www.aliadospuebla.com\/?p=116920","og_locale":"es_ES","og_type":"article","og_title":"En Dinamarca el Gobierno paga m\u00e1s por salud, en M\u00e9xico el que paga doble es el Pueblo - AliadosPuebla","og_description":"Durante varios a\u00f1os el gobierno nos dijo que M\u00e9xico tendr\u00eda un sistema de salud como el de Dinamarca. Despu\u00e9s, alguien (AMLO) dijo que ya era mejor que el de ese pa\u00eds, tanto, que los daneses nos envidiaban. A estas alturas ya sabemos que aquello no ocurri\u00f3. Y no hace falta ser especialista en salud p\u00fablica para darse cuenta. Basta con acompa\u00f1ar a un familiar a un hospital p\u00fablico, intentar conseguir una cita con un especialista o simplemente buscar un medicamento que deber\u00eda estar disponible y casualmente, nunca llega. Los siguientes datos ayudan a ver la magnitud del problema que tenemos hoy d\u00eda. La OCDE, en su Panorama de la Salud 2025, reporta que M\u00e9xico tiene una cama hospitalaria por cada mil habitantes, mientras el promedio&hellip;Leer m\u00e1s...","og_url":"https:\/\/www.aliadospuebla.com\/?p=116920","og_site_name":"AliadosPuebla","article_author":"https:\/\/www.facebook.com\/Aliados17Pue","article_published_time":"2026-09-03T04:20:25+00:00","og_image":[{"width":600,"height":450,"url":"https:\/\/www.aliadospuebla.com\/web2017\/wp-content\/uploads\/2026\/09\/010.jpg","type":"image\/jpeg"}],"author":"Aliados17","twitter_card":"summary_large_image","twitter_creator":"@AliadosPuebla","twitter_misc":{"Escrito por":"Aliados17","Tiempo de lectura":"8 minutos"},"schema":{"@context":"https:\/\/schema.org","@graph":[{"@type":"Article","@id":"https:\/\/www.aliadospuebla.com\/?p=116920#article","isPartOf":{"@id":"https:\/\/www.aliadospuebla.com\/?p=116920"},"author":{"name":"Aliados17","@id":"https:\/\/www.aliadospuebla.com\/#\/schema\/person\/5da7dd09320bd4f392b710017ed5f8ad"},"headline":"En Dinamarca el Gobierno paga m\u00e1s por salud, en M\u00e9xico el que paga doble es el Pueblo","datePublished":"2026-09-03T04:20:25+00:00","mainEntityOfPage":{"@id":"https:\/\/www.aliadospuebla.com\/?p=116920"},"wordCount":1681,"commentCount":0,"image":{"@id":"https:\/\/www.aliadospuebla.com\/?p=116920#primaryimage"},"thumbnailUrl":"https:\/\/www.aliadospuebla.com\/web2017\/wp-content\/uploads\/2026\/09\/010.jpg","keywords":["Dinamarca","hospital p\u00fablico","SERVICIOS DE SALUD","sistema de salud"],"articleSection":["Columnas"],"inLanguage":"es","potentialAction":[{"@type":"CommentAction","name":"Comment","target":["https:\/\/www.aliadospuebla.com\/?p=116920#respond"]}]},{"@type":"WebPage","@id":"https:\/\/www.aliadospuebla.com\/?p=116920","url":"https:\/\/www.aliadospuebla.com\/?p=116920","name":"En Dinamarca el Gobierno paga m\u00e1s por salud, en M\u00e9xico el que paga doble es el Pueblo - AliadosPuebla","isPartOf":{"@id":"https:\/\/www.aliadospuebla.com\/#website"},"primaryImageOfPage":{"@id":"https:\/\/www.aliadospuebla.com\/?p=116920#primaryimage"},"image":{"@id":"https:\/\/www.aliadospuebla.com\/?p=116920#primaryimage"},"thumbnailUrl":"https:\/\/www.aliadospuebla.com\/web2017\/wp-content\/uploads\/2026\/09\/010.jpg","datePublished":"2026-09-03T04:20:25+00:00","author":{"@id":"https:\/\/www.aliadospuebla.com\/#\/schema\/person\/5da7dd09320bd4f392b710017ed5f8ad"},"breadcrumb":{"@id":"https:\/\/www.aliadospuebla.com\/?p=116920#breadcrumb"},"inLanguage":"es","potentialAction":[{"@type":"ReadAction","target":["https:\/\/www.aliadospuebla.com\/?p=116920"]}]},{"@type":"ImageObject","inLanguage":"es","@id":"https:\/\/www.aliadospuebla.com\/?p=116920#primaryimage","url":"https:\/\/www.aliadospuebla.com\/web2017\/wp-content\/uploads\/2026\/09\/010.jpg","contentUrl":"https:\/\/www.aliadospuebla.com\/web2017\/wp-content\/uploads\/2026\/09\/010.jpg","width":600,"height":450},{"@type":"BreadcrumbList","@id":"https:\/\/www.aliadospuebla.com\/?p=116920#breadcrumb","itemListElement":[{"@type":"ListItem","position":1,"name":"Portada","item":"https:\/\/www.aliadospuebla.com\/"},{"@type":"ListItem","position":2,"name":"En Dinamarca el Gobierno paga m\u00e1s por salud, en M\u00e9xico el que paga doble es el Pueblo"}]},{"@type":"WebSite","@id":"https:\/\/www.aliadospuebla.com\/#website","url":"https:\/\/www.aliadospuebla.com\/","name":"AliadosPuebla","description":"La informaci\u00f3n en tus manos","potentialAction":[{"@type":"SearchAction","target":{"@type":"EntryPoint","urlTemplate":"https:\/\/www.aliadospuebla.com\/?s={search_term_string}"},"query-input":{"@type":"PropertyValueSpecification","valueRequired":true,"valueName":"search_term_string"}}],"inLanguage":"es"},{"@type":"Person","@id":"https:\/\/www.aliadospuebla.com\/#\/schema\/person\/5da7dd09320bd4f392b710017ed5f8ad","name":"Aliados17","image":{"@type":"ImageObject","inLanguage":"es","@id":"https:\/\/www.aliadospuebla.com\/web2017\/wp-content\/uploads\/2025\/03\/cropped-para-perfil-8-anos-1-96x96.jpg","url":"https:\/\/www.aliadospuebla.com\/web2017\/wp-content\/uploads\/2025\/03\/cropped-para-perfil-8-anos-1-96x96.jpg","contentUrl":"https:\/\/www.aliadospuebla.com\/web2017\/wp-content\/uploads\/2025\/03\/cropped-para-perfil-8-anos-1-96x96.jpg","caption":"Aliados17"},"sameAs":["https:\/\/www.aliados17.com","https:\/\/www.facebook.com\/Aliados17Pue","https:\/\/x.com\/AliadosPuebla"],"url":"https:\/\/www.aliadospuebla.com\/?author=2"}]}},"views":6,"_links":{"self":[{"href":"https:\/\/www.aliadospuebla.com\/index.php?rest_route=\/wp\/v2\/posts\/116920","targetHints":{"allow":["GET"]}}],"collection":[{"href":"https:\/\/www.aliadospuebla.com\/index.php?rest_route=\/wp\/v2\/posts"}],"about":[{"href":"https:\/\/www.aliadospuebla.com\/index.php?rest_route=\/wp\/v2\/types\/post"}],"author":[{"embeddable":true,"href":"https:\/\/www.aliadospuebla.com\/index.php?rest_route=\/wp\/v2\/users\/2"}],"replies":[{"embeddable":true,"href":"https:\/\/www.aliadospuebla.com\/index.php?rest_route=%2Fwp%2Fv2%2Fcomments&post=116920"}],"version-history":[{"count":1,"href":"https:\/\/www.aliadospuebla.com\/index.php?rest_route=\/wp\/v2\/posts\/116920\/revisions"}],"predecessor-version":[{"id":116922,"href":"https:\/\/www.aliadospuebla.com\/index.php?rest_route=\/wp\/v2\/posts\/116920\/revisions\/116922"}],"wp:featuredmedia":[{"embeddable":true,"href":"https:\/\/www.aliadospuebla.com\/index.php?rest_route=\/wp\/v2\/media\/116921"}],"wp:attachment":[{"href":"https:\/\/www.aliadospuebla.com\/index.php?rest_route=%2Fwp%2Fv2%2Fmedia&parent=116920"}],"wp:term":[{"taxonomy":"category","embeddable":true,"href":"https:\/\/www.aliadospuebla.com\/index.php?rest_route=%2Fwp%2Fv2%2Fcategories&post=116920"},{"taxonomy":"post_tag","embeddable":true,"href":"https:\/\/www.aliadospuebla.com\/index.php?rest_route=%2Fwp%2Fv2%2Ftags&post=116920"}],"curies":[{"name":"wp","href":"https:\/\/api.w.org\/{rel}","templated":true}]}}