{"id":116917,"date":"2026-09-02T21:57:21","date_gmt":"2026-09-03T03:57:21","guid":{"rendered":"https:\/\/www.aliadospuebla.com\/?p=116917"},"modified":"2026-09-02T21:57:21","modified_gmt":"2026-09-03T03:57:21","slug":"fedrha-suriano-lleva-agenda-de-trabajo-a-municipios-de-puebla","status":"publish","type":"post","link":"https:\/\/www.aliadospuebla.com\/?p=116917","title":{"rendered":"FEDRHA SURIANO LLEVA AGENDA DE TRABAJO A  MUNICIPIOS DE PUEBLA"},"content":{"rendered":"<p>La Coordinadora de la Comisi\u00f3n Operativa Estatal, Fedrha Isabel Suriano Corrales, realiz\u00f3 una gira de trabajo por los municipios de Yaon\u00e1huac, Cuetzalan del Progreso, Teziutl\u00e1n, Tlatlauquitepec, Acateno, Chignautla, Xochitl\u00e1n de Vicente Su\u00e1rez, Zacapoaxtla, Cuyoaco, Libres, Oriental, San Salvador El Seco y Nopalucan, donde sostuvo reuniones con equipos y representantes locales para dar seguimiento a las actividades y proyectos que se desarrollan en cada regi\u00f3n del estado de Puebla.<\/p>\n<p>Durante los encuentros, la Coordinadora destac\u00f3 la importancia de mantener una comunicaci\u00f3n permanente con los municipios para conocer sus principales necesidades, escuchar propuestas y establecer l\u00edneas de acci\u00f3n que permitan atender las m\u00faltiples realidades de la gente en el estado.<\/p>\n<p>En Libres, se revis\u00f3 de manera particular la agenda de actividades de la <strong>Fundaci\u00f3n M\u00e9xico con Valores<\/strong>, con el prop\u00f3sito de dar seguimiento a las acciones programadas y promover iniciativas encaminadas a generar una mayor participaci\u00f3n ciudadana.<\/p>\n<p>Suriano Corrales se\u00f1al\u00f3 que estos recorridos continuar\u00e1n de manera permanente, al considerar que el di\u00e1logo directo permite construir una agenda acorde con las necesidades de cada municipio.<\/p>\n<p>\u201cVamos a seguir recorriendo los municipios, escuchando y construyendo una agenda que responda a las necesidades de cada comunidad\u201d, afirm\u00f3.<\/p>\n","protected":false},"excerpt":{"rendered":"<p>La Coordinadora de la Comisi\u00f3n Operativa Estatal, Fedrha Isabel Suriano Corrales, realiz\u00f3 una gira de trabajo por los municipios de Yaon\u00e1huac, Cuetzalan del Progreso, Teziutl\u00e1n, Tlatlauquitepec, Acateno, Chignautla, Xochitl\u00e1n de Vicente Su\u00e1rez, Zacapoaxtla, Cuyoaco, Libres, Oriental, San Salvador El Seco y Nopalucan, donde sostuvo reuniones con equipos y representantes locales para dar seguimiento a las actividades y proyectos que se desarrollan en cada regi\u00f3n del estado de Puebla. Durante los encuentros, la Coordinadora destac\u00f3 la importancia de mantener una comunicaci\u00f3n permanente con los municipios para conocer sus principales necesidades, escuchar propuestas y establecer l\u00edneas de acci\u00f3n que permitan atender las m\u00faltiples realidades de la gente en el estado. En Libres, se revis\u00f3 de manera particular la agenda de actividades de la Fundaci\u00f3n M\u00e9xico con Valores,&hellip;<\/p>\n<p class=\"excerpt-more\"><a class=\"blog-excerpt button\" href=\"https:\/\/www.aliadospuebla.com\/?p=116917\">Leer m\u00e1s&#8230;<\/a><\/p>\n","protected":false},"author":2,"featured_media":116918,"comment_status":"open","ping_status":"open","sticky":false,"template":"","format":"standard","meta":{"_monsterinsights_skip_tracking":false,"footnotes":""},"categories":[6],"tags":[28664,24481,34940,1958,199],"class_list":["post-116917","post","type-post","status-publish","format-standard","has-post-thumbnail","hentry","category-politica","tag-comunicacion-permanente","tag-fedrha-isabel-suriano-corrales","tag-fundacion-mexico-con-valores","tag-gira-de-trabajo","tag-participacion-ciudadana"],"yoast_head":"<!-- This site is optimized with the Yoast SEO plugin v28.4 - https:\/\/yoast.com\/product\/yoast-seo-wordpress\/ -->\n<title>FEDRHA SURIANO LLEVA AGENDA DE TRABAJO A MUNICIPIOS DE PUEBLA - AliadosPuebla<\/title>\n<meta name=\"robots\" content=\"index, follow, max-snippet:-1, max-image-preview:large, max-video-preview:-1\" \/>\n<link rel=\"canonical\" href=\"https:\/\/www.aliadospuebla.com\/?p=116917\" \/>\n<meta property=\"og:locale\" content=\"es_ES\" \/>\n<meta property=\"og:type\" content=\"article\" \/>\n<meta property=\"og:title\" content=\"FEDRHA SURIANO LLEVA AGENDA DE TRABAJO A MUNICIPIOS DE PUEBLA - AliadosPuebla\" \/>\n<meta property=\"og:description\" content=\"La Coordinadora de la Comisi\u00f3n Operativa Estatal, Fedrha Isabel Suriano Corrales, realiz\u00f3 una gira de trabajo por los municipios de Yaon\u00e1huac, Cuetzalan del Progreso, Teziutl\u00e1n, Tlatlauquitepec, Acateno, Chignautla, Xochitl\u00e1n de Vicente Su\u00e1rez, Zacapoaxtla, Cuyoaco, Libres, Oriental, San Salvador El Seco y Nopalucan, donde sostuvo reuniones con equipos y representantes locales para dar seguimiento a las actividades y proyectos que se desarrollan en cada regi\u00f3n del estado de Puebla. Durante los encuentros, la Coordinadora destac\u00f3 la importancia de mantener una comunicaci\u00f3n permanente con los municipios para conocer sus principales necesidades, escuchar propuestas y establecer l\u00edneas de acci\u00f3n que permitan atender las m\u00faltiples realidades de la gente en el estado. En Libres, se revis\u00f3 de manera particular la agenda de actividades de la Fundaci\u00f3n M\u00e9xico con Valores,&hellip;Leer m\u00e1s...\" \/>\n<meta property=\"og:url\" content=\"https:\/\/www.aliadospuebla.com\/?p=116917\" \/>\n<meta property=\"og:site_name\" content=\"AliadosPuebla\" \/>\n<meta property=\"article:author\" content=\"https:\/\/www.facebook.com\/Aliados17Pue\" \/>\n<meta property=\"article:published_time\" content=\"2026-09-03T03:57:21+00:00\" \/>\n<meta property=\"og:image\" content=\"https:\/\/www.aliadospuebla.com\/web2017\/wp-content\/uploads\/2026\/09\/009.jpg\" \/>\n\t<meta property=\"og:image:width\" content=\"600\" \/>\n\t<meta property=\"og:image:height\" content=\"450\" \/>\n\t<meta property=\"og:image:type\" content=\"image\/jpeg\" \/>\n<meta name=\"author\" content=\"Aliados17\" \/>\n<meta name=\"twitter:card\" content=\"summary_large_image\" \/>\n<meta name=\"twitter:creator\" content=\"@AliadosPuebla\" \/>\n<meta name=\"twitter:label1\" content=\"Escrito por\" \/>\n\t<meta name=\"twitter:data1\" content=\"Aliados17\" \/>\n\t<meta name=\"twitter:label2\" content=\"Tiempo de lectura\" \/>\n\t<meta name=\"twitter:data2\" content=\"1 minuto\" \/>\n<script type=\"application\/ld+json\" class=\"yoast-schema-graph\">{\"@context\":\"https:\\\/\\\/schema.org\",\"@graph\":[{\"@type\":\"Article\",\"@id\":\"https:\\\/\\\/www.aliadospuebla.com\\\/?p=116917#article\",\"isPartOf\":{\"@id\":\"https:\\\/\\\/www.aliadospuebla.com\\\/?p=116917\"},\"author\":{\"name\":\"Aliados17\",\"@id\":\"https:\\\/\\\/www.aliadospuebla.com\\\/#\\\/schema\\\/person\\\/5da7dd09320bd4f392b710017ed5f8ad\"},\"headline\":\"FEDRHA SURIANO LLEVA AGENDA DE TRABAJO A MUNICIPIOS DE PUEBLA\",\"datePublished\":\"2026-09-03T03:57:21+00:00\",\"mainEntityOfPage\":{\"@id\":\"https:\\\/\\\/www.aliadospuebla.com\\\/?p=116917\"},\"wordCount\":219,\"commentCount\":0,\"image\":{\"@id\":\"https:\\\/\\\/www.aliadospuebla.com\\\/?p=116917#primaryimage\"},\"thumbnailUrl\":\"https:\\\/\\\/www.aliadospuebla.com\\\/web2017\\\/wp-content\\\/uploads\\\/2026\\\/09\\\/009.jpg\",\"keywords\":[\"comunicaci\u00f3n permanente\",\"Fedrha Isabel Suriano Corrales\",\"Fundaci\u00f3n M\u00e9xico con Valores\",\"GIRA DE TRABAJO\",\"Participaci\u00f3n ciudadana\"],\"articleSection\":[\"Pol\u00edtica\"],\"inLanguage\":\"es\",\"potentialAction\":[{\"@type\":\"CommentAction\",\"name\":\"Comment\",\"target\":[\"https:\\\/\\\/www.aliadospuebla.com\\\/?p=116917#respond\"]}]},{\"@type\":\"WebPage\",\"@id\":\"https:\\\/\\\/www.aliadospuebla.com\\\/?p=116917\",\"url\":\"https:\\\/\\\/www.aliadospuebla.com\\\/?p=116917\",\"name\":\"FEDRHA SURIANO LLEVA AGENDA DE TRABAJO A MUNICIPIOS DE PUEBLA - AliadosPuebla\",\"isPartOf\":{\"@id\":\"https:\\\/\\\/www.aliadospuebla.com\\\/#website\"},\"primaryImageOfPage\":{\"@id\":\"https:\\\/\\\/www.aliadospuebla.com\\\/?p=116917#primaryimage\"},\"image\":{\"@id\":\"https:\\\/\\\/www.aliadospuebla.com\\\/?p=116917#primaryimage\"},\"thumbnailUrl\":\"https:\\\/\\\/www.aliadospuebla.com\\\/web2017\\\/wp-content\\\/uploads\\\/2026\\\/09\\\/009.jpg\",\"datePublished\":\"2026-09-03T03:57:21+00:00\",\"author\":{\"@id\":\"https:\\\/\\\/www.aliadospuebla.com\\\/#\\\/schema\\\/person\\\/5da7dd09320bd4f392b710017ed5f8ad\"},\"breadcrumb\":{\"@id\":\"https:\\\/\\\/www.aliadospuebla.com\\\/?p=116917#breadcrumb\"},\"inLanguage\":\"es\",\"potentialAction\":[{\"@type\":\"ReadAction\",\"target\":[\"https:\\\/\\\/www.aliadospuebla.com\\\/?p=116917\"]}]},{\"@type\":\"ImageObject\",\"inLanguage\":\"es\",\"@id\":\"https:\\\/\\\/www.aliadospuebla.com\\\/?p=116917#primaryimage\",\"url\":\"https:\\\/\\\/www.aliadospuebla.com\\\/web2017\\\/wp-content\\\/uploads\\\/2026\\\/09\\\/009.jpg\",\"contentUrl\":\"https:\\\/\\\/www.aliadospuebla.com\\\/web2017\\\/wp-content\\\/uploads\\\/2026\\\/09\\\/009.jpg\",\"width\":600,\"height\":450},{\"@type\":\"BreadcrumbList\",\"@id\":\"https:\\\/\\\/www.aliadospuebla.com\\\/?p=116917#breadcrumb\",\"itemListElement\":[{\"@type\":\"ListItem\",\"position\":1,\"name\":\"Portada\",\"item\":\"https:\\\/\\\/www.aliadospuebla.com\\\/\"},{\"@type\":\"ListItem\",\"position\":2,\"name\":\"FEDRHA SURIANO LLEVA AGENDA DE TRABAJO A MUNICIPIOS DE PUEBLA\"}]},{\"@type\":\"WebSite\",\"@id\":\"https:\\\/\\\/www.aliadospuebla.com\\\/#website\",\"url\":\"https:\\\/\\\/www.aliadospuebla.com\\\/\",\"name\":\"AliadosPuebla\",\"description\":\"La informaci\u00f3n en tus manos\",\"potentialAction\":[{\"@type\":\"SearchAction\",\"target\":{\"@type\":\"EntryPoint\",\"urlTemplate\":\"https:\\\/\\\/www.aliadospuebla.com\\\/?s={search_term_string}\"},\"query-input\":{\"@type\":\"PropertyValueSpecification\",\"valueRequired\":true,\"valueName\":\"search_term_string\"}}],\"inLanguage\":\"es\"},{\"@type\":\"Person\",\"@id\":\"https:\\\/\\\/www.aliadospuebla.com\\\/#\\\/schema\\\/person\\\/5da7dd09320bd4f392b710017ed5f8ad\",\"name\":\"Aliados17\",\"image\":{\"@type\":\"ImageObject\",\"inLanguage\":\"es\",\"@id\":\"https:\\\/\\\/www.aliadospuebla.com\\\/web2017\\\/wp-content\\\/uploads\\\/2025\\\/03\\\/cropped-para-perfil-8-anos-1-96x96.jpg\",\"url\":\"https:\\\/\\\/www.aliadospuebla.com\\\/web2017\\\/wp-content\\\/uploads\\\/2025\\\/03\\\/cropped-para-perfil-8-anos-1-96x96.jpg\",\"contentUrl\":\"https:\\\/\\\/www.aliadospuebla.com\\\/web2017\\\/wp-content\\\/uploads\\\/2025\\\/03\\\/cropped-para-perfil-8-anos-1-96x96.jpg\",\"caption\":\"Aliados17\"},\"sameAs\":[\"https:\\\/\\\/www.aliados17.com\",\"https:\\\/\\\/www.facebook.com\\\/Aliados17Pue\",\"https:\\\/\\\/x.com\\\/AliadosPuebla\"],\"url\":\"https:\\\/\\\/www.aliadospuebla.com\\\/?author=2\"}]}<\/script>\n<!-- \/ Yoast SEO plugin. -->","yoast_head_json":{"title":"FEDRHA SURIANO LLEVA AGENDA DE TRABAJO A MUNICIPIOS DE PUEBLA - AliadosPuebla","robots":{"index":"index","follow":"follow","max-snippet":"max-snippet:-1","max-image-preview":"max-image-preview:large","max-video-preview":"max-video-preview:-1"},"canonical":"https:\/\/www.aliadospuebla.com\/?p=116917","og_locale":"es_ES","og_type":"article","og_title":"FEDRHA SURIANO LLEVA AGENDA DE TRABAJO A MUNICIPIOS DE PUEBLA - AliadosPuebla","og_description":"La Coordinadora de la Comisi\u00f3n Operativa Estatal, Fedrha Isabel Suriano Corrales, realiz\u00f3 una gira de trabajo por los municipios de Yaon\u00e1huac, Cuetzalan del Progreso, Teziutl\u00e1n, Tlatlauquitepec, Acateno, Chignautla, Xochitl\u00e1n de Vicente Su\u00e1rez, Zacapoaxtla, Cuyoaco, Libres, Oriental, San Salvador El Seco y Nopalucan, donde sostuvo reuniones con equipos y representantes locales para dar seguimiento a las actividades y proyectos que se desarrollan en cada regi\u00f3n del estado de Puebla. Durante los encuentros, la Coordinadora destac\u00f3 la importancia de mantener una comunicaci\u00f3n permanente con los municipios para conocer sus principales necesidades, escuchar propuestas y establecer l\u00edneas de acci\u00f3n que permitan atender las m\u00faltiples realidades de la gente en el estado. En Libres, se revis\u00f3 de manera particular la agenda de actividades de la Fundaci\u00f3n M\u00e9xico con Valores,&hellip;Leer m\u00e1s...","og_url":"https:\/\/www.aliadospuebla.com\/?p=116917","og_site_name":"AliadosPuebla","article_author":"https:\/\/www.facebook.com\/Aliados17Pue","article_published_time":"2026-09-03T03:57:21+00:00","og_image":[{"width":600,"height":450,"url":"https:\/\/www.aliadospuebla.com\/web2017\/wp-content\/uploads\/2026\/09\/009.jpg","type":"image\/jpeg"}],"author":"Aliados17","twitter_card":"summary_large_image","twitter_creator":"@AliadosPuebla","twitter_misc":{"Escrito por":"Aliados17","Tiempo de lectura":"1 minuto"},"schema":{"@context":"https:\/\/schema.org","@graph":[{"@type":"Article","@id":"https:\/\/www.aliadospuebla.com\/?p=116917#article","isPartOf":{"@id":"https:\/\/www.aliadospuebla.com\/?p=116917"},"author":{"name":"Aliados17","@id":"https:\/\/www.aliadospuebla.com\/#\/schema\/person\/5da7dd09320bd4f392b710017ed5f8ad"},"headline":"FEDRHA SURIANO LLEVA AGENDA DE TRABAJO A MUNICIPIOS DE PUEBLA","datePublished":"2026-09-03T03:57:21+00:00","mainEntityOfPage":{"@id":"https:\/\/www.aliadospuebla.com\/?p=116917"},"wordCount":219,"commentCount":0,"image":{"@id":"https:\/\/www.aliadospuebla.com\/?p=116917#primaryimage"},"thumbnailUrl":"https:\/\/www.aliadospuebla.com\/web2017\/wp-content\/uploads\/2026\/09\/009.jpg","keywords":["comunicaci\u00f3n permanente","Fedrha Isabel Suriano Corrales","Fundaci\u00f3n M\u00e9xico con Valores","GIRA DE TRABAJO","Participaci\u00f3n ciudadana"],"articleSection":["Pol\u00edtica"],"inLanguage":"es","potentialAction":[{"@type":"CommentAction","name":"Comment","target":["https:\/\/www.aliadospuebla.com\/?p=116917#respond"]}]},{"@type":"WebPage","@id":"https:\/\/www.aliadospuebla.com\/?p=116917","url":"https:\/\/www.aliadospuebla.com\/?p=116917","name":"FEDRHA SURIANO LLEVA AGENDA DE TRABAJO A MUNICIPIOS DE PUEBLA - AliadosPuebla","isPartOf":{"@id":"https:\/\/www.aliadospuebla.com\/#website"},"primaryImageOfPage":{"@id":"https:\/\/www.aliadospuebla.com\/?p=116917#primaryimage"},"image":{"@id":"https:\/\/www.aliadospuebla.com\/?p=116917#primaryimage"},"thumbnailUrl":"https:\/\/www.aliadospuebla.com\/web2017\/wp-content\/uploads\/2026\/09\/009.jpg","datePublished":"2026-09-03T03:57:21+00:00","author":{"@id":"https:\/\/www.aliadospuebla.com\/#\/schema\/person\/5da7dd09320bd4f392b710017ed5f8ad"},"breadcrumb":{"@id":"https:\/\/www.aliadospuebla.com\/?p=116917#breadcrumb"},"inLanguage":"es","potentialAction":[{"@type":"ReadAction","target":["https:\/\/www.aliadospuebla.com\/?p=116917"]}]},{"@type":"ImageObject","inLanguage":"es","@id":"https:\/\/www.aliadospuebla.com\/?p=116917#primaryimage","url":"https:\/\/www.aliadospuebla.com\/web2017\/wp-content\/uploads\/2026\/09\/009.jpg","contentUrl":"https:\/\/www.aliadospuebla.com\/web2017\/wp-content\/uploads\/2026\/09\/009.jpg","width":600,"height":450},{"@type":"BreadcrumbList","@id":"https:\/\/www.aliadospuebla.com\/?p=116917#breadcrumb","itemListElement":[{"@type":"ListItem","position":1,"name":"Portada","item":"https:\/\/www.aliadospuebla.com\/"},{"@type":"ListItem","position":2,"name":"FEDRHA SURIANO LLEVA AGENDA DE TRABAJO A MUNICIPIOS DE PUEBLA"}]},{"@type":"WebSite","@id":"https:\/\/www.aliadospuebla.com\/#website","url":"https:\/\/www.aliadospuebla.com\/","name":"AliadosPuebla","description":"La informaci\u00f3n en tus manos","potentialAction":[{"@type":"SearchAction","target":{"@type":"EntryPoint","urlTemplate":"https:\/\/www.aliadospuebla.com\/?s={search_term_string}"},"query-input":{"@type":"PropertyValueSpecification","valueRequired":true,"valueName":"search_term_string"}}],"inLanguage":"es"},{"@type":"Person","@id":"https:\/\/www.aliadospuebla.com\/#\/schema\/person\/5da7dd09320bd4f392b710017ed5f8ad","name":"Aliados17","image":{"@type":"ImageObject","inLanguage":"es","@id":"https:\/\/www.aliadospuebla.com\/web2017\/wp-content\/uploads\/2025\/03\/cropped-para-perfil-8-anos-1-96x96.jpg","url":"https:\/\/www.aliadospuebla.com\/web2017\/wp-content\/uploads\/2025\/03\/cropped-para-perfil-8-anos-1-96x96.jpg","contentUrl":"https:\/\/www.aliadospuebla.com\/web2017\/wp-content\/uploads\/2025\/03\/cropped-para-perfil-8-anos-1-96x96.jpg","caption":"Aliados17"},"sameAs":["https:\/\/www.aliados17.com","https:\/\/www.facebook.com\/Aliados17Pue","https:\/\/x.com\/AliadosPuebla"],"url":"https:\/\/www.aliadospuebla.com\/?author=2"}]}},"views":6,"_links":{"self":[{"href":"https:\/\/www.aliadospuebla.com\/index.php?rest_route=\/wp\/v2\/posts\/116917","targetHints":{"allow":["GET"]}}],"collection":[{"href":"https:\/\/www.aliadospuebla.com\/index.php?rest_route=\/wp\/v2\/posts"}],"about":[{"href":"https:\/\/www.aliadospuebla.com\/index.php?rest_route=\/wp\/v2\/types\/post"}],"author":[{"embeddable":true,"href":"https:\/\/www.aliadospuebla.com\/index.php?rest_route=\/wp\/v2\/users\/2"}],"replies":[{"embeddable":true,"href":"https:\/\/www.aliadospuebla.com\/index.php?rest_route=%2Fwp%2Fv2%2Fcomments&post=116917"}],"version-history":[{"count":1,"href":"https:\/\/www.aliadospuebla.com\/index.php?rest_route=\/wp\/v2\/posts\/116917\/revisions"}],"predecessor-version":[{"id":116919,"href":"https:\/\/www.aliadospuebla.com\/index.php?rest_route=\/wp\/v2\/posts\/116917\/revisions\/116919"}],"wp:featuredmedia":[{"embeddable":true,"href":"https:\/\/www.aliadospuebla.com\/index.php?rest_route=\/wp\/v2\/media\/116918"}],"wp:attachment":[{"href":"https:\/\/www.aliadospuebla.com\/index.php?rest_route=%2Fwp%2Fv2%2Fmedia&parent=116917"}],"wp:term":[{"taxonomy":"category","embeddable":true,"href":"https:\/\/www.aliadospuebla.com\/index.php?rest_route=%2Fwp%2Fv2%2Fcategories&post=116917"},{"taxonomy":"post_tag","embeddable":true,"href":"https:\/\/www.aliadospuebla.com\/index.php?rest_route=%2Fwp%2Fv2%2Ftags&post=116917"}],"curies":[{"name":"wp","href":"https:\/\/api.w.org\/{rel}","templated":true}]}}