{"id":116914,"date":"2026-09-02T21:42:47","date_gmt":"2026-09-03T03:42:47","guid":{"rendered":"https:\/\/www.aliadospuebla.com\/?p=116914"},"modified":"2026-09-02T21:42:47","modified_gmt":"2026-09-03T03:42:47","slug":"concluyen-con-exito-en-puebla-las-220-asambleas-informativas-en-defensa-de-la-soberania-nacional-pavel-gaspar","status":"publish","type":"post","link":"https:\/\/www.aliadospuebla.com\/?p=116914","title":{"rendered":"Concluyen con \u00e9xito en Puebla las 220 Asambleas Informativas en Defensa de la Soberan\u00eda Nacional: P\u00e1vel Gaspar"},"content":{"rendered":"<h4><em>El diputado destac\u00f3 que la participaci\u00f3n organizada del pueblo es primordial para defender el proyecto de transformaci\u00f3n del pa\u00eds<\/em><\/h4>\n<p><em>-Tambi\u00e9n reconoci\u00f3 el trabajo de la presidenta de M\u00e9xico, cuyos resultados se ver\u00e1n reflejados en su Segundo Informe de Gobierno<\/em><\/p>\n<p>Al concluir en Puebla las 220 Asambleas Informativas en Defensa de la Soberan\u00eda Nacional,<\/p>\n<p>el diputado P\u00e1vel Gaspar Ram\u00edrez, coordinador del Grupo Legislativo de Morena<\/p>\n<p>en el Congreso del Estado, destac\u00f3 que este ejercicio represent\u00f3 un regreso al origen del movimiento,<\/p>\n<p>basado en el di\u00e1logo directo con la ciudadan\u00eda, el trabajo territorial y la organizaci\u00f3n del pueblo.<\/p>\n<p>En el municipio de Atlixco, el diputado P\u00e1vel Gaspar subray\u00f3 que <strong><em>el cierre de las 220 asambleas<\/em><\/strong><\/p>\n<p><strong><em> representa un llamado a mantener la unidad y la participaci\u00f3n ciudadana <\/em><\/strong><\/p>\n<p><strong><em>en defensa de la soberan\u00eda nacional, bajo la convicci\u00f3n de que la patria se ama, <\/em><\/strong><\/p>\n<p><strong><em>se defiende y se construye con la participaci\u00f3n de todas y todos.<\/em><\/strong><\/p>\n<p>Asimismo, destac\u00f3 los avances que ha representado la transformaci\u00f3n del pa\u00eds, particularmente la incorporaci\u00f3n de sectores hist\u00f3ricamente excluidos en espacios de toma de decisiones.<\/p>\n<p>Se\u00f1al\u00f3 que hace algunas d\u00e9cadas parec\u00eda imposible que una mujer encabezara el Poder Ejecutivo Federal o que una persona ind\u00edgena estuviera al frente del Poder Judicial de la Federaci\u00f3n, mientras que hoy estos hechos forman parte de la nueva realidad pol\u00edtica y social que vive el pa\u00eds.<\/p>\n<p>En este sentido, destac\u00f3 la realizaci\u00f3n del Segundo Informe de Gobierno de la presidenta de M\u00e9xico, Claudia Sheinbaum Pardo, que se llevar\u00e1 a cabo este martes 1 de septiembre de 2026, y resalt\u00f3 la continuidad de los programas sociales, la construcci\u00f3n y mantenimiento de caminos, as\u00ed como el fortalecimiento de los servicios de salud y educaci\u00f3n.<\/p>\n<p>Asimismo, el coordinador del Grupo Legislativo de Morena inform\u00f3 que el pr\u00f3ximo 4 de septiembre presentar\u00e1 el Informe de Actividades de la LXII Legislatura, \u201cdonde el trabajo de las leyes que construimos emanan de escuchar al pueblo, de ir a las comunidades y de conocer las necesidades de la poblaci\u00f3n\u201d.<\/p>\n<p>En este evento se cont\u00f3 con la presencia de diputadas y diputados de Morena; el coordinador de Delegados de Morena en Puebla, Pablo Salazar Vicentello; as\u00ed como liderazgos del Partido.<\/p>\n","protected":false},"excerpt":{"rendered":"<p>El diputado destac\u00f3 que la participaci\u00f3n organizada del pueblo es primordial para defender el proyecto de transformaci\u00f3n del pa\u00eds -Tambi\u00e9n reconoci\u00f3 el trabajo de la presidenta de M\u00e9xico, cuyos resultados se ver\u00e1n reflejados en su Segundo Informe de Gobierno Al concluir en Puebla las 220 Asambleas Informativas en Defensa de la Soberan\u00eda Nacional, el diputado P\u00e1vel Gaspar Ram\u00edrez, coordinador del Grupo Legislativo de Morena en el Congreso del Estado, destac\u00f3 que este ejercicio represent\u00f3 un regreso al origen del movimiento, basado en el di\u00e1logo directo con la ciudadan\u00eda, el trabajo territorial y la organizaci\u00f3n del pueblo. En el municipio de Atlixco, el diputado P\u00e1vel Gaspar subray\u00f3 que el cierre de las 220 asambleas representa un llamado a mantener la unidad y la participaci\u00f3n ciudadana en&hellip;<\/p>\n<p class=\"excerpt-more\"><a class=\"blog-excerpt button\" href=\"https:\/\/www.aliadospuebla.com\/?p=116914\">Leer m\u00e1s&#8230;<\/a><\/p>\n","protected":false},"author":2,"featured_media":116915,"comment_status":"open","ping_status":"open","sticky":false,"template":"","format":"standard","meta":{"_monsterinsights_skip_tracking":false,"footnotes":""},"categories":[6],"tags":[20239,20316,34418,32172,24915],"class_list":["post-116914","post","type-post","status-publish","format-standard","has-post-thumbnail","hentry","category-politica","tag-asambleas-informativas","tag-claudia-sheinbaum-pardo","tag-defensa-de-la-soberania-nacional","tag-grupo-legislativo-de-morena","tag-pavel-gaspar-ramirez"],"yoast_head":"<!-- This site is optimized with the Yoast SEO plugin v28.4 - https:\/\/yoast.com\/product\/yoast-seo-wordpress\/ -->\n<title>Concluyen con \u00e9xito en Puebla las 220 Asambleas Informativas en Defensa de la Soberan\u00eda Nacional: P\u00e1vel Gaspar - AliadosPuebla<\/title>\n<meta name=\"robots\" content=\"index, follow, max-snippet:-1, max-image-preview:large, max-video-preview:-1\" \/>\n<link rel=\"canonical\" href=\"https:\/\/www.aliadospuebla.com\/?p=116914\" \/>\n<meta property=\"og:locale\" content=\"es_ES\" \/>\n<meta property=\"og:type\" content=\"article\" \/>\n<meta property=\"og:title\" content=\"Concluyen con \u00e9xito en Puebla las 220 Asambleas Informativas en Defensa de la Soberan\u00eda Nacional: P\u00e1vel Gaspar - AliadosPuebla\" \/>\n<meta property=\"og:description\" content=\"El diputado destac\u00f3 que la participaci\u00f3n organizada del pueblo es primordial para defender el proyecto de transformaci\u00f3n del pa\u00eds -Tambi\u00e9n reconoci\u00f3 el trabajo de la presidenta de M\u00e9xico, cuyos resultados se ver\u00e1n reflejados en su Segundo Informe de Gobierno Al concluir en Puebla las 220 Asambleas Informativas en Defensa de la Soberan\u00eda Nacional, el diputado P\u00e1vel Gaspar Ram\u00edrez, coordinador del Grupo Legislativo de Morena en el Congreso del Estado, destac\u00f3 que este ejercicio represent\u00f3 un regreso al origen del movimiento, basado en el di\u00e1logo directo con la ciudadan\u00eda, el trabajo territorial y la organizaci\u00f3n del pueblo. En el municipio de Atlixco, el diputado P\u00e1vel Gaspar subray\u00f3 que el cierre de las 220 asambleas representa un llamado a mantener la unidad y la participaci\u00f3n ciudadana en&hellip;Leer m\u00e1s...\" \/>\n<meta property=\"og:url\" content=\"https:\/\/www.aliadospuebla.com\/?p=116914\" \/>\n<meta property=\"og:site_name\" content=\"AliadosPuebla\" \/>\n<meta property=\"article:author\" content=\"https:\/\/www.facebook.com\/Aliados17Pue\" \/>\n<meta property=\"article:published_time\" content=\"2026-09-03T03:42:47+00:00\" \/>\n<meta property=\"og:image\" content=\"https:\/\/www.aliadospuebla.com\/web2017\/wp-content\/uploads\/2026\/09\/008.jpg\" \/>\n\t<meta property=\"og:image:width\" content=\"600\" \/>\n\t<meta property=\"og:image:height\" content=\"450\" \/>\n\t<meta property=\"og:image:type\" content=\"image\/jpeg\" \/>\n<meta name=\"author\" content=\"Aliados17\" \/>\n<meta name=\"twitter:card\" content=\"summary_large_image\" \/>\n<meta name=\"twitter:creator\" content=\"@AliadosPuebla\" \/>\n<meta name=\"twitter:label1\" content=\"Escrito por\" \/>\n\t<meta name=\"twitter:data1\" content=\"Aliados17\" \/>\n\t<meta name=\"twitter:label2\" content=\"Tiempo de lectura\" \/>\n\t<meta name=\"twitter:data2\" content=\"2 minutos\" \/>\n<script type=\"application\/ld+json\" class=\"yoast-schema-graph\">{\"@context\":\"https:\\\/\\\/schema.org\",\"@graph\":[{\"@type\":\"Article\",\"@id\":\"https:\\\/\\\/www.aliadospuebla.com\\\/?p=116914#article\",\"isPartOf\":{\"@id\":\"https:\\\/\\\/www.aliadospuebla.com\\\/?p=116914\"},\"author\":{\"name\":\"Aliados17\",\"@id\":\"https:\\\/\\\/www.aliadospuebla.com\\\/#\\\/schema\\\/person\\\/5da7dd09320bd4f392b710017ed5f8ad\"},\"headline\":\"Concluyen con \u00e9xito en Puebla las 220 Asambleas Informativas en Defensa de la Soberan\u00eda Nacional: P\u00e1vel Gaspar\",\"datePublished\":\"2026-09-03T03:42:47+00:00\",\"mainEntityOfPage\":{\"@id\":\"https:\\\/\\\/www.aliadospuebla.com\\\/?p=116914\"},\"wordCount\":405,\"commentCount\":0,\"image\":{\"@id\":\"https:\\\/\\\/www.aliadospuebla.com\\\/?p=116914#primaryimage\"},\"thumbnailUrl\":\"https:\\\/\\\/www.aliadospuebla.com\\\/web2017\\\/wp-content\\\/uploads\\\/2026\\\/09\\\/008.jpg\",\"keywords\":[\"asambleas informativas\",\"Claudia Sheinbaum Pardo\",\"Defensa de la Soberan\u00eda Nacional\",\"Grupo Legislativo de Morena\",\"P\u00e1vel Gaspar Ram\u00edrez\"],\"articleSection\":[\"Pol\u00edtica\"],\"inLanguage\":\"es\",\"potentialAction\":[{\"@type\":\"CommentAction\",\"name\":\"Comment\",\"target\":[\"https:\\\/\\\/www.aliadospuebla.com\\\/?p=116914#respond\"]}]},{\"@type\":\"WebPage\",\"@id\":\"https:\\\/\\\/www.aliadospuebla.com\\\/?p=116914\",\"url\":\"https:\\\/\\\/www.aliadospuebla.com\\\/?p=116914\",\"name\":\"Concluyen con \u00e9xito en Puebla las 220 Asambleas Informativas en Defensa de la Soberan\u00eda Nacional: P\u00e1vel Gaspar - AliadosPuebla\",\"isPartOf\":{\"@id\":\"https:\\\/\\\/www.aliadospuebla.com\\\/#website\"},\"primaryImageOfPage\":{\"@id\":\"https:\\\/\\\/www.aliadospuebla.com\\\/?p=116914#primaryimage\"},\"image\":{\"@id\":\"https:\\\/\\\/www.aliadospuebla.com\\\/?p=116914#primaryimage\"},\"thumbnailUrl\":\"https:\\\/\\\/www.aliadospuebla.com\\\/web2017\\\/wp-content\\\/uploads\\\/2026\\\/09\\\/008.jpg\",\"datePublished\":\"2026-09-03T03:42:47+00:00\",\"author\":{\"@id\":\"https:\\\/\\\/www.aliadospuebla.com\\\/#\\\/schema\\\/person\\\/5da7dd09320bd4f392b710017ed5f8ad\"},\"breadcrumb\":{\"@id\":\"https:\\\/\\\/www.aliadospuebla.com\\\/?p=116914#breadcrumb\"},\"inLanguage\":\"es\",\"potentialAction\":[{\"@type\":\"ReadAction\",\"target\":[\"https:\\\/\\\/www.aliadospuebla.com\\\/?p=116914\"]}]},{\"@type\":\"ImageObject\",\"inLanguage\":\"es\",\"@id\":\"https:\\\/\\\/www.aliadospuebla.com\\\/?p=116914#primaryimage\",\"url\":\"https:\\\/\\\/www.aliadospuebla.com\\\/web2017\\\/wp-content\\\/uploads\\\/2026\\\/09\\\/008.jpg\",\"contentUrl\":\"https:\\\/\\\/www.aliadospuebla.com\\\/web2017\\\/wp-content\\\/uploads\\\/2026\\\/09\\\/008.jpg\",\"width\":600,\"height\":450},{\"@type\":\"BreadcrumbList\",\"@id\":\"https:\\\/\\\/www.aliadospuebla.com\\\/?p=116914#breadcrumb\",\"itemListElement\":[{\"@type\":\"ListItem\",\"position\":1,\"name\":\"Portada\",\"item\":\"https:\\\/\\\/www.aliadospuebla.com\\\/\"},{\"@type\":\"ListItem\",\"position\":2,\"name\":\"Concluyen con \u00e9xito en Puebla las 220 Asambleas Informativas en Defensa de la Soberan\u00eda Nacional: P\u00e1vel Gaspar\"}]},{\"@type\":\"WebSite\",\"@id\":\"https:\\\/\\\/www.aliadospuebla.com\\\/#website\",\"url\":\"https:\\\/\\\/www.aliadospuebla.com\\\/\",\"name\":\"AliadosPuebla\",\"description\":\"La informaci\u00f3n en tus manos\",\"potentialAction\":[{\"@type\":\"SearchAction\",\"target\":{\"@type\":\"EntryPoint\",\"urlTemplate\":\"https:\\\/\\\/www.aliadospuebla.com\\\/?s={search_term_string}\"},\"query-input\":{\"@type\":\"PropertyValueSpecification\",\"valueRequired\":true,\"valueName\":\"search_term_string\"}}],\"inLanguage\":\"es\"},{\"@type\":\"Person\",\"@id\":\"https:\\\/\\\/www.aliadospuebla.com\\\/#\\\/schema\\\/person\\\/5da7dd09320bd4f392b710017ed5f8ad\",\"name\":\"Aliados17\",\"image\":{\"@type\":\"ImageObject\",\"inLanguage\":\"es\",\"@id\":\"https:\\\/\\\/www.aliadospuebla.com\\\/web2017\\\/wp-content\\\/uploads\\\/2025\\\/03\\\/cropped-para-perfil-8-anos-1-96x96.jpg\",\"url\":\"https:\\\/\\\/www.aliadospuebla.com\\\/web2017\\\/wp-content\\\/uploads\\\/2025\\\/03\\\/cropped-para-perfil-8-anos-1-96x96.jpg\",\"contentUrl\":\"https:\\\/\\\/www.aliadospuebla.com\\\/web2017\\\/wp-content\\\/uploads\\\/2025\\\/03\\\/cropped-para-perfil-8-anos-1-96x96.jpg\",\"caption\":\"Aliados17\"},\"sameAs\":[\"https:\\\/\\\/www.aliados17.com\",\"https:\\\/\\\/www.facebook.com\\\/Aliados17Pue\",\"https:\\\/\\\/x.com\\\/AliadosPuebla\"],\"url\":\"https:\\\/\\\/www.aliadospuebla.com\\\/?author=2\"}]}<\/script>\n<!-- \/ Yoast SEO plugin. -->","yoast_head_json":{"title":"Concluyen con \u00e9xito en Puebla las 220 Asambleas Informativas en Defensa de la Soberan\u00eda Nacional: P\u00e1vel Gaspar - AliadosPuebla","robots":{"index":"index","follow":"follow","max-snippet":"max-snippet:-1","max-image-preview":"max-image-preview:large","max-video-preview":"max-video-preview:-1"},"canonical":"https:\/\/www.aliadospuebla.com\/?p=116914","og_locale":"es_ES","og_type":"article","og_title":"Concluyen con \u00e9xito en Puebla las 220 Asambleas Informativas en Defensa de la Soberan\u00eda Nacional: P\u00e1vel Gaspar - AliadosPuebla","og_description":"El diputado destac\u00f3 que la participaci\u00f3n organizada del pueblo es primordial para defender el proyecto de transformaci\u00f3n del pa\u00eds -Tambi\u00e9n reconoci\u00f3 el trabajo de la presidenta de M\u00e9xico, cuyos resultados se ver\u00e1n reflejados en su Segundo Informe de Gobierno Al concluir en Puebla las 220 Asambleas Informativas en Defensa de la Soberan\u00eda Nacional, el diputado P\u00e1vel Gaspar Ram\u00edrez, coordinador del Grupo Legislativo de Morena en el Congreso del Estado, destac\u00f3 que este ejercicio represent\u00f3 un regreso al origen del movimiento, basado en el di\u00e1logo directo con la ciudadan\u00eda, el trabajo territorial y la organizaci\u00f3n del pueblo. En el municipio de Atlixco, el diputado P\u00e1vel Gaspar subray\u00f3 que el cierre de las 220 asambleas representa un llamado a mantener la unidad y la participaci\u00f3n ciudadana en&hellip;Leer m\u00e1s...","og_url":"https:\/\/www.aliadospuebla.com\/?p=116914","og_site_name":"AliadosPuebla","article_author":"https:\/\/www.facebook.com\/Aliados17Pue","article_published_time":"2026-09-03T03:42:47+00:00","og_image":[{"width":600,"height":450,"url":"https:\/\/www.aliadospuebla.com\/web2017\/wp-content\/uploads\/2026\/09\/008.jpg","type":"image\/jpeg"}],"author":"Aliados17","twitter_card":"summary_large_image","twitter_creator":"@AliadosPuebla","twitter_misc":{"Escrito por":"Aliados17","Tiempo de lectura":"2 minutos"},"schema":{"@context":"https:\/\/schema.org","@graph":[{"@type":"Article","@id":"https:\/\/www.aliadospuebla.com\/?p=116914#article","isPartOf":{"@id":"https:\/\/www.aliadospuebla.com\/?p=116914"},"author":{"name":"Aliados17","@id":"https:\/\/www.aliadospuebla.com\/#\/schema\/person\/5da7dd09320bd4f392b710017ed5f8ad"},"headline":"Concluyen con \u00e9xito en Puebla las 220 Asambleas Informativas en Defensa de la Soberan\u00eda Nacional: P\u00e1vel Gaspar","datePublished":"2026-09-03T03:42:47+00:00","mainEntityOfPage":{"@id":"https:\/\/www.aliadospuebla.com\/?p=116914"},"wordCount":405,"commentCount":0,"image":{"@id":"https:\/\/www.aliadospuebla.com\/?p=116914#primaryimage"},"thumbnailUrl":"https:\/\/www.aliadospuebla.com\/web2017\/wp-content\/uploads\/2026\/09\/008.jpg","keywords":["asambleas informativas","Claudia Sheinbaum Pardo","Defensa de la Soberan\u00eda Nacional","Grupo Legislativo de Morena","P\u00e1vel Gaspar Ram\u00edrez"],"articleSection":["Pol\u00edtica"],"inLanguage":"es","potentialAction":[{"@type":"CommentAction","name":"Comment","target":["https:\/\/www.aliadospuebla.com\/?p=116914#respond"]}]},{"@type":"WebPage","@id":"https:\/\/www.aliadospuebla.com\/?p=116914","url":"https:\/\/www.aliadospuebla.com\/?p=116914","name":"Concluyen con \u00e9xito en Puebla las 220 Asambleas Informativas en Defensa de la Soberan\u00eda Nacional: P\u00e1vel Gaspar - AliadosPuebla","isPartOf":{"@id":"https:\/\/www.aliadospuebla.com\/#website"},"primaryImageOfPage":{"@id":"https:\/\/www.aliadospuebla.com\/?p=116914#primaryimage"},"image":{"@id":"https:\/\/www.aliadospuebla.com\/?p=116914#primaryimage"},"thumbnailUrl":"https:\/\/www.aliadospuebla.com\/web2017\/wp-content\/uploads\/2026\/09\/008.jpg","datePublished":"2026-09-03T03:42:47+00:00","author":{"@id":"https:\/\/www.aliadospuebla.com\/#\/schema\/person\/5da7dd09320bd4f392b710017ed5f8ad"},"breadcrumb":{"@id":"https:\/\/www.aliadospuebla.com\/?p=116914#breadcrumb"},"inLanguage":"es","potentialAction":[{"@type":"ReadAction","target":["https:\/\/www.aliadospuebla.com\/?p=116914"]}]},{"@type":"ImageObject","inLanguage":"es","@id":"https:\/\/www.aliadospuebla.com\/?p=116914#primaryimage","url":"https:\/\/www.aliadospuebla.com\/web2017\/wp-content\/uploads\/2026\/09\/008.jpg","contentUrl":"https:\/\/www.aliadospuebla.com\/web2017\/wp-content\/uploads\/2026\/09\/008.jpg","width":600,"height":450},{"@type":"BreadcrumbList","@id":"https:\/\/www.aliadospuebla.com\/?p=116914#breadcrumb","itemListElement":[{"@type":"ListItem","position":1,"name":"Portada","item":"https:\/\/www.aliadospuebla.com\/"},{"@type":"ListItem","position":2,"name":"Concluyen con \u00e9xito en Puebla las 220 Asambleas Informativas en Defensa de la Soberan\u00eda Nacional: P\u00e1vel Gaspar"}]},{"@type":"WebSite","@id":"https:\/\/www.aliadospuebla.com\/#website","url":"https:\/\/www.aliadospuebla.com\/","name":"AliadosPuebla","description":"La informaci\u00f3n en tus manos","potentialAction":[{"@type":"SearchAction","target":{"@type":"EntryPoint","urlTemplate":"https:\/\/www.aliadospuebla.com\/?s={search_term_string}"},"query-input":{"@type":"PropertyValueSpecification","valueRequired":true,"valueName":"search_term_string"}}],"inLanguage":"es"},{"@type":"Person","@id":"https:\/\/www.aliadospuebla.com\/#\/schema\/person\/5da7dd09320bd4f392b710017ed5f8ad","name":"Aliados17","image":{"@type":"ImageObject","inLanguage":"es","@id":"https:\/\/www.aliadospuebla.com\/web2017\/wp-content\/uploads\/2025\/03\/cropped-para-perfil-8-anos-1-96x96.jpg","url":"https:\/\/www.aliadospuebla.com\/web2017\/wp-content\/uploads\/2025\/03\/cropped-para-perfil-8-anos-1-96x96.jpg","contentUrl":"https:\/\/www.aliadospuebla.com\/web2017\/wp-content\/uploads\/2025\/03\/cropped-para-perfil-8-anos-1-96x96.jpg","caption":"Aliados17"},"sameAs":["https:\/\/www.aliados17.com","https:\/\/www.facebook.com\/Aliados17Pue","https:\/\/x.com\/AliadosPuebla"],"url":"https:\/\/www.aliadospuebla.com\/?author=2"}]}},"views":4,"_links":{"self":[{"href":"https:\/\/www.aliadospuebla.com\/index.php?rest_route=\/wp\/v2\/posts\/116914","targetHints":{"allow":["GET"]}}],"collection":[{"href":"https:\/\/www.aliadospuebla.com\/index.php?rest_route=\/wp\/v2\/posts"}],"about":[{"href":"https:\/\/www.aliadospuebla.com\/index.php?rest_route=\/wp\/v2\/types\/post"}],"author":[{"embeddable":true,"href":"https:\/\/www.aliadospuebla.com\/index.php?rest_route=\/wp\/v2\/users\/2"}],"replies":[{"embeddable":true,"href":"https:\/\/www.aliadospuebla.com\/index.php?rest_route=%2Fwp%2Fv2%2Fcomments&post=116914"}],"version-history":[{"count":1,"href":"https:\/\/www.aliadospuebla.com\/index.php?rest_route=\/wp\/v2\/posts\/116914\/revisions"}],"predecessor-version":[{"id":116916,"href":"https:\/\/www.aliadospuebla.com\/index.php?rest_route=\/wp\/v2\/posts\/116914\/revisions\/116916"}],"wp:featuredmedia":[{"embeddable":true,"href":"https:\/\/www.aliadospuebla.com\/index.php?rest_route=\/wp\/v2\/media\/116915"}],"wp:attachment":[{"href":"https:\/\/www.aliadospuebla.com\/index.php?rest_route=%2Fwp%2Fv2%2Fmedia&parent=116914"}],"wp:term":[{"taxonomy":"category","embeddable":true,"href":"https:\/\/www.aliadospuebla.com\/index.php?rest_route=%2Fwp%2Fv2%2Fcategories&post=116914"},{"taxonomy":"post_tag","embeddable":true,"href":"https:\/\/www.aliadospuebla.com\/index.php?rest_route=%2Fwp%2Fv2%2Ftags&post=116914"}],"curies":[{"name":"wp","href":"https:\/\/api.w.org\/{rel}","templated":true}]}}