{"id":116907,"date":"2026-09-02T19:02:10","date_gmt":"2026-09-03T01:02:10","guid":{"rendered":"https:\/\/www.aliadospuebla.com\/?p=116907"},"modified":"2026-09-02T19:02:10","modified_gmt":"2026-09-03T01:02:10","slug":"teep-resolvio-un-incidente-de-inejecucion-de-sentencia-un-asunto-especial-y-cuatro-juicios-de-la-ciudadania","status":"publish","type":"post","link":"https:\/\/www.aliadospuebla.com\/?p=116907","title":{"rendered":"TEEP resolvi\u00f3 un Incidente de Inejecuci\u00f3n de Sentencia, un Asunto Especial y cuatro Juicios de la Ciudadan\u00eda"},"content":{"rendered":"<h4>En sesi\u00f3n p\u00fablica que fue transmitida por la red social de YouTube, el Tribunal Electoral del Estado de Puebla resolvi\u00f3 los asuntos que a continuaci\u00f3n se describen:<\/h4>\n<p>TEEP-AE-010\/2026<\/p>\n<p>Interpuesto por una ciudadana en su car\u00e1cter de diputada local, en contra de un periodista,<\/p>\n<p>por realizar manifestaciones que a su consideraci\u00f3n constitu\u00edan Violencia Pol\u00edtica<\/p>\n<p>contra las Mujeres por raz\u00f3n de G\u00e9nero.<\/p>\n<p>En el proyecto se propuso declarar la existencia de la infracci\u00f3n denunciada, ello,<\/p>\n<p>en raz\u00f3n de que, del acta circunstanciada desahogada por el Instituto, se advirti\u00f3<\/p>\n<p>la existencia de un video en el que se observa que el denunciado realiz\u00f3 manifestaciones<\/p>\n<p>que contienen estereotipos de g\u00e9nero.<\/p>\n<h4>En el Asunto Especial 10 de 2026, se resolvi\u00f3:<\/h4>\n<p>Se declar\u00f3 la EXISTENCIA de la infracci\u00f3n denunciada, tambi\u00e9n se impuso al denunciado<\/p>\n<p>una AMONESTACI\u00d3N P\u00daBLICA y se orden\u00f3 de cumplimiento a las medidas de reparaci\u00f3n,<\/p>\n<p>sensibilizaci\u00f3n y garant\u00edas de no repetici\u00f3n.<br \/>\nAdem\u00e1s, se solicit\u00f3 al Consejo General del Instituto Nacional Electoral y al Instituto Electoral<\/p>\n<p>del Estado de Puebla, realicen el registro del denunciado, en el Cat\u00e1logo de Sujetos Sancionados por Violencia Pol\u00edtica en contra de las Mujeres en raz\u00f3n de G\u00e9nero.<br \/>\nY se confirmaron las medidas cautelares concedidas por la Comisi\u00f3n Permanente de Quejas y Denuncias del Instituto Electoral del Estado de Puebla.<\/p>\n<h4>\nTEEP-JDC-029\/2026<\/h4>\n<p>Promovido para controvertir la resoluci\u00f3n de medidas cautelares dictadas por la Comisi\u00f3n<\/p>\n<p>de Quejas y Denuncias del Instituto Electoral del Estado de Puebla dentro de un procedimiento especial sancionador.<\/p>\n<p>En la consulta, se proponen parcialmente fundados los agravios de la parte actora<\/p>\n<p>pues de los hechos denunciados es posible desprender conductas atribuidas a diversas personas<\/p>\n<p>que no est\u00e1n vinculadas en la determinaci\u00f3n de medidas cautelares y respecto de las que la parte actora<\/p>\n<p>s\u00ed realiz\u00f3 una narrativa secuencial de los hechos posiblemente constitutivos,<\/p>\n<p>lo que la autoridad responsable debi\u00f3 considerar al momento de dictar las medidas,<\/p>\n<p>al tratarse de un asunto de violencia pol\u00edtica contra las mujeres en raz\u00f3n de g\u00e9nero.<\/p>\n<p>En el Juicio de la Ciudadan\u00eda 029 de 2026, se resolvi\u00f3:<\/p>\n<p>Se declararon parcialmente fundados los agravios y se revoc\u00f3 la resoluci\u00f3n impugnada.<\/p>\n<h4>TEEP-JDC-032\/2026<\/h4>\n<p>Interpuesto por una ciudadana, en su car\u00e1cter de militante, en contra de la resoluci\u00f3n<\/p>\n<p>de 29 de junio de 2026, dictada por la Comisi\u00f3n de Justicia del Consejo Nacional<\/p>\n<p>del Partido Acci\u00f3n Nacional.<\/p>\n<p>En el proyecto se propuso declarar parcialmente fundados los agravios analizados,<\/p>\n<p>en raz\u00f3n de que, si bien la Comisi\u00f3n de Justicia dio cumplimiento a una parte de lo ordenado<\/p>\n<p>por este Tribunal mediante la sentencia de 12 de junio de 2026, dentro del diverso juicio<\/p>\n<p>de la ciudadan\u00eda 017\/2026, pues \u00fanicamente se limit\u00f3 analizar nuevamente los agravios<\/p>\n<p>dentro del recurso de queja, sin dar inicio al procedimiento por violencia pol\u00edtica<\/p>\n<p>contra las mujeres en raz\u00f3n de g\u00e9nero, por lo que la responsable no cumpli\u00f3<\/p>\n<p>integralmente con lo ordenado por este Tribunal al resolver el juicio de referencia.<\/p>\n<p>En cuanto a los agravios restantes, en la propuesta se razon\u00f3 que deber\u00e1n ser analizados por la autoridad partidista dentro del procedimiento espec\u00edfico que corresponda.<\/p>\n<h4>En el Juicio de la Ciudadan\u00eda 32 de 2026, se resolvi\u00f3:<\/h4>\n<p>Se declararon como parcialmente fundados los agravios planteados por la parte actora<\/p>\n<p>y en consecuencia, se revoc\u00f3 la resoluci\u00f3n impugnada, para los efectos precisados en la resoluci\u00f3n.<\/p>\n<h4>\nINC-TEEP-AE-002\/2024<\/h4>\n<p>Se dio cuenta del proyecto de resoluci\u00f3n relativo al incidente de inejecuci\u00f3n de sentencia<\/p>\n<p>derivado del Asunto Especial TEEP-AE-002\/2024, mediante el cual controvierte<\/p>\n<p>el incumplimiento de la sentencia emitida por este Tribunal en dicho expediente.<\/p>\n<p>En el proyecto se propuso determinar que el presente incidente ha quedado sin materia,<\/p>\n<p>toda vez que se acredit\u00f3 el cumplimiento integral de las medidas de reparaci\u00f3n ordenadas<\/p>\n<p>en la sentencia de este Tribunal y precisadas por la Sala Regional Ciudad de M\u00e9xico del Tribunal<\/p>\n<p>Electoral del Poder Judicial de la Federaci\u00f3n.<\/p>\n<p>En particular, se tuvo por acreditada la realizaci\u00f3n y difusi\u00f3n de las disculpas p\u00fablicas, tanto en la plataforma \u201cX\u201d como en el medio de comunicaci\u00f3n correspondiente, todo en observancia a las directrices y par\u00e1metros establecidos en la sentencia emitida dentro del expediente SCM-JDC-355\/2025, emitida por la Sala Regional.<\/p>\n<h4>En el Incidente de Inejecuci\u00f3n de Sentencia 2 de 2024, se resolvi\u00f3:<\/h4>\n<p>Se declar\u00f3 sin materia el incidente de incumplimiento INC-TEEP-AE-002\/2024, al haberse acreditado el cumplimiento integral de las medidas de reparaci\u00f3n materia y se tiene por cumplido la sentencia dictada en el expediente TEEP-AE-002\/2024, al haberse acreditado el cumplimiento de las medidas de reparaci\u00f3n ordenadas en la misma.<\/p>\n<p>TEEP-JDC-030\/2026<\/p>\n<p>Promovido por un ciudadano en su car\u00e1cter de representante del Comit\u00e9 Comunitario, contra del Acuerdo de Cabildo de 2 de junio de 2026, emitido por el Ayuntamiento de Tlacotepec de Benito Ju\u00e1rez, Puebla.<br \/>\nEn el proyecto se propuso declarar la INCOMPETECIA de este Tribunal Electoral para conocer del presente medio de impugnaci\u00f3n.<\/p>\n<p>Al respecto, se consider\u00f3 que la competencia constituye un presupuesto procesal indispensable, por lo que debe ser analizada de manera oficiosa y previamente al estudio de fondo.<\/p>\n<p>En ese sentido, si bien en precedentes anteriores la Sala Superior del Tribunal electoral del Poder judicial de la Federaci\u00f3n, sostuvo que las controversias relacionadas con la transferencia de responsabilidades y la administraci\u00f3n directa de recursos de comunidades ind\u00edgenas pod\u00edan ser conocidas por los tribunales electorales, dicho criterio fue abandonado al resolver los expedientes SUP-JDC-131\/2020 y SUP-JDC-145\/2020, al considerar que la administraci\u00f3n directa de recursos incide en el \u00e1mbito del derecho presupuestario y de la hacienda municipal, materias ajenas a la jurisdicci\u00f3n electoral.<\/p>\n<p>Bajo esa consideraci\u00f3n, se estim\u00f3 que la controversia planteada en el presente asunto no versa sobre el reconocimiento del derecho de la comunidad a administrar directamente recursos p\u00fablicos, pues dicho derecho ya fue reconocido y adquiri\u00f3 el car\u00e1cter de cosa juzgada, sino sobre el monto o porcentaje de los recursos que deben ser entregados, as\u00ed como las cuestiones administrativas y presupuestarias relativas a su entrega.<\/p>\n<p>Por tanto, al encontrarse la controversia vinculada con la determinaci\u00f3n, distribuci\u00f3n y administraci\u00f3n de recursos, se consider\u00f3 que su conocimiento corresponde a la instancia competente en materia administrativa o hacendaria y no a este Tribunal Electoral.<\/p>\n<p>En el Juicio de la Ciudadan\u00eda 30 de 2026, se resolvi\u00f3:<\/p>\n<p>Este Tribunal es incompetente para conocer del presente juicio para la protecci\u00f3n de los derechos pol\u00edtico-electorales de la ciudadan\u00eda.<\/p>\n<h4>TEEP-JDC-31\/2026<\/h4>\n<p>Promovido por una regidora del municipio de Teopantl\u00e1n, Puebla, para controvertir el pago desigual de la remuneraci\u00f3n correspondiente al ejercicio de su cargo, en relaci\u00f3n con el resto de los integrantes de Cabildo.<\/p>\n<p>En el proyecto de cuenta, se propuso declarar fundado el agravio se\u00f1alado por la promovente, en virtud de que, de autos del expediente se acredit\u00f3 que desde la segunda quincena de octubre de 2024 a la segunda quincena de junio de 2026, la autoridad responsable cubri\u00f3 de forma desigual la remuneraci\u00f3n, en relaci\u00f3n a las y los dem\u00e1s regidores, ocasionando as\u00ed una vulneraci\u00f3n al art\u00edculo 127 de la Constituci\u00f3n Federal.<\/p>\n<p>No obstante, se\u00f1al\u00f3 que dicha situaci\u00f3n obedeci\u00f3 a un error administrativo, motivo por el cual orden\u00f3 que el pago se ajustara conforme al que perciben los dem\u00e1s integrantes del Cabildo, sin embargo, quedando a\u00fan pendiente el pago relativo a los meses anteriores.<\/p>\n<h4>En el Juicio de la Ciudadan\u00eda 31 de 2026, se resolvi\u00f3:<\/h4>\n<p>Es fundado el agravio expuesto por la promovente de conformidad con lo estudiado<\/p>\n<p>en la presente sentencia y se orden\u00f3 al Ayuntamiento de Teopantl\u00e1n, Puebla y al Secretario General<\/p>\n<p>de Acuerdos de este Tribunal, den cumplimiento a lo ordenado en el apartado de efectos de la presente ejecutoria.<\/p>\n","protected":false},"excerpt":{"rendered":"<p>En sesi\u00f3n p\u00fablica que fue transmitida por la red social de YouTube, el Tribunal Electoral del Estado de Puebla resolvi\u00f3 los asuntos que a continuaci\u00f3n se describen: TEEP-AE-010\/2026 Interpuesto por una ciudadana en su car\u00e1cter de diputada local, en contra de un periodista, por realizar manifestaciones que a su consideraci\u00f3n constitu\u00edan Violencia Pol\u00edtica contra las Mujeres por raz\u00f3n de G\u00e9nero. En el proyecto se propuso declarar la existencia de la infracci\u00f3n denunciada, ello, en raz\u00f3n de que, del acta circunstanciada desahogada por el Instituto, se advirti\u00f3 la existencia de un video en el que se observa que el denunciado realiz\u00f3 manifestaciones que contienen estereotipos de g\u00e9nero. En el Asunto Especial 10 de 2026, se resolvi\u00f3: Se declar\u00f3 la EXISTENCIA de la infracci\u00f3n denunciada, tambi\u00e9n se&hellip;<\/p>\n<p class=\"excerpt-more\"><a class=\"blog-excerpt button\" href=\"https:\/\/www.aliadospuebla.com\/?p=116907\">Leer m\u00e1s&#8230;<\/a><\/p>\n","protected":false},"author":2,"featured_media":116908,"comment_status":"open","ping_status":"open","sticky":false,"template":"","format":"standard","meta":{"_monsterinsights_skip_tracking":false,"footnotes":""},"categories":[6],"tags":[22235,34937,18717,9234,3430,5174],"class_list":["post-116907","post","type-post","status-publish","format-standard","has-post-thumbnail","hentry","category-politica","tag-amonestacion-publica","tag-catalogo-de-sujetos-sancionados-por-violencia-politica-en-contra-de-las-mujeres","tag-periodista","tag-sentencia","tag-teep","tag-violencia-politica"],"yoast_head":"<!-- This site is optimized with the Yoast SEO plugin v28.4 - https:\/\/yoast.com\/product\/yoast-seo-wordpress\/ -->\n<title>TEEP resolvi\u00f3 un Incidente de Inejecuci\u00f3n de Sentencia, un Asunto Especial y cuatro Juicios de la Ciudadan\u00eda - AliadosPuebla<\/title>\n<meta name=\"robots\" content=\"index, follow, max-snippet:-1, max-image-preview:large, max-video-preview:-1\" \/>\n<link rel=\"canonical\" href=\"https:\/\/www.aliadospuebla.com\/?p=116907\" \/>\n<meta property=\"og:locale\" content=\"es_ES\" \/>\n<meta property=\"og:type\" content=\"article\" \/>\n<meta property=\"og:title\" content=\"TEEP resolvi\u00f3 un Incidente de Inejecuci\u00f3n de Sentencia, un Asunto Especial y cuatro Juicios de la Ciudadan\u00eda - AliadosPuebla\" \/>\n<meta property=\"og:description\" content=\"En sesi\u00f3n p\u00fablica que fue transmitida por la red social de YouTube, el Tribunal Electoral del Estado de Puebla resolvi\u00f3 los asuntos que a continuaci\u00f3n se describen: TEEP-AE-010\/2026 Interpuesto por una ciudadana en su car\u00e1cter de diputada local, en contra de un periodista, por realizar manifestaciones que a su consideraci\u00f3n constitu\u00edan Violencia Pol\u00edtica contra las Mujeres por raz\u00f3n de G\u00e9nero. En el proyecto se propuso declarar la existencia de la infracci\u00f3n denunciada, ello, en raz\u00f3n de que, del acta circunstanciada desahogada por el Instituto, se advirti\u00f3 la existencia de un video en el que se observa que el denunciado realiz\u00f3 manifestaciones que contienen estereotipos de g\u00e9nero. En el Asunto Especial 10 de 2026, se resolvi\u00f3: Se declar\u00f3 la EXISTENCIA de la infracci\u00f3n denunciada, tambi\u00e9n se&hellip;Leer m\u00e1s...\" \/>\n<meta property=\"og:url\" content=\"https:\/\/www.aliadospuebla.com\/?p=116907\" \/>\n<meta property=\"og:site_name\" content=\"AliadosPuebla\" \/>\n<meta property=\"article:author\" content=\"https:\/\/www.facebook.com\/Aliados17Pue\" \/>\n<meta property=\"article:published_time\" content=\"2026-09-03T01:02:10+00:00\" \/>\n<meta property=\"og:image\" content=\"https:\/\/www.aliadospuebla.com\/web2017\/wp-content\/uploads\/2026\/09\/006.jpg\" \/>\n\t<meta property=\"og:image:width\" content=\"600\" \/>\n\t<meta property=\"og:image:height\" content=\"450\" \/>\n\t<meta property=\"og:image:type\" content=\"image\/jpeg\" \/>\n<meta name=\"author\" content=\"Aliados17\" \/>\n<meta name=\"twitter:card\" content=\"summary_large_image\" \/>\n<meta name=\"twitter:creator\" content=\"@AliadosPuebla\" \/>\n<meta name=\"twitter:label1\" content=\"Escrito por\" \/>\n\t<meta name=\"twitter:data1\" content=\"Aliados17\" \/>\n\t<meta name=\"twitter:label2\" content=\"Tiempo de lectura\" \/>\n\t<meta name=\"twitter:data2\" content=\"6 minutos\" \/>\n<script type=\"application\/ld+json\" class=\"yoast-schema-graph\">{\"@context\":\"https:\\\/\\\/schema.org\",\"@graph\":[{\"@type\":\"Article\",\"@id\":\"https:\\\/\\\/www.aliadospuebla.com\\\/?p=116907#article\",\"isPartOf\":{\"@id\":\"https:\\\/\\\/www.aliadospuebla.com\\\/?p=116907\"},\"author\":{\"name\":\"Aliados17\",\"@id\":\"https:\\\/\\\/www.aliadospuebla.com\\\/#\\\/schema\\\/person\\\/5da7dd09320bd4f392b710017ed5f8ad\"},\"headline\":\"TEEP resolvi\u00f3 un Incidente de Inejecuci\u00f3n de Sentencia, un Asunto Especial y cuatro Juicios de la Ciudadan\u00eda\",\"datePublished\":\"2026-09-03T01:02:10+00:00\",\"mainEntityOfPage\":{\"@id\":\"https:\\\/\\\/www.aliadospuebla.com\\\/?p=116907\"},\"wordCount\":1328,\"commentCount\":0,\"image\":{\"@id\":\"https:\\\/\\\/www.aliadospuebla.com\\\/?p=116907#primaryimage\"},\"thumbnailUrl\":\"https:\\\/\\\/www.aliadospuebla.com\\\/web2017\\\/wp-content\\\/uploads\\\/2026\\\/09\\\/006.jpg\",\"keywords\":[\"amonestaci\u00f3n p\u00fablica\",\"Cat\u00e1logo de Sujetos Sancionados por Violencia Pol\u00edtica en contra de las Mujeres\",\"periodista\",\"sentencia\",\"TEEP\",\"VIOLENCIA POL\u00cdTICA\"],\"articleSection\":[\"Pol\u00edtica\"],\"inLanguage\":\"es\",\"potentialAction\":[{\"@type\":\"CommentAction\",\"name\":\"Comment\",\"target\":[\"https:\\\/\\\/www.aliadospuebla.com\\\/?p=116907#respond\"]}]},{\"@type\":\"WebPage\",\"@id\":\"https:\\\/\\\/www.aliadospuebla.com\\\/?p=116907\",\"url\":\"https:\\\/\\\/www.aliadospuebla.com\\\/?p=116907\",\"name\":\"TEEP resolvi\u00f3 un Incidente de Inejecuci\u00f3n de Sentencia, un Asunto Especial y cuatro Juicios de la Ciudadan\u00eda - AliadosPuebla\",\"isPartOf\":{\"@id\":\"https:\\\/\\\/www.aliadospuebla.com\\\/#website\"},\"primaryImageOfPage\":{\"@id\":\"https:\\\/\\\/www.aliadospuebla.com\\\/?p=116907#primaryimage\"},\"image\":{\"@id\":\"https:\\\/\\\/www.aliadospuebla.com\\\/?p=116907#primaryimage\"},\"thumbnailUrl\":\"https:\\\/\\\/www.aliadospuebla.com\\\/web2017\\\/wp-content\\\/uploads\\\/2026\\\/09\\\/006.jpg\",\"datePublished\":\"2026-09-03T01:02:10+00:00\",\"author\":{\"@id\":\"https:\\\/\\\/www.aliadospuebla.com\\\/#\\\/schema\\\/person\\\/5da7dd09320bd4f392b710017ed5f8ad\"},\"breadcrumb\":{\"@id\":\"https:\\\/\\\/www.aliadospuebla.com\\\/?p=116907#breadcrumb\"},\"inLanguage\":\"es\",\"potentialAction\":[{\"@type\":\"ReadAction\",\"target\":[\"https:\\\/\\\/www.aliadospuebla.com\\\/?p=116907\"]}]},{\"@type\":\"ImageObject\",\"inLanguage\":\"es\",\"@id\":\"https:\\\/\\\/www.aliadospuebla.com\\\/?p=116907#primaryimage\",\"url\":\"https:\\\/\\\/www.aliadospuebla.com\\\/web2017\\\/wp-content\\\/uploads\\\/2026\\\/09\\\/006.jpg\",\"contentUrl\":\"https:\\\/\\\/www.aliadospuebla.com\\\/web2017\\\/wp-content\\\/uploads\\\/2026\\\/09\\\/006.jpg\",\"width\":600,\"height\":450},{\"@type\":\"BreadcrumbList\",\"@id\":\"https:\\\/\\\/www.aliadospuebla.com\\\/?p=116907#breadcrumb\",\"itemListElement\":[{\"@type\":\"ListItem\",\"position\":1,\"name\":\"Portada\",\"item\":\"https:\\\/\\\/www.aliadospuebla.com\\\/\"},{\"@type\":\"ListItem\",\"position\":2,\"name\":\"TEEP resolvi\u00f3 un Incidente de Inejecuci\u00f3n de Sentencia, un Asunto Especial y cuatro Juicios de la Ciudadan\u00eda\"}]},{\"@type\":\"WebSite\",\"@id\":\"https:\\\/\\\/www.aliadospuebla.com\\\/#website\",\"url\":\"https:\\\/\\\/www.aliadospuebla.com\\\/\",\"name\":\"AliadosPuebla\",\"description\":\"La informaci\u00f3n en tus manos\",\"potentialAction\":[{\"@type\":\"SearchAction\",\"target\":{\"@type\":\"EntryPoint\",\"urlTemplate\":\"https:\\\/\\\/www.aliadospuebla.com\\\/?s={search_term_string}\"},\"query-input\":{\"@type\":\"PropertyValueSpecification\",\"valueRequired\":true,\"valueName\":\"search_term_string\"}}],\"inLanguage\":\"es\"},{\"@type\":\"Person\",\"@id\":\"https:\\\/\\\/www.aliadospuebla.com\\\/#\\\/schema\\\/person\\\/5da7dd09320bd4f392b710017ed5f8ad\",\"name\":\"Aliados17\",\"image\":{\"@type\":\"ImageObject\",\"inLanguage\":\"es\",\"@id\":\"https:\\\/\\\/www.aliadospuebla.com\\\/web2017\\\/wp-content\\\/uploads\\\/2025\\\/03\\\/cropped-para-perfil-8-anos-1-96x96.jpg\",\"url\":\"https:\\\/\\\/www.aliadospuebla.com\\\/web2017\\\/wp-content\\\/uploads\\\/2025\\\/03\\\/cropped-para-perfil-8-anos-1-96x96.jpg\",\"contentUrl\":\"https:\\\/\\\/www.aliadospuebla.com\\\/web2017\\\/wp-content\\\/uploads\\\/2025\\\/03\\\/cropped-para-perfil-8-anos-1-96x96.jpg\",\"caption\":\"Aliados17\"},\"sameAs\":[\"https:\\\/\\\/www.aliados17.com\",\"https:\\\/\\\/www.facebook.com\\\/Aliados17Pue\",\"https:\\\/\\\/x.com\\\/AliadosPuebla\"],\"url\":\"https:\\\/\\\/www.aliadospuebla.com\\\/?author=2\"}]}<\/script>\n<!-- \/ Yoast SEO plugin. -->","yoast_head_json":{"title":"TEEP resolvi\u00f3 un Incidente de Inejecuci\u00f3n de Sentencia, un Asunto Especial y cuatro Juicios de la Ciudadan\u00eda - AliadosPuebla","robots":{"index":"index","follow":"follow","max-snippet":"max-snippet:-1","max-image-preview":"max-image-preview:large","max-video-preview":"max-video-preview:-1"},"canonical":"https:\/\/www.aliadospuebla.com\/?p=116907","og_locale":"es_ES","og_type":"article","og_title":"TEEP resolvi\u00f3 un Incidente de Inejecuci\u00f3n de Sentencia, un Asunto Especial y cuatro Juicios de la Ciudadan\u00eda - AliadosPuebla","og_description":"En sesi\u00f3n p\u00fablica que fue transmitida por la red social de YouTube, el Tribunal Electoral del Estado de Puebla resolvi\u00f3 los asuntos que a continuaci\u00f3n se describen: TEEP-AE-010\/2026 Interpuesto por una ciudadana en su car\u00e1cter de diputada local, en contra de un periodista, por realizar manifestaciones que a su consideraci\u00f3n constitu\u00edan Violencia Pol\u00edtica contra las Mujeres por raz\u00f3n de G\u00e9nero. En el proyecto se propuso declarar la existencia de la infracci\u00f3n denunciada, ello, en raz\u00f3n de que, del acta circunstanciada desahogada por el Instituto, se advirti\u00f3 la existencia de un video en el que se observa que el denunciado realiz\u00f3 manifestaciones que contienen estereotipos de g\u00e9nero. En el Asunto Especial 10 de 2026, se resolvi\u00f3: Se declar\u00f3 la EXISTENCIA de la infracci\u00f3n denunciada, tambi\u00e9n se&hellip;Leer m\u00e1s...","og_url":"https:\/\/www.aliadospuebla.com\/?p=116907","og_site_name":"AliadosPuebla","article_author":"https:\/\/www.facebook.com\/Aliados17Pue","article_published_time":"2026-09-03T01:02:10+00:00","og_image":[{"width":600,"height":450,"url":"https:\/\/www.aliadospuebla.com\/web2017\/wp-content\/uploads\/2026\/09\/006.jpg","type":"image\/jpeg"}],"author":"Aliados17","twitter_card":"summary_large_image","twitter_creator":"@AliadosPuebla","twitter_misc":{"Escrito por":"Aliados17","Tiempo de lectura":"6 minutos"},"schema":{"@context":"https:\/\/schema.org","@graph":[{"@type":"Article","@id":"https:\/\/www.aliadospuebla.com\/?p=116907#article","isPartOf":{"@id":"https:\/\/www.aliadospuebla.com\/?p=116907"},"author":{"name":"Aliados17","@id":"https:\/\/www.aliadospuebla.com\/#\/schema\/person\/5da7dd09320bd4f392b710017ed5f8ad"},"headline":"TEEP resolvi\u00f3 un Incidente de Inejecuci\u00f3n de Sentencia, un Asunto Especial y cuatro Juicios de la Ciudadan\u00eda","datePublished":"2026-09-03T01:02:10+00:00","mainEntityOfPage":{"@id":"https:\/\/www.aliadospuebla.com\/?p=116907"},"wordCount":1328,"commentCount":0,"image":{"@id":"https:\/\/www.aliadospuebla.com\/?p=116907#primaryimage"},"thumbnailUrl":"https:\/\/www.aliadospuebla.com\/web2017\/wp-content\/uploads\/2026\/09\/006.jpg","keywords":["amonestaci\u00f3n p\u00fablica","Cat\u00e1logo de Sujetos Sancionados por Violencia Pol\u00edtica en contra de las Mujeres","periodista","sentencia","TEEP","VIOLENCIA POL\u00cdTICA"],"articleSection":["Pol\u00edtica"],"inLanguage":"es","potentialAction":[{"@type":"CommentAction","name":"Comment","target":["https:\/\/www.aliadospuebla.com\/?p=116907#respond"]}]},{"@type":"WebPage","@id":"https:\/\/www.aliadospuebla.com\/?p=116907","url":"https:\/\/www.aliadospuebla.com\/?p=116907","name":"TEEP resolvi\u00f3 un Incidente de Inejecuci\u00f3n de Sentencia, un Asunto Especial y cuatro Juicios de la Ciudadan\u00eda - AliadosPuebla","isPartOf":{"@id":"https:\/\/www.aliadospuebla.com\/#website"},"primaryImageOfPage":{"@id":"https:\/\/www.aliadospuebla.com\/?p=116907#primaryimage"},"image":{"@id":"https:\/\/www.aliadospuebla.com\/?p=116907#primaryimage"},"thumbnailUrl":"https:\/\/www.aliadospuebla.com\/web2017\/wp-content\/uploads\/2026\/09\/006.jpg","datePublished":"2026-09-03T01:02:10+00:00","author":{"@id":"https:\/\/www.aliadospuebla.com\/#\/schema\/person\/5da7dd09320bd4f392b710017ed5f8ad"},"breadcrumb":{"@id":"https:\/\/www.aliadospuebla.com\/?p=116907#breadcrumb"},"inLanguage":"es","potentialAction":[{"@type":"ReadAction","target":["https:\/\/www.aliadospuebla.com\/?p=116907"]}]},{"@type":"ImageObject","inLanguage":"es","@id":"https:\/\/www.aliadospuebla.com\/?p=116907#primaryimage","url":"https:\/\/www.aliadospuebla.com\/web2017\/wp-content\/uploads\/2026\/09\/006.jpg","contentUrl":"https:\/\/www.aliadospuebla.com\/web2017\/wp-content\/uploads\/2026\/09\/006.jpg","width":600,"height":450},{"@type":"BreadcrumbList","@id":"https:\/\/www.aliadospuebla.com\/?p=116907#breadcrumb","itemListElement":[{"@type":"ListItem","position":1,"name":"Portada","item":"https:\/\/www.aliadospuebla.com\/"},{"@type":"ListItem","position":2,"name":"TEEP resolvi\u00f3 un Incidente de Inejecuci\u00f3n de Sentencia, un Asunto Especial y cuatro Juicios de la Ciudadan\u00eda"}]},{"@type":"WebSite","@id":"https:\/\/www.aliadospuebla.com\/#website","url":"https:\/\/www.aliadospuebla.com\/","name":"AliadosPuebla","description":"La informaci\u00f3n en tus manos","potentialAction":[{"@type":"SearchAction","target":{"@type":"EntryPoint","urlTemplate":"https:\/\/www.aliadospuebla.com\/?s={search_term_string}"},"query-input":{"@type":"PropertyValueSpecification","valueRequired":true,"valueName":"search_term_string"}}],"inLanguage":"es"},{"@type":"Person","@id":"https:\/\/www.aliadospuebla.com\/#\/schema\/person\/5da7dd09320bd4f392b710017ed5f8ad","name":"Aliados17","image":{"@type":"ImageObject","inLanguage":"es","@id":"https:\/\/www.aliadospuebla.com\/web2017\/wp-content\/uploads\/2025\/03\/cropped-para-perfil-8-anos-1-96x96.jpg","url":"https:\/\/www.aliadospuebla.com\/web2017\/wp-content\/uploads\/2025\/03\/cropped-para-perfil-8-anos-1-96x96.jpg","contentUrl":"https:\/\/www.aliadospuebla.com\/web2017\/wp-content\/uploads\/2025\/03\/cropped-para-perfil-8-anos-1-96x96.jpg","caption":"Aliados17"},"sameAs":["https:\/\/www.aliados17.com","https:\/\/www.facebook.com\/Aliados17Pue","https:\/\/x.com\/AliadosPuebla"],"url":"https:\/\/www.aliadospuebla.com\/?author=2"}]}},"views":6,"_links":{"self":[{"href":"https:\/\/www.aliadospuebla.com\/index.php?rest_route=\/wp\/v2\/posts\/116907","targetHints":{"allow":["GET"]}}],"collection":[{"href":"https:\/\/www.aliadospuebla.com\/index.php?rest_route=\/wp\/v2\/posts"}],"about":[{"href":"https:\/\/www.aliadospuebla.com\/index.php?rest_route=\/wp\/v2\/types\/post"}],"author":[{"embeddable":true,"href":"https:\/\/www.aliadospuebla.com\/index.php?rest_route=\/wp\/v2\/users\/2"}],"replies":[{"embeddable":true,"href":"https:\/\/www.aliadospuebla.com\/index.php?rest_route=%2Fwp%2Fv2%2Fcomments&post=116907"}],"version-history":[{"count":1,"href":"https:\/\/www.aliadospuebla.com\/index.php?rest_route=\/wp\/v2\/posts\/116907\/revisions"}],"predecessor-version":[{"id":116909,"href":"https:\/\/www.aliadospuebla.com\/index.php?rest_route=\/wp\/v2\/posts\/116907\/revisions\/116909"}],"wp:featuredmedia":[{"embeddable":true,"href":"https:\/\/www.aliadospuebla.com\/index.php?rest_route=\/wp\/v2\/media\/116908"}],"wp:attachment":[{"href":"https:\/\/www.aliadospuebla.com\/index.php?rest_route=%2Fwp%2Fv2%2Fmedia&parent=116907"}],"wp:term":[{"taxonomy":"category","embeddable":true,"href":"https:\/\/www.aliadospuebla.com\/index.php?rest_route=%2Fwp%2Fv2%2Fcategories&post=116907"},{"taxonomy":"post_tag","embeddable":true,"href":"https:\/\/www.aliadospuebla.com\/index.php?rest_route=%2Fwp%2Fv2%2Ftags&post=116907"}],"curies":[{"name":"wp","href":"https:\/\/api.w.org\/{rel}","templated":true}]}}