{"id":116902,"date":"2026-09-02T08:41:35","date_gmt":"2026-09-02T14:41:35","guid":{"rendered":"https:\/\/www.aliadospuebla.com\/?p=116902"},"modified":"2026-09-02T08:41:35","modified_gmt":"2026-09-02T14:41:35","slug":"con-mijares-y-miles-de-visitantes-tonantzin-fernandez-inaugura-la-76a-feria-milenaria","status":"publish","type":"post","link":"https:\/\/www.aliadospuebla.com\/?p=116902","title":{"rendered":"Con Mijares y miles de visitantes, Tonantzin Fern\u00e1ndez inaugura la 76\u00aa Feria Milenaria"},"content":{"rendered":"<h4>La presidenta municipal encabez\u00f3 el corte de list\u00f3n y destac\u00f3 que San Pedro Cholula est\u00e1 listo para recibir a visitantes durante esta gran celebraci\u00f3n.<\/h4>\n<p>San Pedro Cholula, Pue. \u2013 En un ambiente familiar de tradici\u00f3n, cultura y m\u00fasica, se llev\u00f3 a cabo el arranque de la 76\u00aa Feria Milenaria de San Pedro Cholula, que reuni\u00f3<\/p>\n<p>a miles de cholultecas y visitantes<\/p>\n<p>en la Plaza de la Concordia y el Z\u00f3calo, quienes disfrutaron del corredor gastron\u00f3mico, comercial y artesanal,<\/p>\n<p>as\u00ed como de la presentaci\u00f3n estelar de Mijares, que cerr\u00f3 con broche de oro esta primera jornada.<\/p>\n<p>Previo a la inauguraci\u00f3n de la Gran Feria<\/p>\n<p>de Cholula, la presidenta municipal, Tonantzin Fern\u00e1ndez, encabez\u00f3 la firma<\/p>\n<p>de hermanamiento con los municipios de Tecali de Herrera, Huauchinango, Xicotepec<\/p>\n<p>y Tehuac\u00e1n, de Puebla, as\u00ed como con Puerto Morelos, de Quintana Roo, con el objetivo de reafirmar los lazos entre estas demarcaciones y sumar esfuerzos en favor del turismo y la cultura.<\/p>\n<p>Al respecto, Tonantzin Fern\u00e1ndez afirm\u00f3<\/p>\n<p>que trabajar en favor del turismo estatal<\/p>\n<p>y nacional supera cualquier tipo de frontera, hecho que dio pie a la firma de estos hermanamientos, mediante los cuales se busca compartir y fortalecer la cultura<\/p>\n<p>y las tradiciones que dan identidad a M\u00e9xico como un pa\u00eds pluricultural y \u00fanico en el mundo.<\/p>\n<h4>Asimismo, agradeci\u00f3 a los municipios participantes por su disposici\u00f3n para estrechar estos v\u00ednculos.<\/h4>\n<p>Posteriormente, desde la Plaza de la Concordia y acompa\u00f1ada por autoridades estatales, Tonantzin Fern\u00e1ndez encabez\u00f3<\/p>\n<p>el corte de list\u00f3n inaugural de la 76\u00aa edici\u00f3n de la Gran Feria Milenaria de San Pedro Cholula, dando paso a un recorrido por el Pabell\u00f3n de Pueblos M\u00e1gicos, as\u00ed como por los corredores comerciales, gastron\u00f3micos<\/p>\n<p>y artesanales.<\/p>\n<p>Durante el recorrido, la presidenta municipal reafirm\u00f3 su compromiso de ofrecer una feria familiar y segura, con actividades para todos los gustos y edades, adem\u00e1s de una cartelera art\u00edstica atractiva no s\u00f3lo para las y los cholultecas, sino tambi\u00e9n para poblanos<\/p>\n<p>de otros municipios y visitantes de diversos estados y pa\u00edses. En este sentido, agradeci\u00f3<\/p>\n<p>la suma de esfuerzos de todas las \u00e1reas del Ayuntamiento que hicieron posible el desarrollo de esta celebraci\u00f3n.<\/p>\n<p>La noche cerr\u00f3 con broche de oro con la presentaci\u00f3n del cantante Mijares, quien puso a cantar y corear sus m\u00e1s grandes \u00e9xitos a las miles de personas reunidas en la Plaza de la Concordia.<\/p>\n<p>El artista agradeci\u00f3 el c\u00e1lido recibimiento<\/p>\n<p>del p\u00fablico y la invitaci\u00f3n de la presidenta municipal, quien le entreg\u00f3 un reconocimiento por su participaci\u00f3n en el primer d\u00eda de la Feria Milenaria.<\/p>\n<p>Finalmente, Tonantzin Fern\u00e1ndez agradeci\u00f3 la presencia de Samuel Aguilar Pala, titular de la Secretar\u00eda de Gobernaci\u00f3n del Estado, durante este arranque de la Gran Feria de Cholula, y reconoci\u00f3 el respaldo del Gobierno del Estado, encabezado por Alejandro Armenta, para impulsar y promover a San Pedro Cholula como uno de los destinos tur\u00edsticos m\u00e1s importantes de Puebla y de M\u00e9xico.<\/p>\n","protected":false},"excerpt":{"rendered":"<p>La presidenta municipal encabez\u00f3 el corte de list\u00f3n y destac\u00f3 que San Pedro Cholula est\u00e1 listo para recibir a visitantes durante esta gran celebraci\u00f3n. San Pedro Cholula, Pue. \u2013 En un ambiente familiar de tradici\u00f3n, cultura y m\u00fasica, se llev\u00f3 a cabo el arranque de la 76\u00aa Feria Milenaria de San Pedro Cholula, que reuni\u00f3 a miles de cholultecas y visitantes en la Plaza de la Concordia y el Z\u00f3calo, quienes disfrutaron del corredor gastron\u00f3mico, comercial y artesanal, as\u00ed como de la presentaci\u00f3n estelar de Mijares, que cerr\u00f3 con broche de oro esta primera jornada. Previo a la inauguraci\u00f3n de la Gran Feria de Cholula, la presidenta municipal, Tonantzin Fern\u00e1ndez, encabez\u00f3 la firma de hermanamiento con los municipios de Tecali de Herrera, Huauchinango, Xicotepec y&hellip;<\/p>\n<p class=\"excerpt-more\"><a class=\"blog-excerpt button\" href=\"https:\/\/www.aliadospuebla.com\/?p=116902\">Leer m\u00e1s&#8230;<\/a><\/p>\n","protected":false},"author":2,"featured_media":116903,"comment_status":"open","ping_status":"open","sticky":false,"template":"","format":"standard","meta":{"_monsterinsights_skip_tracking":false,"footnotes":""},"categories":[4],"tags":[24062,34935,1910,5274,659,34936,8071,459,387,7394,631],"class_list":["post-116902","post","type-post","status-publish","format-standard","has-post-thumbnail","hentry","category-municipios","tag-corredor-gastronomico","tag-feria-milenaria","tag-hermanamiento","tag-identidad","tag-inauguracion","tag-mijares","tag-plaza-de-la-concordia","tag-pueblos-magicos","tag-san-pedro-cholula","tag-tonantzin-fernandez","tag-tradiciones"],"yoast_head":"<!-- This site is optimized with the Yoast SEO plugin v28.3 - https:\/\/yoast.com\/product\/yoast-seo-wordpress\/ -->\n<title>Con Mijares y miles de visitantes, Tonantzin Fern\u00e1ndez inaugura la 76\u00aa Feria Milenaria - AliadosPuebla<\/title>\n<meta name=\"robots\" content=\"index, follow, max-snippet:-1, max-image-preview:large, max-video-preview:-1\" \/>\n<link rel=\"canonical\" href=\"https:\/\/www.aliadospuebla.com\/?p=116902\" \/>\n<meta property=\"og:locale\" content=\"es_ES\" \/>\n<meta property=\"og:type\" content=\"article\" \/>\n<meta property=\"og:title\" content=\"Con Mijares y miles de visitantes, Tonantzin Fern\u00e1ndez inaugura la 76\u00aa Feria Milenaria - AliadosPuebla\" \/>\n<meta property=\"og:description\" content=\"La presidenta municipal encabez\u00f3 el corte de list\u00f3n y destac\u00f3 que San Pedro Cholula est\u00e1 listo para recibir a visitantes durante esta gran celebraci\u00f3n. San Pedro Cholula, Pue. \u2013 En un ambiente familiar de tradici\u00f3n, cultura y m\u00fasica, se llev\u00f3 a cabo el arranque de la 76\u00aa Feria Milenaria de San Pedro Cholula, que reuni\u00f3 a miles de cholultecas y visitantes en la Plaza de la Concordia y el Z\u00f3calo, quienes disfrutaron del corredor gastron\u00f3mico, comercial y artesanal, as\u00ed como de la presentaci\u00f3n estelar de Mijares, que cerr\u00f3 con broche de oro esta primera jornada. Previo a la inauguraci\u00f3n de la Gran Feria de Cholula, la presidenta municipal, Tonantzin Fern\u00e1ndez, encabez\u00f3 la firma de hermanamiento con los municipios de Tecali de Herrera, Huauchinango, Xicotepec y&hellip;Leer m\u00e1s...\" \/>\n<meta property=\"og:url\" content=\"https:\/\/www.aliadospuebla.com\/?p=116902\" \/>\n<meta property=\"og:site_name\" content=\"AliadosPuebla\" \/>\n<meta property=\"article:author\" content=\"https:\/\/www.facebook.com\/Aliados17Pue\" \/>\n<meta property=\"article:published_time\" content=\"2026-09-02T14:41:35+00:00\" \/>\n<meta property=\"og:image\" content=\"https:\/\/www.aliadospuebla.com\/web2017\/wp-content\/uploads\/2026\/09\/PSX_20260902_083437.jpg\" \/>\n\t<meta property=\"og:image:width\" content=\"600\" \/>\n\t<meta property=\"og:image:height\" content=\"450\" \/>\n\t<meta property=\"og:image:type\" content=\"image\/jpeg\" \/>\n<meta name=\"author\" content=\"Aliados17\" \/>\n<meta name=\"twitter:card\" content=\"summary_large_image\" \/>\n<meta name=\"twitter:creator\" content=\"@AliadosPuebla\" \/>\n<meta name=\"twitter:label1\" content=\"Escrito por\" \/>\n\t<meta name=\"twitter:data1\" content=\"Aliados17\" \/>\n\t<meta name=\"twitter:label2\" content=\"Tiempo de lectura\" \/>\n\t<meta name=\"twitter:data2\" content=\"3 minutos\" \/>\n<script type=\"application\/ld+json\" class=\"yoast-schema-graph\">{\"@context\":\"https:\\\/\\\/schema.org\",\"@graph\":[{\"@type\":\"Article\",\"@id\":\"https:\\\/\\\/www.aliadospuebla.com\\\/?p=116902#article\",\"isPartOf\":{\"@id\":\"https:\\\/\\\/www.aliadospuebla.com\\\/?p=116902\"},\"author\":{\"name\":\"Aliados17\",\"@id\":\"https:\\\/\\\/www.aliadospuebla.com\\\/#\\\/schema\\\/person\\\/5da7dd09320bd4f392b710017ed5f8ad\"},\"headline\":\"Con Mijares y miles de visitantes, Tonantzin Fern\u00e1ndez inaugura la 76\u00aa Feria Milenaria\",\"datePublished\":\"2026-09-02T14:41:35+00:00\",\"mainEntityOfPage\":{\"@id\":\"https:\\\/\\\/www.aliadospuebla.com\\\/?p=116902\"},\"wordCount\":528,\"commentCount\":0,\"image\":{\"@id\":\"https:\\\/\\\/www.aliadospuebla.com\\\/?p=116902#primaryimage\"},\"thumbnailUrl\":\"https:\\\/\\\/www.aliadospuebla.com\\\/web2017\\\/wp-content\\\/uploads\\\/2026\\\/09\\\/PSX_20260902_083437.jpg\",\"keywords\":[\"corredor gastron\u00f3mico\",\"Feria Milenaria\",\"HERMANAMIENTO\",\"IDENTIDAD\",\"INAUGURACI\u00d3N\",\"Mijares\",\"PLAZA DE LA CONCORDIA\",\"PUEBLOS M\u00c1GICOS\",\"SAN PEDRO CHOLULA\",\"TONANTZIN FERN\u00c1NDEZ\",\"TRADICIONES\"],\"articleSection\":[\"Municipios\"],\"inLanguage\":\"es\",\"potentialAction\":[{\"@type\":\"CommentAction\",\"name\":\"Comment\",\"target\":[\"https:\\\/\\\/www.aliadospuebla.com\\\/?p=116902#respond\"]}]},{\"@type\":\"WebPage\",\"@id\":\"https:\\\/\\\/www.aliadospuebla.com\\\/?p=116902\",\"url\":\"https:\\\/\\\/www.aliadospuebla.com\\\/?p=116902\",\"name\":\"Con Mijares y miles de visitantes, Tonantzin Fern\u00e1ndez inaugura la 76\u00aa Feria Milenaria - AliadosPuebla\",\"isPartOf\":{\"@id\":\"https:\\\/\\\/www.aliadospuebla.com\\\/#website\"},\"primaryImageOfPage\":{\"@id\":\"https:\\\/\\\/www.aliadospuebla.com\\\/?p=116902#primaryimage\"},\"image\":{\"@id\":\"https:\\\/\\\/www.aliadospuebla.com\\\/?p=116902#primaryimage\"},\"thumbnailUrl\":\"https:\\\/\\\/www.aliadospuebla.com\\\/web2017\\\/wp-content\\\/uploads\\\/2026\\\/09\\\/PSX_20260902_083437.jpg\",\"datePublished\":\"2026-09-02T14:41:35+00:00\",\"author\":{\"@id\":\"https:\\\/\\\/www.aliadospuebla.com\\\/#\\\/schema\\\/person\\\/5da7dd09320bd4f392b710017ed5f8ad\"},\"breadcrumb\":{\"@id\":\"https:\\\/\\\/www.aliadospuebla.com\\\/?p=116902#breadcrumb\"},\"inLanguage\":\"es\",\"potentialAction\":[{\"@type\":\"ReadAction\",\"target\":[\"https:\\\/\\\/www.aliadospuebla.com\\\/?p=116902\"]}]},{\"@type\":\"ImageObject\",\"inLanguage\":\"es\",\"@id\":\"https:\\\/\\\/www.aliadospuebla.com\\\/?p=116902#primaryimage\",\"url\":\"https:\\\/\\\/www.aliadospuebla.com\\\/web2017\\\/wp-content\\\/uploads\\\/2026\\\/09\\\/PSX_20260902_083437.jpg\",\"contentUrl\":\"https:\\\/\\\/www.aliadospuebla.com\\\/web2017\\\/wp-content\\\/uploads\\\/2026\\\/09\\\/PSX_20260902_083437.jpg\",\"width\":600,\"height\":450},{\"@type\":\"BreadcrumbList\",\"@id\":\"https:\\\/\\\/www.aliadospuebla.com\\\/?p=116902#breadcrumb\",\"itemListElement\":[{\"@type\":\"ListItem\",\"position\":1,\"name\":\"Portada\",\"item\":\"https:\\\/\\\/www.aliadospuebla.com\\\/\"},{\"@type\":\"ListItem\",\"position\":2,\"name\":\"Con Mijares y miles de visitantes, Tonantzin Fern\u00e1ndez inaugura la 76\u00aa Feria Milenaria\"}]},{\"@type\":\"WebSite\",\"@id\":\"https:\\\/\\\/www.aliadospuebla.com\\\/#website\",\"url\":\"https:\\\/\\\/www.aliadospuebla.com\\\/\",\"name\":\"AliadosPuebla\",\"description\":\"La informaci\u00f3n en tus manos\",\"potentialAction\":[{\"@type\":\"SearchAction\",\"target\":{\"@type\":\"EntryPoint\",\"urlTemplate\":\"https:\\\/\\\/www.aliadospuebla.com\\\/?s={search_term_string}\"},\"query-input\":{\"@type\":\"PropertyValueSpecification\",\"valueRequired\":true,\"valueName\":\"search_term_string\"}}],\"inLanguage\":\"es\"},{\"@type\":\"Person\",\"@id\":\"https:\\\/\\\/www.aliadospuebla.com\\\/#\\\/schema\\\/person\\\/5da7dd09320bd4f392b710017ed5f8ad\",\"name\":\"Aliados17\",\"image\":{\"@type\":\"ImageObject\",\"inLanguage\":\"es\",\"@id\":\"https:\\\/\\\/www.aliadospuebla.com\\\/web2017\\\/wp-content\\\/uploads\\\/2025\\\/03\\\/cropped-para-perfil-8-anos-1-96x96.jpg\",\"url\":\"https:\\\/\\\/www.aliadospuebla.com\\\/web2017\\\/wp-content\\\/uploads\\\/2025\\\/03\\\/cropped-para-perfil-8-anos-1-96x96.jpg\",\"contentUrl\":\"https:\\\/\\\/www.aliadospuebla.com\\\/web2017\\\/wp-content\\\/uploads\\\/2025\\\/03\\\/cropped-para-perfil-8-anos-1-96x96.jpg\",\"caption\":\"Aliados17\"},\"sameAs\":[\"https:\\\/\\\/www.aliados17.com\",\"https:\\\/\\\/www.facebook.com\\\/Aliados17Pue\",\"https:\\\/\\\/x.com\\\/AliadosPuebla\"],\"url\":\"https:\\\/\\\/www.aliadospuebla.com\\\/?author=2\"}]}<\/script>\n<!-- \/ Yoast SEO plugin. -->","yoast_head_json":{"title":"Con Mijares y miles de visitantes, Tonantzin Fern\u00e1ndez inaugura la 76\u00aa Feria Milenaria - AliadosPuebla","robots":{"index":"index","follow":"follow","max-snippet":"max-snippet:-1","max-image-preview":"max-image-preview:large","max-video-preview":"max-video-preview:-1"},"canonical":"https:\/\/www.aliadospuebla.com\/?p=116902","og_locale":"es_ES","og_type":"article","og_title":"Con Mijares y miles de visitantes, Tonantzin Fern\u00e1ndez inaugura la 76\u00aa Feria Milenaria - AliadosPuebla","og_description":"La presidenta municipal encabez\u00f3 el corte de list\u00f3n y destac\u00f3 que San Pedro Cholula est\u00e1 listo para recibir a visitantes durante esta gran celebraci\u00f3n. San Pedro Cholula, Pue. \u2013 En un ambiente familiar de tradici\u00f3n, cultura y m\u00fasica, se llev\u00f3 a cabo el arranque de la 76\u00aa Feria Milenaria de San Pedro Cholula, que reuni\u00f3 a miles de cholultecas y visitantes en la Plaza de la Concordia y el Z\u00f3calo, quienes disfrutaron del corredor gastron\u00f3mico, comercial y artesanal, as\u00ed como de la presentaci\u00f3n estelar de Mijares, que cerr\u00f3 con broche de oro esta primera jornada. Previo a la inauguraci\u00f3n de la Gran Feria de Cholula, la presidenta municipal, Tonantzin Fern\u00e1ndez, encabez\u00f3 la firma de hermanamiento con los municipios de Tecali de Herrera, Huauchinango, Xicotepec y&hellip;Leer m\u00e1s...","og_url":"https:\/\/www.aliadospuebla.com\/?p=116902","og_site_name":"AliadosPuebla","article_author":"https:\/\/www.facebook.com\/Aliados17Pue","article_published_time":"2026-09-02T14:41:35+00:00","og_image":[{"width":600,"height":450,"url":"https:\/\/www.aliadospuebla.com\/web2017\/wp-content\/uploads\/2026\/09\/PSX_20260902_083437.jpg","type":"image\/jpeg"}],"author":"Aliados17","twitter_card":"summary_large_image","twitter_creator":"@AliadosPuebla","twitter_misc":{"Escrito por":"Aliados17","Tiempo de lectura":"3 minutos"},"schema":{"@context":"https:\/\/schema.org","@graph":[{"@type":"Article","@id":"https:\/\/www.aliadospuebla.com\/?p=116902#article","isPartOf":{"@id":"https:\/\/www.aliadospuebla.com\/?p=116902"},"author":{"name":"Aliados17","@id":"https:\/\/www.aliadospuebla.com\/#\/schema\/person\/5da7dd09320bd4f392b710017ed5f8ad"},"headline":"Con Mijares y miles de visitantes, Tonantzin Fern\u00e1ndez inaugura la 76\u00aa Feria Milenaria","datePublished":"2026-09-02T14:41:35+00:00","mainEntityOfPage":{"@id":"https:\/\/www.aliadospuebla.com\/?p=116902"},"wordCount":528,"commentCount":0,"image":{"@id":"https:\/\/www.aliadospuebla.com\/?p=116902#primaryimage"},"thumbnailUrl":"https:\/\/www.aliadospuebla.com\/web2017\/wp-content\/uploads\/2026\/09\/PSX_20260902_083437.jpg","keywords":["corredor gastron\u00f3mico","Feria Milenaria","HERMANAMIENTO","IDENTIDAD","INAUGURACI\u00d3N","Mijares","PLAZA DE LA CONCORDIA","PUEBLOS M\u00c1GICOS","SAN PEDRO CHOLULA","TONANTZIN FERN\u00c1NDEZ","TRADICIONES"],"articleSection":["Municipios"],"inLanguage":"es","potentialAction":[{"@type":"CommentAction","name":"Comment","target":["https:\/\/www.aliadospuebla.com\/?p=116902#respond"]}]},{"@type":"WebPage","@id":"https:\/\/www.aliadospuebla.com\/?p=116902","url":"https:\/\/www.aliadospuebla.com\/?p=116902","name":"Con Mijares y miles de visitantes, Tonantzin Fern\u00e1ndez inaugura la 76\u00aa Feria Milenaria - AliadosPuebla","isPartOf":{"@id":"https:\/\/www.aliadospuebla.com\/#website"},"primaryImageOfPage":{"@id":"https:\/\/www.aliadospuebla.com\/?p=116902#primaryimage"},"image":{"@id":"https:\/\/www.aliadospuebla.com\/?p=116902#primaryimage"},"thumbnailUrl":"https:\/\/www.aliadospuebla.com\/web2017\/wp-content\/uploads\/2026\/09\/PSX_20260902_083437.jpg","datePublished":"2026-09-02T14:41:35+00:00","author":{"@id":"https:\/\/www.aliadospuebla.com\/#\/schema\/person\/5da7dd09320bd4f392b710017ed5f8ad"},"breadcrumb":{"@id":"https:\/\/www.aliadospuebla.com\/?p=116902#breadcrumb"},"inLanguage":"es","potentialAction":[{"@type":"ReadAction","target":["https:\/\/www.aliadospuebla.com\/?p=116902"]}]},{"@type":"ImageObject","inLanguage":"es","@id":"https:\/\/www.aliadospuebla.com\/?p=116902#primaryimage","url":"https:\/\/www.aliadospuebla.com\/web2017\/wp-content\/uploads\/2026\/09\/PSX_20260902_083437.jpg","contentUrl":"https:\/\/www.aliadospuebla.com\/web2017\/wp-content\/uploads\/2026\/09\/PSX_20260902_083437.jpg","width":600,"height":450},{"@type":"BreadcrumbList","@id":"https:\/\/www.aliadospuebla.com\/?p=116902#breadcrumb","itemListElement":[{"@type":"ListItem","position":1,"name":"Portada","item":"https:\/\/www.aliadospuebla.com\/"},{"@type":"ListItem","position":2,"name":"Con Mijares y miles de visitantes, Tonantzin Fern\u00e1ndez inaugura la 76\u00aa Feria Milenaria"}]},{"@type":"WebSite","@id":"https:\/\/www.aliadospuebla.com\/#website","url":"https:\/\/www.aliadospuebla.com\/","name":"AliadosPuebla","description":"La informaci\u00f3n en tus manos","potentialAction":[{"@type":"SearchAction","target":{"@type":"EntryPoint","urlTemplate":"https:\/\/www.aliadospuebla.com\/?s={search_term_string}"},"query-input":{"@type":"PropertyValueSpecification","valueRequired":true,"valueName":"search_term_string"}}],"inLanguage":"es"},{"@type":"Person","@id":"https:\/\/www.aliadospuebla.com\/#\/schema\/person\/5da7dd09320bd4f392b710017ed5f8ad","name":"Aliados17","image":{"@type":"ImageObject","inLanguage":"es","@id":"https:\/\/www.aliadospuebla.com\/web2017\/wp-content\/uploads\/2025\/03\/cropped-para-perfil-8-anos-1-96x96.jpg","url":"https:\/\/www.aliadospuebla.com\/web2017\/wp-content\/uploads\/2025\/03\/cropped-para-perfil-8-anos-1-96x96.jpg","contentUrl":"https:\/\/www.aliadospuebla.com\/web2017\/wp-content\/uploads\/2025\/03\/cropped-para-perfil-8-anos-1-96x96.jpg","caption":"Aliados17"},"sameAs":["https:\/\/www.aliados17.com","https:\/\/www.facebook.com\/Aliados17Pue","https:\/\/x.com\/AliadosPuebla"],"url":"https:\/\/www.aliadospuebla.com\/?author=2"}]}},"views":14,"_links":{"self":[{"href":"https:\/\/www.aliadospuebla.com\/index.php?rest_route=\/wp\/v2\/posts\/116902","targetHints":{"allow":["GET"]}}],"collection":[{"href":"https:\/\/www.aliadospuebla.com\/index.php?rest_route=\/wp\/v2\/posts"}],"about":[{"href":"https:\/\/www.aliadospuebla.com\/index.php?rest_route=\/wp\/v2\/types\/post"}],"author":[{"embeddable":true,"href":"https:\/\/www.aliadospuebla.com\/index.php?rest_route=\/wp\/v2\/users\/2"}],"replies":[{"embeddable":true,"href":"https:\/\/www.aliadospuebla.com\/index.php?rest_route=%2Fwp%2Fv2%2Fcomments&post=116902"}],"version-history":[{"count":1,"href":"https:\/\/www.aliadospuebla.com\/index.php?rest_route=\/wp\/v2\/posts\/116902\/revisions"}],"predecessor-version":[{"id":116904,"href":"https:\/\/www.aliadospuebla.com\/index.php?rest_route=\/wp\/v2\/posts\/116902\/revisions\/116904"}],"wp:featuredmedia":[{"embeddable":true,"href":"https:\/\/www.aliadospuebla.com\/index.php?rest_route=\/wp\/v2\/media\/116903"}],"wp:attachment":[{"href":"https:\/\/www.aliadospuebla.com\/index.php?rest_route=%2Fwp%2Fv2%2Fmedia&parent=116902"}],"wp:term":[{"taxonomy":"category","embeddable":true,"href":"https:\/\/www.aliadospuebla.com\/index.php?rest_route=%2Fwp%2Fv2%2Fcategories&post=116902"},{"taxonomy":"post_tag","embeddable":true,"href":"https:\/\/www.aliadospuebla.com\/index.php?rest_route=%2Fwp%2Fv2%2Ftags&post=116902"}],"curies":[{"name":"wp","href":"https:\/\/api.w.org\/{rel}","templated":true}]}}