{"id":116897,"date":"2026-08-28T08:10:47","date_gmt":"2026-08-28T14:10:47","guid":{"rendered":"https:\/\/www.aliadospuebla.com\/?p=116897"},"modified":"2026-09-02T08:14:16","modified_gmt":"2026-09-02T14:14:16","slug":"tecamachalco-celebra-a-sus-adultos-mayores-con-musica-y-alegria","status":"publish","type":"post","link":"https:\/\/www.aliadospuebla.com\/?p=116897","title":{"rendered":"Tecamachalco celebra a sus adultos mayores con m\u00fasica y alegr\u00eda"},"content":{"rendered":"<p>Tecamachalco, Puebla.\u2013 En el marco de la Feria Patronal Tecamachalco 2026, cientos<\/p>\n<p>de adultos mayores y sus familias se reunieron en el Parque Ju\u00e1rez para<\/p>\n<p>disfrutar de una tarde dedicada especialmente a nuestros abuelitos,<\/p>\n<p>llena de m\u00fasica, convivencia y alegr\u00eda.<\/p>\n<p>El presidente municipal Mateo Hern\u00e1ndez L\u00f3pez, acompa\u00f1ado por su esposa, la presidenta honoraria del SMDIF, Mar\u00eda<\/p>\n<p>del Rosario Guti\u00e9rrez Ni\u00f1o, e integrantes del Cabildo Municipal, comparti\u00f3 esta celebraci\u00f3n con las familias tecamachalquenses, reconociendo el valor<\/p>\n<p>y la importancia de los adultos mayores<\/p>\n<p>en la vida y las tradiciones del municipio.<\/p>\n<p>La tarde estuvo acompa\u00f1ada por las presentaciones de Mariachi Uni\u00f3n Mexicana, Mariachi M\u00e9xico, Mariachi Alas de Oro y Mariachi Azul y Oro, quienes pusieron el ambiente y regalaron una tarde especial<\/p>\n<p>a los asistentes. Adem\u00e1s, las familias disfrutaron de pastel, rifas de boletos<\/p>\n<p>y diferentes momentos de convivencia.<\/p>\n<p>Con esta celebraci\u00f3n, el Gobierno de Tecamachalco refrenda su reconocimiento<\/p>\n<p>a las y los adultos mayores, agradeciendo a las familias que se sumaron a esta tarde<\/p>\n<p>de convivencia y que hicieron posible compartir juntos una celebraci\u00f3n llena de m\u00fasica y tradici\u00f3n.<\/p>\n","protected":false},"excerpt":{"rendered":"<p>Tecamachalco, Puebla.\u2013 En el marco de la Feria Patronal Tecamachalco 2026, cientos de adultos mayores y sus familias se reunieron en el Parque Ju\u00e1rez para disfrutar de una tarde dedicada especialmente a nuestros abuelitos, llena de m\u00fasica, convivencia y alegr\u00eda. El presidente municipal Mateo Hern\u00e1ndez L\u00f3pez, acompa\u00f1ado por su esposa, la presidenta honoraria del SMDIF, Mar\u00eda del Rosario Guti\u00e9rrez Ni\u00f1o, e integrantes del Cabildo Municipal, comparti\u00f3 esta celebraci\u00f3n con las familias tecamachalquenses, reconociendo el valor y la importancia de los adultos mayores en la vida y las tradiciones del municipio. La tarde estuvo acompa\u00f1ada por las presentaciones de Mariachi Uni\u00f3n Mexicana, Mariachi M\u00e9xico, Mariachi Alas de Oro y Mariachi Azul y Oro, quienes pusieron el ambiente y regalaron una tarde especial a los asistentes. Adem\u00e1s,&hellip;<\/p>\n<p class=\"excerpt-more\"><a class=\"blog-excerpt button\" href=\"https:\/\/www.aliadospuebla.com\/?p=116897\">Leer m\u00e1s&#8230;<\/a><\/p>\n","protected":false},"author":2,"featured_media":116898,"comment_status":"open","ping_status":"open","sticky":false,"template":"","format":"standard","meta":{"_monsterinsights_skip_tracking":false,"footnotes":""},"categories":[4],"tags":[1278,1247,26478,28053,1797,129],"class_list":["post-116897","post","type-post","status-publish","format-standard","has-post-thumbnail","hentry","category-municipios","tag-adultos-mayores","tag-convivencia","tag-maria-del-rosario-gutierrez-nino","tag-mateo-hernandez-lopez","tag-smdif","tag-tecamachalco"],"yoast_head":"<!-- This site is optimized with the Yoast SEO plugin v28.4 - https:\/\/yoast.com\/product\/yoast-seo-wordpress\/ -->\n<title>Tecamachalco celebra a sus adultos mayores con m\u00fasica y alegr\u00eda - AliadosPuebla<\/title>\n<meta name=\"robots\" content=\"index, follow, max-snippet:-1, max-image-preview:large, max-video-preview:-1\" \/>\n<link rel=\"canonical\" href=\"https:\/\/www.aliadospuebla.com\/?p=116897\" \/>\n<meta property=\"og:locale\" content=\"es_ES\" \/>\n<meta property=\"og:type\" content=\"article\" \/>\n<meta property=\"og:title\" content=\"Tecamachalco celebra a sus adultos mayores con m\u00fasica y alegr\u00eda - AliadosPuebla\" \/>\n<meta property=\"og:description\" content=\"Tecamachalco, Puebla.\u2013 En el marco de la Feria Patronal Tecamachalco 2026, cientos de adultos mayores y sus familias se reunieron en el Parque Ju\u00e1rez para disfrutar de una tarde dedicada especialmente a nuestros abuelitos, llena de m\u00fasica, convivencia y alegr\u00eda. El presidente municipal Mateo Hern\u00e1ndez L\u00f3pez, acompa\u00f1ado por su esposa, la presidenta honoraria del SMDIF, Mar\u00eda del Rosario Guti\u00e9rrez Ni\u00f1o, e integrantes del Cabildo Municipal, comparti\u00f3 esta celebraci\u00f3n con las familias tecamachalquenses, reconociendo el valor y la importancia de los adultos mayores en la vida y las tradiciones del municipio. La tarde estuvo acompa\u00f1ada por las presentaciones de Mariachi Uni\u00f3n Mexicana, Mariachi M\u00e9xico, Mariachi Alas de Oro y Mariachi Azul y Oro, quienes pusieron el ambiente y regalaron una tarde especial a los asistentes. Adem\u00e1s,&hellip;Leer m\u00e1s...\" \/>\n<meta property=\"og:url\" content=\"https:\/\/www.aliadospuebla.com\/?p=116897\" \/>\n<meta property=\"og:site_name\" content=\"AliadosPuebla\" \/>\n<meta property=\"article:author\" content=\"https:\/\/www.facebook.com\/Aliados17Pue\" \/>\n<meta property=\"article:published_time\" content=\"2026-08-28T14:10:47+00:00\" \/>\n<meta property=\"article:modified_time\" content=\"2026-09-02T14:14:16+00:00\" \/>\n<meta property=\"og:image\" content=\"https:\/\/www.aliadospuebla.com\/web2017\/wp-content\/uploads\/2026\/09\/PSX_20260902_081002.jpg\" \/>\n\t<meta property=\"og:image:width\" content=\"600\" \/>\n\t<meta property=\"og:image:height\" content=\"450\" \/>\n\t<meta property=\"og:image:type\" content=\"image\/jpeg\" \/>\n<meta name=\"author\" content=\"Aliados17\" \/>\n<meta name=\"twitter:card\" content=\"summary_large_image\" \/>\n<meta name=\"twitter:creator\" content=\"@AliadosPuebla\" \/>\n<meta name=\"twitter:label1\" content=\"Escrito por\" \/>\n\t<meta name=\"twitter:data1\" content=\"Aliados17\" \/>\n\t<meta name=\"twitter:label2\" content=\"Tiempo de lectura\" \/>\n\t<meta name=\"twitter:data2\" content=\"2 minutos\" \/>\n<script type=\"application\/ld+json\" class=\"yoast-schema-graph\">{\"@context\":\"https:\\\/\\\/schema.org\",\"@graph\":[{\"@type\":\"Article\",\"@id\":\"https:\\\/\\\/www.aliadospuebla.com\\\/?p=116897#article\",\"isPartOf\":{\"@id\":\"https:\\\/\\\/www.aliadospuebla.com\\\/?p=116897\"},\"author\":{\"name\":\"Aliados17\",\"@id\":\"https:\\\/\\\/www.aliadospuebla.com\\\/#\\\/schema\\\/person\\\/5da7dd09320bd4f392b710017ed5f8ad\"},\"headline\":\"Tecamachalco celebra a sus adultos mayores con m\u00fasica y alegr\u00eda\",\"datePublished\":\"2026-08-28T14:10:47+00:00\",\"dateModified\":\"2026-09-02T14:14:16+00:00\",\"mainEntityOfPage\":{\"@id\":\"https:\\\/\\\/www.aliadospuebla.com\\\/?p=116897\"},\"wordCount\":208,\"commentCount\":0,\"image\":{\"@id\":\"https:\\\/\\\/www.aliadospuebla.com\\\/?p=116897#primaryimage\"},\"thumbnailUrl\":\"https:\\\/\\\/www.aliadospuebla.com\\\/web2017\\\/wp-content\\\/uploads\\\/2026\\\/09\\\/PSX_20260902_081002.jpg\",\"keywords\":[\"ADULTOS MAYORES\",\"CONVIVENCIA\",\"Mar\u00eda del Rosario Guti\u00e9rrez Ni\u00f1o\",\"Mateo Hern\u00e1ndez L\u00f3pez\",\"SMDIF\",\"Tecamachalco\"],\"articleSection\":[\"Municipios\"],\"inLanguage\":\"es\",\"potentialAction\":[{\"@type\":\"CommentAction\",\"name\":\"Comment\",\"target\":[\"https:\\\/\\\/www.aliadospuebla.com\\\/?p=116897#respond\"]}]},{\"@type\":\"WebPage\",\"@id\":\"https:\\\/\\\/www.aliadospuebla.com\\\/?p=116897\",\"url\":\"https:\\\/\\\/www.aliadospuebla.com\\\/?p=116897\",\"name\":\"Tecamachalco celebra a sus adultos mayores con m\u00fasica y alegr\u00eda - AliadosPuebla\",\"isPartOf\":{\"@id\":\"https:\\\/\\\/www.aliadospuebla.com\\\/#website\"},\"primaryImageOfPage\":{\"@id\":\"https:\\\/\\\/www.aliadospuebla.com\\\/?p=116897#primaryimage\"},\"image\":{\"@id\":\"https:\\\/\\\/www.aliadospuebla.com\\\/?p=116897#primaryimage\"},\"thumbnailUrl\":\"https:\\\/\\\/www.aliadospuebla.com\\\/web2017\\\/wp-content\\\/uploads\\\/2026\\\/09\\\/PSX_20260902_081002.jpg\",\"datePublished\":\"2026-08-28T14:10:47+00:00\",\"dateModified\":\"2026-09-02T14:14:16+00:00\",\"author\":{\"@id\":\"https:\\\/\\\/www.aliadospuebla.com\\\/#\\\/schema\\\/person\\\/5da7dd09320bd4f392b710017ed5f8ad\"},\"breadcrumb\":{\"@id\":\"https:\\\/\\\/www.aliadospuebla.com\\\/?p=116897#breadcrumb\"},\"inLanguage\":\"es\",\"potentialAction\":[{\"@type\":\"ReadAction\",\"target\":[\"https:\\\/\\\/www.aliadospuebla.com\\\/?p=116897\"]}]},{\"@type\":\"ImageObject\",\"inLanguage\":\"es\",\"@id\":\"https:\\\/\\\/www.aliadospuebla.com\\\/?p=116897#primaryimage\",\"url\":\"https:\\\/\\\/www.aliadospuebla.com\\\/web2017\\\/wp-content\\\/uploads\\\/2026\\\/09\\\/PSX_20260902_081002.jpg\",\"contentUrl\":\"https:\\\/\\\/www.aliadospuebla.com\\\/web2017\\\/wp-content\\\/uploads\\\/2026\\\/09\\\/PSX_20260902_081002.jpg\",\"width\":600,\"height\":450},{\"@type\":\"BreadcrumbList\",\"@id\":\"https:\\\/\\\/www.aliadospuebla.com\\\/?p=116897#breadcrumb\",\"itemListElement\":[{\"@type\":\"ListItem\",\"position\":1,\"name\":\"Portada\",\"item\":\"https:\\\/\\\/www.aliadospuebla.com\\\/\"},{\"@type\":\"ListItem\",\"position\":2,\"name\":\"Tecamachalco celebra a sus adultos mayores con m\u00fasica y alegr\u00eda\"}]},{\"@type\":\"WebSite\",\"@id\":\"https:\\\/\\\/www.aliadospuebla.com\\\/#website\",\"url\":\"https:\\\/\\\/www.aliadospuebla.com\\\/\",\"name\":\"AliadosPuebla\",\"description\":\"La informaci\u00f3n en tus manos\",\"potentialAction\":[{\"@type\":\"SearchAction\",\"target\":{\"@type\":\"EntryPoint\",\"urlTemplate\":\"https:\\\/\\\/www.aliadospuebla.com\\\/?s={search_term_string}\"},\"query-input\":{\"@type\":\"PropertyValueSpecification\",\"valueRequired\":true,\"valueName\":\"search_term_string\"}}],\"inLanguage\":\"es\"},{\"@type\":\"Person\",\"@id\":\"https:\\\/\\\/www.aliadospuebla.com\\\/#\\\/schema\\\/person\\\/5da7dd09320bd4f392b710017ed5f8ad\",\"name\":\"Aliados17\",\"image\":{\"@type\":\"ImageObject\",\"inLanguage\":\"es\",\"@id\":\"https:\\\/\\\/www.aliadospuebla.com\\\/web2017\\\/wp-content\\\/uploads\\\/2025\\\/03\\\/cropped-para-perfil-8-anos-1-96x96.jpg\",\"url\":\"https:\\\/\\\/www.aliadospuebla.com\\\/web2017\\\/wp-content\\\/uploads\\\/2025\\\/03\\\/cropped-para-perfil-8-anos-1-96x96.jpg\",\"contentUrl\":\"https:\\\/\\\/www.aliadospuebla.com\\\/web2017\\\/wp-content\\\/uploads\\\/2025\\\/03\\\/cropped-para-perfil-8-anos-1-96x96.jpg\",\"caption\":\"Aliados17\"},\"sameAs\":[\"https:\\\/\\\/www.aliados17.com\",\"https:\\\/\\\/www.facebook.com\\\/Aliados17Pue\",\"https:\\\/\\\/x.com\\\/AliadosPuebla\"],\"url\":\"https:\\\/\\\/www.aliadospuebla.com\\\/?author=2\"}]}<\/script>\n<!-- \/ Yoast SEO plugin. -->","yoast_head_json":{"title":"Tecamachalco celebra a sus adultos mayores con m\u00fasica y alegr\u00eda - AliadosPuebla","robots":{"index":"index","follow":"follow","max-snippet":"max-snippet:-1","max-image-preview":"max-image-preview:large","max-video-preview":"max-video-preview:-1"},"canonical":"https:\/\/www.aliadospuebla.com\/?p=116897","og_locale":"es_ES","og_type":"article","og_title":"Tecamachalco celebra a sus adultos mayores con m\u00fasica y alegr\u00eda - AliadosPuebla","og_description":"Tecamachalco, Puebla.\u2013 En el marco de la Feria Patronal Tecamachalco 2026, cientos de adultos mayores y sus familias se reunieron en el Parque Ju\u00e1rez para disfrutar de una tarde dedicada especialmente a nuestros abuelitos, llena de m\u00fasica, convivencia y alegr\u00eda. El presidente municipal Mateo Hern\u00e1ndez L\u00f3pez, acompa\u00f1ado por su esposa, la presidenta honoraria del SMDIF, Mar\u00eda del Rosario Guti\u00e9rrez Ni\u00f1o, e integrantes del Cabildo Municipal, comparti\u00f3 esta celebraci\u00f3n con las familias tecamachalquenses, reconociendo el valor y la importancia de los adultos mayores en la vida y las tradiciones del municipio. La tarde estuvo acompa\u00f1ada por las presentaciones de Mariachi Uni\u00f3n Mexicana, Mariachi M\u00e9xico, Mariachi Alas de Oro y Mariachi Azul y Oro, quienes pusieron el ambiente y regalaron una tarde especial a los asistentes. Adem\u00e1s,&hellip;Leer m\u00e1s...","og_url":"https:\/\/www.aliadospuebla.com\/?p=116897","og_site_name":"AliadosPuebla","article_author":"https:\/\/www.facebook.com\/Aliados17Pue","article_published_time":"2026-08-28T14:10:47+00:00","article_modified_time":"2026-09-02T14:14:16+00:00","og_image":[{"width":600,"height":450,"url":"https:\/\/www.aliadospuebla.com\/web2017\/wp-content\/uploads\/2026\/09\/PSX_20260902_081002.jpg","type":"image\/jpeg"}],"author":"Aliados17","twitter_card":"summary_large_image","twitter_creator":"@AliadosPuebla","twitter_misc":{"Escrito por":"Aliados17","Tiempo de lectura":"2 minutos"},"schema":{"@context":"https:\/\/schema.org","@graph":[{"@type":"Article","@id":"https:\/\/www.aliadospuebla.com\/?p=116897#article","isPartOf":{"@id":"https:\/\/www.aliadospuebla.com\/?p=116897"},"author":{"name":"Aliados17","@id":"https:\/\/www.aliadospuebla.com\/#\/schema\/person\/5da7dd09320bd4f392b710017ed5f8ad"},"headline":"Tecamachalco celebra a sus adultos mayores con m\u00fasica y alegr\u00eda","datePublished":"2026-08-28T14:10:47+00:00","dateModified":"2026-09-02T14:14:16+00:00","mainEntityOfPage":{"@id":"https:\/\/www.aliadospuebla.com\/?p=116897"},"wordCount":208,"commentCount":0,"image":{"@id":"https:\/\/www.aliadospuebla.com\/?p=116897#primaryimage"},"thumbnailUrl":"https:\/\/www.aliadospuebla.com\/web2017\/wp-content\/uploads\/2026\/09\/PSX_20260902_081002.jpg","keywords":["ADULTOS MAYORES","CONVIVENCIA","Mar\u00eda del Rosario Guti\u00e9rrez Ni\u00f1o","Mateo Hern\u00e1ndez L\u00f3pez","SMDIF","Tecamachalco"],"articleSection":["Municipios"],"inLanguage":"es","potentialAction":[{"@type":"CommentAction","name":"Comment","target":["https:\/\/www.aliadospuebla.com\/?p=116897#respond"]}]},{"@type":"WebPage","@id":"https:\/\/www.aliadospuebla.com\/?p=116897","url":"https:\/\/www.aliadospuebla.com\/?p=116897","name":"Tecamachalco celebra a sus adultos mayores con m\u00fasica y alegr\u00eda - AliadosPuebla","isPartOf":{"@id":"https:\/\/www.aliadospuebla.com\/#website"},"primaryImageOfPage":{"@id":"https:\/\/www.aliadospuebla.com\/?p=116897#primaryimage"},"image":{"@id":"https:\/\/www.aliadospuebla.com\/?p=116897#primaryimage"},"thumbnailUrl":"https:\/\/www.aliadospuebla.com\/web2017\/wp-content\/uploads\/2026\/09\/PSX_20260902_081002.jpg","datePublished":"2026-08-28T14:10:47+00:00","dateModified":"2026-09-02T14:14:16+00:00","author":{"@id":"https:\/\/www.aliadospuebla.com\/#\/schema\/person\/5da7dd09320bd4f392b710017ed5f8ad"},"breadcrumb":{"@id":"https:\/\/www.aliadospuebla.com\/?p=116897#breadcrumb"},"inLanguage":"es","potentialAction":[{"@type":"ReadAction","target":["https:\/\/www.aliadospuebla.com\/?p=116897"]}]},{"@type":"ImageObject","inLanguage":"es","@id":"https:\/\/www.aliadospuebla.com\/?p=116897#primaryimage","url":"https:\/\/www.aliadospuebla.com\/web2017\/wp-content\/uploads\/2026\/09\/PSX_20260902_081002.jpg","contentUrl":"https:\/\/www.aliadospuebla.com\/web2017\/wp-content\/uploads\/2026\/09\/PSX_20260902_081002.jpg","width":600,"height":450},{"@type":"BreadcrumbList","@id":"https:\/\/www.aliadospuebla.com\/?p=116897#breadcrumb","itemListElement":[{"@type":"ListItem","position":1,"name":"Portada","item":"https:\/\/www.aliadospuebla.com\/"},{"@type":"ListItem","position":2,"name":"Tecamachalco celebra a sus adultos mayores con m\u00fasica y alegr\u00eda"}]},{"@type":"WebSite","@id":"https:\/\/www.aliadospuebla.com\/#website","url":"https:\/\/www.aliadospuebla.com\/","name":"AliadosPuebla","description":"La informaci\u00f3n en tus manos","potentialAction":[{"@type":"SearchAction","target":{"@type":"EntryPoint","urlTemplate":"https:\/\/www.aliadospuebla.com\/?s={search_term_string}"},"query-input":{"@type":"PropertyValueSpecification","valueRequired":true,"valueName":"search_term_string"}}],"inLanguage":"es"},{"@type":"Person","@id":"https:\/\/www.aliadospuebla.com\/#\/schema\/person\/5da7dd09320bd4f392b710017ed5f8ad","name":"Aliados17","image":{"@type":"ImageObject","inLanguage":"es","@id":"https:\/\/www.aliadospuebla.com\/web2017\/wp-content\/uploads\/2025\/03\/cropped-para-perfil-8-anos-1-96x96.jpg","url":"https:\/\/www.aliadospuebla.com\/web2017\/wp-content\/uploads\/2025\/03\/cropped-para-perfil-8-anos-1-96x96.jpg","contentUrl":"https:\/\/www.aliadospuebla.com\/web2017\/wp-content\/uploads\/2025\/03\/cropped-para-perfil-8-anos-1-96x96.jpg","caption":"Aliados17"},"sameAs":["https:\/\/www.aliados17.com","https:\/\/www.facebook.com\/Aliados17Pue","https:\/\/x.com\/AliadosPuebla"],"url":"https:\/\/www.aliadospuebla.com\/?author=2"}]}},"views":0,"_links":{"self":[{"href":"https:\/\/www.aliadospuebla.com\/index.php?rest_route=\/wp\/v2\/posts\/116897","targetHints":{"allow":["GET"]}}],"collection":[{"href":"https:\/\/www.aliadospuebla.com\/index.php?rest_route=\/wp\/v2\/posts"}],"about":[{"href":"https:\/\/www.aliadospuebla.com\/index.php?rest_route=\/wp\/v2\/types\/post"}],"author":[{"embeddable":true,"href":"https:\/\/www.aliadospuebla.com\/index.php?rest_route=\/wp\/v2\/users\/2"}],"replies":[{"embeddable":true,"href":"https:\/\/www.aliadospuebla.com\/index.php?rest_route=%2Fwp%2Fv2%2Fcomments&post=116897"}],"version-history":[{"count":1,"href":"https:\/\/www.aliadospuebla.com\/index.php?rest_route=\/wp\/v2\/posts\/116897\/revisions"}],"predecessor-version":[{"id":116899,"href":"https:\/\/www.aliadospuebla.com\/index.php?rest_route=\/wp\/v2\/posts\/116897\/revisions\/116899"}],"wp:featuredmedia":[{"embeddable":true,"href":"https:\/\/www.aliadospuebla.com\/index.php?rest_route=\/wp\/v2\/media\/116898"}],"wp:attachment":[{"href":"https:\/\/www.aliadospuebla.com\/index.php?rest_route=%2Fwp%2Fv2%2Fmedia&parent=116897"}],"wp:term":[{"taxonomy":"category","embeddable":true,"href":"https:\/\/www.aliadospuebla.com\/index.php?rest_route=%2Fwp%2Fv2%2Fcategories&post=116897"},{"taxonomy":"post_tag","embeddable":true,"href":"https:\/\/www.aliadospuebla.com\/index.php?rest_route=%2Fwp%2Fv2%2Ftags&post=116897"}],"curies":[{"name":"wp","href":"https:\/\/api.w.org\/{rel}","templated":true}]}}