{"id":116893,"date":"2026-09-02T08:05:08","date_gmt":"2026-09-02T14:05:08","guid":{"rendered":"https:\/\/www.aliadospuebla.com\/?p=116893"},"modified":"2026-09-02T08:05:08","modified_gmt":"2026-09-02T14:05:08","slug":"garantiza-gobierno-del-estado-seguridad-durante-festejos-patrios","status":"publish","type":"post","link":"https:\/\/www.aliadospuebla.com\/?p=116893","title":{"rendered":"GARANTIZA GOBIERNO DEL ESTADO SEGURIDAD DURANTE FESTEJOS PATRIOS"},"content":{"rendered":"<h4>Guardia Nacional, DEFENSA, Marina y autoridades estatales coordinan acciones con el Ayuntamiento de Puebla.<\/h4>\n<p>La noche mexicana y el desfile del 16 de septiembre contar\u00e1n con un ambiente ordenado, seguro y familiar.<\/p>\n<p>PUEBLA, Pue.- La seguridad para<\/p>\n<p>los festejos patrios est\u00e1 garantizada,<\/p>\n<p>subray\u00f3 el gobernador Alejandro Armenta Mier, quien destac\u00f3 la coordinaci\u00f3n permanente entre los tres \u00f3rdenes de gobierno para brindar certeza a las familias que asistan a las actividades con motivo<\/p>\n<p>del aniversario de la Independencia de M\u00e9xico.<\/p>\n<p>El ejecutivo estatal inform\u00f3 que los mandos de la Guardia Nacional (GN), la Secretar\u00eda<\/p>\n<p>de la Defensa Nacional (DEFENSA), la Secretar\u00eda de Marina y el secretario de Seguridad P\u00fablica, vicealmirante Francisco S\u00e1nchez Gonz\u00e1lez, mantienen coordinaci\u00f3n permanente con el Ayuntamiento de Puebla para fortalecer las acciones de seguridad<\/p>\n<p>y garantizar la integridad de las y los asistentes. \u201cPueden estar seguros que<\/p>\n<p>el d\u00eda 15 de septiembre tendremos<\/p>\n<p>un festejo ordenado, cuidado y que podr\u00e1n venir a disfrutar de esa noche de las y los mexicanos\u201d.<\/p>\n<p>Asimismo, se\u00f1al\u00f3 que en el interior del estado se realizan las acciones necesarias para preservar la gobernabilidad<\/p>\n<p>y generar condiciones de tranquilidad durante las celebraciones patrias.<\/p>\n<p>En este sentido, destac\u00f3 que las familias podr\u00e1n disfrutar del desfile del 16 de septiembre en un ambiente seguro<\/p>\n<p>y familiar, con presencia de las instituciones responsables de salvaguardar el orden y la integridad de la poblaci\u00f3n.<\/p>\n<p>El gobernador Alejandro Armenta Mier refrend\u00f3 que Puebla mantiene una estrecha coordinaci\u00f3n con el Gobierno de M\u00e9xico, encabezado por la presidenta Claudia Sheinbaum Pardo, a fin de fortalecer la seguridad y garantizar que las fiestas patrias se desarrollen en paz, con orden y unidad para las familias poblanas.<\/p>\n","protected":false},"excerpt":{"rendered":"<p>Guardia Nacional, DEFENSA, Marina y autoridades estatales coordinan acciones con el Ayuntamiento de Puebla. La noche mexicana y el desfile del 16 de septiembre contar\u00e1n con un ambiente ordenado, seguro y familiar. PUEBLA, Pue.- La seguridad para los festejos patrios est\u00e1 garantizada, subray\u00f3 el gobernador Alejandro Armenta Mier, quien destac\u00f3 la coordinaci\u00f3n permanente entre los tres \u00f3rdenes de gobierno para brindar certeza a las familias que asistan a las actividades con motivo del aniversario de la Independencia de M\u00e9xico. El ejecutivo estatal inform\u00f3 que los mandos de la Guardia Nacional (GN), la Secretar\u00eda de la Defensa Nacional (DEFENSA), la Secretar\u00eda de Marina y el secretario de Seguridad P\u00fablica, vicealmirante Francisco S\u00e1nchez Gonz\u00e1lez, mantienen coordinaci\u00f3n permanente con el Ayuntamiento de Puebla para fortalecer las acciones de&hellip;<\/p>\n<p class=\"excerpt-more\"><a class=\"blog-excerpt button\" href=\"https:\/\/www.aliadospuebla.com\/?p=116893\">Leer m\u00e1s&#8230;<\/a><\/p>\n","protected":false},"author":2,"featured_media":116894,"comment_status":"open","ping_status":"open","sticky":false,"template":"","format":"standard","meta":{"_monsterinsights_skip_tracking":false,"footnotes":""},"categories":[61],"tags":[2496,30893,2072,349,10092,7890,1139,20081,20],"class_list":["post-116893","post","type-post","status-publish","format-standard","has-post-thumbnail","hentry","category-gobierno","tag-alejandro-armenta-mier","tag-ambiente-ordenado","tag-defensa","tag-desfile","tag-festejos-patrios","tag-guardia-nacional","tag-marina","tag-noche-mexicana","tag-seguridad"],"yoast_head":"<!-- This site is optimized with the Yoast SEO plugin v28.4 - https:\/\/yoast.com\/product\/yoast-seo-wordpress\/ -->\n<title>GARANTIZA GOBIERNO DEL ESTADO SEGURIDAD DURANTE FESTEJOS PATRIOS - AliadosPuebla<\/title>\n<meta name=\"robots\" content=\"index, follow, max-snippet:-1, max-image-preview:large, max-video-preview:-1\" \/>\n<link rel=\"canonical\" href=\"https:\/\/www.aliadospuebla.com\/?p=116893\" \/>\n<meta property=\"og:locale\" content=\"es_ES\" \/>\n<meta property=\"og:type\" content=\"article\" \/>\n<meta property=\"og:title\" content=\"GARANTIZA GOBIERNO DEL ESTADO SEGURIDAD DURANTE FESTEJOS PATRIOS - AliadosPuebla\" \/>\n<meta property=\"og:description\" content=\"Guardia Nacional, DEFENSA, Marina y autoridades estatales coordinan acciones con el Ayuntamiento de Puebla. La noche mexicana y el desfile del 16 de septiembre contar\u00e1n con un ambiente ordenado, seguro y familiar. PUEBLA, Pue.- La seguridad para los festejos patrios est\u00e1 garantizada, subray\u00f3 el gobernador Alejandro Armenta Mier, quien destac\u00f3 la coordinaci\u00f3n permanente entre los tres \u00f3rdenes de gobierno para brindar certeza a las familias que asistan a las actividades con motivo del aniversario de la Independencia de M\u00e9xico. El ejecutivo estatal inform\u00f3 que los mandos de la Guardia Nacional (GN), la Secretar\u00eda de la Defensa Nacional (DEFENSA), la Secretar\u00eda de Marina y el secretario de Seguridad P\u00fablica, vicealmirante Francisco S\u00e1nchez Gonz\u00e1lez, mantienen coordinaci\u00f3n permanente con el Ayuntamiento de Puebla para fortalecer las acciones de&hellip;Leer m\u00e1s...\" \/>\n<meta property=\"og:url\" content=\"https:\/\/www.aliadospuebla.com\/?p=116893\" \/>\n<meta property=\"og:site_name\" content=\"AliadosPuebla\" \/>\n<meta property=\"article:author\" content=\"https:\/\/www.facebook.com\/Aliados17Pue\" \/>\n<meta property=\"article:published_time\" content=\"2026-09-02T14:05:08+00:00\" \/>\n<meta property=\"og:image\" content=\"https:\/\/www.aliadospuebla.com\/web2017\/wp-content\/uploads\/2026\/09\/PSX_20260902_075901.jpg\" \/>\n\t<meta property=\"og:image:width\" content=\"600\" \/>\n\t<meta property=\"og:image:height\" content=\"450\" \/>\n\t<meta property=\"og:image:type\" content=\"image\/jpeg\" \/>\n<meta name=\"author\" content=\"Aliados17\" \/>\n<meta name=\"twitter:card\" content=\"summary_large_image\" \/>\n<meta name=\"twitter:creator\" content=\"@AliadosPuebla\" \/>\n<meta name=\"twitter:label1\" content=\"Escrito por\" \/>\n\t<meta name=\"twitter:data1\" content=\"Aliados17\" \/>\n\t<meta name=\"twitter:label2\" content=\"Tiempo de lectura\" \/>\n\t<meta name=\"twitter:data2\" content=\"2 minutos\" \/>\n<script type=\"application\/ld+json\" class=\"yoast-schema-graph\">{\"@context\":\"https:\\\/\\\/schema.org\",\"@graph\":[{\"@type\":\"Article\",\"@id\":\"https:\\\/\\\/www.aliadospuebla.com\\\/?p=116893#article\",\"isPartOf\":{\"@id\":\"https:\\\/\\\/www.aliadospuebla.com\\\/?p=116893\"},\"author\":{\"name\":\"Aliados17\",\"@id\":\"https:\\\/\\\/www.aliadospuebla.com\\\/#\\\/schema\\\/person\\\/5da7dd09320bd4f392b710017ed5f8ad\"},\"headline\":\"GARANTIZA GOBIERNO DEL ESTADO SEGURIDAD DURANTE FESTEJOS PATRIOS\",\"datePublished\":\"2026-09-02T14:05:08+00:00\",\"mainEntityOfPage\":{\"@id\":\"https:\\\/\\\/www.aliadospuebla.com\\\/?p=116893\"},\"wordCount\":296,\"commentCount\":0,\"image\":{\"@id\":\"https:\\\/\\\/www.aliadospuebla.com\\\/?p=116893#primaryimage\"},\"thumbnailUrl\":\"https:\\\/\\\/www.aliadospuebla.com\\\/web2017\\\/wp-content\\\/uploads\\\/2026\\\/09\\\/PSX_20260902_075901.jpg\",\"keywords\":[\"ALEJANDRO ARMENTA MIER\",\"Ambiente ordenado\",\"DEFENSA\",\"DESFILE\",\"festejos patrios\",\"GUARDIA NACIONAL\",\"MARINA\",\"noche mexicana\",\"Seguridad\"],\"articleSection\":[\"Gobierno\"],\"inLanguage\":\"es\",\"potentialAction\":[{\"@type\":\"CommentAction\",\"name\":\"Comment\",\"target\":[\"https:\\\/\\\/www.aliadospuebla.com\\\/?p=116893#respond\"]}]},{\"@type\":\"WebPage\",\"@id\":\"https:\\\/\\\/www.aliadospuebla.com\\\/?p=116893\",\"url\":\"https:\\\/\\\/www.aliadospuebla.com\\\/?p=116893\",\"name\":\"GARANTIZA GOBIERNO DEL ESTADO SEGURIDAD DURANTE FESTEJOS PATRIOS - AliadosPuebla\",\"isPartOf\":{\"@id\":\"https:\\\/\\\/www.aliadospuebla.com\\\/#website\"},\"primaryImageOfPage\":{\"@id\":\"https:\\\/\\\/www.aliadospuebla.com\\\/?p=116893#primaryimage\"},\"image\":{\"@id\":\"https:\\\/\\\/www.aliadospuebla.com\\\/?p=116893#primaryimage\"},\"thumbnailUrl\":\"https:\\\/\\\/www.aliadospuebla.com\\\/web2017\\\/wp-content\\\/uploads\\\/2026\\\/09\\\/PSX_20260902_075901.jpg\",\"datePublished\":\"2026-09-02T14:05:08+00:00\",\"author\":{\"@id\":\"https:\\\/\\\/www.aliadospuebla.com\\\/#\\\/schema\\\/person\\\/5da7dd09320bd4f392b710017ed5f8ad\"},\"breadcrumb\":{\"@id\":\"https:\\\/\\\/www.aliadospuebla.com\\\/?p=116893#breadcrumb\"},\"inLanguage\":\"es\",\"potentialAction\":[{\"@type\":\"ReadAction\",\"target\":[\"https:\\\/\\\/www.aliadospuebla.com\\\/?p=116893\"]}]},{\"@type\":\"ImageObject\",\"inLanguage\":\"es\",\"@id\":\"https:\\\/\\\/www.aliadospuebla.com\\\/?p=116893#primaryimage\",\"url\":\"https:\\\/\\\/www.aliadospuebla.com\\\/web2017\\\/wp-content\\\/uploads\\\/2026\\\/09\\\/PSX_20260902_075901.jpg\",\"contentUrl\":\"https:\\\/\\\/www.aliadospuebla.com\\\/web2017\\\/wp-content\\\/uploads\\\/2026\\\/09\\\/PSX_20260902_075901.jpg\",\"width\":600,\"height\":450},{\"@type\":\"BreadcrumbList\",\"@id\":\"https:\\\/\\\/www.aliadospuebla.com\\\/?p=116893#breadcrumb\",\"itemListElement\":[{\"@type\":\"ListItem\",\"position\":1,\"name\":\"Portada\",\"item\":\"https:\\\/\\\/www.aliadospuebla.com\\\/\"},{\"@type\":\"ListItem\",\"position\":2,\"name\":\"GARANTIZA GOBIERNO DEL ESTADO SEGURIDAD DURANTE FESTEJOS PATRIOS\"}]},{\"@type\":\"WebSite\",\"@id\":\"https:\\\/\\\/www.aliadospuebla.com\\\/#website\",\"url\":\"https:\\\/\\\/www.aliadospuebla.com\\\/\",\"name\":\"AliadosPuebla\",\"description\":\"La informaci\u00f3n en tus manos\",\"potentialAction\":[{\"@type\":\"SearchAction\",\"target\":{\"@type\":\"EntryPoint\",\"urlTemplate\":\"https:\\\/\\\/www.aliadospuebla.com\\\/?s={search_term_string}\"},\"query-input\":{\"@type\":\"PropertyValueSpecification\",\"valueRequired\":true,\"valueName\":\"search_term_string\"}}],\"inLanguage\":\"es\"},{\"@type\":\"Person\",\"@id\":\"https:\\\/\\\/www.aliadospuebla.com\\\/#\\\/schema\\\/person\\\/5da7dd09320bd4f392b710017ed5f8ad\",\"name\":\"Aliados17\",\"image\":{\"@type\":\"ImageObject\",\"inLanguage\":\"es\",\"@id\":\"https:\\\/\\\/www.aliadospuebla.com\\\/web2017\\\/wp-content\\\/uploads\\\/2025\\\/03\\\/cropped-para-perfil-8-anos-1-96x96.jpg\",\"url\":\"https:\\\/\\\/www.aliadospuebla.com\\\/web2017\\\/wp-content\\\/uploads\\\/2025\\\/03\\\/cropped-para-perfil-8-anos-1-96x96.jpg\",\"contentUrl\":\"https:\\\/\\\/www.aliadospuebla.com\\\/web2017\\\/wp-content\\\/uploads\\\/2025\\\/03\\\/cropped-para-perfil-8-anos-1-96x96.jpg\",\"caption\":\"Aliados17\"},\"sameAs\":[\"https:\\\/\\\/www.aliados17.com\",\"https:\\\/\\\/www.facebook.com\\\/Aliados17Pue\",\"https:\\\/\\\/x.com\\\/AliadosPuebla\"],\"url\":\"https:\\\/\\\/www.aliadospuebla.com\\\/?author=2\"}]}<\/script>\n<!-- \/ Yoast SEO plugin. -->","yoast_head_json":{"title":"GARANTIZA GOBIERNO DEL ESTADO SEGURIDAD DURANTE FESTEJOS PATRIOS - AliadosPuebla","robots":{"index":"index","follow":"follow","max-snippet":"max-snippet:-1","max-image-preview":"max-image-preview:large","max-video-preview":"max-video-preview:-1"},"canonical":"https:\/\/www.aliadospuebla.com\/?p=116893","og_locale":"es_ES","og_type":"article","og_title":"GARANTIZA GOBIERNO DEL ESTADO SEGURIDAD DURANTE FESTEJOS PATRIOS - AliadosPuebla","og_description":"Guardia Nacional, DEFENSA, Marina y autoridades estatales coordinan acciones con el Ayuntamiento de Puebla. La noche mexicana y el desfile del 16 de septiembre contar\u00e1n con un ambiente ordenado, seguro y familiar. PUEBLA, Pue.- La seguridad para los festejos patrios est\u00e1 garantizada, subray\u00f3 el gobernador Alejandro Armenta Mier, quien destac\u00f3 la coordinaci\u00f3n permanente entre los tres \u00f3rdenes de gobierno para brindar certeza a las familias que asistan a las actividades con motivo del aniversario de la Independencia de M\u00e9xico. El ejecutivo estatal inform\u00f3 que los mandos de la Guardia Nacional (GN), la Secretar\u00eda de la Defensa Nacional (DEFENSA), la Secretar\u00eda de Marina y el secretario de Seguridad P\u00fablica, vicealmirante Francisco S\u00e1nchez Gonz\u00e1lez, mantienen coordinaci\u00f3n permanente con el Ayuntamiento de Puebla para fortalecer las acciones de&hellip;Leer m\u00e1s...","og_url":"https:\/\/www.aliadospuebla.com\/?p=116893","og_site_name":"AliadosPuebla","article_author":"https:\/\/www.facebook.com\/Aliados17Pue","article_published_time":"2026-09-02T14:05:08+00:00","og_image":[{"width":600,"height":450,"url":"https:\/\/www.aliadospuebla.com\/web2017\/wp-content\/uploads\/2026\/09\/PSX_20260902_075901.jpg","type":"image\/jpeg"}],"author":"Aliados17","twitter_card":"summary_large_image","twitter_creator":"@AliadosPuebla","twitter_misc":{"Escrito por":"Aliados17","Tiempo de lectura":"2 minutos"},"schema":{"@context":"https:\/\/schema.org","@graph":[{"@type":"Article","@id":"https:\/\/www.aliadospuebla.com\/?p=116893#article","isPartOf":{"@id":"https:\/\/www.aliadospuebla.com\/?p=116893"},"author":{"name":"Aliados17","@id":"https:\/\/www.aliadospuebla.com\/#\/schema\/person\/5da7dd09320bd4f392b710017ed5f8ad"},"headline":"GARANTIZA GOBIERNO DEL ESTADO SEGURIDAD DURANTE FESTEJOS PATRIOS","datePublished":"2026-09-02T14:05:08+00:00","mainEntityOfPage":{"@id":"https:\/\/www.aliadospuebla.com\/?p=116893"},"wordCount":296,"commentCount":0,"image":{"@id":"https:\/\/www.aliadospuebla.com\/?p=116893#primaryimage"},"thumbnailUrl":"https:\/\/www.aliadospuebla.com\/web2017\/wp-content\/uploads\/2026\/09\/PSX_20260902_075901.jpg","keywords":["ALEJANDRO ARMENTA MIER","Ambiente ordenado","DEFENSA","DESFILE","festejos patrios","GUARDIA NACIONAL","MARINA","noche mexicana","Seguridad"],"articleSection":["Gobierno"],"inLanguage":"es","potentialAction":[{"@type":"CommentAction","name":"Comment","target":["https:\/\/www.aliadospuebla.com\/?p=116893#respond"]}]},{"@type":"WebPage","@id":"https:\/\/www.aliadospuebla.com\/?p=116893","url":"https:\/\/www.aliadospuebla.com\/?p=116893","name":"GARANTIZA GOBIERNO DEL ESTADO SEGURIDAD DURANTE FESTEJOS PATRIOS - AliadosPuebla","isPartOf":{"@id":"https:\/\/www.aliadospuebla.com\/#website"},"primaryImageOfPage":{"@id":"https:\/\/www.aliadospuebla.com\/?p=116893#primaryimage"},"image":{"@id":"https:\/\/www.aliadospuebla.com\/?p=116893#primaryimage"},"thumbnailUrl":"https:\/\/www.aliadospuebla.com\/web2017\/wp-content\/uploads\/2026\/09\/PSX_20260902_075901.jpg","datePublished":"2026-09-02T14:05:08+00:00","author":{"@id":"https:\/\/www.aliadospuebla.com\/#\/schema\/person\/5da7dd09320bd4f392b710017ed5f8ad"},"breadcrumb":{"@id":"https:\/\/www.aliadospuebla.com\/?p=116893#breadcrumb"},"inLanguage":"es","potentialAction":[{"@type":"ReadAction","target":["https:\/\/www.aliadospuebla.com\/?p=116893"]}]},{"@type":"ImageObject","inLanguage":"es","@id":"https:\/\/www.aliadospuebla.com\/?p=116893#primaryimage","url":"https:\/\/www.aliadospuebla.com\/web2017\/wp-content\/uploads\/2026\/09\/PSX_20260902_075901.jpg","contentUrl":"https:\/\/www.aliadospuebla.com\/web2017\/wp-content\/uploads\/2026\/09\/PSX_20260902_075901.jpg","width":600,"height":450},{"@type":"BreadcrumbList","@id":"https:\/\/www.aliadospuebla.com\/?p=116893#breadcrumb","itemListElement":[{"@type":"ListItem","position":1,"name":"Portada","item":"https:\/\/www.aliadospuebla.com\/"},{"@type":"ListItem","position":2,"name":"GARANTIZA GOBIERNO DEL ESTADO SEGURIDAD DURANTE FESTEJOS PATRIOS"}]},{"@type":"WebSite","@id":"https:\/\/www.aliadospuebla.com\/#website","url":"https:\/\/www.aliadospuebla.com\/","name":"AliadosPuebla","description":"La informaci\u00f3n en tus manos","potentialAction":[{"@type":"SearchAction","target":{"@type":"EntryPoint","urlTemplate":"https:\/\/www.aliadospuebla.com\/?s={search_term_string}"},"query-input":{"@type":"PropertyValueSpecification","valueRequired":true,"valueName":"search_term_string"}}],"inLanguage":"es"},{"@type":"Person","@id":"https:\/\/www.aliadospuebla.com\/#\/schema\/person\/5da7dd09320bd4f392b710017ed5f8ad","name":"Aliados17","image":{"@type":"ImageObject","inLanguage":"es","@id":"https:\/\/www.aliadospuebla.com\/web2017\/wp-content\/uploads\/2025\/03\/cropped-para-perfil-8-anos-1-96x96.jpg","url":"https:\/\/www.aliadospuebla.com\/web2017\/wp-content\/uploads\/2025\/03\/cropped-para-perfil-8-anos-1-96x96.jpg","contentUrl":"https:\/\/www.aliadospuebla.com\/web2017\/wp-content\/uploads\/2025\/03\/cropped-para-perfil-8-anos-1-96x96.jpg","caption":"Aliados17"},"sameAs":["https:\/\/www.aliados17.com","https:\/\/www.facebook.com\/Aliados17Pue","https:\/\/x.com\/AliadosPuebla"],"url":"https:\/\/www.aliadospuebla.com\/?author=2"}]}},"views":10,"_links":{"self":[{"href":"https:\/\/www.aliadospuebla.com\/index.php?rest_route=\/wp\/v2\/posts\/116893","targetHints":{"allow":["GET"]}}],"collection":[{"href":"https:\/\/www.aliadospuebla.com\/index.php?rest_route=\/wp\/v2\/posts"}],"about":[{"href":"https:\/\/www.aliadospuebla.com\/index.php?rest_route=\/wp\/v2\/types\/post"}],"author":[{"embeddable":true,"href":"https:\/\/www.aliadospuebla.com\/index.php?rest_route=\/wp\/v2\/users\/2"}],"replies":[{"embeddable":true,"href":"https:\/\/www.aliadospuebla.com\/index.php?rest_route=%2Fwp%2Fv2%2Fcomments&post=116893"}],"version-history":[{"count":1,"href":"https:\/\/www.aliadospuebla.com\/index.php?rest_route=\/wp\/v2\/posts\/116893\/revisions"}],"predecessor-version":[{"id":116895,"href":"https:\/\/www.aliadospuebla.com\/index.php?rest_route=\/wp\/v2\/posts\/116893\/revisions\/116895"}],"wp:featuredmedia":[{"embeddable":true,"href":"https:\/\/www.aliadospuebla.com\/index.php?rest_route=\/wp\/v2\/media\/116894"}],"wp:attachment":[{"href":"https:\/\/www.aliadospuebla.com\/index.php?rest_route=%2Fwp%2Fv2%2Fmedia&parent=116893"}],"wp:term":[{"taxonomy":"category","embeddable":true,"href":"https:\/\/www.aliadospuebla.com\/index.php?rest_route=%2Fwp%2Fv2%2Fcategories&post=116893"},{"taxonomy":"post_tag","embeddable":true,"href":"https:\/\/www.aliadospuebla.com\/index.php?rest_route=%2Fwp%2Fv2%2Ftags&post=116893"}],"curies":[{"name":"wp","href":"https:\/\/api.w.org\/{rel}","templated":true}]}}