{"id":116883,"date":"2026-09-01T23:29:26","date_gmt":"2026-09-02T05:29:26","guid":{"rendered":"https:\/\/www.aliadospuebla.com\/?p=116883"},"modified":"2026-09-01T23:29:26","modified_gmt":"2026-09-02T05:29:26","slug":"colocan-alejandro-armenta-y-pepe-chedraui-bando-solemne-de-las-fiestas-patrias-2026-en-el-palacio-municipal","status":"publish","type":"post","link":"https:\/\/www.aliadospuebla.com\/?p=116883","title":{"rendered":"Colocan Alejandro Armenta y Pepe Chedraui Bando Solemne de las Fiestas Patrias 2026 en el Palacio Municipal"},"content":{"rendered":"<h4>&#8211; Junto con el gobernador, encabez\u00f3 la primera guardia de honor ante el L\u00e1baro Patrio<\/h4>\n<p>Puebla, Pue.- Junto con el gobernador del estado, Alejandro Armenta, el presidente municipal,<\/p>\n<p>Pepe Chedraui, coloc\u00f3 el Bando Solemne de Fiestas Patrias 2026 en la entrada de Palacio Municipal,<\/p>\n<p>en el marco de la ceremonia de lectura, donde se dieron a conocer las actividades programadas<\/p>\n<p>durante septiembre para conmemorar el 216 Aniversario de la Independencia de M\u00e9xico.<\/p>\n<p>Al realizar la lectura del bando el alcalde destac\u00f3 que La Independencia no fue solamente<\/p>\n<p>un episodio militar ni una sucesi\u00f3n de nombres y fechas, afirm\u00f3 que fue una decisi\u00f3n colectiva<\/p>\n<p>de mujeres y hombres que entendieron que hab\u00eda llegado el momento de transformar<\/p>\n<p>una realidad que ya no respond\u00eda a las aspiraciones del pueblo.<\/p>\n<p>Precis\u00f3 que en el Gobierno de la Ciudad tiene claro que Puebla necesita coordinaci\u00f3n,<\/p>\n<p>di\u00e1logo y trabajo conjunto; asimismo, que la relaci\u00f3n entre los tres \u00f3rdenes de gobierno<\/p>\n<p>debe estar siempre en el centro de nuestra actividad gubernamental y esto<\/p>\n<p>con el objetivo de dar resultados a las y los poblanos.<\/p>\n<p>\u201cBajo el liderazgo de la presidenta de M\u00e9xico, la doctora Claudia Sheinbaum y en coordinaci\u00f3n con el gobernador del estado Alejandro Armenta, seguiremos sumando esfuerzos para que Puebla avance, para que tenga mejores oportunidades y para que nuestra ciudad est\u00e9 a la altura de lo que las y los poblanos merecen. Porque gobernar es servir. Gobernar es escuchar. Gobernar es estar cerca de quien lo necesita\u201d, dijo.<\/p>\n<p>Despu\u00e9s de la ceremonia de lectura del Bando Solemne, encabezada en el Z\u00f3calo de la Ciudad por el mandatario estatal, el alcalde realiz\u00f3 la primera guardia de honor ante el L\u00e1baro Patrio en el Palacio Municipal.<\/p>\n<p>Dentro de las actividades se encuentran ceremonias conmemorativas al 164 Aniversario Luctuoso del General Ignacio Zaragoza; 240 Aniversario del Natalicio de Nicol\u00e1s Bravo; 179 aniversario de la gesta heroica de los Ni\u00f1os H\u00e9roes de Chapultepec; 216 Aniversario del Grito de Independencia de 1810; 216 Aniversario de la Independencia de M\u00e9xico; 205 Aniversario de la Consumaci\u00f3n de la Independencia M\u00e9xico; y 261 Aniversario del Natalicio del General Jos\u00e9 Mar\u00eda Morelos y Pav\u00f3n, entre otras.<\/p>\n<p>Asimismo, el presidente municipal, Pepe Chedraui, acompa\u00f1\u00f3 a representantes de los poderes Ejecutivo, Legislativo y Judicial en la colocaci\u00f3n del Bando Solemne en el Palacio de Justicia, el Congreso del Estado y Casa Aguayo.<\/p>\n","protected":false},"excerpt":{"rendered":"<p>&#8211; Junto con el gobernador, encabez\u00f3 la primera guardia de honor ante el L\u00e1baro Patrio Puebla, Pue.- Junto con el gobernador del estado, Alejandro Armenta, el presidente municipal, Pepe Chedraui, coloc\u00f3 el Bando Solemne de Fiestas Patrias 2026 en la entrada de Palacio Municipal, en el marco de la ceremonia de lectura, donde se dieron a conocer las actividades programadas durante septiembre para conmemorar el 216 Aniversario de la Independencia de M\u00e9xico. Al realizar la lectura del bando el alcalde destac\u00f3 que La Independencia no fue solamente un episodio militar ni una sucesi\u00f3n de nombres y fechas, afirm\u00f3 que fue una decisi\u00f3n colectiva de mujeres y hombres que entendieron que hab\u00eda llegado el momento de transformar una realidad que ya no respond\u00eda a las aspiraciones&hellip;<\/p>\n<p class=\"excerpt-more\"><a class=\"blog-excerpt button\" href=\"https:\/\/www.aliadospuebla.com\/?p=116883\">Leer m\u00e1s&#8230;<\/a><\/p>\n","protected":false},"author":2,"featured_media":116884,"comment_status":"open","ping_status":"open","sticky":false,"template":"","format":"standard","meta":{"_monsterinsights_skip_tracking":false,"footnotes":""},"categories":[62],"tags":[4780,1686,34563,4972,6758,11672,20612],"class_list":["post-116883","post","type-post","status-publish","format-standard","has-post-thumbnail","hentry","category-capital","tag-alejandro-armenta","tag-bando-solemne","tag-fiestas-patrias-2026","tag-guardia-de-honor","tag-independencia-de-mexico","tag-labaro-patrio","tag-pepe-chedraui"],"yoast_head":"<!-- This site is optimized with the Yoast SEO plugin v28.3 - https:\/\/yoast.com\/product\/yoast-seo-wordpress\/ -->\n<title>Colocan Alejandro Armenta y Pepe Chedraui Bando Solemne de las Fiestas Patrias 2026 en el Palacio Municipal - AliadosPuebla<\/title>\n<meta name=\"robots\" content=\"index, follow, max-snippet:-1, max-image-preview:large, max-video-preview:-1\" \/>\n<link rel=\"canonical\" href=\"https:\/\/www.aliadospuebla.com\/?p=116883\" \/>\n<meta property=\"og:locale\" content=\"es_ES\" \/>\n<meta property=\"og:type\" content=\"article\" \/>\n<meta property=\"og:title\" content=\"Colocan Alejandro Armenta y Pepe Chedraui Bando Solemne de las Fiestas Patrias 2026 en el Palacio Municipal - AliadosPuebla\" \/>\n<meta property=\"og:description\" content=\"&#8211; Junto con el gobernador, encabez\u00f3 la primera guardia de honor ante el L\u00e1baro Patrio Puebla, Pue.- Junto con el gobernador del estado, Alejandro Armenta, el presidente municipal, Pepe Chedraui, coloc\u00f3 el Bando Solemne de Fiestas Patrias 2026 en la entrada de Palacio Municipal, en el marco de la ceremonia de lectura, donde se dieron a conocer las actividades programadas durante septiembre para conmemorar el 216 Aniversario de la Independencia de M\u00e9xico. Al realizar la lectura del bando el alcalde destac\u00f3 que La Independencia no fue solamente un episodio militar ni una sucesi\u00f3n de nombres y fechas, afirm\u00f3 que fue una decisi\u00f3n colectiva de mujeres y hombres que entendieron que hab\u00eda llegado el momento de transformar una realidad que ya no respond\u00eda a las aspiraciones&hellip;Leer m\u00e1s...\" \/>\n<meta property=\"og:url\" content=\"https:\/\/www.aliadospuebla.com\/?p=116883\" \/>\n<meta property=\"og:site_name\" content=\"AliadosPuebla\" \/>\n<meta property=\"article:author\" content=\"https:\/\/www.facebook.com\/Aliados17Pue\" \/>\n<meta property=\"article:published_time\" content=\"2026-09-02T05:29:26+00:00\" \/>\n<meta property=\"og:image\" content=\"https:\/\/www.aliadospuebla.com\/web2017\/wp-content\/uploads\/2026\/09\/004.jpg\" \/>\n\t<meta property=\"og:image:width\" content=\"600\" \/>\n\t<meta property=\"og:image:height\" content=\"450\" \/>\n\t<meta property=\"og:image:type\" content=\"image\/jpeg\" \/>\n<meta name=\"author\" content=\"Aliados17\" \/>\n<meta name=\"twitter:card\" content=\"summary_large_image\" \/>\n<meta name=\"twitter:creator\" content=\"@AliadosPuebla\" \/>\n<meta name=\"twitter:label1\" content=\"Escrito por\" \/>\n\t<meta name=\"twitter:data1\" content=\"Aliados17\" \/>\n\t<meta name=\"twitter:label2\" content=\"Tiempo de lectura\" \/>\n\t<meta name=\"twitter:data2\" content=\"2 minutos\" \/>\n<script type=\"application\/ld+json\" class=\"yoast-schema-graph\">{\"@context\":\"https:\\\/\\\/schema.org\",\"@graph\":[{\"@type\":\"Article\",\"@id\":\"https:\\\/\\\/www.aliadospuebla.com\\\/?p=116883#article\",\"isPartOf\":{\"@id\":\"https:\\\/\\\/www.aliadospuebla.com\\\/?p=116883\"},\"author\":{\"name\":\"Aliados17\",\"@id\":\"https:\\\/\\\/www.aliadospuebla.com\\\/#\\\/schema\\\/person\\\/5da7dd09320bd4f392b710017ed5f8ad\"},\"headline\":\"Colocan Alejandro Armenta y Pepe Chedraui Bando Solemne de las Fiestas Patrias 2026 en el Palacio Municipal\",\"datePublished\":\"2026-09-02T05:29:26+00:00\",\"mainEntityOfPage\":{\"@id\":\"https:\\\/\\\/www.aliadospuebla.com\\\/?p=116883\"},\"wordCount\":418,\"commentCount\":0,\"image\":{\"@id\":\"https:\\\/\\\/www.aliadospuebla.com\\\/?p=116883#primaryimage\"},\"thumbnailUrl\":\"https:\\\/\\\/www.aliadospuebla.com\\\/web2017\\\/wp-content\\\/uploads\\\/2026\\\/09\\\/004.jpg\",\"keywords\":[\"ALEJANDRO ARMENTA\",\"BANDO SOLEMNE\",\"Fiestas Patrias 2026\",\"GUARDIA DE HONOR\",\"INDEPENDENCIA DE M\u00c9XICO\",\"l\u00e1baro patrio\",\"Pepe Chedraui\"],\"articleSection\":[\"Capital\"],\"inLanguage\":\"es\",\"potentialAction\":[{\"@type\":\"CommentAction\",\"name\":\"Comment\",\"target\":[\"https:\\\/\\\/www.aliadospuebla.com\\\/?p=116883#respond\"]}]},{\"@type\":\"WebPage\",\"@id\":\"https:\\\/\\\/www.aliadospuebla.com\\\/?p=116883\",\"url\":\"https:\\\/\\\/www.aliadospuebla.com\\\/?p=116883\",\"name\":\"Colocan Alejandro Armenta y Pepe Chedraui Bando Solemne de las Fiestas Patrias 2026 en el Palacio Municipal - AliadosPuebla\",\"isPartOf\":{\"@id\":\"https:\\\/\\\/www.aliadospuebla.com\\\/#website\"},\"primaryImageOfPage\":{\"@id\":\"https:\\\/\\\/www.aliadospuebla.com\\\/?p=116883#primaryimage\"},\"image\":{\"@id\":\"https:\\\/\\\/www.aliadospuebla.com\\\/?p=116883#primaryimage\"},\"thumbnailUrl\":\"https:\\\/\\\/www.aliadospuebla.com\\\/web2017\\\/wp-content\\\/uploads\\\/2026\\\/09\\\/004.jpg\",\"datePublished\":\"2026-09-02T05:29:26+00:00\",\"author\":{\"@id\":\"https:\\\/\\\/www.aliadospuebla.com\\\/#\\\/schema\\\/person\\\/5da7dd09320bd4f392b710017ed5f8ad\"},\"breadcrumb\":{\"@id\":\"https:\\\/\\\/www.aliadospuebla.com\\\/?p=116883#breadcrumb\"},\"inLanguage\":\"es\",\"potentialAction\":[{\"@type\":\"ReadAction\",\"target\":[\"https:\\\/\\\/www.aliadospuebla.com\\\/?p=116883\"]}]},{\"@type\":\"ImageObject\",\"inLanguage\":\"es\",\"@id\":\"https:\\\/\\\/www.aliadospuebla.com\\\/?p=116883#primaryimage\",\"url\":\"https:\\\/\\\/www.aliadospuebla.com\\\/web2017\\\/wp-content\\\/uploads\\\/2026\\\/09\\\/004.jpg\",\"contentUrl\":\"https:\\\/\\\/www.aliadospuebla.com\\\/web2017\\\/wp-content\\\/uploads\\\/2026\\\/09\\\/004.jpg\",\"width\":600,\"height\":450},{\"@type\":\"BreadcrumbList\",\"@id\":\"https:\\\/\\\/www.aliadospuebla.com\\\/?p=116883#breadcrumb\",\"itemListElement\":[{\"@type\":\"ListItem\",\"position\":1,\"name\":\"Portada\",\"item\":\"https:\\\/\\\/www.aliadospuebla.com\\\/\"},{\"@type\":\"ListItem\",\"position\":2,\"name\":\"Colocan Alejandro Armenta y Pepe Chedraui Bando Solemne de las Fiestas Patrias 2026 en el Palacio Municipal\"}]},{\"@type\":\"WebSite\",\"@id\":\"https:\\\/\\\/www.aliadospuebla.com\\\/#website\",\"url\":\"https:\\\/\\\/www.aliadospuebla.com\\\/\",\"name\":\"AliadosPuebla\",\"description\":\"La informaci\u00f3n en tus manos\",\"potentialAction\":[{\"@type\":\"SearchAction\",\"target\":{\"@type\":\"EntryPoint\",\"urlTemplate\":\"https:\\\/\\\/www.aliadospuebla.com\\\/?s={search_term_string}\"},\"query-input\":{\"@type\":\"PropertyValueSpecification\",\"valueRequired\":true,\"valueName\":\"search_term_string\"}}],\"inLanguage\":\"es\"},{\"@type\":\"Person\",\"@id\":\"https:\\\/\\\/www.aliadospuebla.com\\\/#\\\/schema\\\/person\\\/5da7dd09320bd4f392b710017ed5f8ad\",\"name\":\"Aliados17\",\"image\":{\"@type\":\"ImageObject\",\"inLanguage\":\"es\",\"@id\":\"https:\\\/\\\/www.aliadospuebla.com\\\/web2017\\\/wp-content\\\/uploads\\\/2025\\\/03\\\/cropped-para-perfil-8-anos-1-96x96.jpg\",\"url\":\"https:\\\/\\\/www.aliadospuebla.com\\\/web2017\\\/wp-content\\\/uploads\\\/2025\\\/03\\\/cropped-para-perfil-8-anos-1-96x96.jpg\",\"contentUrl\":\"https:\\\/\\\/www.aliadospuebla.com\\\/web2017\\\/wp-content\\\/uploads\\\/2025\\\/03\\\/cropped-para-perfil-8-anos-1-96x96.jpg\",\"caption\":\"Aliados17\"},\"sameAs\":[\"https:\\\/\\\/www.aliados17.com\",\"https:\\\/\\\/www.facebook.com\\\/Aliados17Pue\",\"https:\\\/\\\/x.com\\\/AliadosPuebla\"],\"url\":\"https:\\\/\\\/www.aliadospuebla.com\\\/?author=2\"}]}<\/script>\n<!-- \/ Yoast SEO plugin. -->","yoast_head_json":{"title":"Colocan Alejandro Armenta y Pepe Chedraui Bando Solemne de las Fiestas Patrias 2026 en el Palacio Municipal - AliadosPuebla","robots":{"index":"index","follow":"follow","max-snippet":"max-snippet:-1","max-image-preview":"max-image-preview:large","max-video-preview":"max-video-preview:-1"},"canonical":"https:\/\/www.aliadospuebla.com\/?p=116883","og_locale":"es_ES","og_type":"article","og_title":"Colocan Alejandro Armenta y Pepe Chedraui Bando Solemne de las Fiestas Patrias 2026 en el Palacio Municipal - AliadosPuebla","og_description":"&#8211; Junto con el gobernador, encabez\u00f3 la primera guardia de honor ante el L\u00e1baro Patrio Puebla, Pue.- Junto con el gobernador del estado, Alejandro Armenta, el presidente municipal, Pepe Chedraui, coloc\u00f3 el Bando Solemne de Fiestas Patrias 2026 en la entrada de Palacio Municipal, en el marco de la ceremonia de lectura, donde se dieron a conocer las actividades programadas durante septiembre para conmemorar el 216 Aniversario de la Independencia de M\u00e9xico. Al realizar la lectura del bando el alcalde destac\u00f3 que La Independencia no fue solamente un episodio militar ni una sucesi\u00f3n de nombres y fechas, afirm\u00f3 que fue una decisi\u00f3n colectiva de mujeres y hombres que entendieron que hab\u00eda llegado el momento de transformar una realidad que ya no respond\u00eda a las aspiraciones&hellip;Leer m\u00e1s...","og_url":"https:\/\/www.aliadospuebla.com\/?p=116883","og_site_name":"AliadosPuebla","article_author":"https:\/\/www.facebook.com\/Aliados17Pue","article_published_time":"2026-09-02T05:29:26+00:00","og_image":[{"width":600,"height":450,"url":"https:\/\/www.aliadospuebla.com\/web2017\/wp-content\/uploads\/2026\/09\/004.jpg","type":"image\/jpeg"}],"author":"Aliados17","twitter_card":"summary_large_image","twitter_creator":"@AliadosPuebla","twitter_misc":{"Escrito por":"Aliados17","Tiempo de lectura":"2 minutos"},"schema":{"@context":"https:\/\/schema.org","@graph":[{"@type":"Article","@id":"https:\/\/www.aliadospuebla.com\/?p=116883#article","isPartOf":{"@id":"https:\/\/www.aliadospuebla.com\/?p=116883"},"author":{"name":"Aliados17","@id":"https:\/\/www.aliadospuebla.com\/#\/schema\/person\/5da7dd09320bd4f392b710017ed5f8ad"},"headline":"Colocan Alejandro Armenta y Pepe Chedraui Bando Solemne de las Fiestas Patrias 2026 en el Palacio Municipal","datePublished":"2026-09-02T05:29:26+00:00","mainEntityOfPage":{"@id":"https:\/\/www.aliadospuebla.com\/?p=116883"},"wordCount":418,"commentCount":0,"image":{"@id":"https:\/\/www.aliadospuebla.com\/?p=116883#primaryimage"},"thumbnailUrl":"https:\/\/www.aliadospuebla.com\/web2017\/wp-content\/uploads\/2026\/09\/004.jpg","keywords":["ALEJANDRO ARMENTA","BANDO SOLEMNE","Fiestas Patrias 2026","GUARDIA DE HONOR","INDEPENDENCIA DE M\u00c9XICO","l\u00e1baro patrio","Pepe Chedraui"],"articleSection":["Capital"],"inLanguage":"es","potentialAction":[{"@type":"CommentAction","name":"Comment","target":["https:\/\/www.aliadospuebla.com\/?p=116883#respond"]}]},{"@type":"WebPage","@id":"https:\/\/www.aliadospuebla.com\/?p=116883","url":"https:\/\/www.aliadospuebla.com\/?p=116883","name":"Colocan Alejandro Armenta y Pepe Chedraui Bando Solemne de las Fiestas Patrias 2026 en el Palacio Municipal - AliadosPuebla","isPartOf":{"@id":"https:\/\/www.aliadospuebla.com\/#website"},"primaryImageOfPage":{"@id":"https:\/\/www.aliadospuebla.com\/?p=116883#primaryimage"},"image":{"@id":"https:\/\/www.aliadospuebla.com\/?p=116883#primaryimage"},"thumbnailUrl":"https:\/\/www.aliadospuebla.com\/web2017\/wp-content\/uploads\/2026\/09\/004.jpg","datePublished":"2026-09-02T05:29:26+00:00","author":{"@id":"https:\/\/www.aliadospuebla.com\/#\/schema\/person\/5da7dd09320bd4f392b710017ed5f8ad"},"breadcrumb":{"@id":"https:\/\/www.aliadospuebla.com\/?p=116883#breadcrumb"},"inLanguage":"es","potentialAction":[{"@type":"ReadAction","target":["https:\/\/www.aliadospuebla.com\/?p=116883"]}]},{"@type":"ImageObject","inLanguage":"es","@id":"https:\/\/www.aliadospuebla.com\/?p=116883#primaryimage","url":"https:\/\/www.aliadospuebla.com\/web2017\/wp-content\/uploads\/2026\/09\/004.jpg","contentUrl":"https:\/\/www.aliadospuebla.com\/web2017\/wp-content\/uploads\/2026\/09\/004.jpg","width":600,"height":450},{"@type":"BreadcrumbList","@id":"https:\/\/www.aliadospuebla.com\/?p=116883#breadcrumb","itemListElement":[{"@type":"ListItem","position":1,"name":"Portada","item":"https:\/\/www.aliadospuebla.com\/"},{"@type":"ListItem","position":2,"name":"Colocan Alejandro Armenta y Pepe Chedraui Bando Solemne de las Fiestas Patrias 2026 en el Palacio Municipal"}]},{"@type":"WebSite","@id":"https:\/\/www.aliadospuebla.com\/#website","url":"https:\/\/www.aliadospuebla.com\/","name":"AliadosPuebla","description":"La informaci\u00f3n en tus manos","potentialAction":[{"@type":"SearchAction","target":{"@type":"EntryPoint","urlTemplate":"https:\/\/www.aliadospuebla.com\/?s={search_term_string}"},"query-input":{"@type":"PropertyValueSpecification","valueRequired":true,"valueName":"search_term_string"}}],"inLanguage":"es"},{"@type":"Person","@id":"https:\/\/www.aliadospuebla.com\/#\/schema\/person\/5da7dd09320bd4f392b710017ed5f8ad","name":"Aliados17","image":{"@type":"ImageObject","inLanguage":"es","@id":"https:\/\/www.aliadospuebla.com\/web2017\/wp-content\/uploads\/2025\/03\/cropped-para-perfil-8-anos-1-96x96.jpg","url":"https:\/\/www.aliadospuebla.com\/web2017\/wp-content\/uploads\/2025\/03\/cropped-para-perfil-8-anos-1-96x96.jpg","contentUrl":"https:\/\/www.aliadospuebla.com\/web2017\/wp-content\/uploads\/2025\/03\/cropped-para-perfil-8-anos-1-96x96.jpg","caption":"Aliados17"},"sameAs":["https:\/\/www.aliados17.com","https:\/\/www.facebook.com\/Aliados17Pue","https:\/\/x.com\/AliadosPuebla"],"url":"https:\/\/www.aliadospuebla.com\/?author=2"}]}},"views":5,"_links":{"self":[{"href":"https:\/\/www.aliadospuebla.com\/index.php?rest_route=\/wp\/v2\/posts\/116883","targetHints":{"allow":["GET"]}}],"collection":[{"href":"https:\/\/www.aliadospuebla.com\/index.php?rest_route=\/wp\/v2\/posts"}],"about":[{"href":"https:\/\/www.aliadospuebla.com\/index.php?rest_route=\/wp\/v2\/types\/post"}],"author":[{"embeddable":true,"href":"https:\/\/www.aliadospuebla.com\/index.php?rest_route=\/wp\/v2\/users\/2"}],"replies":[{"embeddable":true,"href":"https:\/\/www.aliadospuebla.com\/index.php?rest_route=%2Fwp%2Fv2%2Fcomments&post=116883"}],"version-history":[{"count":1,"href":"https:\/\/www.aliadospuebla.com\/index.php?rest_route=\/wp\/v2\/posts\/116883\/revisions"}],"predecessor-version":[{"id":116885,"href":"https:\/\/www.aliadospuebla.com\/index.php?rest_route=\/wp\/v2\/posts\/116883\/revisions\/116885"}],"wp:featuredmedia":[{"embeddable":true,"href":"https:\/\/www.aliadospuebla.com\/index.php?rest_route=\/wp\/v2\/media\/116884"}],"wp:attachment":[{"href":"https:\/\/www.aliadospuebla.com\/index.php?rest_route=%2Fwp%2Fv2%2Fmedia&parent=116883"}],"wp:term":[{"taxonomy":"category","embeddable":true,"href":"https:\/\/www.aliadospuebla.com\/index.php?rest_route=%2Fwp%2Fv2%2Fcategories&post=116883"},{"taxonomy":"post_tag","embeddable":true,"href":"https:\/\/www.aliadospuebla.com\/index.php?rest_route=%2Fwp%2Fv2%2Ftags&post=116883"}],"curies":[{"name":"wp","href":"https:\/\/api.w.org\/{rel}","templated":true}]}}