{"id":116877,"date":"2026-09-01T23:10:57","date_gmt":"2026-09-02T05:10:57","guid":{"rendered":"https:\/\/www.aliadospuebla.com\/?p=116877"},"modified":"2026-09-01T23:10:57","modified_gmt":"2026-09-02T05:10:57","slug":"trabaja-diputada-luana-amador-en-una-propuesta-para-implementar-un-proceso-de-consulta-incluyente-para-personas-con-discapacidad","status":"publish","type":"post","link":"https:\/\/www.aliadospuebla.com\/?p=116877","title":{"rendered":"Trabaja diputada Luana Amador en una propuesta para implementar un proceso de consulta incluyente para personas con discapacidad"},"content":{"rendered":"<h4>La presidenta de la Comisi\u00f3n de Atenci\u00f3n a Personas con Discapacidad del Congreso del Estado, diputada Luana Armida Amador Vallejo, inform\u00f3 que trabaja en una propuesta para llevar a cabo un proceso de consulta incluyente dirigido a personas con discapacidad.<\/h4>\n<p>Explic\u00f3 que, por disposici\u00f3n legal, las personas con discapacidad deben ser consultadas<\/p>\n<p>cuando se impulsen medidas legislativas que puedan afectar directamente sus derechos,<\/p>\n<p>por lo que el Congreso del Estado busca realizar un procedimiento adecuado y apegado<\/p>\n<p>a los criterios establecidos por la Suprema Corte de Justicia de la Naci\u00f3n.<\/p>\n<p>&nbsp;<\/p>\n<p>La legisladora se\u00f1al\u00f3 que se han sostenido reuniones de trabajo y consultas t\u00e9cnicas<\/p>\n<p>con especialistas en el tema, con el objetivo de analizar los criterios y lineamientos<\/p>\n<p>necesarios para desarrollar un ejercicio que cumpla con las disposiciones constitucionales.<\/p>\n<p>Con ello, se busca evitar que las reformas aprobadas sean invalidadas posteriormente por no haber realizado correctamente el proceso de consulta.<\/p>\n<p>&nbsp;<\/p>\n<p>Amador Vallejo detall\u00f3 que se trabaja en una propuesta que contemple diferentes mecanismos para garantizar que las personas con discapacidad puedan participar y expresar sus opiniones de manera accesible, independientemente del tipo de discapacidad. Entre las herramientas consideradas se encuentran materiales audiovisuales, formatos integrales y simplificados, avisos de privacidad y documentos de consentimiento para menores de edad.<\/p>\n<p>&nbsp;<\/p>\n<p>Finalmente, la diputada mencion\u00f3 la importancia de realizar un proceso de depuraci\u00f3n y armonizaci\u00f3n de las iniciativas relacionadas con las personas con discapacidad que se encuentran en tr\u00e1mite legislativo, a fin de evitar que la consulta sea excesivamente amplia y dificulte la participaci\u00f3n efectiva de la ciudadan\u00eda.<\/p>\n<p>&nbsp;<\/p>\n","protected":false},"excerpt":{"rendered":"<p>La presidenta de la Comisi\u00f3n de Atenci\u00f3n a Personas con Discapacidad del Congreso del Estado, diputada Luana Armida Amador Vallejo, inform\u00f3 que trabaja en una propuesta para llevar a cabo un proceso de consulta incluyente dirigido a personas con discapacidad. Explic\u00f3 que, por disposici\u00f3n legal, las personas con discapacidad deben ser consultadas cuando se impulsen medidas legislativas que puedan afectar directamente sus derechos, por lo que el Congreso del Estado busca realizar un procedimiento adecuado y apegado a los criterios establecidos por la Suprema Corte de Justicia de la Naci\u00f3n. &nbsp; La legisladora se\u00f1al\u00f3 que se han sostenido reuniones de trabajo y consultas t\u00e9cnicas con especialistas en el tema, con el objetivo de analizar los criterios y lineamientos necesarios para desarrollar un ejercicio que cumpla&hellip;<\/p>\n<p class=\"excerpt-more\"><a class=\"blog-excerpt button\" href=\"https:\/\/www.aliadospuebla.com\/?p=116877\">Leer m\u00e1s&#8230;<\/a><\/p>\n","protected":false},"author":2,"featured_media":116878,"comment_status":"open","ping_status":"open","sticky":false,"template":"","format":"standard","meta":{"_monsterinsights_skip_tracking":false,"footnotes":""},"categories":[6],"tags":[88,34928,25025,3218],"class_list":["post-116877","post","type-post","status-publish","format-standard","has-post-thumbnail","hentry","category-politica","tag-congreso-del-estado","tag-consulta-incluyente","tag-luana-armida-amador-vallejo","tag-personas-con-discapacidad"],"yoast_head":"<!-- This site is optimized with the Yoast SEO plugin v28.3 - https:\/\/yoast.com\/product\/yoast-seo-wordpress\/ -->\n<title>Trabaja diputada Luana Amador en una propuesta para implementar un proceso de consulta incluyente para personas con discapacidad - AliadosPuebla<\/title>\n<meta name=\"robots\" content=\"index, follow, max-snippet:-1, max-image-preview:large, max-video-preview:-1\" \/>\n<link rel=\"canonical\" href=\"https:\/\/www.aliadospuebla.com\/?p=116877\" \/>\n<meta property=\"og:locale\" content=\"es_ES\" \/>\n<meta property=\"og:type\" content=\"article\" \/>\n<meta property=\"og:title\" content=\"Trabaja diputada Luana Amador en una propuesta para implementar un proceso de consulta incluyente para personas con discapacidad - AliadosPuebla\" \/>\n<meta property=\"og:description\" content=\"La presidenta de la Comisi\u00f3n de Atenci\u00f3n a Personas con Discapacidad del Congreso del Estado, diputada Luana Armida Amador Vallejo, inform\u00f3 que trabaja en una propuesta para llevar a cabo un proceso de consulta incluyente dirigido a personas con discapacidad. Explic\u00f3 que, por disposici\u00f3n legal, las personas con discapacidad deben ser consultadas cuando se impulsen medidas legislativas que puedan afectar directamente sus derechos, por lo que el Congreso del Estado busca realizar un procedimiento adecuado y apegado a los criterios establecidos por la Suprema Corte de Justicia de la Naci\u00f3n. &nbsp; La legisladora se\u00f1al\u00f3 que se han sostenido reuniones de trabajo y consultas t\u00e9cnicas con especialistas en el tema, con el objetivo de analizar los criterios y lineamientos necesarios para desarrollar un ejercicio que cumpla&hellip;Leer m\u00e1s...\" \/>\n<meta property=\"og:url\" content=\"https:\/\/www.aliadospuebla.com\/?p=116877\" \/>\n<meta property=\"og:site_name\" content=\"AliadosPuebla\" \/>\n<meta property=\"article:author\" content=\"https:\/\/www.facebook.com\/Aliados17Pue\" \/>\n<meta property=\"article:published_time\" content=\"2026-09-02T05:10:57+00:00\" \/>\n<meta property=\"og:image\" content=\"https:\/\/www.aliadospuebla.com\/web2017\/wp-content\/uploads\/2026\/09\/002.jpg\" \/>\n\t<meta property=\"og:image:width\" content=\"600\" \/>\n\t<meta property=\"og:image:height\" content=\"450\" \/>\n\t<meta property=\"og:image:type\" content=\"image\/jpeg\" \/>\n<meta name=\"author\" content=\"Aliados17\" \/>\n<meta name=\"twitter:card\" content=\"summary_large_image\" \/>\n<meta name=\"twitter:creator\" content=\"@AliadosPuebla\" \/>\n<meta name=\"twitter:label1\" content=\"Escrito por\" \/>\n\t<meta name=\"twitter:data1\" content=\"Aliados17\" \/>\n\t<meta name=\"twitter:label2\" content=\"Tiempo de lectura\" \/>\n\t<meta name=\"twitter:data2\" content=\"2 minutos\" \/>\n<script type=\"application\/ld+json\" class=\"yoast-schema-graph\">{\"@context\":\"https:\\\/\\\/schema.org\",\"@graph\":[{\"@type\":\"Article\",\"@id\":\"https:\\\/\\\/www.aliadospuebla.com\\\/?p=116877#article\",\"isPartOf\":{\"@id\":\"https:\\\/\\\/www.aliadospuebla.com\\\/?p=116877\"},\"author\":{\"name\":\"Aliados17\",\"@id\":\"https:\\\/\\\/www.aliadospuebla.com\\\/#\\\/schema\\\/person\\\/5da7dd09320bd4f392b710017ed5f8ad\"},\"headline\":\"Trabaja diputada Luana Amador en una propuesta para implementar un proceso de consulta incluyente para personas con discapacidad\",\"datePublished\":\"2026-09-02T05:10:57+00:00\",\"mainEntityOfPage\":{\"@id\":\"https:\\\/\\\/www.aliadospuebla.com\\\/?p=116877\"},\"wordCount\":286,\"commentCount\":0,\"image\":{\"@id\":\"https:\\\/\\\/www.aliadospuebla.com\\\/?p=116877#primaryimage\"},\"thumbnailUrl\":\"https:\\\/\\\/www.aliadospuebla.com\\\/web2017\\\/wp-content\\\/uploads\\\/2026\\\/09\\\/002.jpg\",\"keywords\":[\"Congreso del Estado\",\"consulta incluyente\",\"Luana Armida Amador Vallejo\",\"PERSONAS CON DISCAPACIDAD\"],\"articleSection\":[\"Pol\u00edtica\"],\"inLanguage\":\"es\",\"potentialAction\":[{\"@type\":\"CommentAction\",\"name\":\"Comment\",\"target\":[\"https:\\\/\\\/www.aliadospuebla.com\\\/?p=116877#respond\"]}]},{\"@type\":\"WebPage\",\"@id\":\"https:\\\/\\\/www.aliadospuebla.com\\\/?p=116877\",\"url\":\"https:\\\/\\\/www.aliadospuebla.com\\\/?p=116877\",\"name\":\"Trabaja diputada Luana Amador en una propuesta para implementar un proceso de consulta incluyente para personas con discapacidad - AliadosPuebla\",\"isPartOf\":{\"@id\":\"https:\\\/\\\/www.aliadospuebla.com\\\/#website\"},\"primaryImageOfPage\":{\"@id\":\"https:\\\/\\\/www.aliadospuebla.com\\\/?p=116877#primaryimage\"},\"image\":{\"@id\":\"https:\\\/\\\/www.aliadospuebla.com\\\/?p=116877#primaryimage\"},\"thumbnailUrl\":\"https:\\\/\\\/www.aliadospuebla.com\\\/web2017\\\/wp-content\\\/uploads\\\/2026\\\/09\\\/002.jpg\",\"datePublished\":\"2026-09-02T05:10:57+00:00\",\"author\":{\"@id\":\"https:\\\/\\\/www.aliadospuebla.com\\\/#\\\/schema\\\/person\\\/5da7dd09320bd4f392b710017ed5f8ad\"},\"breadcrumb\":{\"@id\":\"https:\\\/\\\/www.aliadospuebla.com\\\/?p=116877#breadcrumb\"},\"inLanguage\":\"es\",\"potentialAction\":[{\"@type\":\"ReadAction\",\"target\":[\"https:\\\/\\\/www.aliadospuebla.com\\\/?p=116877\"]}]},{\"@type\":\"ImageObject\",\"inLanguage\":\"es\",\"@id\":\"https:\\\/\\\/www.aliadospuebla.com\\\/?p=116877#primaryimage\",\"url\":\"https:\\\/\\\/www.aliadospuebla.com\\\/web2017\\\/wp-content\\\/uploads\\\/2026\\\/09\\\/002.jpg\",\"contentUrl\":\"https:\\\/\\\/www.aliadospuebla.com\\\/web2017\\\/wp-content\\\/uploads\\\/2026\\\/09\\\/002.jpg\",\"width\":600,\"height\":450},{\"@type\":\"BreadcrumbList\",\"@id\":\"https:\\\/\\\/www.aliadospuebla.com\\\/?p=116877#breadcrumb\",\"itemListElement\":[{\"@type\":\"ListItem\",\"position\":1,\"name\":\"Portada\",\"item\":\"https:\\\/\\\/www.aliadospuebla.com\\\/\"},{\"@type\":\"ListItem\",\"position\":2,\"name\":\"Trabaja diputada Luana Amador en una propuesta para implementar un proceso de consulta incluyente para personas con discapacidad\"}]},{\"@type\":\"WebSite\",\"@id\":\"https:\\\/\\\/www.aliadospuebla.com\\\/#website\",\"url\":\"https:\\\/\\\/www.aliadospuebla.com\\\/\",\"name\":\"AliadosPuebla\",\"description\":\"La informaci\u00f3n en tus manos\",\"potentialAction\":[{\"@type\":\"SearchAction\",\"target\":{\"@type\":\"EntryPoint\",\"urlTemplate\":\"https:\\\/\\\/www.aliadospuebla.com\\\/?s={search_term_string}\"},\"query-input\":{\"@type\":\"PropertyValueSpecification\",\"valueRequired\":true,\"valueName\":\"search_term_string\"}}],\"inLanguage\":\"es\"},{\"@type\":\"Person\",\"@id\":\"https:\\\/\\\/www.aliadospuebla.com\\\/#\\\/schema\\\/person\\\/5da7dd09320bd4f392b710017ed5f8ad\",\"name\":\"Aliados17\",\"image\":{\"@type\":\"ImageObject\",\"inLanguage\":\"es\",\"@id\":\"https:\\\/\\\/www.aliadospuebla.com\\\/web2017\\\/wp-content\\\/uploads\\\/2025\\\/03\\\/cropped-para-perfil-8-anos-1-96x96.jpg\",\"url\":\"https:\\\/\\\/www.aliadospuebla.com\\\/web2017\\\/wp-content\\\/uploads\\\/2025\\\/03\\\/cropped-para-perfil-8-anos-1-96x96.jpg\",\"contentUrl\":\"https:\\\/\\\/www.aliadospuebla.com\\\/web2017\\\/wp-content\\\/uploads\\\/2025\\\/03\\\/cropped-para-perfil-8-anos-1-96x96.jpg\",\"caption\":\"Aliados17\"},\"sameAs\":[\"https:\\\/\\\/www.aliados17.com\",\"https:\\\/\\\/www.facebook.com\\\/Aliados17Pue\",\"https:\\\/\\\/x.com\\\/AliadosPuebla\"],\"url\":\"https:\\\/\\\/www.aliadospuebla.com\\\/?author=2\"}]}<\/script>\n<!-- \/ Yoast SEO plugin. -->","yoast_head_json":{"title":"Trabaja diputada Luana Amador en una propuesta para implementar un proceso de consulta incluyente para personas con discapacidad - AliadosPuebla","robots":{"index":"index","follow":"follow","max-snippet":"max-snippet:-1","max-image-preview":"max-image-preview:large","max-video-preview":"max-video-preview:-1"},"canonical":"https:\/\/www.aliadospuebla.com\/?p=116877","og_locale":"es_ES","og_type":"article","og_title":"Trabaja diputada Luana Amador en una propuesta para implementar un proceso de consulta incluyente para personas con discapacidad - AliadosPuebla","og_description":"La presidenta de la Comisi\u00f3n de Atenci\u00f3n a Personas con Discapacidad del Congreso del Estado, diputada Luana Armida Amador Vallejo, inform\u00f3 que trabaja en una propuesta para llevar a cabo un proceso de consulta incluyente dirigido a personas con discapacidad. Explic\u00f3 que, por disposici\u00f3n legal, las personas con discapacidad deben ser consultadas cuando se impulsen medidas legislativas que puedan afectar directamente sus derechos, por lo que el Congreso del Estado busca realizar un procedimiento adecuado y apegado a los criterios establecidos por la Suprema Corte de Justicia de la Naci\u00f3n. &nbsp; La legisladora se\u00f1al\u00f3 que se han sostenido reuniones de trabajo y consultas t\u00e9cnicas con especialistas en el tema, con el objetivo de analizar los criterios y lineamientos necesarios para desarrollar un ejercicio que cumpla&hellip;Leer m\u00e1s...","og_url":"https:\/\/www.aliadospuebla.com\/?p=116877","og_site_name":"AliadosPuebla","article_author":"https:\/\/www.facebook.com\/Aliados17Pue","article_published_time":"2026-09-02T05:10:57+00:00","og_image":[{"width":600,"height":450,"url":"https:\/\/www.aliadospuebla.com\/web2017\/wp-content\/uploads\/2026\/09\/002.jpg","type":"image\/jpeg"}],"author":"Aliados17","twitter_card":"summary_large_image","twitter_creator":"@AliadosPuebla","twitter_misc":{"Escrito por":"Aliados17","Tiempo de lectura":"2 minutos"},"schema":{"@context":"https:\/\/schema.org","@graph":[{"@type":"Article","@id":"https:\/\/www.aliadospuebla.com\/?p=116877#article","isPartOf":{"@id":"https:\/\/www.aliadospuebla.com\/?p=116877"},"author":{"name":"Aliados17","@id":"https:\/\/www.aliadospuebla.com\/#\/schema\/person\/5da7dd09320bd4f392b710017ed5f8ad"},"headline":"Trabaja diputada Luana Amador en una propuesta para implementar un proceso de consulta incluyente para personas con discapacidad","datePublished":"2026-09-02T05:10:57+00:00","mainEntityOfPage":{"@id":"https:\/\/www.aliadospuebla.com\/?p=116877"},"wordCount":286,"commentCount":0,"image":{"@id":"https:\/\/www.aliadospuebla.com\/?p=116877#primaryimage"},"thumbnailUrl":"https:\/\/www.aliadospuebla.com\/web2017\/wp-content\/uploads\/2026\/09\/002.jpg","keywords":["Congreso del Estado","consulta incluyente","Luana Armida Amador Vallejo","PERSONAS CON DISCAPACIDAD"],"articleSection":["Pol\u00edtica"],"inLanguage":"es","potentialAction":[{"@type":"CommentAction","name":"Comment","target":["https:\/\/www.aliadospuebla.com\/?p=116877#respond"]}]},{"@type":"WebPage","@id":"https:\/\/www.aliadospuebla.com\/?p=116877","url":"https:\/\/www.aliadospuebla.com\/?p=116877","name":"Trabaja diputada Luana Amador en una propuesta para implementar un proceso de consulta incluyente para personas con discapacidad - AliadosPuebla","isPartOf":{"@id":"https:\/\/www.aliadospuebla.com\/#website"},"primaryImageOfPage":{"@id":"https:\/\/www.aliadospuebla.com\/?p=116877#primaryimage"},"image":{"@id":"https:\/\/www.aliadospuebla.com\/?p=116877#primaryimage"},"thumbnailUrl":"https:\/\/www.aliadospuebla.com\/web2017\/wp-content\/uploads\/2026\/09\/002.jpg","datePublished":"2026-09-02T05:10:57+00:00","author":{"@id":"https:\/\/www.aliadospuebla.com\/#\/schema\/person\/5da7dd09320bd4f392b710017ed5f8ad"},"breadcrumb":{"@id":"https:\/\/www.aliadospuebla.com\/?p=116877#breadcrumb"},"inLanguage":"es","potentialAction":[{"@type":"ReadAction","target":["https:\/\/www.aliadospuebla.com\/?p=116877"]}]},{"@type":"ImageObject","inLanguage":"es","@id":"https:\/\/www.aliadospuebla.com\/?p=116877#primaryimage","url":"https:\/\/www.aliadospuebla.com\/web2017\/wp-content\/uploads\/2026\/09\/002.jpg","contentUrl":"https:\/\/www.aliadospuebla.com\/web2017\/wp-content\/uploads\/2026\/09\/002.jpg","width":600,"height":450},{"@type":"BreadcrumbList","@id":"https:\/\/www.aliadospuebla.com\/?p=116877#breadcrumb","itemListElement":[{"@type":"ListItem","position":1,"name":"Portada","item":"https:\/\/www.aliadospuebla.com\/"},{"@type":"ListItem","position":2,"name":"Trabaja diputada Luana Amador en una propuesta para implementar un proceso de consulta incluyente para personas con discapacidad"}]},{"@type":"WebSite","@id":"https:\/\/www.aliadospuebla.com\/#website","url":"https:\/\/www.aliadospuebla.com\/","name":"AliadosPuebla","description":"La informaci\u00f3n en tus manos","potentialAction":[{"@type":"SearchAction","target":{"@type":"EntryPoint","urlTemplate":"https:\/\/www.aliadospuebla.com\/?s={search_term_string}"},"query-input":{"@type":"PropertyValueSpecification","valueRequired":true,"valueName":"search_term_string"}}],"inLanguage":"es"},{"@type":"Person","@id":"https:\/\/www.aliadospuebla.com\/#\/schema\/person\/5da7dd09320bd4f392b710017ed5f8ad","name":"Aliados17","image":{"@type":"ImageObject","inLanguage":"es","@id":"https:\/\/www.aliadospuebla.com\/web2017\/wp-content\/uploads\/2025\/03\/cropped-para-perfil-8-anos-1-96x96.jpg","url":"https:\/\/www.aliadospuebla.com\/web2017\/wp-content\/uploads\/2025\/03\/cropped-para-perfil-8-anos-1-96x96.jpg","contentUrl":"https:\/\/www.aliadospuebla.com\/web2017\/wp-content\/uploads\/2025\/03\/cropped-para-perfil-8-anos-1-96x96.jpg","caption":"Aliados17"},"sameAs":["https:\/\/www.aliados17.com","https:\/\/www.facebook.com\/Aliados17Pue","https:\/\/x.com\/AliadosPuebla"],"url":"https:\/\/www.aliadospuebla.com\/?author=2"}]}},"views":4,"_links":{"self":[{"href":"https:\/\/www.aliadospuebla.com\/index.php?rest_route=\/wp\/v2\/posts\/116877","targetHints":{"allow":["GET"]}}],"collection":[{"href":"https:\/\/www.aliadospuebla.com\/index.php?rest_route=\/wp\/v2\/posts"}],"about":[{"href":"https:\/\/www.aliadospuebla.com\/index.php?rest_route=\/wp\/v2\/types\/post"}],"author":[{"embeddable":true,"href":"https:\/\/www.aliadospuebla.com\/index.php?rest_route=\/wp\/v2\/users\/2"}],"replies":[{"embeddable":true,"href":"https:\/\/www.aliadospuebla.com\/index.php?rest_route=%2Fwp%2Fv2%2Fcomments&post=116877"}],"version-history":[{"count":1,"href":"https:\/\/www.aliadospuebla.com\/index.php?rest_route=\/wp\/v2\/posts\/116877\/revisions"}],"predecessor-version":[{"id":116879,"href":"https:\/\/www.aliadospuebla.com\/index.php?rest_route=\/wp\/v2\/posts\/116877\/revisions\/116879"}],"wp:featuredmedia":[{"embeddable":true,"href":"https:\/\/www.aliadospuebla.com\/index.php?rest_route=\/wp\/v2\/media\/116878"}],"wp:attachment":[{"href":"https:\/\/www.aliadospuebla.com\/index.php?rest_route=%2Fwp%2Fv2%2Fmedia&parent=116877"}],"wp:term":[{"taxonomy":"category","embeddable":true,"href":"https:\/\/www.aliadospuebla.com\/index.php?rest_route=%2Fwp%2Fv2%2Fcategories&post=116877"},{"taxonomy":"post_tag","embeddable":true,"href":"https:\/\/www.aliadospuebla.com\/index.php?rest_route=%2Fwp%2Fv2%2Ftags&post=116877"}],"curies":[{"name":"wp","href":"https:\/\/api.w.org\/{rel}","templated":true}]}}