{"id":116859,"date":"2026-08-31T21:33:39","date_gmt":"2026-09-01T03:33:39","guid":{"rendered":"https:\/\/www.aliadospuebla.com\/?p=116859"},"modified":"2026-08-31T21:33:39","modified_gmt":"2026-09-01T03:33:39","slug":"comision-del-congreso-aprueba-exhorto-para-impulsar-el-rescate-y-rehabilitacion-del-teatro-popular-jose-recek-saade","status":"publish","type":"post","link":"https:\/\/www.aliadospuebla.com\/?p=116859","title":{"rendered":"Comisi\u00f3n del Congreso aprueba exhorto para impulsar el rescate y rehabilitaci\u00f3n del Teatro Popular Jos\u00e9 Recek Saade"},"content":{"rendered":"<p>En sesi\u00f3n de la Comisi\u00f3n de Asuntos Municipales del Congreso, que preside la diputada<\/p>\n<p>Guadalupe Yamak Taja, se aprob\u00f3 el proyecto de acuerdo por virtud del cual se exhorta<\/p>\n<p>al Ayuntamiento de Puebla y a la Secretar\u00eda de Arte y Cultura del Estado para que,<\/p>\n<p>en el \u00e1mbito de sus respectivas competencias, y de conformidad con la legislaci\u00f3n aplicable establezcan acciones coordinadas para promover e impulsar el rescate, rehabilitaci\u00f3n y uso seguro del Teatro Popular Jos\u00e9 Recek Saade.<\/p>\n<h4>Adem\u00e1s, para que, de forma coordinada con la comunidad cultural y vecinal, implementen un plan de reactivaci\u00f3n cultural comunitaria mediante actividades art\u00edsticas, de formaci\u00f3n y difusi\u00f3n que fortalezcan la vida cultural del Barrio de El Alto y del municipio de Puebla.<\/h4>\n<p>Por otra parte, el \u00f3rgano colegiado aprob\u00f3 el proyecto de acuerdo por el que se exhorta a los Ayuntamientos y Concejos Municipales del Estado para que, en el \u00e1mbito de sus atribuciones, implementen las acciones necesarias y los mecanismos id\u00f3neos para el retiro de los veh\u00edculos abandonados en la v\u00eda p\u00fablica.<\/p>\n<h4>Ambas propuestas fueron promovidas por la diputada Susana del Carmen Riestra Pi\u00f1a.<\/h4>\n<p>En otro momento de la sesi\u00f3n, se aprob\u00f3 el proyecto de acuerdo impulsado por la diputada Mar\u00eda Fernanda de la Barreda Angon, por el que se exhorta a los Ayuntamientos y Concejos Municipales del Estado, con especial atenci\u00f3n a los de la zona metropolitana y conurbada de la capital, para que, en el \u00e1mbito de sus atribuciones, homologuen, armonicen y actualicen sus reglamentos de tr\u00e1nsito, movilidad y seguridad vial.<\/p>\n<p>As\u00ed como sus lineamientos, manuales, protocolos, criterios de actuaci\u00f3n y dem\u00e1s disposiciones administrativas, a efecto de adecuarlos al marco constitucional y legal vigente en materia de movilidad y seguridad vial, y se privilegien los principios de legalidad, seguridad jur\u00eddica, tipicidad, razonabilidad, proporcionalidad, debida fundamentaci\u00f3n y motivaci\u00f3n, as\u00ed como la protecci\u00f3n m\u00e1s amplia de los derechos humanos de las personas usuarias de la v\u00eda p\u00fablica.<\/p>\n<p>En la sesi\u00f3n estuvieron presentes las diputadas Guadalupe Yamak Taja, Leonela Jazm\u00edn Mart\u00ednez Ayala y Luana Armida Amador Vallejo, as\u00ed como el diputado El\u00edas Lozada Ortega.<\/p>\n","protected":false},"excerpt":{"rendered":"<p>En sesi\u00f3n de la Comisi\u00f3n de Asuntos Municipales del Congreso, que preside la diputada Guadalupe Yamak Taja, se aprob\u00f3 el proyecto de acuerdo por virtud del cual se exhorta al Ayuntamiento de Puebla y a la Secretar\u00eda de Arte y Cultura del Estado para que, en el \u00e1mbito de sus respectivas competencias, y de conformidad con la legislaci\u00f3n aplicable establezcan acciones coordinadas para promover e impulsar el rescate, rehabilitaci\u00f3n y uso seguro del Teatro Popular Jos\u00e9 Recek Saade. Adem\u00e1s, para que, de forma coordinada con la comunidad cultural y vecinal, implementen un plan de reactivaci\u00f3n cultural comunitaria mediante actividades art\u00edsticas, de formaci\u00f3n y difusi\u00f3n que fortalezcan la vida cultural del Barrio de El Alto y del municipio de Puebla. Por otra parte, el \u00f3rgano colegiado&hellip;<\/p>\n<p class=\"excerpt-more\"><a class=\"blog-excerpt button\" href=\"https:\/\/www.aliadospuebla.com\/?p=116859\">Leer m\u00e1s&#8230;<\/a><\/p>\n","protected":false},"author":2,"featured_media":116860,"comment_status":"open","ping_status":"open","sticky":false,"template":"","format":"standard","meta":{"_monsterinsights_skip_tracking":false,"footnotes":""},"categories":[6],"tags":[2174,14975,34919,1076,26187,34918],"class_list":["post-116859","post","type-post","status-publish","format-standard","has-post-thumbnail","hentry","category-politica","tag-actividades-artisticas","tag-guadalupe-yamak-taja","tag-reactivacion-cultural-comunitaria","tag-rehabilitacion","tag-susana-del-carmen-riestra-pina","tag-teatro-popular-jose-recek-saade"],"yoast_head":"<!-- This site is optimized with the Yoast SEO plugin v28.3 - https:\/\/yoast.com\/product\/yoast-seo-wordpress\/ -->\n<title>Comisi\u00f3n del Congreso aprueba exhorto para impulsar el rescate y rehabilitaci\u00f3n del Teatro Popular Jos\u00e9 Recek Saade - AliadosPuebla<\/title>\n<meta name=\"robots\" content=\"index, follow, max-snippet:-1, max-image-preview:large, max-video-preview:-1\" \/>\n<link rel=\"canonical\" href=\"https:\/\/www.aliadospuebla.com\/?p=116859\" \/>\n<meta property=\"og:locale\" content=\"es_ES\" \/>\n<meta property=\"og:type\" content=\"article\" \/>\n<meta property=\"og:title\" content=\"Comisi\u00f3n del Congreso aprueba exhorto para impulsar el rescate y rehabilitaci\u00f3n del Teatro Popular Jos\u00e9 Recek Saade - AliadosPuebla\" \/>\n<meta property=\"og:description\" content=\"En sesi\u00f3n de la Comisi\u00f3n de Asuntos Municipales del Congreso, que preside la diputada Guadalupe Yamak Taja, se aprob\u00f3 el proyecto de acuerdo por virtud del cual se exhorta al Ayuntamiento de Puebla y a la Secretar\u00eda de Arte y Cultura del Estado para que, en el \u00e1mbito de sus respectivas competencias, y de conformidad con la legislaci\u00f3n aplicable establezcan acciones coordinadas para promover e impulsar el rescate, rehabilitaci\u00f3n y uso seguro del Teatro Popular Jos\u00e9 Recek Saade. Adem\u00e1s, para que, de forma coordinada con la comunidad cultural y vecinal, implementen un plan de reactivaci\u00f3n cultural comunitaria mediante actividades art\u00edsticas, de formaci\u00f3n y difusi\u00f3n que fortalezcan la vida cultural del Barrio de El Alto y del municipio de Puebla. Por otra parte, el \u00f3rgano colegiado&hellip;Leer m\u00e1s...\" \/>\n<meta property=\"og:url\" content=\"https:\/\/www.aliadospuebla.com\/?p=116859\" \/>\n<meta property=\"og:site_name\" content=\"AliadosPuebla\" \/>\n<meta property=\"article:author\" content=\"https:\/\/www.facebook.com\/Aliados17Pue\" \/>\n<meta property=\"article:published_time\" content=\"2026-09-01T03:33:39+00:00\" \/>\n<meta property=\"og:image\" content=\"https:\/\/www.aliadospuebla.com\/web2017\/wp-content\/uploads\/2026\/08\/212.jpg\" \/>\n\t<meta property=\"og:image:width\" content=\"600\" \/>\n\t<meta property=\"og:image:height\" content=\"450\" \/>\n\t<meta property=\"og:image:type\" content=\"image\/jpeg\" \/>\n<meta name=\"author\" content=\"Aliados17\" \/>\n<meta name=\"twitter:card\" content=\"summary_large_image\" \/>\n<meta name=\"twitter:creator\" content=\"@AliadosPuebla\" \/>\n<meta name=\"twitter:label1\" content=\"Escrito por\" \/>\n\t<meta name=\"twitter:data1\" content=\"Aliados17\" \/>\n\t<meta name=\"twitter:label2\" content=\"Tiempo de lectura\" \/>\n\t<meta name=\"twitter:data2\" content=\"2 minutos\" \/>\n<script type=\"application\/ld+json\" class=\"yoast-schema-graph\">{\"@context\":\"https:\\\/\\\/schema.org\",\"@graph\":[{\"@type\":\"Article\",\"@id\":\"https:\\\/\\\/www.aliadospuebla.com\\\/?p=116859#article\",\"isPartOf\":{\"@id\":\"https:\\\/\\\/www.aliadospuebla.com\\\/?p=116859\"},\"author\":{\"name\":\"Aliados17\",\"@id\":\"https:\\\/\\\/www.aliadospuebla.com\\\/#\\\/schema\\\/person\\\/5da7dd09320bd4f392b710017ed5f8ad\"},\"headline\":\"Comisi\u00f3n del Congreso aprueba exhorto para impulsar el rescate y rehabilitaci\u00f3n del Teatro Popular Jos\u00e9 Recek Saade\",\"datePublished\":\"2026-09-01T03:33:39+00:00\",\"mainEntityOfPage\":{\"@id\":\"https:\\\/\\\/www.aliadospuebla.com\\\/?p=116859\"},\"wordCount\":392,\"commentCount\":0,\"image\":{\"@id\":\"https:\\\/\\\/www.aliadospuebla.com\\\/?p=116859#primaryimage\"},\"thumbnailUrl\":\"https:\\\/\\\/www.aliadospuebla.com\\\/web2017\\\/wp-content\\\/uploads\\\/2026\\\/08\\\/212.jpg\",\"keywords\":[\"ACTIVIDADES ART\u00cdSTICAS\",\"Guadalupe Yamak Taja\",\"reactivaci\u00f3n cultural comunitaria\",\"REHABILITACI\u00d3N\",\"Susana del Carmen Riestra Pi\u00f1a\",\"Teatro Popular Jos\u00e9 Recek Saade\"],\"articleSection\":[\"Pol\u00edtica\"],\"inLanguage\":\"es\",\"potentialAction\":[{\"@type\":\"CommentAction\",\"name\":\"Comment\",\"target\":[\"https:\\\/\\\/www.aliadospuebla.com\\\/?p=116859#respond\"]}]},{\"@type\":\"WebPage\",\"@id\":\"https:\\\/\\\/www.aliadospuebla.com\\\/?p=116859\",\"url\":\"https:\\\/\\\/www.aliadospuebla.com\\\/?p=116859\",\"name\":\"Comisi\u00f3n del Congreso aprueba exhorto para impulsar el rescate y rehabilitaci\u00f3n del Teatro Popular Jos\u00e9 Recek Saade - AliadosPuebla\",\"isPartOf\":{\"@id\":\"https:\\\/\\\/www.aliadospuebla.com\\\/#website\"},\"primaryImageOfPage\":{\"@id\":\"https:\\\/\\\/www.aliadospuebla.com\\\/?p=116859#primaryimage\"},\"image\":{\"@id\":\"https:\\\/\\\/www.aliadospuebla.com\\\/?p=116859#primaryimage\"},\"thumbnailUrl\":\"https:\\\/\\\/www.aliadospuebla.com\\\/web2017\\\/wp-content\\\/uploads\\\/2026\\\/08\\\/212.jpg\",\"datePublished\":\"2026-09-01T03:33:39+00:00\",\"author\":{\"@id\":\"https:\\\/\\\/www.aliadospuebla.com\\\/#\\\/schema\\\/person\\\/5da7dd09320bd4f392b710017ed5f8ad\"},\"breadcrumb\":{\"@id\":\"https:\\\/\\\/www.aliadospuebla.com\\\/?p=116859#breadcrumb\"},\"inLanguage\":\"es\",\"potentialAction\":[{\"@type\":\"ReadAction\",\"target\":[\"https:\\\/\\\/www.aliadospuebla.com\\\/?p=116859\"]}]},{\"@type\":\"ImageObject\",\"inLanguage\":\"es\",\"@id\":\"https:\\\/\\\/www.aliadospuebla.com\\\/?p=116859#primaryimage\",\"url\":\"https:\\\/\\\/www.aliadospuebla.com\\\/web2017\\\/wp-content\\\/uploads\\\/2026\\\/08\\\/212.jpg\",\"contentUrl\":\"https:\\\/\\\/www.aliadospuebla.com\\\/web2017\\\/wp-content\\\/uploads\\\/2026\\\/08\\\/212.jpg\",\"width\":600,\"height\":450},{\"@type\":\"BreadcrumbList\",\"@id\":\"https:\\\/\\\/www.aliadospuebla.com\\\/?p=116859#breadcrumb\",\"itemListElement\":[{\"@type\":\"ListItem\",\"position\":1,\"name\":\"Portada\",\"item\":\"https:\\\/\\\/www.aliadospuebla.com\\\/\"},{\"@type\":\"ListItem\",\"position\":2,\"name\":\"Comisi\u00f3n del Congreso aprueba exhorto para impulsar el rescate y rehabilitaci\u00f3n del Teatro Popular Jos\u00e9 Recek Saade\"}]},{\"@type\":\"WebSite\",\"@id\":\"https:\\\/\\\/www.aliadospuebla.com\\\/#website\",\"url\":\"https:\\\/\\\/www.aliadospuebla.com\\\/\",\"name\":\"AliadosPuebla\",\"description\":\"La informaci\u00f3n en tus manos\",\"potentialAction\":[{\"@type\":\"SearchAction\",\"target\":{\"@type\":\"EntryPoint\",\"urlTemplate\":\"https:\\\/\\\/www.aliadospuebla.com\\\/?s={search_term_string}\"},\"query-input\":{\"@type\":\"PropertyValueSpecification\",\"valueRequired\":true,\"valueName\":\"search_term_string\"}}],\"inLanguage\":\"es\"},{\"@type\":\"Person\",\"@id\":\"https:\\\/\\\/www.aliadospuebla.com\\\/#\\\/schema\\\/person\\\/5da7dd09320bd4f392b710017ed5f8ad\",\"name\":\"Aliados17\",\"image\":{\"@type\":\"ImageObject\",\"inLanguage\":\"es\",\"@id\":\"https:\\\/\\\/www.aliadospuebla.com\\\/web2017\\\/wp-content\\\/uploads\\\/2025\\\/03\\\/cropped-para-perfil-8-anos-1-96x96.jpg\",\"url\":\"https:\\\/\\\/www.aliadospuebla.com\\\/web2017\\\/wp-content\\\/uploads\\\/2025\\\/03\\\/cropped-para-perfil-8-anos-1-96x96.jpg\",\"contentUrl\":\"https:\\\/\\\/www.aliadospuebla.com\\\/web2017\\\/wp-content\\\/uploads\\\/2025\\\/03\\\/cropped-para-perfil-8-anos-1-96x96.jpg\",\"caption\":\"Aliados17\"},\"sameAs\":[\"https:\\\/\\\/www.aliados17.com\",\"https:\\\/\\\/www.facebook.com\\\/Aliados17Pue\",\"https:\\\/\\\/x.com\\\/AliadosPuebla\"],\"url\":\"https:\\\/\\\/www.aliadospuebla.com\\\/?author=2\"}]}<\/script>\n<!-- \/ Yoast SEO plugin. -->","yoast_head_json":{"title":"Comisi\u00f3n del Congreso aprueba exhorto para impulsar el rescate y rehabilitaci\u00f3n del Teatro Popular Jos\u00e9 Recek Saade - AliadosPuebla","robots":{"index":"index","follow":"follow","max-snippet":"max-snippet:-1","max-image-preview":"max-image-preview:large","max-video-preview":"max-video-preview:-1"},"canonical":"https:\/\/www.aliadospuebla.com\/?p=116859","og_locale":"es_ES","og_type":"article","og_title":"Comisi\u00f3n del Congreso aprueba exhorto para impulsar el rescate y rehabilitaci\u00f3n del Teatro Popular Jos\u00e9 Recek Saade - AliadosPuebla","og_description":"En sesi\u00f3n de la Comisi\u00f3n de Asuntos Municipales del Congreso, que preside la diputada Guadalupe Yamak Taja, se aprob\u00f3 el proyecto de acuerdo por virtud del cual se exhorta al Ayuntamiento de Puebla y a la Secretar\u00eda de Arte y Cultura del Estado para que, en el \u00e1mbito de sus respectivas competencias, y de conformidad con la legislaci\u00f3n aplicable establezcan acciones coordinadas para promover e impulsar el rescate, rehabilitaci\u00f3n y uso seguro del Teatro Popular Jos\u00e9 Recek Saade. Adem\u00e1s, para que, de forma coordinada con la comunidad cultural y vecinal, implementen un plan de reactivaci\u00f3n cultural comunitaria mediante actividades art\u00edsticas, de formaci\u00f3n y difusi\u00f3n que fortalezcan la vida cultural del Barrio de El Alto y del municipio de Puebla. Por otra parte, el \u00f3rgano colegiado&hellip;Leer m\u00e1s...","og_url":"https:\/\/www.aliadospuebla.com\/?p=116859","og_site_name":"AliadosPuebla","article_author":"https:\/\/www.facebook.com\/Aliados17Pue","article_published_time":"2026-09-01T03:33:39+00:00","og_image":[{"width":600,"height":450,"url":"https:\/\/www.aliadospuebla.com\/web2017\/wp-content\/uploads\/2026\/08\/212.jpg","type":"image\/jpeg"}],"author":"Aliados17","twitter_card":"summary_large_image","twitter_creator":"@AliadosPuebla","twitter_misc":{"Escrito por":"Aliados17","Tiempo de lectura":"2 minutos"},"schema":{"@context":"https:\/\/schema.org","@graph":[{"@type":"Article","@id":"https:\/\/www.aliadospuebla.com\/?p=116859#article","isPartOf":{"@id":"https:\/\/www.aliadospuebla.com\/?p=116859"},"author":{"name":"Aliados17","@id":"https:\/\/www.aliadospuebla.com\/#\/schema\/person\/5da7dd09320bd4f392b710017ed5f8ad"},"headline":"Comisi\u00f3n del Congreso aprueba exhorto para impulsar el rescate y rehabilitaci\u00f3n del Teatro Popular Jos\u00e9 Recek Saade","datePublished":"2026-09-01T03:33:39+00:00","mainEntityOfPage":{"@id":"https:\/\/www.aliadospuebla.com\/?p=116859"},"wordCount":392,"commentCount":0,"image":{"@id":"https:\/\/www.aliadospuebla.com\/?p=116859#primaryimage"},"thumbnailUrl":"https:\/\/www.aliadospuebla.com\/web2017\/wp-content\/uploads\/2026\/08\/212.jpg","keywords":["ACTIVIDADES ART\u00cdSTICAS","Guadalupe Yamak Taja","reactivaci\u00f3n cultural comunitaria","REHABILITACI\u00d3N","Susana del Carmen Riestra Pi\u00f1a","Teatro Popular Jos\u00e9 Recek Saade"],"articleSection":["Pol\u00edtica"],"inLanguage":"es","potentialAction":[{"@type":"CommentAction","name":"Comment","target":["https:\/\/www.aliadospuebla.com\/?p=116859#respond"]}]},{"@type":"WebPage","@id":"https:\/\/www.aliadospuebla.com\/?p=116859","url":"https:\/\/www.aliadospuebla.com\/?p=116859","name":"Comisi\u00f3n del Congreso aprueba exhorto para impulsar el rescate y rehabilitaci\u00f3n del Teatro Popular Jos\u00e9 Recek Saade - AliadosPuebla","isPartOf":{"@id":"https:\/\/www.aliadospuebla.com\/#website"},"primaryImageOfPage":{"@id":"https:\/\/www.aliadospuebla.com\/?p=116859#primaryimage"},"image":{"@id":"https:\/\/www.aliadospuebla.com\/?p=116859#primaryimage"},"thumbnailUrl":"https:\/\/www.aliadospuebla.com\/web2017\/wp-content\/uploads\/2026\/08\/212.jpg","datePublished":"2026-09-01T03:33:39+00:00","author":{"@id":"https:\/\/www.aliadospuebla.com\/#\/schema\/person\/5da7dd09320bd4f392b710017ed5f8ad"},"breadcrumb":{"@id":"https:\/\/www.aliadospuebla.com\/?p=116859#breadcrumb"},"inLanguage":"es","potentialAction":[{"@type":"ReadAction","target":["https:\/\/www.aliadospuebla.com\/?p=116859"]}]},{"@type":"ImageObject","inLanguage":"es","@id":"https:\/\/www.aliadospuebla.com\/?p=116859#primaryimage","url":"https:\/\/www.aliadospuebla.com\/web2017\/wp-content\/uploads\/2026\/08\/212.jpg","contentUrl":"https:\/\/www.aliadospuebla.com\/web2017\/wp-content\/uploads\/2026\/08\/212.jpg","width":600,"height":450},{"@type":"BreadcrumbList","@id":"https:\/\/www.aliadospuebla.com\/?p=116859#breadcrumb","itemListElement":[{"@type":"ListItem","position":1,"name":"Portada","item":"https:\/\/www.aliadospuebla.com\/"},{"@type":"ListItem","position":2,"name":"Comisi\u00f3n del Congreso aprueba exhorto para impulsar el rescate y rehabilitaci\u00f3n del Teatro Popular Jos\u00e9 Recek Saade"}]},{"@type":"WebSite","@id":"https:\/\/www.aliadospuebla.com\/#website","url":"https:\/\/www.aliadospuebla.com\/","name":"AliadosPuebla","description":"La informaci\u00f3n en tus manos","potentialAction":[{"@type":"SearchAction","target":{"@type":"EntryPoint","urlTemplate":"https:\/\/www.aliadospuebla.com\/?s={search_term_string}"},"query-input":{"@type":"PropertyValueSpecification","valueRequired":true,"valueName":"search_term_string"}}],"inLanguage":"es"},{"@type":"Person","@id":"https:\/\/www.aliadospuebla.com\/#\/schema\/person\/5da7dd09320bd4f392b710017ed5f8ad","name":"Aliados17","image":{"@type":"ImageObject","inLanguage":"es","@id":"https:\/\/www.aliadospuebla.com\/web2017\/wp-content\/uploads\/2025\/03\/cropped-para-perfil-8-anos-1-96x96.jpg","url":"https:\/\/www.aliadospuebla.com\/web2017\/wp-content\/uploads\/2025\/03\/cropped-para-perfil-8-anos-1-96x96.jpg","contentUrl":"https:\/\/www.aliadospuebla.com\/web2017\/wp-content\/uploads\/2025\/03\/cropped-para-perfil-8-anos-1-96x96.jpg","caption":"Aliados17"},"sameAs":["https:\/\/www.aliados17.com","https:\/\/www.facebook.com\/Aliados17Pue","https:\/\/x.com\/AliadosPuebla"],"url":"https:\/\/www.aliadospuebla.com\/?author=2"}]}},"views":8,"_links":{"self":[{"href":"https:\/\/www.aliadospuebla.com\/index.php?rest_route=\/wp\/v2\/posts\/116859","targetHints":{"allow":["GET"]}}],"collection":[{"href":"https:\/\/www.aliadospuebla.com\/index.php?rest_route=\/wp\/v2\/posts"}],"about":[{"href":"https:\/\/www.aliadospuebla.com\/index.php?rest_route=\/wp\/v2\/types\/post"}],"author":[{"embeddable":true,"href":"https:\/\/www.aliadospuebla.com\/index.php?rest_route=\/wp\/v2\/users\/2"}],"replies":[{"embeddable":true,"href":"https:\/\/www.aliadospuebla.com\/index.php?rest_route=%2Fwp%2Fv2%2Fcomments&post=116859"}],"version-history":[{"count":1,"href":"https:\/\/www.aliadospuebla.com\/index.php?rest_route=\/wp\/v2\/posts\/116859\/revisions"}],"predecessor-version":[{"id":116861,"href":"https:\/\/www.aliadospuebla.com\/index.php?rest_route=\/wp\/v2\/posts\/116859\/revisions\/116861"}],"wp:featuredmedia":[{"embeddable":true,"href":"https:\/\/www.aliadospuebla.com\/index.php?rest_route=\/wp\/v2\/media\/116860"}],"wp:attachment":[{"href":"https:\/\/www.aliadospuebla.com\/index.php?rest_route=%2Fwp%2Fv2%2Fmedia&parent=116859"}],"wp:term":[{"taxonomy":"category","embeddable":true,"href":"https:\/\/www.aliadospuebla.com\/index.php?rest_route=%2Fwp%2Fv2%2Fcategories&post=116859"},{"taxonomy":"post_tag","embeddable":true,"href":"https:\/\/www.aliadospuebla.com\/index.php?rest_route=%2Fwp%2Fv2%2Ftags&post=116859"}],"curies":[{"name":"wp","href":"https:\/\/api.w.org\/{rel}","templated":true}]}}