{"id":116856,"date":"2026-08-31T21:16:41","date_gmt":"2026-09-01T03:16:41","guid":{"rendered":"https:\/\/www.aliadospuebla.com\/?p=116856"},"modified":"2026-08-31T21:16:41","modified_gmt":"2026-09-01T03:16:41","slug":"avala-comision-del-congreso-exhorto-para-la-proteccion-integral-de-la-zona-arqueologica-de-cholula","status":"publish","type":"post","link":"https:\/\/www.aliadospuebla.com\/?p=116856","title":{"rendered":"Avala Comisi\u00f3n del Congreso exhorto para la protecci\u00f3n integral de la zona arqueol\u00f3gica de Cholula"},"content":{"rendered":"<p>La Comisi\u00f3n de Pueblos, Comunidades Ind\u00edgenas y Afromexicanas del Congreso,<\/p>\n<p>que preside la diputada Esther Mart\u00ednez Romano, aprob\u00f3 el proyecto de acuerdo<\/p>\n<p>por el que se exhorta a los Ayuntamientos de San Andr\u00e9s Cholula y San Pedro Cholula para que,<\/p>\n<p>en el \u00e1mbito de sus respectivas competencias, y en coordinaci\u00f3n con el Instituto Nacional de Antropolog\u00eda e Historia (INAH), implementen o refuercen un modelo de acceso regulado a los t\u00faneles de la zona arqueol\u00f3gica de Cholula.<\/p>\n<h4>Esto, basado en el control de aforos, visitas guiadas, contenidos did\u00e1cticos y monitoreo permanente; adem\u00e1s, que lleven a cabo medidas preventivas de conservaci\u00f3n, mantenimiento, limpieza, se\u00f1al\u00e9tica y seguridad en las \u00e1reas aleda\u00f1as, entre otras, a fin de contribuir a la protecci\u00f3n integral de estos sitios.<\/h4>\n<p>&nbsp;<\/p>\n<p>Durante el an\u00e1lisis y discusi\u00f3n del asunto, la diputada Azucena Rosas Tapia respald\u00f3 la propuesta, ya que el patrimonio cultural de Cholula es parte de la identidad de las y los ciudadanos y, mediante este exhorto se busca que el acceso a los t\u00faneles se realice de manera ordenada y segura, as\u00ed como fortalecer la coordinaci\u00f3n entre los Ayuntamientos y el INAH.<\/p>\n<p>&nbsp;<\/p>\n<p>Asimismo, la diputada Beatriz Manrique Guevara expuso que, si bien hay trabajos en la zona de la pir\u00e1mide y los accesos, es necesario continuar con las labores de protecci\u00f3n del patrimonio arqueol\u00f3gico y, aunque esto es competencia del INAH, los municipios tienen un papel fundamental en la regulaci\u00f3n del entorno.<\/p>\n<p>&nbsp;<\/p>\n<p>Por su parte, la diputada Esther Mart\u00ednez Romano indic\u00f3 que este proyecto de acuerdo surge de la importancia de mantener y preservar los distintos espacios que forman parte del patrimonio, identidad de las comunidades y la vida de la regi\u00f3n, por lo que es necesario generar mejores condiciones en su entorno.<\/p>\n<p>&nbsp;<\/p>\n<p>El proyecto de acuerdo fue elaborado con la propuesta presentada por la diputada Susana del Carmen Riestra Pi\u00f1a.<\/p>\n<p>&nbsp;<\/p>\n<p>A la sesi\u00f3n de la Comisi\u00f3n acudieron las diputadas Esther Mart\u00ednez Romano, Azucena Rosas Tapia y Beatriz Manrique Guevara, as\u00ed como los diputados Julio Miguel Huerta G\u00f3mez y El\u00edas Lozada Ortega.<\/p>\n","protected":false},"excerpt":{"rendered":"<p>La Comisi\u00f3n de Pueblos, Comunidades Ind\u00edgenas y Afromexicanas del Congreso, que preside la diputada Esther Mart\u00ednez Romano, aprob\u00f3 el proyecto de acuerdo por el que se exhorta a los Ayuntamientos de San Andr\u00e9s Cholula y San Pedro Cholula para que, en el \u00e1mbito de sus respectivas competencias, y en coordinaci\u00f3n con el Instituto Nacional de Antropolog\u00eda e Historia (INAH), implementen o refuercen un modelo de acceso regulado a los t\u00faneles de la zona arqueol\u00f3gica de Cholula. Esto, basado en el control de aforos, visitas guiadas, contenidos did\u00e1cticos y monitoreo permanente; adem\u00e1s, que lleven a cabo medidas preventivas de conservaci\u00f3n, mantenimiento, limpieza, se\u00f1al\u00e9tica y seguridad en las \u00e1reas aleda\u00f1as, entre otras, a fin de contribuir a la protecci\u00f3n integral de estos sitios. &nbsp; Durante el an\u00e1lisis&hellip;<\/p>\n<p class=\"excerpt-more\"><a class=\"blog-excerpt button\" href=\"https:\/\/www.aliadospuebla.com\/?p=116856\">Leer m\u00e1s&#8230;<\/a><\/p>\n","protected":false},"author":2,"featured_media":116857,"comment_status":"open","ping_status":"open","sticky":false,"template":"","format":"standard","meta":{"_monsterinsights_skip_tracking":false,"footnotes":""},"categories":[6],"tags":[24329,34917,34916,24913,1457,2322,8672,34915],"class_list":["post-116856","post","type-post","status-publish","format-standard","has-post-thumbnail","hentry","category-politica","tag-azucena-rosas-tapia","tag-contenidos-didacticos","tag-control-de-aforos","tag-esther-martinez-romano","tag-inah","tag-proteccion-integral","tag-visitas-guiadas","tag-zona-arqueologica-de-cholula"],"yoast_head":"<!-- This site is optimized with the Yoast SEO plugin v28.3 - https:\/\/yoast.com\/product\/yoast-seo-wordpress\/ -->\n<title>Avala Comisi\u00f3n del Congreso exhorto para la protecci\u00f3n integral de la zona arqueol\u00f3gica de Cholula - AliadosPuebla<\/title>\n<meta name=\"robots\" content=\"index, follow, max-snippet:-1, max-image-preview:large, max-video-preview:-1\" \/>\n<link rel=\"canonical\" href=\"https:\/\/www.aliadospuebla.com\/?p=116856\" \/>\n<meta property=\"og:locale\" content=\"es_ES\" \/>\n<meta property=\"og:type\" content=\"article\" \/>\n<meta property=\"og:title\" content=\"Avala Comisi\u00f3n del Congreso exhorto para la protecci\u00f3n integral de la zona arqueol\u00f3gica de Cholula - AliadosPuebla\" \/>\n<meta property=\"og:description\" content=\"La Comisi\u00f3n de Pueblos, Comunidades Ind\u00edgenas y Afromexicanas del Congreso, que preside la diputada Esther Mart\u00ednez Romano, aprob\u00f3 el proyecto de acuerdo por el que se exhorta a los Ayuntamientos de San Andr\u00e9s Cholula y San Pedro Cholula para que, en el \u00e1mbito de sus respectivas competencias, y en coordinaci\u00f3n con el Instituto Nacional de Antropolog\u00eda e Historia (INAH), implementen o refuercen un modelo de acceso regulado a los t\u00faneles de la zona arqueol\u00f3gica de Cholula. Esto, basado en el control de aforos, visitas guiadas, contenidos did\u00e1cticos y monitoreo permanente; adem\u00e1s, que lleven a cabo medidas preventivas de conservaci\u00f3n, mantenimiento, limpieza, se\u00f1al\u00e9tica y seguridad en las \u00e1reas aleda\u00f1as, entre otras, a fin de contribuir a la protecci\u00f3n integral de estos sitios. &nbsp; Durante el an\u00e1lisis&hellip;Leer m\u00e1s...\" \/>\n<meta property=\"og:url\" content=\"https:\/\/www.aliadospuebla.com\/?p=116856\" \/>\n<meta property=\"og:site_name\" content=\"AliadosPuebla\" \/>\n<meta property=\"article:author\" content=\"https:\/\/www.facebook.com\/Aliados17Pue\" \/>\n<meta property=\"article:published_time\" content=\"2026-09-01T03:16:41+00:00\" \/>\n<meta property=\"og:image\" content=\"https:\/\/www.aliadospuebla.com\/web2017\/wp-content\/uploads\/2026\/08\/211.jpg\" \/>\n\t<meta property=\"og:image:width\" content=\"600\" \/>\n\t<meta property=\"og:image:height\" content=\"450\" \/>\n\t<meta property=\"og:image:type\" content=\"image\/jpeg\" \/>\n<meta name=\"author\" content=\"Aliados17\" \/>\n<meta name=\"twitter:card\" content=\"summary_large_image\" \/>\n<meta name=\"twitter:creator\" content=\"@AliadosPuebla\" \/>\n<meta name=\"twitter:label1\" content=\"Escrito por\" \/>\n\t<meta name=\"twitter:data1\" content=\"Aliados17\" \/>\n\t<meta name=\"twitter:label2\" content=\"Tiempo de lectura\" \/>\n\t<meta name=\"twitter:data2\" content=\"2 minutos\" \/>\n<script type=\"application\/ld+json\" class=\"yoast-schema-graph\">{\"@context\":\"https:\\\/\\\/schema.org\",\"@graph\":[{\"@type\":\"Article\",\"@id\":\"https:\\\/\\\/www.aliadospuebla.com\\\/?p=116856#article\",\"isPartOf\":{\"@id\":\"https:\\\/\\\/www.aliadospuebla.com\\\/?p=116856\"},\"author\":{\"name\":\"Aliados17\",\"@id\":\"https:\\\/\\\/www.aliadospuebla.com\\\/#\\\/schema\\\/person\\\/5da7dd09320bd4f392b710017ed5f8ad\"},\"headline\":\"Avala Comisi\u00f3n del Congreso exhorto para la protecci\u00f3n integral de la zona arqueol\u00f3gica de Cholula\",\"datePublished\":\"2026-09-01T03:16:41+00:00\",\"mainEntityOfPage\":{\"@id\":\"https:\\\/\\\/www.aliadospuebla.com\\\/?p=116856\"},\"wordCount\":387,\"commentCount\":0,\"image\":{\"@id\":\"https:\\\/\\\/www.aliadospuebla.com\\\/?p=116856#primaryimage\"},\"thumbnailUrl\":\"https:\\\/\\\/www.aliadospuebla.com\\\/web2017\\\/wp-content\\\/uploads\\\/2026\\\/08\\\/211.jpg\",\"keywords\":[\"Azucena Rosas Tapia\",\"contenidos did\u00e1cticos\",\"control de aforos\",\"Esther Mart\u00ednez Romano\",\"INAH\",\"PROTECCI\u00d3N INTEGRAL\",\"visitas guiadas\",\"zona arqueol\u00f3gica de Cholula\"],\"articleSection\":[\"Pol\u00edtica\"],\"inLanguage\":\"es\",\"potentialAction\":[{\"@type\":\"CommentAction\",\"name\":\"Comment\",\"target\":[\"https:\\\/\\\/www.aliadospuebla.com\\\/?p=116856#respond\"]}]},{\"@type\":\"WebPage\",\"@id\":\"https:\\\/\\\/www.aliadospuebla.com\\\/?p=116856\",\"url\":\"https:\\\/\\\/www.aliadospuebla.com\\\/?p=116856\",\"name\":\"Avala Comisi\u00f3n del Congreso exhorto para la protecci\u00f3n integral de la zona arqueol\u00f3gica de Cholula - AliadosPuebla\",\"isPartOf\":{\"@id\":\"https:\\\/\\\/www.aliadospuebla.com\\\/#website\"},\"primaryImageOfPage\":{\"@id\":\"https:\\\/\\\/www.aliadospuebla.com\\\/?p=116856#primaryimage\"},\"image\":{\"@id\":\"https:\\\/\\\/www.aliadospuebla.com\\\/?p=116856#primaryimage\"},\"thumbnailUrl\":\"https:\\\/\\\/www.aliadospuebla.com\\\/web2017\\\/wp-content\\\/uploads\\\/2026\\\/08\\\/211.jpg\",\"datePublished\":\"2026-09-01T03:16:41+00:00\",\"author\":{\"@id\":\"https:\\\/\\\/www.aliadospuebla.com\\\/#\\\/schema\\\/person\\\/5da7dd09320bd4f392b710017ed5f8ad\"},\"breadcrumb\":{\"@id\":\"https:\\\/\\\/www.aliadospuebla.com\\\/?p=116856#breadcrumb\"},\"inLanguage\":\"es\",\"potentialAction\":[{\"@type\":\"ReadAction\",\"target\":[\"https:\\\/\\\/www.aliadospuebla.com\\\/?p=116856\"]}]},{\"@type\":\"ImageObject\",\"inLanguage\":\"es\",\"@id\":\"https:\\\/\\\/www.aliadospuebla.com\\\/?p=116856#primaryimage\",\"url\":\"https:\\\/\\\/www.aliadospuebla.com\\\/web2017\\\/wp-content\\\/uploads\\\/2026\\\/08\\\/211.jpg\",\"contentUrl\":\"https:\\\/\\\/www.aliadospuebla.com\\\/web2017\\\/wp-content\\\/uploads\\\/2026\\\/08\\\/211.jpg\",\"width\":600,\"height\":450},{\"@type\":\"BreadcrumbList\",\"@id\":\"https:\\\/\\\/www.aliadospuebla.com\\\/?p=116856#breadcrumb\",\"itemListElement\":[{\"@type\":\"ListItem\",\"position\":1,\"name\":\"Portada\",\"item\":\"https:\\\/\\\/www.aliadospuebla.com\\\/\"},{\"@type\":\"ListItem\",\"position\":2,\"name\":\"Avala Comisi\u00f3n del Congreso exhorto para la protecci\u00f3n integral de la zona arqueol\u00f3gica de Cholula\"}]},{\"@type\":\"WebSite\",\"@id\":\"https:\\\/\\\/www.aliadospuebla.com\\\/#website\",\"url\":\"https:\\\/\\\/www.aliadospuebla.com\\\/\",\"name\":\"AliadosPuebla\",\"description\":\"La informaci\u00f3n en tus manos\",\"potentialAction\":[{\"@type\":\"SearchAction\",\"target\":{\"@type\":\"EntryPoint\",\"urlTemplate\":\"https:\\\/\\\/www.aliadospuebla.com\\\/?s={search_term_string}\"},\"query-input\":{\"@type\":\"PropertyValueSpecification\",\"valueRequired\":true,\"valueName\":\"search_term_string\"}}],\"inLanguage\":\"es\"},{\"@type\":\"Person\",\"@id\":\"https:\\\/\\\/www.aliadospuebla.com\\\/#\\\/schema\\\/person\\\/5da7dd09320bd4f392b710017ed5f8ad\",\"name\":\"Aliados17\",\"image\":{\"@type\":\"ImageObject\",\"inLanguage\":\"es\",\"@id\":\"https:\\\/\\\/www.aliadospuebla.com\\\/web2017\\\/wp-content\\\/uploads\\\/2025\\\/03\\\/cropped-para-perfil-8-anos-1-96x96.jpg\",\"url\":\"https:\\\/\\\/www.aliadospuebla.com\\\/web2017\\\/wp-content\\\/uploads\\\/2025\\\/03\\\/cropped-para-perfil-8-anos-1-96x96.jpg\",\"contentUrl\":\"https:\\\/\\\/www.aliadospuebla.com\\\/web2017\\\/wp-content\\\/uploads\\\/2025\\\/03\\\/cropped-para-perfil-8-anos-1-96x96.jpg\",\"caption\":\"Aliados17\"},\"sameAs\":[\"https:\\\/\\\/www.aliados17.com\",\"https:\\\/\\\/www.facebook.com\\\/Aliados17Pue\",\"https:\\\/\\\/x.com\\\/AliadosPuebla\"],\"url\":\"https:\\\/\\\/www.aliadospuebla.com\\\/?author=2\"}]}<\/script>\n<!-- \/ Yoast SEO plugin. -->","yoast_head_json":{"title":"Avala Comisi\u00f3n del Congreso exhorto para la protecci\u00f3n integral de la zona arqueol\u00f3gica de Cholula - AliadosPuebla","robots":{"index":"index","follow":"follow","max-snippet":"max-snippet:-1","max-image-preview":"max-image-preview:large","max-video-preview":"max-video-preview:-1"},"canonical":"https:\/\/www.aliadospuebla.com\/?p=116856","og_locale":"es_ES","og_type":"article","og_title":"Avala Comisi\u00f3n del Congreso exhorto para la protecci\u00f3n integral de la zona arqueol\u00f3gica de Cholula - AliadosPuebla","og_description":"La Comisi\u00f3n de Pueblos, Comunidades Ind\u00edgenas y Afromexicanas del Congreso, que preside la diputada Esther Mart\u00ednez Romano, aprob\u00f3 el proyecto de acuerdo por el que se exhorta a los Ayuntamientos de San Andr\u00e9s Cholula y San Pedro Cholula para que, en el \u00e1mbito de sus respectivas competencias, y en coordinaci\u00f3n con el Instituto Nacional de Antropolog\u00eda e Historia (INAH), implementen o refuercen un modelo de acceso regulado a los t\u00faneles de la zona arqueol\u00f3gica de Cholula. Esto, basado en el control de aforos, visitas guiadas, contenidos did\u00e1cticos y monitoreo permanente; adem\u00e1s, que lleven a cabo medidas preventivas de conservaci\u00f3n, mantenimiento, limpieza, se\u00f1al\u00e9tica y seguridad en las \u00e1reas aleda\u00f1as, entre otras, a fin de contribuir a la protecci\u00f3n integral de estos sitios. &nbsp; Durante el an\u00e1lisis&hellip;Leer m\u00e1s...","og_url":"https:\/\/www.aliadospuebla.com\/?p=116856","og_site_name":"AliadosPuebla","article_author":"https:\/\/www.facebook.com\/Aliados17Pue","article_published_time":"2026-09-01T03:16:41+00:00","og_image":[{"width":600,"height":450,"url":"https:\/\/www.aliadospuebla.com\/web2017\/wp-content\/uploads\/2026\/08\/211.jpg","type":"image\/jpeg"}],"author":"Aliados17","twitter_card":"summary_large_image","twitter_creator":"@AliadosPuebla","twitter_misc":{"Escrito por":"Aliados17","Tiempo de lectura":"2 minutos"},"schema":{"@context":"https:\/\/schema.org","@graph":[{"@type":"Article","@id":"https:\/\/www.aliadospuebla.com\/?p=116856#article","isPartOf":{"@id":"https:\/\/www.aliadospuebla.com\/?p=116856"},"author":{"name":"Aliados17","@id":"https:\/\/www.aliadospuebla.com\/#\/schema\/person\/5da7dd09320bd4f392b710017ed5f8ad"},"headline":"Avala Comisi\u00f3n del Congreso exhorto para la protecci\u00f3n integral de la zona arqueol\u00f3gica de Cholula","datePublished":"2026-09-01T03:16:41+00:00","mainEntityOfPage":{"@id":"https:\/\/www.aliadospuebla.com\/?p=116856"},"wordCount":387,"commentCount":0,"image":{"@id":"https:\/\/www.aliadospuebla.com\/?p=116856#primaryimage"},"thumbnailUrl":"https:\/\/www.aliadospuebla.com\/web2017\/wp-content\/uploads\/2026\/08\/211.jpg","keywords":["Azucena Rosas Tapia","contenidos did\u00e1cticos","control de aforos","Esther Mart\u00ednez Romano","INAH","PROTECCI\u00d3N INTEGRAL","visitas guiadas","zona arqueol\u00f3gica de Cholula"],"articleSection":["Pol\u00edtica"],"inLanguage":"es","potentialAction":[{"@type":"CommentAction","name":"Comment","target":["https:\/\/www.aliadospuebla.com\/?p=116856#respond"]}]},{"@type":"WebPage","@id":"https:\/\/www.aliadospuebla.com\/?p=116856","url":"https:\/\/www.aliadospuebla.com\/?p=116856","name":"Avala Comisi\u00f3n del Congreso exhorto para la protecci\u00f3n integral de la zona arqueol\u00f3gica de Cholula - AliadosPuebla","isPartOf":{"@id":"https:\/\/www.aliadospuebla.com\/#website"},"primaryImageOfPage":{"@id":"https:\/\/www.aliadospuebla.com\/?p=116856#primaryimage"},"image":{"@id":"https:\/\/www.aliadospuebla.com\/?p=116856#primaryimage"},"thumbnailUrl":"https:\/\/www.aliadospuebla.com\/web2017\/wp-content\/uploads\/2026\/08\/211.jpg","datePublished":"2026-09-01T03:16:41+00:00","author":{"@id":"https:\/\/www.aliadospuebla.com\/#\/schema\/person\/5da7dd09320bd4f392b710017ed5f8ad"},"breadcrumb":{"@id":"https:\/\/www.aliadospuebla.com\/?p=116856#breadcrumb"},"inLanguage":"es","potentialAction":[{"@type":"ReadAction","target":["https:\/\/www.aliadospuebla.com\/?p=116856"]}]},{"@type":"ImageObject","inLanguage":"es","@id":"https:\/\/www.aliadospuebla.com\/?p=116856#primaryimage","url":"https:\/\/www.aliadospuebla.com\/web2017\/wp-content\/uploads\/2026\/08\/211.jpg","contentUrl":"https:\/\/www.aliadospuebla.com\/web2017\/wp-content\/uploads\/2026\/08\/211.jpg","width":600,"height":450},{"@type":"BreadcrumbList","@id":"https:\/\/www.aliadospuebla.com\/?p=116856#breadcrumb","itemListElement":[{"@type":"ListItem","position":1,"name":"Portada","item":"https:\/\/www.aliadospuebla.com\/"},{"@type":"ListItem","position":2,"name":"Avala Comisi\u00f3n del Congreso exhorto para la protecci\u00f3n integral de la zona arqueol\u00f3gica de Cholula"}]},{"@type":"WebSite","@id":"https:\/\/www.aliadospuebla.com\/#website","url":"https:\/\/www.aliadospuebla.com\/","name":"AliadosPuebla","description":"La informaci\u00f3n en tus manos","potentialAction":[{"@type":"SearchAction","target":{"@type":"EntryPoint","urlTemplate":"https:\/\/www.aliadospuebla.com\/?s={search_term_string}"},"query-input":{"@type":"PropertyValueSpecification","valueRequired":true,"valueName":"search_term_string"}}],"inLanguage":"es"},{"@type":"Person","@id":"https:\/\/www.aliadospuebla.com\/#\/schema\/person\/5da7dd09320bd4f392b710017ed5f8ad","name":"Aliados17","image":{"@type":"ImageObject","inLanguage":"es","@id":"https:\/\/www.aliadospuebla.com\/web2017\/wp-content\/uploads\/2025\/03\/cropped-para-perfil-8-anos-1-96x96.jpg","url":"https:\/\/www.aliadospuebla.com\/web2017\/wp-content\/uploads\/2025\/03\/cropped-para-perfil-8-anos-1-96x96.jpg","contentUrl":"https:\/\/www.aliadospuebla.com\/web2017\/wp-content\/uploads\/2025\/03\/cropped-para-perfil-8-anos-1-96x96.jpg","caption":"Aliados17"},"sameAs":["https:\/\/www.aliados17.com","https:\/\/www.facebook.com\/Aliados17Pue","https:\/\/x.com\/AliadosPuebla"],"url":"https:\/\/www.aliadospuebla.com\/?author=2"}]}},"views":7,"_links":{"self":[{"href":"https:\/\/www.aliadospuebla.com\/index.php?rest_route=\/wp\/v2\/posts\/116856","targetHints":{"allow":["GET"]}}],"collection":[{"href":"https:\/\/www.aliadospuebla.com\/index.php?rest_route=\/wp\/v2\/posts"}],"about":[{"href":"https:\/\/www.aliadospuebla.com\/index.php?rest_route=\/wp\/v2\/types\/post"}],"author":[{"embeddable":true,"href":"https:\/\/www.aliadospuebla.com\/index.php?rest_route=\/wp\/v2\/users\/2"}],"replies":[{"embeddable":true,"href":"https:\/\/www.aliadospuebla.com\/index.php?rest_route=%2Fwp%2Fv2%2Fcomments&post=116856"}],"version-history":[{"count":1,"href":"https:\/\/www.aliadospuebla.com\/index.php?rest_route=\/wp\/v2\/posts\/116856\/revisions"}],"predecessor-version":[{"id":116858,"href":"https:\/\/www.aliadospuebla.com\/index.php?rest_route=\/wp\/v2\/posts\/116856\/revisions\/116858"}],"wp:featuredmedia":[{"embeddable":true,"href":"https:\/\/www.aliadospuebla.com\/index.php?rest_route=\/wp\/v2\/media\/116857"}],"wp:attachment":[{"href":"https:\/\/www.aliadospuebla.com\/index.php?rest_route=%2Fwp%2Fv2%2Fmedia&parent=116856"}],"wp:term":[{"taxonomy":"category","embeddable":true,"href":"https:\/\/www.aliadospuebla.com\/index.php?rest_route=%2Fwp%2Fv2%2Fcategories&post=116856"},{"taxonomy":"post_tag","embeddable":true,"href":"https:\/\/www.aliadospuebla.com\/index.php?rest_route=%2Fwp%2Fv2%2Ftags&post=116856"}],"curies":[{"name":"wp","href":"https:\/\/api.w.org\/{rel}","templated":true}]}}