{"id":116850,"date":"2026-08-31T20:33:26","date_gmt":"2026-09-01T02:33:26","guid":{"rendered":"https:\/\/www.aliadospuebla.com\/?p=116850"},"modified":"2026-08-31T20:33:26","modified_gmt":"2026-09-01T02:33:26","slug":"tonantzin-fernandez-dignifica-y-reconoce-la-labor-del-cuerpo-de-bomberos-de-san-pedro-cholula","status":"publish","type":"post","link":"https:\/\/www.aliadospuebla.com\/?p=116850","title":{"rendered":"Tonantzin Fern\u00e1ndez dignifica y reconoce la labor del cuerpo de Bomberos de San Pedro Cholula"},"content":{"rendered":"<h4>La presidenta municipal entreg\u00f3 uniformes completos y anunci\u00f3 reconocimientos y una compensaci\u00f3n econ\u00f3mica para las y los elementos.<\/h4>\n<p>San Pedro Cholula, Pue. \u2013 En el marco del D\u00eda del Bombero, que se conmemora el 22 de agosto en M\u00e9xico,<\/p>\n<p>la presidenta municipal de San Pedro Cholula, Tonantzin Fern\u00e1ndez, realiz\u00f3 la entrega<\/p>\n<p>de uniformes completos a todo el personal que integra el cuerpo de Bomberos,<\/p>\n<p>adscrito a la Direcci\u00f3n de Protecci\u00f3n Civil del municipio.<\/p>\n<p>Durante el acto, el director de Protecci\u00f3n Civil, Rodolfo Fierro, agradeci\u00f3 a la presidenta municipal<\/p>\n<p>por encabezar esta entrega, al se\u00f1alar que contar con un uniforme adecuado no s\u00f3lo fortalece<\/p>\n<p>el sentido de pertenencia a la corporaci\u00f3n, sino que tambi\u00e9n contribuye al correcto desempe\u00f1o<\/p>\n<p>de sus funciones y brinda mejores condiciones para el desarrollo de su labor.<\/p>\n<p>Por su parte, Tonantzin Fern\u00e1ndez reconoci\u00f3 la labor incansable que realizan diariamente las y los integrantes del cuerpo de Bomberos municipal, quienes, sin importar el d\u00eda ni la hora, atienden los llamados de emergencia y trabajan para salvaguardar la integridad y el patrimonio de las y los cholultecas.<\/p>\n<p>La presidenta municipal destac\u00f3 que ha sido testigo de su trabajo en distintas situaciones de emergencia, donde ha podido constatar de manera directa el valor y compromiso con el que desempe\u00f1an su labor.<\/p>\n<p>En este sentido, se\u00f1al\u00f3 que muchas de sus acciones heroicas no siempre reciben el reconocimiento que merecen.<\/p>\n<p>Por ello, inform\u00f3 que, adem\u00e1s de la entrega de uniformes, las y los elementos ser\u00e1n reconocidos por su desempe\u00f1o y recibir\u00e1n una compensaci\u00f3n econ\u00f3mica como muestra de agradecimiento por su esfuerzo, compromiso y servicio a la ciudadan\u00eda.<\/p>\n<p>Con estas acciones, el Gobierno Municipal de San Pedro Cholula reafirma su compromiso con quienes integran el Ayuntamiento y, particularmente, con las \u00e1reas encargadas de atender emergencias, al dotarlas de las herramientas y condiciones necesarias para brindar un servicio oportuno y de calidad a las y los cholultecas.<\/p>\n","protected":false},"excerpt":{"rendered":"<p>La presidenta municipal entreg\u00f3 uniformes completos y anunci\u00f3 reconocimientos y una compensaci\u00f3n econ\u00f3mica para las y los elementos. San Pedro Cholula, Pue. \u2013 En el marco del D\u00eda del Bombero, que se conmemora el 22 de agosto en M\u00e9xico, la presidenta municipal de San Pedro Cholula, Tonantzin Fern\u00e1ndez, realiz\u00f3 la entrega de uniformes completos a todo el personal que integra el cuerpo de Bomberos, adscrito a la Direcci\u00f3n de Protecci\u00f3n Civil del municipio. Durante el acto, el director de Protecci\u00f3n Civil, Rodolfo Fierro, agradeci\u00f3 a la presidenta municipal por encabezar esta entrega, al se\u00f1alar que contar con un uniforme adecuado no s\u00f3lo fortalece el sentido de pertenencia a la corporaci\u00f3n, sino que tambi\u00e9n contribuye al correcto desempe\u00f1o de sus funciones y brinda mejores condiciones para&hellip;<\/p>\n<p class=\"excerpt-more\"><a class=\"blog-excerpt button\" href=\"https:\/\/www.aliadospuebla.com\/?p=116850\">Leer m\u00e1s&#8230;<\/a><\/p>\n","protected":false},"author":2,"featured_media":116851,"comment_status":"open","ping_status":"open","sticky":false,"template":"","format":"standard","meta":{"_monsterinsights_skip_tracking":false,"footnotes":""},"categories":[4],"tags":[30650,109,21673,387,7394],"class_list":["post-116850","post","type-post","status-publish","format-standard","has-post-thumbnail","hentry","category-municipios","tag-dia-del-bombero","tag-proteccion-civil","tag-rodolfo-fierro","tag-san-pedro-cholula","tag-tonantzin-fernandez"],"yoast_head":"<!-- This site is optimized with the Yoast SEO plugin v28.3 - https:\/\/yoast.com\/product\/yoast-seo-wordpress\/ -->\n<title>Tonantzin Fern\u00e1ndez dignifica y reconoce la labor del cuerpo de Bomberos de San Pedro Cholula - AliadosPuebla<\/title>\n<meta name=\"robots\" content=\"index, follow, max-snippet:-1, max-image-preview:large, max-video-preview:-1\" \/>\n<link rel=\"canonical\" href=\"https:\/\/www.aliadospuebla.com\/?p=116850\" \/>\n<meta property=\"og:locale\" content=\"es_ES\" \/>\n<meta property=\"og:type\" content=\"article\" \/>\n<meta property=\"og:title\" content=\"Tonantzin Fern\u00e1ndez dignifica y reconoce la labor del cuerpo de Bomberos de San Pedro Cholula - AliadosPuebla\" \/>\n<meta property=\"og:description\" content=\"La presidenta municipal entreg\u00f3 uniformes completos y anunci\u00f3 reconocimientos y una compensaci\u00f3n econ\u00f3mica para las y los elementos. San Pedro Cholula, Pue. \u2013 En el marco del D\u00eda del Bombero, que se conmemora el 22 de agosto en M\u00e9xico, la presidenta municipal de San Pedro Cholula, Tonantzin Fern\u00e1ndez, realiz\u00f3 la entrega de uniformes completos a todo el personal que integra el cuerpo de Bomberos, adscrito a la Direcci\u00f3n de Protecci\u00f3n Civil del municipio. Durante el acto, el director de Protecci\u00f3n Civil, Rodolfo Fierro, agradeci\u00f3 a la presidenta municipal por encabezar esta entrega, al se\u00f1alar que contar con un uniforme adecuado no s\u00f3lo fortalece el sentido de pertenencia a la corporaci\u00f3n, sino que tambi\u00e9n contribuye al correcto desempe\u00f1o de sus funciones y brinda mejores condiciones para&hellip;Leer m\u00e1s...\" \/>\n<meta property=\"og:url\" content=\"https:\/\/www.aliadospuebla.com\/?p=116850\" \/>\n<meta property=\"og:site_name\" content=\"AliadosPuebla\" \/>\n<meta property=\"article:author\" content=\"https:\/\/www.facebook.com\/Aliados17Pue\" \/>\n<meta property=\"article:published_time\" content=\"2026-09-01T02:33:26+00:00\" \/>\n<meta property=\"og:image\" content=\"https:\/\/www.aliadospuebla.com\/web2017\/wp-content\/uploads\/2026\/08\/209.jpg\" \/>\n\t<meta property=\"og:image:width\" content=\"600\" \/>\n\t<meta property=\"og:image:height\" content=\"450\" \/>\n\t<meta property=\"og:image:type\" content=\"image\/jpeg\" \/>\n<meta name=\"author\" content=\"Aliados17\" \/>\n<meta name=\"twitter:card\" content=\"summary_large_image\" \/>\n<meta name=\"twitter:creator\" content=\"@AliadosPuebla\" \/>\n<meta name=\"twitter:label1\" content=\"Escrito por\" \/>\n\t<meta name=\"twitter:data1\" content=\"Aliados17\" \/>\n\t<meta name=\"twitter:label2\" content=\"Tiempo de lectura\" \/>\n\t<meta name=\"twitter:data2\" content=\"2 minutos\" \/>\n<script type=\"application\/ld+json\" class=\"yoast-schema-graph\">{\"@context\":\"https:\\\/\\\/schema.org\",\"@graph\":[{\"@type\":\"Article\",\"@id\":\"https:\\\/\\\/www.aliadospuebla.com\\\/?p=116850#article\",\"isPartOf\":{\"@id\":\"https:\\\/\\\/www.aliadospuebla.com\\\/?p=116850\"},\"author\":{\"name\":\"Aliados17\",\"@id\":\"https:\\\/\\\/www.aliadospuebla.com\\\/#\\\/schema\\\/person\\\/5da7dd09320bd4f392b710017ed5f8ad\"},\"headline\":\"Tonantzin Fern\u00e1ndez dignifica y reconoce la labor del cuerpo de Bomberos de San Pedro Cholula\",\"datePublished\":\"2026-09-01T02:33:26+00:00\",\"mainEntityOfPage\":{\"@id\":\"https:\\\/\\\/www.aliadospuebla.com\\\/?p=116850\"},\"wordCount\":351,\"commentCount\":0,\"image\":{\"@id\":\"https:\\\/\\\/www.aliadospuebla.com\\\/?p=116850#primaryimage\"},\"thumbnailUrl\":\"https:\\\/\\\/www.aliadospuebla.com\\\/web2017\\\/wp-content\\\/uploads\\\/2026\\\/08\\\/209.jpg\",\"keywords\":[\"D\u00eda del Bombero\",\"protecci\u00f3n civil\",\"Rodolfo Fierro\",\"SAN PEDRO CHOLULA\",\"TONANTZIN FERN\u00c1NDEZ\"],\"articleSection\":[\"Municipios\"],\"inLanguage\":\"es\",\"potentialAction\":[{\"@type\":\"CommentAction\",\"name\":\"Comment\",\"target\":[\"https:\\\/\\\/www.aliadospuebla.com\\\/?p=116850#respond\"]}]},{\"@type\":\"WebPage\",\"@id\":\"https:\\\/\\\/www.aliadospuebla.com\\\/?p=116850\",\"url\":\"https:\\\/\\\/www.aliadospuebla.com\\\/?p=116850\",\"name\":\"Tonantzin Fern\u00e1ndez dignifica y reconoce la labor del cuerpo de Bomberos de San Pedro Cholula - AliadosPuebla\",\"isPartOf\":{\"@id\":\"https:\\\/\\\/www.aliadospuebla.com\\\/#website\"},\"primaryImageOfPage\":{\"@id\":\"https:\\\/\\\/www.aliadospuebla.com\\\/?p=116850#primaryimage\"},\"image\":{\"@id\":\"https:\\\/\\\/www.aliadospuebla.com\\\/?p=116850#primaryimage\"},\"thumbnailUrl\":\"https:\\\/\\\/www.aliadospuebla.com\\\/web2017\\\/wp-content\\\/uploads\\\/2026\\\/08\\\/209.jpg\",\"datePublished\":\"2026-09-01T02:33:26+00:00\",\"author\":{\"@id\":\"https:\\\/\\\/www.aliadospuebla.com\\\/#\\\/schema\\\/person\\\/5da7dd09320bd4f392b710017ed5f8ad\"},\"breadcrumb\":{\"@id\":\"https:\\\/\\\/www.aliadospuebla.com\\\/?p=116850#breadcrumb\"},\"inLanguage\":\"es\",\"potentialAction\":[{\"@type\":\"ReadAction\",\"target\":[\"https:\\\/\\\/www.aliadospuebla.com\\\/?p=116850\"]}]},{\"@type\":\"ImageObject\",\"inLanguage\":\"es\",\"@id\":\"https:\\\/\\\/www.aliadospuebla.com\\\/?p=116850#primaryimage\",\"url\":\"https:\\\/\\\/www.aliadospuebla.com\\\/web2017\\\/wp-content\\\/uploads\\\/2026\\\/08\\\/209.jpg\",\"contentUrl\":\"https:\\\/\\\/www.aliadospuebla.com\\\/web2017\\\/wp-content\\\/uploads\\\/2026\\\/08\\\/209.jpg\",\"width\":600,\"height\":450},{\"@type\":\"BreadcrumbList\",\"@id\":\"https:\\\/\\\/www.aliadospuebla.com\\\/?p=116850#breadcrumb\",\"itemListElement\":[{\"@type\":\"ListItem\",\"position\":1,\"name\":\"Portada\",\"item\":\"https:\\\/\\\/www.aliadospuebla.com\\\/\"},{\"@type\":\"ListItem\",\"position\":2,\"name\":\"Tonantzin Fern\u00e1ndez dignifica y reconoce la labor del cuerpo de Bomberos de San Pedro Cholula\"}]},{\"@type\":\"WebSite\",\"@id\":\"https:\\\/\\\/www.aliadospuebla.com\\\/#website\",\"url\":\"https:\\\/\\\/www.aliadospuebla.com\\\/\",\"name\":\"AliadosPuebla\",\"description\":\"La informaci\u00f3n en tus manos\",\"potentialAction\":[{\"@type\":\"SearchAction\",\"target\":{\"@type\":\"EntryPoint\",\"urlTemplate\":\"https:\\\/\\\/www.aliadospuebla.com\\\/?s={search_term_string}\"},\"query-input\":{\"@type\":\"PropertyValueSpecification\",\"valueRequired\":true,\"valueName\":\"search_term_string\"}}],\"inLanguage\":\"es\"},{\"@type\":\"Person\",\"@id\":\"https:\\\/\\\/www.aliadospuebla.com\\\/#\\\/schema\\\/person\\\/5da7dd09320bd4f392b710017ed5f8ad\",\"name\":\"Aliados17\",\"image\":{\"@type\":\"ImageObject\",\"inLanguage\":\"es\",\"@id\":\"https:\\\/\\\/www.aliadospuebla.com\\\/web2017\\\/wp-content\\\/uploads\\\/2025\\\/03\\\/cropped-para-perfil-8-anos-1-96x96.jpg\",\"url\":\"https:\\\/\\\/www.aliadospuebla.com\\\/web2017\\\/wp-content\\\/uploads\\\/2025\\\/03\\\/cropped-para-perfil-8-anos-1-96x96.jpg\",\"contentUrl\":\"https:\\\/\\\/www.aliadospuebla.com\\\/web2017\\\/wp-content\\\/uploads\\\/2025\\\/03\\\/cropped-para-perfil-8-anos-1-96x96.jpg\",\"caption\":\"Aliados17\"},\"sameAs\":[\"https:\\\/\\\/www.aliados17.com\",\"https:\\\/\\\/www.facebook.com\\\/Aliados17Pue\",\"https:\\\/\\\/x.com\\\/AliadosPuebla\"],\"url\":\"https:\\\/\\\/www.aliadospuebla.com\\\/?author=2\"}]}<\/script>\n<!-- \/ Yoast SEO plugin. -->","yoast_head_json":{"title":"Tonantzin Fern\u00e1ndez dignifica y reconoce la labor del cuerpo de Bomberos de San Pedro Cholula - AliadosPuebla","robots":{"index":"index","follow":"follow","max-snippet":"max-snippet:-1","max-image-preview":"max-image-preview:large","max-video-preview":"max-video-preview:-1"},"canonical":"https:\/\/www.aliadospuebla.com\/?p=116850","og_locale":"es_ES","og_type":"article","og_title":"Tonantzin Fern\u00e1ndez dignifica y reconoce la labor del cuerpo de Bomberos de San Pedro Cholula - AliadosPuebla","og_description":"La presidenta municipal entreg\u00f3 uniformes completos y anunci\u00f3 reconocimientos y una compensaci\u00f3n econ\u00f3mica para las y los elementos. San Pedro Cholula, Pue. \u2013 En el marco del D\u00eda del Bombero, que se conmemora el 22 de agosto en M\u00e9xico, la presidenta municipal de San Pedro Cholula, Tonantzin Fern\u00e1ndez, realiz\u00f3 la entrega de uniformes completos a todo el personal que integra el cuerpo de Bomberos, adscrito a la Direcci\u00f3n de Protecci\u00f3n Civil del municipio. Durante el acto, el director de Protecci\u00f3n Civil, Rodolfo Fierro, agradeci\u00f3 a la presidenta municipal por encabezar esta entrega, al se\u00f1alar que contar con un uniforme adecuado no s\u00f3lo fortalece el sentido de pertenencia a la corporaci\u00f3n, sino que tambi\u00e9n contribuye al correcto desempe\u00f1o de sus funciones y brinda mejores condiciones para&hellip;Leer m\u00e1s...","og_url":"https:\/\/www.aliadospuebla.com\/?p=116850","og_site_name":"AliadosPuebla","article_author":"https:\/\/www.facebook.com\/Aliados17Pue","article_published_time":"2026-09-01T02:33:26+00:00","og_image":[{"width":600,"height":450,"url":"https:\/\/www.aliadospuebla.com\/web2017\/wp-content\/uploads\/2026\/08\/209.jpg","type":"image\/jpeg"}],"author":"Aliados17","twitter_card":"summary_large_image","twitter_creator":"@AliadosPuebla","twitter_misc":{"Escrito por":"Aliados17","Tiempo de lectura":"2 minutos"},"schema":{"@context":"https:\/\/schema.org","@graph":[{"@type":"Article","@id":"https:\/\/www.aliadospuebla.com\/?p=116850#article","isPartOf":{"@id":"https:\/\/www.aliadospuebla.com\/?p=116850"},"author":{"name":"Aliados17","@id":"https:\/\/www.aliadospuebla.com\/#\/schema\/person\/5da7dd09320bd4f392b710017ed5f8ad"},"headline":"Tonantzin Fern\u00e1ndez dignifica y reconoce la labor del cuerpo de Bomberos de San Pedro Cholula","datePublished":"2026-09-01T02:33:26+00:00","mainEntityOfPage":{"@id":"https:\/\/www.aliadospuebla.com\/?p=116850"},"wordCount":351,"commentCount":0,"image":{"@id":"https:\/\/www.aliadospuebla.com\/?p=116850#primaryimage"},"thumbnailUrl":"https:\/\/www.aliadospuebla.com\/web2017\/wp-content\/uploads\/2026\/08\/209.jpg","keywords":["D\u00eda del Bombero","protecci\u00f3n civil","Rodolfo Fierro","SAN PEDRO CHOLULA","TONANTZIN FERN\u00c1NDEZ"],"articleSection":["Municipios"],"inLanguage":"es","potentialAction":[{"@type":"CommentAction","name":"Comment","target":["https:\/\/www.aliadospuebla.com\/?p=116850#respond"]}]},{"@type":"WebPage","@id":"https:\/\/www.aliadospuebla.com\/?p=116850","url":"https:\/\/www.aliadospuebla.com\/?p=116850","name":"Tonantzin Fern\u00e1ndez dignifica y reconoce la labor del cuerpo de Bomberos de San Pedro Cholula - AliadosPuebla","isPartOf":{"@id":"https:\/\/www.aliadospuebla.com\/#website"},"primaryImageOfPage":{"@id":"https:\/\/www.aliadospuebla.com\/?p=116850#primaryimage"},"image":{"@id":"https:\/\/www.aliadospuebla.com\/?p=116850#primaryimage"},"thumbnailUrl":"https:\/\/www.aliadospuebla.com\/web2017\/wp-content\/uploads\/2026\/08\/209.jpg","datePublished":"2026-09-01T02:33:26+00:00","author":{"@id":"https:\/\/www.aliadospuebla.com\/#\/schema\/person\/5da7dd09320bd4f392b710017ed5f8ad"},"breadcrumb":{"@id":"https:\/\/www.aliadospuebla.com\/?p=116850#breadcrumb"},"inLanguage":"es","potentialAction":[{"@type":"ReadAction","target":["https:\/\/www.aliadospuebla.com\/?p=116850"]}]},{"@type":"ImageObject","inLanguage":"es","@id":"https:\/\/www.aliadospuebla.com\/?p=116850#primaryimage","url":"https:\/\/www.aliadospuebla.com\/web2017\/wp-content\/uploads\/2026\/08\/209.jpg","contentUrl":"https:\/\/www.aliadospuebla.com\/web2017\/wp-content\/uploads\/2026\/08\/209.jpg","width":600,"height":450},{"@type":"BreadcrumbList","@id":"https:\/\/www.aliadospuebla.com\/?p=116850#breadcrumb","itemListElement":[{"@type":"ListItem","position":1,"name":"Portada","item":"https:\/\/www.aliadospuebla.com\/"},{"@type":"ListItem","position":2,"name":"Tonantzin Fern\u00e1ndez dignifica y reconoce la labor del cuerpo de Bomberos de San Pedro Cholula"}]},{"@type":"WebSite","@id":"https:\/\/www.aliadospuebla.com\/#website","url":"https:\/\/www.aliadospuebla.com\/","name":"AliadosPuebla","description":"La informaci\u00f3n en tus manos","potentialAction":[{"@type":"SearchAction","target":{"@type":"EntryPoint","urlTemplate":"https:\/\/www.aliadospuebla.com\/?s={search_term_string}"},"query-input":{"@type":"PropertyValueSpecification","valueRequired":true,"valueName":"search_term_string"}}],"inLanguage":"es"},{"@type":"Person","@id":"https:\/\/www.aliadospuebla.com\/#\/schema\/person\/5da7dd09320bd4f392b710017ed5f8ad","name":"Aliados17","image":{"@type":"ImageObject","inLanguage":"es","@id":"https:\/\/www.aliadospuebla.com\/web2017\/wp-content\/uploads\/2025\/03\/cropped-para-perfil-8-anos-1-96x96.jpg","url":"https:\/\/www.aliadospuebla.com\/web2017\/wp-content\/uploads\/2025\/03\/cropped-para-perfil-8-anos-1-96x96.jpg","contentUrl":"https:\/\/www.aliadospuebla.com\/web2017\/wp-content\/uploads\/2025\/03\/cropped-para-perfil-8-anos-1-96x96.jpg","caption":"Aliados17"},"sameAs":["https:\/\/www.aliados17.com","https:\/\/www.facebook.com\/Aliados17Pue","https:\/\/x.com\/AliadosPuebla"],"url":"https:\/\/www.aliadospuebla.com\/?author=2"}]}},"views":4,"_links":{"self":[{"href":"https:\/\/www.aliadospuebla.com\/index.php?rest_route=\/wp\/v2\/posts\/116850","targetHints":{"allow":["GET"]}}],"collection":[{"href":"https:\/\/www.aliadospuebla.com\/index.php?rest_route=\/wp\/v2\/posts"}],"about":[{"href":"https:\/\/www.aliadospuebla.com\/index.php?rest_route=\/wp\/v2\/types\/post"}],"author":[{"embeddable":true,"href":"https:\/\/www.aliadospuebla.com\/index.php?rest_route=\/wp\/v2\/users\/2"}],"replies":[{"embeddable":true,"href":"https:\/\/www.aliadospuebla.com\/index.php?rest_route=%2Fwp%2Fv2%2Fcomments&post=116850"}],"version-history":[{"count":1,"href":"https:\/\/www.aliadospuebla.com\/index.php?rest_route=\/wp\/v2\/posts\/116850\/revisions"}],"predecessor-version":[{"id":116852,"href":"https:\/\/www.aliadospuebla.com\/index.php?rest_route=\/wp\/v2\/posts\/116850\/revisions\/116852"}],"wp:featuredmedia":[{"embeddable":true,"href":"https:\/\/www.aliadospuebla.com\/index.php?rest_route=\/wp\/v2\/media\/116851"}],"wp:attachment":[{"href":"https:\/\/www.aliadospuebla.com\/index.php?rest_route=%2Fwp%2Fv2%2Fmedia&parent=116850"}],"wp:term":[{"taxonomy":"category","embeddable":true,"href":"https:\/\/www.aliadospuebla.com\/index.php?rest_route=%2Fwp%2Fv2%2Fcategories&post=116850"},{"taxonomy":"post_tag","embeddable":true,"href":"https:\/\/www.aliadospuebla.com\/index.php?rest_route=%2Fwp%2Fv2%2Ftags&post=116850"}],"curies":[{"name":"wp","href":"https:\/\/api.w.org\/{rel}","templated":true}]}}