{"id":116844,"date":"2026-08-31T19:53:48","date_gmt":"2026-09-01T01:53:48","guid":{"rendered":"https:\/\/www.aliadospuebla.com\/?p=116844"},"modified":"2026-08-31T19:53:48","modified_gmt":"2026-09-01T01:53:48","slug":"fortalece-pepe-chedraui-coordinacion-metropolitana-para-la-seguridad-de-las-mujeres","status":"publish","type":"post","link":"https:\/\/www.aliadospuebla.com\/?p=116844","title":{"rendered":"Fortalece Pepe Chedraui coordinaci\u00f3n metropolitana para la seguridad de las mujeres"},"content":{"rendered":"<h4>&#8211; Se prioriza el trabajo en materia de seguridad para fortalecer la prevenci\u00f3n y atenci\u00f3n de las violencias contra mujeres, adolescentes y ni\u00f1as<\/h4>\n<p>&#8211; Participaron representantes de Puebla, San Pedro Cholula, Amozoc, Cuautlancingo,<\/p>\n<p>Ocoyucan, Coronango y San Andr\u00e9s Cholula, as\u00ed como instancias de los tres \u00f3rdenes de gobierno<\/p>\n<p>Puebla, Pue.\u2013 Con el objetivo de fortalecer la coordinaci\u00f3n interinstitucional<\/p>\n<p>y metropolitana para prevenir y atender las violencias contra mujeres, adolescentes y ni\u00f1as,<\/p>\n<p>el Gobierno de la Ciudad, encabezado por el presidente municipal, Pepe Chedraui,<\/p>\n<p>a trav\u00e9s de la Secretar\u00eda de las Mujeres, fue sede de la Mesa Metropolitana de Trabajo<\/p>\n<p>en materia de Seguridad, en la que participaron siete municipios y representantes<\/p>\n<p>de distintas instancias de los tres \u00f3rdenes de gobierno.<\/p>\n<p>En este sentido, el presidente municipal, Pepe Chedraui, ratific\u00f3 la pol\u00edtica<\/p>\n<p>de cero tolerancia ante cualquier forma de violencia contra las mujeres,<\/p>\n<p>ni\u00f1as, ni\u00f1os y adolescentes, en cualquier espacio p\u00fablico, privado y virtual.<\/p>\n<h4>Afirm\u00f3 que esta mesa representa la suma de voluntades para reafirmar que las autoridades no son omisas y que la alerta es una herramienta clave para proteger la vida La libertad y la integridad de las mujeres<\/h4>\n<p>\u201cActuamos bajo la visi\u00f3n de nuestra presidenta, la doctora Claudia Sheinbaum y del gobernador,<\/p>\n<p>Alejandro Armenta, para erradicar la violencia de g\u00e9nero, impulsar que m\u00e1s mujeres<\/p>\n<p>ocupen espacios de toma de decisiones y reconocer su papel fundamental en el desarrollo<\/p>\n<p>de nuestras comunidades\u201d, agreg\u00f3.<\/p>\n<p>Durante la jornada se compartieron experiencias y mecanismos de actuaci\u00f3n<\/p>\n<p>para fortalecer la respuesta institucional ante situaciones de violencia,<\/p>\n<p>as\u00ed como avanzar en la coordinaci\u00f3n entre los municipios de Puebla, San Pedro Cholula,<\/p>\n<p>Amozoc, Cuautlancingo, Ocoyucan, Coronango y San Andr\u00e9s Cholula.<\/p>\n<p>La titular de la Secretar\u00eda de las Mujeres, Zaira Gonz\u00e1lez, destac\u00f3 que enfrentar<\/p>\n<p>las violencias requiere acciones coordinadas que permitan brindar respuestas oportunas,<\/p>\n<p>sensibles y sin revictimizaci\u00f3n, particularmente desde el primer contacto<\/p>\n<p>que las mujeres tienen con las instituciones.<\/p>\n<p>\u201cUna mujer que pide ayuda necesita encontrar una respuesta sensible y oportuna.<\/p>\n<p>Necesita saber que las instituciones estamos preparadas para escucharla,<\/p>\n<p>atenderla y acompa\u00f1arla. Ninguna mujer que atraviesa una situaci\u00f3n de violencia<\/p>\n<p>debe sentirse sola frente a las instituciones\u201d, expres\u00f3.<\/p>\n<p>En el evento, el evento la subsecretaria de Desarrollo Institucional y Administraci\u00f3n Policial,<\/p>\n<p>Ilse Gonz\u00e1lez Hern\u00e1ndez, afirm\u00f3 que la violencia contra las mujeres es una realidad,<\/p>\n<p>que exige acciones coordinadas, sensibles y eficaces.<\/p>\n<h4>Por ello, agreg\u00f3, este espacio representa una oportunidad para fortalecer la comunicaci\u00f3n, sumar esfuerzos y consolidar estrategias para prevenir, atender, sancionar y erradicar todas las formas de violencia.<\/h4>\n<p>Se\u00f1al\u00f3 que desde el Gobierno de la Ciudad se desarrollan acciones permanentes de prevenci\u00f3n, atenci\u00f3n y acompa\u00f1amiento, entre ellas orientaci\u00f3n jur\u00eddica y psicol\u00f3gica, as\u00ed como mecanismos de coordinaci\u00f3n con las instancias responsables de seguridad y procuraci\u00f3n de justicia. Asimismo, destac\u00f3 la estrategia Punto Seguro, mediante la cual se cuenta con espacios de resguardo inmediato para mujeres que se encuentran ante una situaci\u00f3n de riesgo y requieren un lugar seguro mientras reciben apoyo y se activan los mecanismos institucionales correspondientes.<\/p>\n<p>Como parte de los trabajos de la Mesa Metropolitana, se destac\u00f3 la importancia de compartir informaci\u00f3n, fortalecer protocolos y avanzar en la homologaci\u00f3n de criterios de actuaci\u00f3n del personal encargado de brindar atenci\u00f3n de primer contacto a mujeres en situaci\u00f3n de violencia.<\/p>\n<p>Los trabajos de esta Mesa tambi\u00e9n permiten revisar las acciones implementadas por los municipios, compartir buenas pr\u00e1cticas e identificar \u00e1reas de oportunidad para fortalecer las capacidades institucionales en el marco de la Declaratoria de Alerta de Violencia de G\u00e9nero contra las Mujeres.<\/p>\n<p>Con estas acciones, el Gobierno de la Ciudad reafirma su compromiso de impulsar una coordinaci\u00f3n metropolitana que permita avanzar hacia una respuesta institucional m\u00e1s efectiva y cercana, bajo una responsabilidad compartida entre municipios y \u00f3rdenes de gobierno para garantizar a las mujeres, adolescentes y ni\u00f1as su derecho a vivir seguras y libres de violencia.<\/p>\n","protected":false},"excerpt":{"rendered":"<p>&#8211; Se prioriza el trabajo en materia de seguridad para fortalecer la prevenci\u00f3n y atenci\u00f3n de las violencias contra mujeres, adolescentes y ni\u00f1as &#8211; Participaron representantes de Puebla, San Pedro Cholula, Amozoc, Cuautlancingo, Ocoyucan, Coronango y San Andr\u00e9s Cholula, as\u00ed como instancias de los tres \u00f3rdenes de gobierno Puebla, Pue.\u2013 Con el objetivo de fortalecer la coordinaci\u00f3n interinstitucional y metropolitana para prevenir y atender las violencias contra mujeres, adolescentes y ni\u00f1as, el Gobierno de la Ciudad, encabezado por el presidente municipal, Pepe Chedraui, a trav\u00e9s de la Secretar\u00eda de las Mujeres, fue sede de la Mesa Metropolitana de Trabajo en materia de Seguridad, en la que participaron siete municipios y representantes de distintas instancias de los tres \u00f3rdenes de gobierno. En este sentido, el presidente&hellip;<\/p>\n<p class=\"excerpt-more\"><a class=\"blog-excerpt button\" href=\"https:\/\/www.aliadospuebla.com\/?p=116844\">Leer m\u00e1s&#8230;<\/a><\/p>\n","protected":false},"author":2,"featured_media":116845,"comment_status":"open","ping_status":"open","sticky":false,"template":"","format":"standard","meta":{"_monsterinsights_skip_tracking":false,"footnotes":""},"categories":[62],"tags":[699,4780,19918,8427,10582,2206,20612,34910,27916],"class_list":["post-116844","post","type-post","status-publish","format-standard","has-post-thumbnail","hentry","category-capital","tag-adolescentes","tag-alejandro-armenta","tag-claudia-sheinbaum","tag-coordinacion-metropolitana","tag-gobierno-de-la-ciudad","tag-integridad","tag-pepe-chedraui","tag-violencias-contra-mujeres","tag-zaira-gonzalez"],"yoast_head":"<!-- This site is optimized with the Yoast SEO plugin v28.3 - https:\/\/yoast.com\/product\/yoast-seo-wordpress\/ -->\n<title>Fortalece Pepe Chedraui coordinaci\u00f3n metropolitana para la seguridad de las mujeres - AliadosPuebla<\/title>\n<meta name=\"robots\" content=\"index, follow, max-snippet:-1, max-image-preview:large, max-video-preview:-1\" \/>\n<link rel=\"canonical\" href=\"https:\/\/www.aliadospuebla.com\/?p=116844\" \/>\n<meta property=\"og:locale\" content=\"es_ES\" \/>\n<meta property=\"og:type\" content=\"article\" \/>\n<meta property=\"og:title\" content=\"Fortalece Pepe Chedraui coordinaci\u00f3n metropolitana para la seguridad de las mujeres - AliadosPuebla\" \/>\n<meta property=\"og:description\" content=\"&#8211; Se prioriza el trabajo en materia de seguridad para fortalecer la prevenci\u00f3n y atenci\u00f3n de las violencias contra mujeres, adolescentes y ni\u00f1as &#8211; Participaron representantes de Puebla, San Pedro Cholula, Amozoc, Cuautlancingo, Ocoyucan, Coronango y San Andr\u00e9s Cholula, as\u00ed como instancias de los tres \u00f3rdenes de gobierno Puebla, Pue.\u2013 Con el objetivo de fortalecer la coordinaci\u00f3n interinstitucional y metropolitana para prevenir y atender las violencias contra mujeres, adolescentes y ni\u00f1as, el Gobierno de la Ciudad, encabezado por el presidente municipal, Pepe Chedraui, a trav\u00e9s de la Secretar\u00eda de las Mujeres, fue sede de la Mesa Metropolitana de Trabajo en materia de Seguridad, en la que participaron siete municipios y representantes de distintas instancias de los tres \u00f3rdenes de gobierno. En este sentido, el presidente&hellip;Leer m\u00e1s...\" \/>\n<meta property=\"og:url\" content=\"https:\/\/www.aliadospuebla.com\/?p=116844\" \/>\n<meta property=\"og:site_name\" content=\"AliadosPuebla\" \/>\n<meta property=\"article:author\" content=\"https:\/\/www.facebook.com\/Aliados17Pue\" \/>\n<meta property=\"article:published_time\" content=\"2026-09-01T01:53:48+00:00\" \/>\n<meta property=\"og:image\" content=\"https:\/\/www.aliadospuebla.com\/web2017\/wp-content\/uploads\/2026\/08\/207.jpg\" \/>\n\t<meta property=\"og:image:width\" content=\"600\" \/>\n\t<meta property=\"og:image:height\" content=\"450\" \/>\n\t<meta property=\"og:image:type\" content=\"image\/jpeg\" \/>\n<meta name=\"author\" content=\"Aliados17\" \/>\n<meta name=\"twitter:card\" content=\"summary_large_image\" \/>\n<meta name=\"twitter:creator\" content=\"@AliadosPuebla\" \/>\n<meta name=\"twitter:label1\" content=\"Escrito por\" \/>\n\t<meta name=\"twitter:data1\" content=\"Aliados17\" \/>\n\t<meta name=\"twitter:label2\" content=\"Tiempo de lectura\" \/>\n\t<meta name=\"twitter:data2\" content=\"3 minutos\" \/>\n<script type=\"application\/ld+json\" class=\"yoast-schema-graph\">{\"@context\":\"https:\\\/\\\/schema.org\",\"@graph\":[{\"@type\":\"Article\",\"@id\":\"https:\\\/\\\/www.aliadospuebla.com\\\/?p=116844#article\",\"isPartOf\":{\"@id\":\"https:\\\/\\\/www.aliadospuebla.com\\\/?p=116844\"},\"author\":{\"name\":\"Aliados17\",\"@id\":\"https:\\\/\\\/www.aliadospuebla.com\\\/#\\\/schema\\\/person\\\/5da7dd09320bd4f392b710017ed5f8ad\"},\"headline\":\"Fortalece Pepe Chedraui coordinaci\u00f3n metropolitana para la seguridad de las mujeres\",\"datePublished\":\"2026-09-01T01:53:48+00:00\",\"mainEntityOfPage\":{\"@id\":\"https:\\\/\\\/www.aliadospuebla.com\\\/?p=116844\"},\"wordCount\":692,\"commentCount\":0,\"image\":{\"@id\":\"https:\\\/\\\/www.aliadospuebla.com\\\/?p=116844#primaryimage\"},\"thumbnailUrl\":\"https:\\\/\\\/www.aliadospuebla.com\\\/web2017\\\/wp-content\\\/uploads\\\/2026\\\/08\\\/207.jpg\",\"keywords\":[\"ADOLESCENTES\",\"ALEJANDRO ARMENTA\",\"Claudia Sheinbaum\",\"Coordinaci\u00f3n metropolitana\",\"GOBIERNO DE LA CIUDAD\",\"INTEGRIDAD\",\"Pepe Chedraui\",\"violencias contra mujeres\",\"Zaira Gonz\u00e1lez\"],\"articleSection\":[\"Capital\"],\"inLanguage\":\"es\",\"potentialAction\":[{\"@type\":\"CommentAction\",\"name\":\"Comment\",\"target\":[\"https:\\\/\\\/www.aliadospuebla.com\\\/?p=116844#respond\"]}]},{\"@type\":\"WebPage\",\"@id\":\"https:\\\/\\\/www.aliadospuebla.com\\\/?p=116844\",\"url\":\"https:\\\/\\\/www.aliadospuebla.com\\\/?p=116844\",\"name\":\"Fortalece Pepe Chedraui coordinaci\u00f3n metropolitana para la seguridad de las mujeres - AliadosPuebla\",\"isPartOf\":{\"@id\":\"https:\\\/\\\/www.aliadospuebla.com\\\/#website\"},\"primaryImageOfPage\":{\"@id\":\"https:\\\/\\\/www.aliadospuebla.com\\\/?p=116844#primaryimage\"},\"image\":{\"@id\":\"https:\\\/\\\/www.aliadospuebla.com\\\/?p=116844#primaryimage\"},\"thumbnailUrl\":\"https:\\\/\\\/www.aliadospuebla.com\\\/web2017\\\/wp-content\\\/uploads\\\/2026\\\/08\\\/207.jpg\",\"datePublished\":\"2026-09-01T01:53:48+00:00\",\"author\":{\"@id\":\"https:\\\/\\\/www.aliadospuebla.com\\\/#\\\/schema\\\/person\\\/5da7dd09320bd4f392b710017ed5f8ad\"},\"breadcrumb\":{\"@id\":\"https:\\\/\\\/www.aliadospuebla.com\\\/?p=116844#breadcrumb\"},\"inLanguage\":\"es\",\"potentialAction\":[{\"@type\":\"ReadAction\",\"target\":[\"https:\\\/\\\/www.aliadospuebla.com\\\/?p=116844\"]}]},{\"@type\":\"ImageObject\",\"inLanguage\":\"es\",\"@id\":\"https:\\\/\\\/www.aliadospuebla.com\\\/?p=116844#primaryimage\",\"url\":\"https:\\\/\\\/www.aliadospuebla.com\\\/web2017\\\/wp-content\\\/uploads\\\/2026\\\/08\\\/207.jpg\",\"contentUrl\":\"https:\\\/\\\/www.aliadospuebla.com\\\/web2017\\\/wp-content\\\/uploads\\\/2026\\\/08\\\/207.jpg\",\"width\":600,\"height\":450},{\"@type\":\"BreadcrumbList\",\"@id\":\"https:\\\/\\\/www.aliadospuebla.com\\\/?p=116844#breadcrumb\",\"itemListElement\":[{\"@type\":\"ListItem\",\"position\":1,\"name\":\"Portada\",\"item\":\"https:\\\/\\\/www.aliadospuebla.com\\\/\"},{\"@type\":\"ListItem\",\"position\":2,\"name\":\"Fortalece Pepe Chedraui coordinaci\u00f3n metropolitana para la seguridad de las mujeres\"}]},{\"@type\":\"WebSite\",\"@id\":\"https:\\\/\\\/www.aliadospuebla.com\\\/#website\",\"url\":\"https:\\\/\\\/www.aliadospuebla.com\\\/\",\"name\":\"AliadosPuebla\",\"description\":\"La informaci\u00f3n en tus manos\",\"potentialAction\":[{\"@type\":\"SearchAction\",\"target\":{\"@type\":\"EntryPoint\",\"urlTemplate\":\"https:\\\/\\\/www.aliadospuebla.com\\\/?s={search_term_string}\"},\"query-input\":{\"@type\":\"PropertyValueSpecification\",\"valueRequired\":true,\"valueName\":\"search_term_string\"}}],\"inLanguage\":\"es\"},{\"@type\":\"Person\",\"@id\":\"https:\\\/\\\/www.aliadospuebla.com\\\/#\\\/schema\\\/person\\\/5da7dd09320bd4f392b710017ed5f8ad\",\"name\":\"Aliados17\",\"image\":{\"@type\":\"ImageObject\",\"inLanguage\":\"es\",\"@id\":\"https:\\\/\\\/www.aliadospuebla.com\\\/web2017\\\/wp-content\\\/uploads\\\/2025\\\/03\\\/cropped-para-perfil-8-anos-1-96x96.jpg\",\"url\":\"https:\\\/\\\/www.aliadospuebla.com\\\/web2017\\\/wp-content\\\/uploads\\\/2025\\\/03\\\/cropped-para-perfil-8-anos-1-96x96.jpg\",\"contentUrl\":\"https:\\\/\\\/www.aliadospuebla.com\\\/web2017\\\/wp-content\\\/uploads\\\/2025\\\/03\\\/cropped-para-perfil-8-anos-1-96x96.jpg\",\"caption\":\"Aliados17\"},\"sameAs\":[\"https:\\\/\\\/www.aliados17.com\",\"https:\\\/\\\/www.facebook.com\\\/Aliados17Pue\",\"https:\\\/\\\/x.com\\\/AliadosPuebla\"],\"url\":\"https:\\\/\\\/www.aliadospuebla.com\\\/?author=2\"}]}<\/script>\n<!-- \/ Yoast SEO plugin. -->","yoast_head_json":{"title":"Fortalece Pepe Chedraui coordinaci\u00f3n metropolitana para la seguridad de las mujeres - AliadosPuebla","robots":{"index":"index","follow":"follow","max-snippet":"max-snippet:-1","max-image-preview":"max-image-preview:large","max-video-preview":"max-video-preview:-1"},"canonical":"https:\/\/www.aliadospuebla.com\/?p=116844","og_locale":"es_ES","og_type":"article","og_title":"Fortalece Pepe Chedraui coordinaci\u00f3n metropolitana para la seguridad de las mujeres - AliadosPuebla","og_description":"&#8211; Se prioriza el trabajo en materia de seguridad para fortalecer la prevenci\u00f3n y atenci\u00f3n de las violencias contra mujeres, adolescentes y ni\u00f1as &#8211; Participaron representantes de Puebla, San Pedro Cholula, Amozoc, Cuautlancingo, Ocoyucan, Coronango y San Andr\u00e9s Cholula, as\u00ed como instancias de los tres \u00f3rdenes de gobierno Puebla, Pue.\u2013 Con el objetivo de fortalecer la coordinaci\u00f3n interinstitucional y metropolitana para prevenir y atender las violencias contra mujeres, adolescentes y ni\u00f1as, el Gobierno de la Ciudad, encabezado por el presidente municipal, Pepe Chedraui, a trav\u00e9s de la Secretar\u00eda de las Mujeres, fue sede de la Mesa Metropolitana de Trabajo en materia de Seguridad, en la que participaron siete municipios y representantes de distintas instancias de los tres \u00f3rdenes de gobierno. En este sentido, el presidente&hellip;Leer m\u00e1s...","og_url":"https:\/\/www.aliadospuebla.com\/?p=116844","og_site_name":"AliadosPuebla","article_author":"https:\/\/www.facebook.com\/Aliados17Pue","article_published_time":"2026-09-01T01:53:48+00:00","og_image":[{"width":600,"height":450,"url":"https:\/\/www.aliadospuebla.com\/web2017\/wp-content\/uploads\/2026\/08\/207.jpg","type":"image\/jpeg"}],"author":"Aliados17","twitter_card":"summary_large_image","twitter_creator":"@AliadosPuebla","twitter_misc":{"Escrito por":"Aliados17","Tiempo de lectura":"3 minutos"},"schema":{"@context":"https:\/\/schema.org","@graph":[{"@type":"Article","@id":"https:\/\/www.aliadospuebla.com\/?p=116844#article","isPartOf":{"@id":"https:\/\/www.aliadospuebla.com\/?p=116844"},"author":{"name":"Aliados17","@id":"https:\/\/www.aliadospuebla.com\/#\/schema\/person\/5da7dd09320bd4f392b710017ed5f8ad"},"headline":"Fortalece Pepe Chedraui coordinaci\u00f3n metropolitana para la seguridad de las mujeres","datePublished":"2026-09-01T01:53:48+00:00","mainEntityOfPage":{"@id":"https:\/\/www.aliadospuebla.com\/?p=116844"},"wordCount":692,"commentCount":0,"image":{"@id":"https:\/\/www.aliadospuebla.com\/?p=116844#primaryimage"},"thumbnailUrl":"https:\/\/www.aliadospuebla.com\/web2017\/wp-content\/uploads\/2026\/08\/207.jpg","keywords":["ADOLESCENTES","ALEJANDRO ARMENTA","Claudia Sheinbaum","Coordinaci\u00f3n metropolitana","GOBIERNO DE LA CIUDAD","INTEGRIDAD","Pepe Chedraui","violencias contra mujeres","Zaira Gonz\u00e1lez"],"articleSection":["Capital"],"inLanguage":"es","potentialAction":[{"@type":"CommentAction","name":"Comment","target":["https:\/\/www.aliadospuebla.com\/?p=116844#respond"]}]},{"@type":"WebPage","@id":"https:\/\/www.aliadospuebla.com\/?p=116844","url":"https:\/\/www.aliadospuebla.com\/?p=116844","name":"Fortalece Pepe Chedraui coordinaci\u00f3n metropolitana para la seguridad de las mujeres - AliadosPuebla","isPartOf":{"@id":"https:\/\/www.aliadospuebla.com\/#website"},"primaryImageOfPage":{"@id":"https:\/\/www.aliadospuebla.com\/?p=116844#primaryimage"},"image":{"@id":"https:\/\/www.aliadospuebla.com\/?p=116844#primaryimage"},"thumbnailUrl":"https:\/\/www.aliadospuebla.com\/web2017\/wp-content\/uploads\/2026\/08\/207.jpg","datePublished":"2026-09-01T01:53:48+00:00","author":{"@id":"https:\/\/www.aliadospuebla.com\/#\/schema\/person\/5da7dd09320bd4f392b710017ed5f8ad"},"breadcrumb":{"@id":"https:\/\/www.aliadospuebla.com\/?p=116844#breadcrumb"},"inLanguage":"es","potentialAction":[{"@type":"ReadAction","target":["https:\/\/www.aliadospuebla.com\/?p=116844"]}]},{"@type":"ImageObject","inLanguage":"es","@id":"https:\/\/www.aliadospuebla.com\/?p=116844#primaryimage","url":"https:\/\/www.aliadospuebla.com\/web2017\/wp-content\/uploads\/2026\/08\/207.jpg","contentUrl":"https:\/\/www.aliadospuebla.com\/web2017\/wp-content\/uploads\/2026\/08\/207.jpg","width":600,"height":450},{"@type":"BreadcrumbList","@id":"https:\/\/www.aliadospuebla.com\/?p=116844#breadcrumb","itemListElement":[{"@type":"ListItem","position":1,"name":"Portada","item":"https:\/\/www.aliadospuebla.com\/"},{"@type":"ListItem","position":2,"name":"Fortalece Pepe Chedraui coordinaci\u00f3n metropolitana para la seguridad de las mujeres"}]},{"@type":"WebSite","@id":"https:\/\/www.aliadospuebla.com\/#website","url":"https:\/\/www.aliadospuebla.com\/","name":"AliadosPuebla","description":"La informaci\u00f3n en tus manos","potentialAction":[{"@type":"SearchAction","target":{"@type":"EntryPoint","urlTemplate":"https:\/\/www.aliadospuebla.com\/?s={search_term_string}"},"query-input":{"@type":"PropertyValueSpecification","valueRequired":true,"valueName":"search_term_string"}}],"inLanguage":"es"},{"@type":"Person","@id":"https:\/\/www.aliadospuebla.com\/#\/schema\/person\/5da7dd09320bd4f392b710017ed5f8ad","name":"Aliados17","image":{"@type":"ImageObject","inLanguage":"es","@id":"https:\/\/www.aliadospuebla.com\/web2017\/wp-content\/uploads\/2025\/03\/cropped-para-perfil-8-anos-1-96x96.jpg","url":"https:\/\/www.aliadospuebla.com\/web2017\/wp-content\/uploads\/2025\/03\/cropped-para-perfil-8-anos-1-96x96.jpg","contentUrl":"https:\/\/www.aliadospuebla.com\/web2017\/wp-content\/uploads\/2025\/03\/cropped-para-perfil-8-anos-1-96x96.jpg","caption":"Aliados17"},"sameAs":["https:\/\/www.aliados17.com","https:\/\/www.facebook.com\/Aliados17Pue","https:\/\/x.com\/AliadosPuebla"],"url":"https:\/\/www.aliadospuebla.com\/?author=2"}]}},"views":6,"_links":{"self":[{"href":"https:\/\/www.aliadospuebla.com\/index.php?rest_route=\/wp\/v2\/posts\/116844","targetHints":{"allow":["GET"]}}],"collection":[{"href":"https:\/\/www.aliadospuebla.com\/index.php?rest_route=\/wp\/v2\/posts"}],"about":[{"href":"https:\/\/www.aliadospuebla.com\/index.php?rest_route=\/wp\/v2\/types\/post"}],"author":[{"embeddable":true,"href":"https:\/\/www.aliadospuebla.com\/index.php?rest_route=\/wp\/v2\/users\/2"}],"replies":[{"embeddable":true,"href":"https:\/\/www.aliadospuebla.com\/index.php?rest_route=%2Fwp%2Fv2%2Fcomments&post=116844"}],"version-history":[{"count":1,"href":"https:\/\/www.aliadospuebla.com\/index.php?rest_route=\/wp\/v2\/posts\/116844\/revisions"}],"predecessor-version":[{"id":116846,"href":"https:\/\/www.aliadospuebla.com\/index.php?rest_route=\/wp\/v2\/posts\/116844\/revisions\/116846"}],"wp:featuredmedia":[{"embeddable":true,"href":"https:\/\/www.aliadospuebla.com\/index.php?rest_route=\/wp\/v2\/media\/116845"}],"wp:attachment":[{"href":"https:\/\/www.aliadospuebla.com\/index.php?rest_route=%2Fwp%2Fv2%2Fmedia&parent=116844"}],"wp:term":[{"taxonomy":"category","embeddable":true,"href":"https:\/\/www.aliadospuebla.com\/index.php?rest_route=%2Fwp%2Fv2%2Fcategories&post=116844"},{"taxonomy":"post_tag","embeddable":true,"href":"https:\/\/www.aliadospuebla.com\/index.php?rest_route=%2Fwp%2Fv2%2Ftags&post=116844"}],"curies":[{"name":"wp","href":"https:\/\/api.w.org\/{rel}","templated":true}]}}