{"id":116841,"date":"2026-08-31T19:43:41","date_gmt":"2026-09-01T01:43:41","guid":{"rendered":"https:\/\/www.aliadospuebla.com\/?p=116841"},"modified":"2026-08-31T19:43:41","modified_gmt":"2026-09-01T01:43:41","slug":"reafirma-pepe-chedraui-compromiso-con-la-transparencia-tras-reconocimiento-nacional","status":"publish","type":"post","link":"https:\/\/www.aliadospuebla.com\/?p=116841","title":{"rendered":"Reafirma Pepe Chedraui compromiso con la transparencia tras reconocimiento nacional"},"content":{"rendered":"<h4>&#8211; El Gobierno de la Ciudad fue distinguido en la edici\u00f3n 2026 del Premio a las Mejores Pr\u00e1cticas de Gobiernos Locales, en la categor\u00eda de Transparencia Proactiva<\/h4>\n<p>En el marco de la XVI Entrega del Premio a las Mejores Pr\u00e1cticas de Gobiernos Locales,<\/p>\n<p>el presidente municipal Pepe Chedraui recibi\u00f3 un reconocimiento nacional en la categor\u00eda<\/p>\n<p>de Transparencia Proactiva, por las acciones implementadas por el Gobierno de la Ciudad<\/p>\n<p>para facilitar a la ciudadan\u00eda el acceso a informaci\u00f3n p\u00fablica de inter\u00e9s.<\/p>\n<p>El reconocimiento es resultado del trabajo coordinado entre las diferentes dependencias<\/p>\n<p>del Gobierno de la Ciudad para acercar informaci\u00f3n de f\u00e1cil acceso a las y los poblanos<\/p>\n<p>mediante el Portal de Gobierno Abierto, herramienta que permite consultar<\/p>\n<p>datos sobre temas de inter\u00e9s para la ciudadan\u00eda, entre ellos obras, servicios y aplicaci\u00f3n de recursos.<\/p>\n<p>El Gobierno de la Ciudad reafirma su compromiso con una administraci\u00f3n cercana, transparente y participativa, mediante herramientas que fortalezcan la colaboraci\u00f3n entre ciudadan\u00eda y gobierno para atender las necesidades de la poblaci\u00f3n en las 17 juntas auxiliares, en beneficio de la capital poblana.<\/p>\n","protected":false},"excerpt":{"rendered":"<p>&#8211; El Gobierno de la Ciudad fue distinguido en la edici\u00f3n 2026 del Premio a las Mejores Pr\u00e1cticas de Gobiernos Locales, en la categor\u00eda de Transparencia Proactiva En el marco de la XVI Entrega del Premio a las Mejores Pr\u00e1cticas de Gobiernos Locales, el presidente municipal Pepe Chedraui recibi\u00f3 un reconocimiento nacional en la categor\u00eda de Transparencia Proactiva, por las acciones implementadas por el Gobierno de la Ciudad para facilitar a la ciudadan\u00eda el acceso a informaci\u00f3n p\u00fablica de inter\u00e9s. El reconocimiento es resultado del trabajo coordinado entre las diferentes dependencias del Gobierno de la Ciudad para acercar informaci\u00f3n de f\u00e1cil acceso a las y los poblanos mediante el Portal de Gobierno Abierto, herramienta que permite consultar datos sobre temas de inter\u00e9s para la ciudadan\u00eda,&hellip;<\/p>\n<p class=\"excerpt-more\"><a class=\"blog-excerpt button\" href=\"https:\/\/www.aliadospuebla.com\/?p=116841\">Leer m\u00e1s&#8230;<\/a><\/p>\n","protected":false},"author":2,"featured_media":116842,"comment_status":"open","ping_status":"open","sticky":false,"template":"","format":"standard","meta":{"_monsterinsights_skip_tracking":false,"footnotes":""},"categories":[62],"tags":[10582,20612,34909,34877],"class_list":["post-116841","post","type-post","status-publish","format-standard","has-post-thumbnail","hentry","category-capital","tag-gobierno-de-la-ciudad","tag-pepe-chedraui","tag-premio-a-las-mejores-practicas-de-gobiernos-locales","tag-transparencia-proactiva"],"yoast_head":"<!-- This site is optimized with the Yoast SEO plugin v28.3 - https:\/\/yoast.com\/product\/yoast-seo-wordpress\/ -->\n<title>Reafirma Pepe Chedraui compromiso con la transparencia tras reconocimiento nacional - AliadosPuebla<\/title>\n<meta name=\"robots\" content=\"index, follow, max-snippet:-1, max-image-preview:large, max-video-preview:-1\" \/>\n<link rel=\"canonical\" href=\"https:\/\/www.aliadospuebla.com\/?p=116841\" \/>\n<meta property=\"og:locale\" content=\"es_ES\" \/>\n<meta property=\"og:type\" content=\"article\" \/>\n<meta property=\"og:title\" content=\"Reafirma Pepe Chedraui compromiso con la transparencia tras reconocimiento nacional - AliadosPuebla\" \/>\n<meta property=\"og:description\" content=\"&#8211; El Gobierno de la Ciudad fue distinguido en la edici\u00f3n 2026 del Premio a las Mejores Pr\u00e1cticas de Gobiernos Locales, en la categor\u00eda de Transparencia Proactiva En el marco de la XVI Entrega del Premio a las Mejores Pr\u00e1cticas de Gobiernos Locales, el presidente municipal Pepe Chedraui recibi\u00f3 un reconocimiento nacional en la categor\u00eda de Transparencia Proactiva, por las acciones implementadas por el Gobierno de la Ciudad para facilitar a la ciudadan\u00eda el acceso a informaci\u00f3n p\u00fablica de inter\u00e9s. El reconocimiento es resultado del trabajo coordinado entre las diferentes dependencias del Gobierno de la Ciudad para acercar informaci\u00f3n de f\u00e1cil acceso a las y los poblanos mediante el Portal de Gobierno Abierto, herramienta que permite consultar datos sobre temas de inter\u00e9s para la ciudadan\u00eda,&hellip;Leer m\u00e1s...\" \/>\n<meta property=\"og:url\" content=\"https:\/\/www.aliadospuebla.com\/?p=116841\" \/>\n<meta property=\"og:site_name\" content=\"AliadosPuebla\" \/>\n<meta property=\"article:author\" content=\"https:\/\/www.facebook.com\/Aliados17Pue\" \/>\n<meta property=\"article:published_time\" content=\"2026-09-01T01:43:41+00:00\" \/>\n<meta property=\"og:image\" content=\"https:\/\/www.aliadospuebla.com\/web2017\/wp-content\/uploads\/2026\/08\/206.jpg\" \/>\n\t<meta property=\"og:image:width\" content=\"600\" \/>\n\t<meta property=\"og:image:height\" content=\"450\" \/>\n\t<meta property=\"og:image:type\" content=\"image\/jpeg\" \/>\n<meta name=\"author\" content=\"Aliados17\" \/>\n<meta name=\"twitter:card\" content=\"summary_large_image\" \/>\n<meta name=\"twitter:creator\" content=\"@AliadosPuebla\" \/>\n<meta name=\"twitter:label1\" content=\"Escrito por\" \/>\n\t<meta name=\"twitter:data1\" content=\"Aliados17\" \/>\n\t<meta name=\"twitter:label2\" content=\"Tiempo de lectura\" \/>\n\t<meta name=\"twitter:data2\" content=\"2 minutos\" \/>\n<script type=\"application\/ld+json\" class=\"yoast-schema-graph\">{\"@context\":\"https:\\\/\\\/schema.org\",\"@graph\":[{\"@type\":\"Article\",\"@id\":\"https:\\\/\\\/www.aliadospuebla.com\\\/?p=116841#article\",\"isPartOf\":{\"@id\":\"https:\\\/\\\/www.aliadospuebla.com\\\/?p=116841\"},\"author\":{\"name\":\"Aliados17\",\"@id\":\"https:\\\/\\\/www.aliadospuebla.com\\\/#\\\/schema\\\/person\\\/5da7dd09320bd4f392b710017ed5f8ad\"},\"headline\":\"Reafirma Pepe Chedraui compromiso con la transparencia tras reconocimiento nacional\",\"datePublished\":\"2026-09-01T01:43:41+00:00\",\"mainEntityOfPage\":{\"@id\":\"https:\\\/\\\/www.aliadospuebla.com\\\/?p=116841\"},\"wordCount\":202,\"commentCount\":0,\"image\":{\"@id\":\"https:\\\/\\\/www.aliadospuebla.com\\\/?p=116841#primaryimage\"},\"thumbnailUrl\":\"https:\\\/\\\/www.aliadospuebla.com\\\/web2017\\\/wp-content\\\/uploads\\\/2026\\\/08\\\/206.jpg\",\"keywords\":[\"GOBIERNO DE LA CIUDAD\",\"Pepe Chedraui\",\"Premio a las Mejores Pr\u00e1cticas de Gobiernos Locales\",\"Transparencia Proactiva\"],\"articleSection\":[\"Capital\"],\"inLanguage\":\"es\",\"potentialAction\":[{\"@type\":\"CommentAction\",\"name\":\"Comment\",\"target\":[\"https:\\\/\\\/www.aliadospuebla.com\\\/?p=116841#respond\"]}]},{\"@type\":\"WebPage\",\"@id\":\"https:\\\/\\\/www.aliadospuebla.com\\\/?p=116841\",\"url\":\"https:\\\/\\\/www.aliadospuebla.com\\\/?p=116841\",\"name\":\"Reafirma Pepe Chedraui compromiso con la transparencia tras reconocimiento nacional - AliadosPuebla\",\"isPartOf\":{\"@id\":\"https:\\\/\\\/www.aliadospuebla.com\\\/#website\"},\"primaryImageOfPage\":{\"@id\":\"https:\\\/\\\/www.aliadospuebla.com\\\/?p=116841#primaryimage\"},\"image\":{\"@id\":\"https:\\\/\\\/www.aliadospuebla.com\\\/?p=116841#primaryimage\"},\"thumbnailUrl\":\"https:\\\/\\\/www.aliadospuebla.com\\\/web2017\\\/wp-content\\\/uploads\\\/2026\\\/08\\\/206.jpg\",\"datePublished\":\"2026-09-01T01:43:41+00:00\",\"author\":{\"@id\":\"https:\\\/\\\/www.aliadospuebla.com\\\/#\\\/schema\\\/person\\\/5da7dd09320bd4f392b710017ed5f8ad\"},\"breadcrumb\":{\"@id\":\"https:\\\/\\\/www.aliadospuebla.com\\\/?p=116841#breadcrumb\"},\"inLanguage\":\"es\",\"potentialAction\":[{\"@type\":\"ReadAction\",\"target\":[\"https:\\\/\\\/www.aliadospuebla.com\\\/?p=116841\"]}]},{\"@type\":\"ImageObject\",\"inLanguage\":\"es\",\"@id\":\"https:\\\/\\\/www.aliadospuebla.com\\\/?p=116841#primaryimage\",\"url\":\"https:\\\/\\\/www.aliadospuebla.com\\\/web2017\\\/wp-content\\\/uploads\\\/2026\\\/08\\\/206.jpg\",\"contentUrl\":\"https:\\\/\\\/www.aliadospuebla.com\\\/web2017\\\/wp-content\\\/uploads\\\/2026\\\/08\\\/206.jpg\",\"width\":600,\"height\":450},{\"@type\":\"BreadcrumbList\",\"@id\":\"https:\\\/\\\/www.aliadospuebla.com\\\/?p=116841#breadcrumb\",\"itemListElement\":[{\"@type\":\"ListItem\",\"position\":1,\"name\":\"Portada\",\"item\":\"https:\\\/\\\/www.aliadospuebla.com\\\/\"},{\"@type\":\"ListItem\",\"position\":2,\"name\":\"Reafirma Pepe Chedraui compromiso con la transparencia tras reconocimiento nacional\"}]},{\"@type\":\"WebSite\",\"@id\":\"https:\\\/\\\/www.aliadospuebla.com\\\/#website\",\"url\":\"https:\\\/\\\/www.aliadospuebla.com\\\/\",\"name\":\"AliadosPuebla\",\"description\":\"La informaci\u00f3n en tus manos\",\"potentialAction\":[{\"@type\":\"SearchAction\",\"target\":{\"@type\":\"EntryPoint\",\"urlTemplate\":\"https:\\\/\\\/www.aliadospuebla.com\\\/?s={search_term_string}\"},\"query-input\":{\"@type\":\"PropertyValueSpecification\",\"valueRequired\":true,\"valueName\":\"search_term_string\"}}],\"inLanguage\":\"es\"},{\"@type\":\"Person\",\"@id\":\"https:\\\/\\\/www.aliadospuebla.com\\\/#\\\/schema\\\/person\\\/5da7dd09320bd4f392b710017ed5f8ad\",\"name\":\"Aliados17\",\"image\":{\"@type\":\"ImageObject\",\"inLanguage\":\"es\",\"@id\":\"https:\\\/\\\/www.aliadospuebla.com\\\/web2017\\\/wp-content\\\/uploads\\\/2025\\\/03\\\/cropped-para-perfil-8-anos-1-96x96.jpg\",\"url\":\"https:\\\/\\\/www.aliadospuebla.com\\\/web2017\\\/wp-content\\\/uploads\\\/2025\\\/03\\\/cropped-para-perfil-8-anos-1-96x96.jpg\",\"contentUrl\":\"https:\\\/\\\/www.aliadospuebla.com\\\/web2017\\\/wp-content\\\/uploads\\\/2025\\\/03\\\/cropped-para-perfil-8-anos-1-96x96.jpg\",\"caption\":\"Aliados17\"},\"sameAs\":[\"https:\\\/\\\/www.aliados17.com\",\"https:\\\/\\\/www.facebook.com\\\/Aliados17Pue\",\"https:\\\/\\\/x.com\\\/AliadosPuebla\"],\"url\":\"https:\\\/\\\/www.aliadospuebla.com\\\/?author=2\"}]}<\/script>\n<!-- \/ Yoast SEO plugin. -->","yoast_head_json":{"title":"Reafirma Pepe Chedraui compromiso con la transparencia tras reconocimiento nacional - AliadosPuebla","robots":{"index":"index","follow":"follow","max-snippet":"max-snippet:-1","max-image-preview":"max-image-preview:large","max-video-preview":"max-video-preview:-1"},"canonical":"https:\/\/www.aliadospuebla.com\/?p=116841","og_locale":"es_ES","og_type":"article","og_title":"Reafirma Pepe Chedraui compromiso con la transparencia tras reconocimiento nacional - AliadosPuebla","og_description":"&#8211; El Gobierno de la Ciudad fue distinguido en la edici\u00f3n 2026 del Premio a las Mejores Pr\u00e1cticas de Gobiernos Locales, en la categor\u00eda de Transparencia Proactiva En el marco de la XVI Entrega del Premio a las Mejores Pr\u00e1cticas de Gobiernos Locales, el presidente municipal Pepe Chedraui recibi\u00f3 un reconocimiento nacional en la categor\u00eda de Transparencia Proactiva, por las acciones implementadas por el Gobierno de la Ciudad para facilitar a la ciudadan\u00eda el acceso a informaci\u00f3n p\u00fablica de inter\u00e9s. El reconocimiento es resultado del trabajo coordinado entre las diferentes dependencias del Gobierno de la Ciudad para acercar informaci\u00f3n de f\u00e1cil acceso a las y los poblanos mediante el Portal de Gobierno Abierto, herramienta que permite consultar datos sobre temas de inter\u00e9s para la ciudadan\u00eda,&hellip;Leer m\u00e1s...","og_url":"https:\/\/www.aliadospuebla.com\/?p=116841","og_site_name":"AliadosPuebla","article_author":"https:\/\/www.facebook.com\/Aliados17Pue","article_published_time":"2026-09-01T01:43:41+00:00","og_image":[{"width":600,"height":450,"url":"https:\/\/www.aliadospuebla.com\/web2017\/wp-content\/uploads\/2026\/08\/206.jpg","type":"image\/jpeg"}],"author":"Aliados17","twitter_card":"summary_large_image","twitter_creator":"@AliadosPuebla","twitter_misc":{"Escrito por":"Aliados17","Tiempo de lectura":"2 minutos"},"schema":{"@context":"https:\/\/schema.org","@graph":[{"@type":"Article","@id":"https:\/\/www.aliadospuebla.com\/?p=116841#article","isPartOf":{"@id":"https:\/\/www.aliadospuebla.com\/?p=116841"},"author":{"name":"Aliados17","@id":"https:\/\/www.aliadospuebla.com\/#\/schema\/person\/5da7dd09320bd4f392b710017ed5f8ad"},"headline":"Reafirma Pepe Chedraui compromiso con la transparencia tras reconocimiento nacional","datePublished":"2026-09-01T01:43:41+00:00","mainEntityOfPage":{"@id":"https:\/\/www.aliadospuebla.com\/?p=116841"},"wordCount":202,"commentCount":0,"image":{"@id":"https:\/\/www.aliadospuebla.com\/?p=116841#primaryimage"},"thumbnailUrl":"https:\/\/www.aliadospuebla.com\/web2017\/wp-content\/uploads\/2026\/08\/206.jpg","keywords":["GOBIERNO DE LA CIUDAD","Pepe Chedraui","Premio a las Mejores Pr\u00e1cticas de Gobiernos Locales","Transparencia Proactiva"],"articleSection":["Capital"],"inLanguage":"es","potentialAction":[{"@type":"CommentAction","name":"Comment","target":["https:\/\/www.aliadospuebla.com\/?p=116841#respond"]}]},{"@type":"WebPage","@id":"https:\/\/www.aliadospuebla.com\/?p=116841","url":"https:\/\/www.aliadospuebla.com\/?p=116841","name":"Reafirma Pepe Chedraui compromiso con la transparencia tras reconocimiento nacional - AliadosPuebla","isPartOf":{"@id":"https:\/\/www.aliadospuebla.com\/#website"},"primaryImageOfPage":{"@id":"https:\/\/www.aliadospuebla.com\/?p=116841#primaryimage"},"image":{"@id":"https:\/\/www.aliadospuebla.com\/?p=116841#primaryimage"},"thumbnailUrl":"https:\/\/www.aliadospuebla.com\/web2017\/wp-content\/uploads\/2026\/08\/206.jpg","datePublished":"2026-09-01T01:43:41+00:00","author":{"@id":"https:\/\/www.aliadospuebla.com\/#\/schema\/person\/5da7dd09320bd4f392b710017ed5f8ad"},"breadcrumb":{"@id":"https:\/\/www.aliadospuebla.com\/?p=116841#breadcrumb"},"inLanguage":"es","potentialAction":[{"@type":"ReadAction","target":["https:\/\/www.aliadospuebla.com\/?p=116841"]}]},{"@type":"ImageObject","inLanguage":"es","@id":"https:\/\/www.aliadospuebla.com\/?p=116841#primaryimage","url":"https:\/\/www.aliadospuebla.com\/web2017\/wp-content\/uploads\/2026\/08\/206.jpg","contentUrl":"https:\/\/www.aliadospuebla.com\/web2017\/wp-content\/uploads\/2026\/08\/206.jpg","width":600,"height":450},{"@type":"BreadcrumbList","@id":"https:\/\/www.aliadospuebla.com\/?p=116841#breadcrumb","itemListElement":[{"@type":"ListItem","position":1,"name":"Portada","item":"https:\/\/www.aliadospuebla.com\/"},{"@type":"ListItem","position":2,"name":"Reafirma Pepe Chedraui compromiso con la transparencia tras reconocimiento nacional"}]},{"@type":"WebSite","@id":"https:\/\/www.aliadospuebla.com\/#website","url":"https:\/\/www.aliadospuebla.com\/","name":"AliadosPuebla","description":"La informaci\u00f3n en tus manos","potentialAction":[{"@type":"SearchAction","target":{"@type":"EntryPoint","urlTemplate":"https:\/\/www.aliadospuebla.com\/?s={search_term_string}"},"query-input":{"@type":"PropertyValueSpecification","valueRequired":true,"valueName":"search_term_string"}}],"inLanguage":"es"},{"@type":"Person","@id":"https:\/\/www.aliadospuebla.com\/#\/schema\/person\/5da7dd09320bd4f392b710017ed5f8ad","name":"Aliados17","image":{"@type":"ImageObject","inLanguage":"es","@id":"https:\/\/www.aliadospuebla.com\/web2017\/wp-content\/uploads\/2025\/03\/cropped-para-perfil-8-anos-1-96x96.jpg","url":"https:\/\/www.aliadospuebla.com\/web2017\/wp-content\/uploads\/2025\/03\/cropped-para-perfil-8-anos-1-96x96.jpg","contentUrl":"https:\/\/www.aliadospuebla.com\/web2017\/wp-content\/uploads\/2025\/03\/cropped-para-perfil-8-anos-1-96x96.jpg","caption":"Aliados17"},"sameAs":["https:\/\/www.aliados17.com","https:\/\/www.facebook.com\/Aliados17Pue","https:\/\/x.com\/AliadosPuebla"],"url":"https:\/\/www.aliadospuebla.com\/?author=2"}]}},"views":6,"_links":{"self":[{"href":"https:\/\/www.aliadospuebla.com\/index.php?rest_route=\/wp\/v2\/posts\/116841","targetHints":{"allow":["GET"]}}],"collection":[{"href":"https:\/\/www.aliadospuebla.com\/index.php?rest_route=\/wp\/v2\/posts"}],"about":[{"href":"https:\/\/www.aliadospuebla.com\/index.php?rest_route=\/wp\/v2\/types\/post"}],"author":[{"embeddable":true,"href":"https:\/\/www.aliadospuebla.com\/index.php?rest_route=\/wp\/v2\/users\/2"}],"replies":[{"embeddable":true,"href":"https:\/\/www.aliadospuebla.com\/index.php?rest_route=%2Fwp%2Fv2%2Fcomments&post=116841"}],"version-history":[{"count":1,"href":"https:\/\/www.aliadospuebla.com\/index.php?rest_route=\/wp\/v2\/posts\/116841\/revisions"}],"predecessor-version":[{"id":116843,"href":"https:\/\/www.aliadospuebla.com\/index.php?rest_route=\/wp\/v2\/posts\/116841\/revisions\/116843"}],"wp:featuredmedia":[{"embeddable":true,"href":"https:\/\/www.aliadospuebla.com\/index.php?rest_route=\/wp\/v2\/media\/116842"}],"wp:attachment":[{"href":"https:\/\/www.aliadospuebla.com\/index.php?rest_route=%2Fwp%2Fv2%2Fmedia&parent=116841"}],"wp:term":[{"taxonomy":"category","embeddable":true,"href":"https:\/\/www.aliadospuebla.com\/index.php?rest_route=%2Fwp%2Fv2%2Fcategories&post=116841"},{"taxonomy":"post_tag","embeddable":true,"href":"https:\/\/www.aliadospuebla.com\/index.php?rest_route=%2Fwp%2Fv2%2Ftags&post=116841"}],"curies":[{"name":"wp","href":"https:\/\/api.w.org\/{rel}","templated":true}]}}