{"id":116837,"date":"2026-08-31T18:30:37","date_gmt":"2026-09-01T00:30:37","guid":{"rendered":"https:\/\/www.aliadospuebla.com\/?p=116837"},"modified":"2026-08-31T18:30:37","modified_gmt":"2026-09-01T00:30:37","slug":"huejotzingo-alista-la-feria-de-las-carnitas-2026-preven-mas-de-20-mil-visitantes-durante-dos-dias-de-fiesta","status":"publish","type":"post","link":"https:\/\/www.aliadospuebla.com\/?p=116837","title":{"rendered":"HUEJOTZINGO ALISTA LA FERIA DE LAS CARNITAS 2026: PREV\u00c9N M\u00c1S DE 20 MIL VISITANTES DURANTE DOS D\u00cdAS DE FIESTA"},"content":{"rendered":"<h4>En rueda de prensa, la Secretaria de Turismo y Cultura del Gobierno Municipal de Huejotzingo, Andrea Morales Garc\u00eda, present\u00f3 oficialmente la s\u00e9ptima edici\u00f3n de la Feria de las Carnitas 2026, un evento gastron\u00f3mico que se celebrar\u00e1 los pr\u00f3ximos 5 y 6 de septiembre en el coraz\u00f3n de este Pueblo M\u00e1gico.<\/h4>\n<p>Morales Garc\u00eda destac\u00f3 que esta feria nace con el prop\u00f3sito de dignificar y reconocer el oficio de las y los tablajeros locales, ofreciendo un escaparate para valorar la identidad y los sabores genuinos de la regi\u00f3n. Adem\u00e1s del platillo estrella, las y los asistentes podr\u00e1n degustar chicharr\u00f3n crujiente, tacos de sesos y una gran variedad de antojitos, acompa\u00f1ados de una cartelera art\u00edstica y cultural dise\u00f1ada para toda la familia.<\/p>\n<p>En su intervenci\u00f3n, el Secretario de Desarrollo Econ\u00f3mico y Trabajo, Juan N\u00fa\u00f1ez Alameda, detall\u00f3 que se prev\u00e9 la participaci\u00f3n de m\u00e1s de 30 tablajeros y 50 expositores, entre productores de complementos tradicionales y artesanos de la zona. Esta suma de esfuerzos estima atraer a m\u00e1s de 20 mil visitantes, generando una derrama econ\u00f3mica superior a los 4 millones de pesos para la econom\u00eda local.<\/p>\n<p>Para garantizar una experiencia segura, el Secretario de Seguridad Ciudadana, Teniente de Nav\u00edo Jos\u00e9 Rom\u00e1n Pereira Zetina, inform\u00f3 que se desplegar\u00e1 un operativo coordinado entre Tr\u00e1nsito Municipal, Polic\u00eda Municipal y la Infanter\u00eda de Marina. Este dispositivo mantendr\u00e1 vigilancia permanente en estacionamientos, vialidades y zonas de mayor afluencia durante todo el fin de semana.<\/p>\n<p>Al encuentro con medios asistieron tambi\u00e9n el Regidor de Cultura y Arte, Jos\u00e9 \u00c1ngel Castellanos Caballero, as\u00ed como Maricarmen Paredes Amaro y Leobardo Guti\u00e9rrez Lozano, destacados tablajeros y participantes de esta s\u00e9ptima edici\u00f3n.<\/p>\n<p>La cita es este s\u00e1bado 5 y domingo 6 de septiembre en el z\u00f3calo de Huejotzingo. Una oportunidad perfecta para salir de la rutina, comer delicioso en familia y apoyar de primera mano a los productores que mantienen viva la tradici\u00f3n gastron\u00f3mica del Pueblo M\u00e1gico.<\/p>\n","protected":false},"excerpt":{"rendered":"<p>En rueda de prensa, la Secretaria de Turismo y Cultura del Gobierno Municipal de Huejotzingo, Andrea Morales Garc\u00eda, present\u00f3 oficialmente la s\u00e9ptima edici\u00f3n de la Feria de las Carnitas 2026, un evento gastron\u00f3mico que se celebrar\u00e1 los pr\u00f3ximos 5 y 6 de septiembre en el coraz\u00f3n de este Pueblo M\u00e1gico. Morales Garc\u00eda destac\u00f3 que esta feria nace con el prop\u00f3sito de dignificar y reconocer el oficio de las y los tablajeros locales, ofreciendo un escaparate para valorar la identidad y los sabores genuinos de la regi\u00f3n. Adem\u00e1s del platillo estrella, las y los asistentes podr\u00e1n degustar chicharr\u00f3n crujiente, tacos de sesos y una gran variedad de antojitos, acompa\u00f1ados de una cartelera art\u00edstica y cultural dise\u00f1ada para toda la familia. En su intervenci\u00f3n, el Secretario de&hellip;<\/p>\n<p class=\"excerpt-more\"><a class=\"blog-excerpt button\" href=\"https:\/\/www.aliadospuebla.com\/?p=116837\">Leer m\u00e1s&#8230;<\/a><\/p>\n","protected":false},"author":2,"featured_media":116838,"comment_status":"open","ping_status":"open","sticky":false,"template":"","format":"standard","meta":{"_monsterinsights_skip_tracking":false,"footnotes":""},"categories":[4],"tags":[31538,34907,761,34,34908],"class_list":["post-116837","post","type-post","status-publish","format-standard","has-post-thumbnail","hentry","category-municipios","tag-andrea-morales-garcia","tag-feria-de-las-carnitas-2026","tag-huejotzingo","tag-pueblo-magico","tag-tradicion-gastronomica"],"yoast_head":"<!-- This site is optimized with the Yoast SEO plugin v28.3 - https:\/\/yoast.com\/product\/yoast-seo-wordpress\/ -->\n<title>HUEJOTZINGO ALISTA LA FERIA DE LAS CARNITAS 2026: PREV\u00c9N M\u00c1S DE 20 MIL VISITANTES DURANTE DOS D\u00cdAS DE FIESTA - AliadosPuebla<\/title>\n<meta name=\"robots\" content=\"index, follow, max-snippet:-1, max-image-preview:large, max-video-preview:-1\" \/>\n<link rel=\"canonical\" href=\"https:\/\/www.aliadospuebla.com\/?p=116837\" \/>\n<meta property=\"og:locale\" content=\"es_ES\" \/>\n<meta property=\"og:type\" content=\"article\" \/>\n<meta property=\"og:title\" content=\"HUEJOTZINGO ALISTA LA FERIA DE LAS CARNITAS 2026: PREV\u00c9N M\u00c1S DE 20 MIL VISITANTES DURANTE DOS D\u00cdAS DE FIESTA - AliadosPuebla\" \/>\n<meta property=\"og:description\" content=\"En rueda de prensa, la Secretaria de Turismo y Cultura del Gobierno Municipal de Huejotzingo, Andrea Morales Garc\u00eda, present\u00f3 oficialmente la s\u00e9ptima edici\u00f3n de la Feria de las Carnitas 2026, un evento gastron\u00f3mico que se celebrar\u00e1 los pr\u00f3ximos 5 y 6 de septiembre en el coraz\u00f3n de este Pueblo M\u00e1gico. Morales Garc\u00eda destac\u00f3 que esta feria nace con el prop\u00f3sito de dignificar y reconocer el oficio de las y los tablajeros locales, ofreciendo un escaparate para valorar la identidad y los sabores genuinos de la regi\u00f3n. Adem\u00e1s del platillo estrella, las y los asistentes podr\u00e1n degustar chicharr\u00f3n crujiente, tacos de sesos y una gran variedad de antojitos, acompa\u00f1ados de una cartelera art\u00edstica y cultural dise\u00f1ada para toda la familia. En su intervenci\u00f3n, el Secretario de&hellip;Leer m\u00e1s...\" \/>\n<meta property=\"og:url\" content=\"https:\/\/www.aliadospuebla.com\/?p=116837\" \/>\n<meta property=\"og:site_name\" content=\"AliadosPuebla\" \/>\n<meta property=\"article:author\" content=\"https:\/\/www.facebook.com\/Aliados17Pue\" \/>\n<meta property=\"article:published_time\" content=\"2026-09-01T00:30:37+00:00\" \/>\n<meta property=\"og:image\" content=\"https:\/\/www.aliadospuebla.com\/web2017\/wp-content\/uploads\/2026\/08\/205.jpg\" \/>\n\t<meta property=\"og:image:width\" content=\"600\" \/>\n\t<meta property=\"og:image:height\" content=\"450\" \/>\n\t<meta property=\"og:image:type\" content=\"image\/jpeg\" \/>\n<meta name=\"author\" content=\"Aliados17\" \/>\n<meta name=\"twitter:card\" content=\"summary_large_image\" \/>\n<meta name=\"twitter:creator\" content=\"@AliadosPuebla\" \/>\n<meta name=\"twitter:label1\" content=\"Escrito por\" \/>\n\t<meta name=\"twitter:data1\" content=\"Aliados17\" \/>\n\t<meta name=\"twitter:label2\" content=\"Tiempo de lectura\" \/>\n\t<meta name=\"twitter:data2\" content=\"2 minutos\" \/>\n<script type=\"application\/ld+json\" class=\"yoast-schema-graph\">{\"@context\":\"https:\\\/\\\/schema.org\",\"@graph\":[{\"@type\":\"Article\",\"@id\":\"https:\\\/\\\/www.aliadospuebla.com\\\/?p=116837#article\",\"isPartOf\":{\"@id\":\"https:\\\/\\\/www.aliadospuebla.com\\\/?p=116837\"},\"author\":{\"name\":\"Aliados17\",\"@id\":\"https:\\\/\\\/www.aliadospuebla.com\\\/#\\\/schema\\\/person\\\/5da7dd09320bd4f392b710017ed5f8ad\"},\"headline\":\"HUEJOTZINGO ALISTA LA FERIA DE LAS CARNITAS 2026: PREV\u00c9N M\u00c1S DE 20 MIL VISITANTES DURANTE DOS D\u00cdAS DE FIESTA\",\"datePublished\":\"2026-09-01T00:30:37+00:00\",\"mainEntityOfPage\":{\"@id\":\"https:\\\/\\\/www.aliadospuebla.com\\\/?p=116837\"},\"wordCount\":363,\"commentCount\":0,\"image\":{\"@id\":\"https:\\\/\\\/www.aliadospuebla.com\\\/?p=116837#primaryimage\"},\"thumbnailUrl\":\"https:\\\/\\\/www.aliadospuebla.com\\\/web2017\\\/wp-content\\\/uploads\\\/2026\\\/08\\\/205.jpg\",\"keywords\":[\"Andrea Morales Garc\u00eda\",\"Feria de las Carnitas 2026\",\"HUEJOTZINGO\",\"Pueblo Magico\",\"tradici\u00f3n gastron\u00f3mica\"],\"articleSection\":[\"Municipios\"],\"inLanguage\":\"es\",\"potentialAction\":[{\"@type\":\"CommentAction\",\"name\":\"Comment\",\"target\":[\"https:\\\/\\\/www.aliadospuebla.com\\\/?p=116837#respond\"]}]},{\"@type\":\"WebPage\",\"@id\":\"https:\\\/\\\/www.aliadospuebla.com\\\/?p=116837\",\"url\":\"https:\\\/\\\/www.aliadospuebla.com\\\/?p=116837\",\"name\":\"HUEJOTZINGO ALISTA LA FERIA DE LAS CARNITAS 2026: PREV\u00c9N M\u00c1S DE 20 MIL VISITANTES DURANTE DOS D\u00cdAS DE FIESTA - AliadosPuebla\",\"isPartOf\":{\"@id\":\"https:\\\/\\\/www.aliadospuebla.com\\\/#website\"},\"primaryImageOfPage\":{\"@id\":\"https:\\\/\\\/www.aliadospuebla.com\\\/?p=116837#primaryimage\"},\"image\":{\"@id\":\"https:\\\/\\\/www.aliadospuebla.com\\\/?p=116837#primaryimage\"},\"thumbnailUrl\":\"https:\\\/\\\/www.aliadospuebla.com\\\/web2017\\\/wp-content\\\/uploads\\\/2026\\\/08\\\/205.jpg\",\"datePublished\":\"2026-09-01T00:30:37+00:00\",\"author\":{\"@id\":\"https:\\\/\\\/www.aliadospuebla.com\\\/#\\\/schema\\\/person\\\/5da7dd09320bd4f392b710017ed5f8ad\"},\"breadcrumb\":{\"@id\":\"https:\\\/\\\/www.aliadospuebla.com\\\/?p=116837#breadcrumb\"},\"inLanguage\":\"es\",\"potentialAction\":[{\"@type\":\"ReadAction\",\"target\":[\"https:\\\/\\\/www.aliadospuebla.com\\\/?p=116837\"]}]},{\"@type\":\"ImageObject\",\"inLanguage\":\"es\",\"@id\":\"https:\\\/\\\/www.aliadospuebla.com\\\/?p=116837#primaryimage\",\"url\":\"https:\\\/\\\/www.aliadospuebla.com\\\/web2017\\\/wp-content\\\/uploads\\\/2026\\\/08\\\/205.jpg\",\"contentUrl\":\"https:\\\/\\\/www.aliadospuebla.com\\\/web2017\\\/wp-content\\\/uploads\\\/2026\\\/08\\\/205.jpg\",\"width\":600,\"height\":450},{\"@type\":\"BreadcrumbList\",\"@id\":\"https:\\\/\\\/www.aliadospuebla.com\\\/?p=116837#breadcrumb\",\"itemListElement\":[{\"@type\":\"ListItem\",\"position\":1,\"name\":\"Portada\",\"item\":\"https:\\\/\\\/www.aliadospuebla.com\\\/\"},{\"@type\":\"ListItem\",\"position\":2,\"name\":\"HUEJOTZINGO ALISTA LA FERIA DE LAS CARNITAS 2026: PREV\u00c9N M\u00c1S DE 20 MIL VISITANTES DURANTE DOS D\u00cdAS DE FIESTA\"}]},{\"@type\":\"WebSite\",\"@id\":\"https:\\\/\\\/www.aliadospuebla.com\\\/#website\",\"url\":\"https:\\\/\\\/www.aliadospuebla.com\\\/\",\"name\":\"AliadosPuebla\",\"description\":\"La informaci\u00f3n en tus manos\",\"potentialAction\":[{\"@type\":\"SearchAction\",\"target\":{\"@type\":\"EntryPoint\",\"urlTemplate\":\"https:\\\/\\\/www.aliadospuebla.com\\\/?s={search_term_string}\"},\"query-input\":{\"@type\":\"PropertyValueSpecification\",\"valueRequired\":true,\"valueName\":\"search_term_string\"}}],\"inLanguage\":\"es\"},{\"@type\":\"Person\",\"@id\":\"https:\\\/\\\/www.aliadospuebla.com\\\/#\\\/schema\\\/person\\\/5da7dd09320bd4f392b710017ed5f8ad\",\"name\":\"Aliados17\",\"image\":{\"@type\":\"ImageObject\",\"inLanguage\":\"es\",\"@id\":\"https:\\\/\\\/www.aliadospuebla.com\\\/web2017\\\/wp-content\\\/uploads\\\/2025\\\/03\\\/cropped-para-perfil-8-anos-1-96x96.jpg\",\"url\":\"https:\\\/\\\/www.aliadospuebla.com\\\/web2017\\\/wp-content\\\/uploads\\\/2025\\\/03\\\/cropped-para-perfil-8-anos-1-96x96.jpg\",\"contentUrl\":\"https:\\\/\\\/www.aliadospuebla.com\\\/web2017\\\/wp-content\\\/uploads\\\/2025\\\/03\\\/cropped-para-perfil-8-anos-1-96x96.jpg\",\"caption\":\"Aliados17\"},\"sameAs\":[\"https:\\\/\\\/www.aliados17.com\",\"https:\\\/\\\/www.facebook.com\\\/Aliados17Pue\",\"https:\\\/\\\/x.com\\\/AliadosPuebla\"],\"url\":\"https:\\\/\\\/www.aliadospuebla.com\\\/?author=2\"}]}<\/script>\n<!-- \/ Yoast SEO plugin. -->","yoast_head_json":{"title":"HUEJOTZINGO ALISTA LA FERIA DE LAS CARNITAS 2026: PREV\u00c9N M\u00c1S DE 20 MIL VISITANTES DURANTE DOS D\u00cdAS DE FIESTA - AliadosPuebla","robots":{"index":"index","follow":"follow","max-snippet":"max-snippet:-1","max-image-preview":"max-image-preview:large","max-video-preview":"max-video-preview:-1"},"canonical":"https:\/\/www.aliadospuebla.com\/?p=116837","og_locale":"es_ES","og_type":"article","og_title":"HUEJOTZINGO ALISTA LA FERIA DE LAS CARNITAS 2026: PREV\u00c9N M\u00c1S DE 20 MIL VISITANTES DURANTE DOS D\u00cdAS DE FIESTA - AliadosPuebla","og_description":"En rueda de prensa, la Secretaria de Turismo y Cultura del Gobierno Municipal de Huejotzingo, Andrea Morales Garc\u00eda, present\u00f3 oficialmente la s\u00e9ptima edici\u00f3n de la Feria de las Carnitas 2026, un evento gastron\u00f3mico que se celebrar\u00e1 los pr\u00f3ximos 5 y 6 de septiembre en el coraz\u00f3n de este Pueblo M\u00e1gico. Morales Garc\u00eda destac\u00f3 que esta feria nace con el prop\u00f3sito de dignificar y reconocer el oficio de las y los tablajeros locales, ofreciendo un escaparate para valorar la identidad y los sabores genuinos de la regi\u00f3n. Adem\u00e1s del platillo estrella, las y los asistentes podr\u00e1n degustar chicharr\u00f3n crujiente, tacos de sesos y una gran variedad de antojitos, acompa\u00f1ados de una cartelera art\u00edstica y cultural dise\u00f1ada para toda la familia. En su intervenci\u00f3n, el Secretario de&hellip;Leer m\u00e1s...","og_url":"https:\/\/www.aliadospuebla.com\/?p=116837","og_site_name":"AliadosPuebla","article_author":"https:\/\/www.facebook.com\/Aliados17Pue","article_published_time":"2026-09-01T00:30:37+00:00","og_image":[{"width":600,"height":450,"url":"https:\/\/www.aliadospuebla.com\/web2017\/wp-content\/uploads\/2026\/08\/205.jpg","type":"image\/jpeg"}],"author":"Aliados17","twitter_card":"summary_large_image","twitter_creator":"@AliadosPuebla","twitter_misc":{"Escrito por":"Aliados17","Tiempo de lectura":"2 minutos"},"schema":{"@context":"https:\/\/schema.org","@graph":[{"@type":"Article","@id":"https:\/\/www.aliadospuebla.com\/?p=116837#article","isPartOf":{"@id":"https:\/\/www.aliadospuebla.com\/?p=116837"},"author":{"name":"Aliados17","@id":"https:\/\/www.aliadospuebla.com\/#\/schema\/person\/5da7dd09320bd4f392b710017ed5f8ad"},"headline":"HUEJOTZINGO ALISTA LA FERIA DE LAS CARNITAS 2026: PREV\u00c9N M\u00c1S DE 20 MIL VISITANTES DURANTE DOS D\u00cdAS DE FIESTA","datePublished":"2026-09-01T00:30:37+00:00","mainEntityOfPage":{"@id":"https:\/\/www.aliadospuebla.com\/?p=116837"},"wordCount":363,"commentCount":0,"image":{"@id":"https:\/\/www.aliadospuebla.com\/?p=116837#primaryimage"},"thumbnailUrl":"https:\/\/www.aliadospuebla.com\/web2017\/wp-content\/uploads\/2026\/08\/205.jpg","keywords":["Andrea Morales Garc\u00eda","Feria de las Carnitas 2026","HUEJOTZINGO","Pueblo Magico","tradici\u00f3n gastron\u00f3mica"],"articleSection":["Municipios"],"inLanguage":"es","potentialAction":[{"@type":"CommentAction","name":"Comment","target":["https:\/\/www.aliadospuebla.com\/?p=116837#respond"]}]},{"@type":"WebPage","@id":"https:\/\/www.aliadospuebla.com\/?p=116837","url":"https:\/\/www.aliadospuebla.com\/?p=116837","name":"HUEJOTZINGO ALISTA LA FERIA DE LAS CARNITAS 2026: PREV\u00c9N M\u00c1S DE 20 MIL VISITANTES DURANTE DOS D\u00cdAS DE FIESTA - AliadosPuebla","isPartOf":{"@id":"https:\/\/www.aliadospuebla.com\/#website"},"primaryImageOfPage":{"@id":"https:\/\/www.aliadospuebla.com\/?p=116837#primaryimage"},"image":{"@id":"https:\/\/www.aliadospuebla.com\/?p=116837#primaryimage"},"thumbnailUrl":"https:\/\/www.aliadospuebla.com\/web2017\/wp-content\/uploads\/2026\/08\/205.jpg","datePublished":"2026-09-01T00:30:37+00:00","author":{"@id":"https:\/\/www.aliadospuebla.com\/#\/schema\/person\/5da7dd09320bd4f392b710017ed5f8ad"},"breadcrumb":{"@id":"https:\/\/www.aliadospuebla.com\/?p=116837#breadcrumb"},"inLanguage":"es","potentialAction":[{"@type":"ReadAction","target":["https:\/\/www.aliadospuebla.com\/?p=116837"]}]},{"@type":"ImageObject","inLanguage":"es","@id":"https:\/\/www.aliadospuebla.com\/?p=116837#primaryimage","url":"https:\/\/www.aliadospuebla.com\/web2017\/wp-content\/uploads\/2026\/08\/205.jpg","contentUrl":"https:\/\/www.aliadospuebla.com\/web2017\/wp-content\/uploads\/2026\/08\/205.jpg","width":600,"height":450},{"@type":"BreadcrumbList","@id":"https:\/\/www.aliadospuebla.com\/?p=116837#breadcrumb","itemListElement":[{"@type":"ListItem","position":1,"name":"Portada","item":"https:\/\/www.aliadospuebla.com\/"},{"@type":"ListItem","position":2,"name":"HUEJOTZINGO ALISTA LA FERIA DE LAS CARNITAS 2026: PREV\u00c9N M\u00c1S DE 20 MIL VISITANTES DURANTE DOS D\u00cdAS DE FIESTA"}]},{"@type":"WebSite","@id":"https:\/\/www.aliadospuebla.com\/#website","url":"https:\/\/www.aliadospuebla.com\/","name":"AliadosPuebla","description":"La informaci\u00f3n en tus manos","potentialAction":[{"@type":"SearchAction","target":{"@type":"EntryPoint","urlTemplate":"https:\/\/www.aliadospuebla.com\/?s={search_term_string}"},"query-input":{"@type":"PropertyValueSpecification","valueRequired":true,"valueName":"search_term_string"}}],"inLanguage":"es"},{"@type":"Person","@id":"https:\/\/www.aliadospuebla.com\/#\/schema\/person\/5da7dd09320bd4f392b710017ed5f8ad","name":"Aliados17","image":{"@type":"ImageObject","inLanguage":"es","@id":"https:\/\/www.aliadospuebla.com\/web2017\/wp-content\/uploads\/2025\/03\/cropped-para-perfil-8-anos-1-96x96.jpg","url":"https:\/\/www.aliadospuebla.com\/web2017\/wp-content\/uploads\/2025\/03\/cropped-para-perfil-8-anos-1-96x96.jpg","contentUrl":"https:\/\/www.aliadospuebla.com\/web2017\/wp-content\/uploads\/2025\/03\/cropped-para-perfil-8-anos-1-96x96.jpg","caption":"Aliados17"},"sameAs":["https:\/\/www.aliados17.com","https:\/\/www.facebook.com\/Aliados17Pue","https:\/\/x.com\/AliadosPuebla"],"url":"https:\/\/www.aliadospuebla.com\/?author=2"}]}},"views":8,"_links":{"self":[{"href":"https:\/\/www.aliadospuebla.com\/index.php?rest_route=\/wp\/v2\/posts\/116837","targetHints":{"allow":["GET"]}}],"collection":[{"href":"https:\/\/www.aliadospuebla.com\/index.php?rest_route=\/wp\/v2\/posts"}],"about":[{"href":"https:\/\/www.aliadospuebla.com\/index.php?rest_route=\/wp\/v2\/types\/post"}],"author":[{"embeddable":true,"href":"https:\/\/www.aliadospuebla.com\/index.php?rest_route=\/wp\/v2\/users\/2"}],"replies":[{"embeddable":true,"href":"https:\/\/www.aliadospuebla.com\/index.php?rest_route=%2Fwp%2Fv2%2Fcomments&post=116837"}],"version-history":[{"count":1,"href":"https:\/\/www.aliadospuebla.com\/index.php?rest_route=\/wp\/v2\/posts\/116837\/revisions"}],"predecessor-version":[{"id":116839,"href":"https:\/\/www.aliadospuebla.com\/index.php?rest_route=\/wp\/v2\/posts\/116837\/revisions\/116839"}],"wp:featuredmedia":[{"embeddable":true,"href":"https:\/\/www.aliadospuebla.com\/index.php?rest_route=\/wp\/v2\/media\/116838"}],"wp:attachment":[{"href":"https:\/\/www.aliadospuebla.com\/index.php?rest_route=%2Fwp%2Fv2%2Fmedia&parent=116837"}],"wp:term":[{"taxonomy":"category","embeddable":true,"href":"https:\/\/www.aliadospuebla.com\/index.php?rest_route=%2Fwp%2Fv2%2Fcategories&post=116837"},{"taxonomy":"post_tag","embeddable":true,"href":"https:\/\/www.aliadospuebla.com\/index.php?rest_route=%2Fwp%2Fv2%2Ftags&post=116837"}],"curies":[{"name":"wp","href":"https:\/\/api.w.org\/{rel}","templated":true}]}}