{"id":116824,"date":"2026-08-30T23:11:45","date_gmt":"2026-08-31T05:11:45","guid":{"rendered":"https:\/\/www.aliadospuebla.com\/?p=116824"},"modified":"2026-08-30T23:11:45","modified_gmt":"2026-08-31T05:11:45","slug":"tonantzin-fernandez-da-inicio-a-las-celebraciones-de-la-feria-milenaria-con-tradicional-cabalgata","status":"publish","type":"post","link":"https:\/\/www.aliadospuebla.com\/?p=116824","title":{"rendered":"Tonantzin Fern\u00e1ndez da inicio a las celebraciones de la Feria Milenaria con tradicional Cabalgata"},"content":{"rendered":"<h4>M\u00e1s de 200 jinetes participaron en el recorrido que marca el inicio de la Feria Milenaria \u201cTradici\u00f3n que Trasciende\u201d<\/h4>\n<p>San Pedro Cholula, Pue. \u2013 Como parte de las actividades que dan inicio a la Gran Feria Milenaria<\/p>\n<p>de San Pedro Cholula, la presidenta municipal, Tonantzin Fern\u00e1ndez, encabez\u00f3 la tradicional cabalgata,<\/p>\n<p>en la que participaron m\u00e1s de 200 jinetes que recorrieron distintos puntos del municipio.<\/p>\n<p>En punto de las 10:00 horas de este s\u00e1bado, las y los participantes se dieron cita en el cruce<\/p>\n<p>de las calles 11 Oriente y 4 Sur, donde comenz\u00f3 el recorrido que marca el arranque de las actividades de esta celebraci\u00f3n, una de las tradiciones m\u00e1s representativas de San Pedro Cholula.<\/p>\n<p>La cabalgata avanz\u00f3 por calles de la Cabecera Municipal y posteriormente por las juntas auxiliares<\/p>\n<p>de San Agust\u00edn Calvario y San Gregorio Zacapechpan, sumando a su paso a m\u00e1s jinetes<\/p>\n<p>y familias cholultecas que salieron a las calles para disfrutar de esta tradici\u00f3n.<\/p>\n<p>Durante el recorrido, se invit\u00f3 a las y los habitantes del municipio, as\u00ed como a visitantes de otras entidades y pa\u00edses, a participar en las actividades de la Feria Milenaria Tradici\u00f3n que Trasciende, cuya inauguraci\u00f3n se llevar\u00e1 a cabo el pr\u00f3ximo 1 de septiembre. Previamente, este 31 de agosto se realizar\u00e1 la tradicional Procesi\u00f3n de los Faroles.<\/p>\n<p>Como invitado especial, Juan Carlos Rinc\u00f3n, director de Promoci\u00f3n Tur\u00edstica de la Secretar\u00eda de Turismo del estado, destac\u00f3 el potencial tur\u00edstico de San Pedro Cholula, no solo a nivel estatal, sino tambi\u00e9n nacional e internacional. Asimismo, reconoci\u00f3 el trabajo de la presidenta municipal, Tonantzin Fern\u00e1ndez, para fortalecer las actividades que preservan y proyectan la identidad y las tradiciones del municipio.<\/p>\n<p>Finalmente, Tonantzin Fern\u00e1ndez invit\u00f3 a las y los cholultecas, as\u00ed como a visitantes de otros estados y pa\u00edses, a disfrutar de la Gran Feria de Cholula, que contar\u00e1 con una amplia oferta de actividades culturales, gastron\u00f3micas y art\u00edsticas, fortaleciendo la identidad, las tradiciones y la vocaci\u00f3n tur\u00edstica de San Pedro Cholula.<\/p>\n","protected":false},"excerpt":{"rendered":"<p>M\u00e1s de 200 jinetes participaron en el recorrido que marca el inicio de la Feria Milenaria \u201cTradici\u00f3n que Trasciende\u201d San Pedro Cholula, Pue. \u2013 Como parte de las actividades que dan inicio a la Gran Feria Milenaria de San Pedro Cholula, la presidenta municipal, Tonantzin Fern\u00e1ndez, encabez\u00f3 la tradicional cabalgata, en la que participaron m\u00e1s de 200 jinetes que recorrieron distintos puntos del municipio. En punto de las 10:00 horas de este s\u00e1bado, las y los participantes se dieron cita en el cruce de las calles 11 Oriente y 4 Sur, donde comenz\u00f3 el recorrido que marca el arranque de las actividades de esta celebraci\u00f3n, una de las tradiciones m\u00e1s representativas de San Pedro Cholula. La cabalgata avanz\u00f3 por calles de la Cabecera Municipal y&hellip;<\/p>\n<p class=\"excerpt-more\"><a class=\"blog-excerpt button\" href=\"https:\/\/www.aliadospuebla.com\/?p=116824\">Leer m\u00e1s&#8230;<\/a><\/p>\n","protected":false},"author":2,"featured_media":116825,"comment_status":"open","ping_status":"open","sticky":false,"template":"","format":"standard","meta":{"_monsterinsights_skip_tracking":false,"footnotes":""},"categories":[4],"tags":[34902,387,7394,34903],"class_list":["post-116824","post","type-post","status-publish","format-standard","has-post-thumbnail","hentry","category-municipios","tag-gran-feria-milenaria","tag-san-pedro-cholula","tag-tonantzin-fernandez","tag-tradicional-cabalgata"],"yoast_head":"<!-- This site is optimized with the Yoast SEO plugin v28.3 - https:\/\/yoast.com\/product\/yoast-seo-wordpress\/ -->\n<title>Tonantzin Fern\u00e1ndez da inicio a las celebraciones de la Feria Milenaria con tradicional Cabalgata - AliadosPuebla<\/title>\n<meta name=\"robots\" content=\"index, follow, max-snippet:-1, max-image-preview:large, max-video-preview:-1\" \/>\n<link rel=\"canonical\" href=\"https:\/\/www.aliadospuebla.com\/?p=116824\" \/>\n<meta property=\"og:locale\" content=\"es_ES\" \/>\n<meta property=\"og:type\" content=\"article\" \/>\n<meta property=\"og:title\" content=\"Tonantzin Fern\u00e1ndez da inicio a las celebraciones de la Feria Milenaria con tradicional Cabalgata - AliadosPuebla\" \/>\n<meta property=\"og:description\" content=\"M\u00e1s de 200 jinetes participaron en el recorrido que marca el inicio de la Feria Milenaria \u201cTradici\u00f3n que Trasciende\u201d San Pedro Cholula, Pue. \u2013 Como parte de las actividades que dan inicio a la Gran Feria Milenaria de San Pedro Cholula, la presidenta municipal, Tonantzin Fern\u00e1ndez, encabez\u00f3 la tradicional cabalgata, en la que participaron m\u00e1s de 200 jinetes que recorrieron distintos puntos del municipio. En punto de las 10:00 horas de este s\u00e1bado, las y los participantes se dieron cita en el cruce de las calles 11 Oriente y 4 Sur, donde comenz\u00f3 el recorrido que marca el arranque de las actividades de esta celebraci\u00f3n, una de las tradiciones m\u00e1s representativas de San Pedro Cholula. La cabalgata avanz\u00f3 por calles de la Cabecera Municipal y&hellip;Leer m\u00e1s...\" \/>\n<meta property=\"og:url\" content=\"https:\/\/www.aliadospuebla.com\/?p=116824\" \/>\n<meta property=\"og:site_name\" content=\"AliadosPuebla\" \/>\n<meta property=\"article:author\" content=\"https:\/\/www.facebook.com\/Aliados17Pue\" \/>\n<meta property=\"article:published_time\" content=\"2026-08-31T05:11:45+00:00\" \/>\n<meta property=\"og:image\" content=\"https:\/\/www.aliadospuebla.com\/web2017\/wp-content\/uploads\/2026\/08\/201.jpg\" \/>\n\t<meta property=\"og:image:width\" content=\"600\" \/>\n\t<meta property=\"og:image:height\" content=\"450\" \/>\n\t<meta property=\"og:image:type\" content=\"image\/jpeg\" \/>\n<meta name=\"author\" content=\"Aliados17\" \/>\n<meta name=\"twitter:card\" content=\"summary_large_image\" \/>\n<meta name=\"twitter:creator\" content=\"@AliadosPuebla\" \/>\n<meta name=\"twitter:label1\" content=\"Escrito por\" \/>\n\t<meta name=\"twitter:data1\" content=\"Aliados17\" \/>\n\t<meta name=\"twitter:label2\" content=\"Tiempo de lectura\" \/>\n\t<meta name=\"twitter:data2\" content=\"2 minutos\" \/>\n<script type=\"application\/ld+json\" class=\"yoast-schema-graph\">{\"@context\":\"https:\\\/\\\/schema.org\",\"@graph\":[{\"@type\":\"Article\",\"@id\":\"https:\\\/\\\/www.aliadospuebla.com\\\/?p=116824#article\",\"isPartOf\":{\"@id\":\"https:\\\/\\\/www.aliadospuebla.com\\\/?p=116824\"},\"author\":{\"name\":\"Aliados17\",\"@id\":\"https:\\\/\\\/www.aliadospuebla.com\\\/#\\\/schema\\\/person\\\/5da7dd09320bd4f392b710017ed5f8ad\"},\"headline\":\"Tonantzin Fern\u00e1ndez da inicio a las celebraciones de la Feria Milenaria con tradicional Cabalgata\",\"datePublished\":\"2026-08-31T05:11:45+00:00\",\"mainEntityOfPage\":{\"@id\":\"https:\\\/\\\/www.aliadospuebla.com\\\/?p=116824\"},\"wordCount\":361,\"commentCount\":0,\"image\":{\"@id\":\"https:\\\/\\\/www.aliadospuebla.com\\\/?p=116824#primaryimage\"},\"thumbnailUrl\":\"https:\\\/\\\/www.aliadospuebla.com\\\/web2017\\\/wp-content\\\/uploads\\\/2026\\\/08\\\/201.jpg\",\"keywords\":[\"Gran Feria Milenaria\",\"SAN PEDRO CHOLULA\",\"TONANTZIN FERN\u00c1NDEZ\",\"tradicional cabalgata\"],\"articleSection\":[\"Municipios\"],\"inLanguage\":\"es\",\"potentialAction\":[{\"@type\":\"CommentAction\",\"name\":\"Comment\",\"target\":[\"https:\\\/\\\/www.aliadospuebla.com\\\/?p=116824#respond\"]}]},{\"@type\":\"WebPage\",\"@id\":\"https:\\\/\\\/www.aliadospuebla.com\\\/?p=116824\",\"url\":\"https:\\\/\\\/www.aliadospuebla.com\\\/?p=116824\",\"name\":\"Tonantzin Fern\u00e1ndez da inicio a las celebraciones de la Feria Milenaria con tradicional Cabalgata - AliadosPuebla\",\"isPartOf\":{\"@id\":\"https:\\\/\\\/www.aliadospuebla.com\\\/#website\"},\"primaryImageOfPage\":{\"@id\":\"https:\\\/\\\/www.aliadospuebla.com\\\/?p=116824#primaryimage\"},\"image\":{\"@id\":\"https:\\\/\\\/www.aliadospuebla.com\\\/?p=116824#primaryimage\"},\"thumbnailUrl\":\"https:\\\/\\\/www.aliadospuebla.com\\\/web2017\\\/wp-content\\\/uploads\\\/2026\\\/08\\\/201.jpg\",\"datePublished\":\"2026-08-31T05:11:45+00:00\",\"author\":{\"@id\":\"https:\\\/\\\/www.aliadospuebla.com\\\/#\\\/schema\\\/person\\\/5da7dd09320bd4f392b710017ed5f8ad\"},\"breadcrumb\":{\"@id\":\"https:\\\/\\\/www.aliadospuebla.com\\\/?p=116824#breadcrumb\"},\"inLanguage\":\"es\",\"potentialAction\":[{\"@type\":\"ReadAction\",\"target\":[\"https:\\\/\\\/www.aliadospuebla.com\\\/?p=116824\"]}]},{\"@type\":\"ImageObject\",\"inLanguage\":\"es\",\"@id\":\"https:\\\/\\\/www.aliadospuebla.com\\\/?p=116824#primaryimage\",\"url\":\"https:\\\/\\\/www.aliadospuebla.com\\\/web2017\\\/wp-content\\\/uploads\\\/2026\\\/08\\\/201.jpg\",\"contentUrl\":\"https:\\\/\\\/www.aliadospuebla.com\\\/web2017\\\/wp-content\\\/uploads\\\/2026\\\/08\\\/201.jpg\",\"width\":600,\"height\":450},{\"@type\":\"BreadcrumbList\",\"@id\":\"https:\\\/\\\/www.aliadospuebla.com\\\/?p=116824#breadcrumb\",\"itemListElement\":[{\"@type\":\"ListItem\",\"position\":1,\"name\":\"Portada\",\"item\":\"https:\\\/\\\/www.aliadospuebla.com\\\/\"},{\"@type\":\"ListItem\",\"position\":2,\"name\":\"Tonantzin Fern\u00e1ndez da inicio a las celebraciones de la Feria Milenaria con tradicional Cabalgata\"}]},{\"@type\":\"WebSite\",\"@id\":\"https:\\\/\\\/www.aliadospuebla.com\\\/#website\",\"url\":\"https:\\\/\\\/www.aliadospuebla.com\\\/\",\"name\":\"AliadosPuebla\",\"description\":\"La informaci\u00f3n en tus manos\",\"potentialAction\":[{\"@type\":\"SearchAction\",\"target\":{\"@type\":\"EntryPoint\",\"urlTemplate\":\"https:\\\/\\\/www.aliadospuebla.com\\\/?s={search_term_string}\"},\"query-input\":{\"@type\":\"PropertyValueSpecification\",\"valueRequired\":true,\"valueName\":\"search_term_string\"}}],\"inLanguage\":\"es\"},{\"@type\":\"Person\",\"@id\":\"https:\\\/\\\/www.aliadospuebla.com\\\/#\\\/schema\\\/person\\\/5da7dd09320bd4f392b710017ed5f8ad\",\"name\":\"Aliados17\",\"image\":{\"@type\":\"ImageObject\",\"inLanguage\":\"es\",\"@id\":\"https:\\\/\\\/www.aliadospuebla.com\\\/web2017\\\/wp-content\\\/uploads\\\/2025\\\/03\\\/cropped-para-perfil-8-anos-1-96x96.jpg\",\"url\":\"https:\\\/\\\/www.aliadospuebla.com\\\/web2017\\\/wp-content\\\/uploads\\\/2025\\\/03\\\/cropped-para-perfil-8-anos-1-96x96.jpg\",\"contentUrl\":\"https:\\\/\\\/www.aliadospuebla.com\\\/web2017\\\/wp-content\\\/uploads\\\/2025\\\/03\\\/cropped-para-perfil-8-anos-1-96x96.jpg\",\"caption\":\"Aliados17\"},\"sameAs\":[\"https:\\\/\\\/www.aliados17.com\",\"https:\\\/\\\/www.facebook.com\\\/Aliados17Pue\",\"https:\\\/\\\/x.com\\\/AliadosPuebla\"],\"url\":\"https:\\\/\\\/www.aliadospuebla.com\\\/?author=2\"}]}<\/script>\n<!-- \/ Yoast SEO plugin. -->","yoast_head_json":{"title":"Tonantzin Fern\u00e1ndez da inicio a las celebraciones de la Feria Milenaria con tradicional Cabalgata - AliadosPuebla","robots":{"index":"index","follow":"follow","max-snippet":"max-snippet:-1","max-image-preview":"max-image-preview:large","max-video-preview":"max-video-preview:-1"},"canonical":"https:\/\/www.aliadospuebla.com\/?p=116824","og_locale":"es_ES","og_type":"article","og_title":"Tonantzin Fern\u00e1ndez da inicio a las celebraciones de la Feria Milenaria con tradicional Cabalgata - AliadosPuebla","og_description":"M\u00e1s de 200 jinetes participaron en el recorrido que marca el inicio de la Feria Milenaria \u201cTradici\u00f3n que Trasciende\u201d San Pedro Cholula, Pue. \u2013 Como parte de las actividades que dan inicio a la Gran Feria Milenaria de San Pedro Cholula, la presidenta municipal, Tonantzin Fern\u00e1ndez, encabez\u00f3 la tradicional cabalgata, en la que participaron m\u00e1s de 200 jinetes que recorrieron distintos puntos del municipio. En punto de las 10:00 horas de este s\u00e1bado, las y los participantes se dieron cita en el cruce de las calles 11 Oriente y 4 Sur, donde comenz\u00f3 el recorrido que marca el arranque de las actividades de esta celebraci\u00f3n, una de las tradiciones m\u00e1s representativas de San Pedro Cholula. La cabalgata avanz\u00f3 por calles de la Cabecera Municipal y&hellip;Leer m\u00e1s...","og_url":"https:\/\/www.aliadospuebla.com\/?p=116824","og_site_name":"AliadosPuebla","article_author":"https:\/\/www.facebook.com\/Aliados17Pue","article_published_time":"2026-08-31T05:11:45+00:00","og_image":[{"width":600,"height":450,"url":"https:\/\/www.aliadospuebla.com\/web2017\/wp-content\/uploads\/2026\/08\/201.jpg","type":"image\/jpeg"}],"author":"Aliados17","twitter_card":"summary_large_image","twitter_creator":"@AliadosPuebla","twitter_misc":{"Escrito por":"Aliados17","Tiempo de lectura":"2 minutos"},"schema":{"@context":"https:\/\/schema.org","@graph":[{"@type":"Article","@id":"https:\/\/www.aliadospuebla.com\/?p=116824#article","isPartOf":{"@id":"https:\/\/www.aliadospuebla.com\/?p=116824"},"author":{"name":"Aliados17","@id":"https:\/\/www.aliadospuebla.com\/#\/schema\/person\/5da7dd09320bd4f392b710017ed5f8ad"},"headline":"Tonantzin Fern\u00e1ndez da inicio a las celebraciones de la Feria Milenaria con tradicional Cabalgata","datePublished":"2026-08-31T05:11:45+00:00","mainEntityOfPage":{"@id":"https:\/\/www.aliadospuebla.com\/?p=116824"},"wordCount":361,"commentCount":0,"image":{"@id":"https:\/\/www.aliadospuebla.com\/?p=116824#primaryimage"},"thumbnailUrl":"https:\/\/www.aliadospuebla.com\/web2017\/wp-content\/uploads\/2026\/08\/201.jpg","keywords":["Gran Feria Milenaria","SAN PEDRO CHOLULA","TONANTZIN FERN\u00c1NDEZ","tradicional cabalgata"],"articleSection":["Municipios"],"inLanguage":"es","potentialAction":[{"@type":"CommentAction","name":"Comment","target":["https:\/\/www.aliadospuebla.com\/?p=116824#respond"]}]},{"@type":"WebPage","@id":"https:\/\/www.aliadospuebla.com\/?p=116824","url":"https:\/\/www.aliadospuebla.com\/?p=116824","name":"Tonantzin Fern\u00e1ndez da inicio a las celebraciones de la Feria Milenaria con tradicional Cabalgata - AliadosPuebla","isPartOf":{"@id":"https:\/\/www.aliadospuebla.com\/#website"},"primaryImageOfPage":{"@id":"https:\/\/www.aliadospuebla.com\/?p=116824#primaryimage"},"image":{"@id":"https:\/\/www.aliadospuebla.com\/?p=116824#primaryimage"},"thumbnailUrl":"https:\/\/www.aliadospuebla.com\/web2017\/wp-content\/uploads\/2026\/08\/201.jpg","datePublished":"2026-08-31T05:11:45+00:00","author":{"@id":"https:\/\/www.aliadospuebla.com\/#\/schema\/person\/5da7dd09320bd4f392b710017ed5f8ad"},"breadcrumb":{"@id":"https:\/\/www.aliadospuebla.com\/?p=116824#breadcrumb"},"inLanguage":"es","potentialAction":[{"@type":"ReadAction","target":["https:\/\/www.aliadospuebla.com\/?p=116824"]}]},{"@type":"ImageObject","inLanguage":"es","@id":"https:\/\/www.aliadospuebla.com\/?p=116824#primaryimage","url":"https:\/\/www.aliadospuebla.com\/web2017\/wp-content\/uploads\/2026\/08\/201.jpg","contentUrl":"https:\/\/www.aliadospuebla.com\/web2017\/wp-content\/uploads\/2026\/08\/201.jpg","width":600,"height":450},{"@type":"BreadcrumbList","@id":"https:\/\/www.aliadospuebla.com\/?p=116824#breadcrumb","itemListElement":[{"@type":"ListItem","position":1,"name":"Portada","item":"https:\/\/www.aliadospuebla.com\/"},{"@type":"ListItem","position":2,"name":"Tonantzin Fern\u00e1ndez da inicio a las celebraciones de la Feria Milenaria con tradicional Cabalgata"}]},{"@type":"WebSite","@id":"https:\/\/www.aliadospuebla.com\/#website","url":"https:\/\/www.aliadospuebla.com\/","name":"AliadosPuebla","description":"La informaci\u00f3n en tus manos","potentialAction":[{"@type":"SearchAction","target":{"@type":"EntryPoint","urlTemplate":"https:\/\/www.aliadospuebla.com\/?s={search_term_string}"},"query-input":{"@type":"PropertyValueSpecification","valueRequired":true,"valueName":"search_term_string"}}],"inLanguage":"es"},{"@type":"Person","@id":"https:\/\/www.aliadospuebla.com\/#\/schema\/person\/5da7dd09320bd4f392b710017ed5f8ad","name":"Aliados17","image":{"@type":"ImageObject","inLanguage":"es","@id":"https:\/\/www.aliadospuebla.com\/web2017\/wp-content\/uploads\/2025\/03\/cropped-para-perfil-8-anos-1-96x96.jpg","url":"https:\/\/www.aliadospuebla.com\/web2017\/wp-content\/uploads\/2025\/03\/cropped-para-perfil-8-anos-1-96x96.jpg","contentUrl":"https:\/\/www.aliadospuebla.com\/web2017\/wp-content\/uploads\/2025\/03\/cropped-para-perfil-8-anos-1-96x96.jpg","caption":"Aliados17"},"sameAs":["https:\/\/www.aliados17.com","https:\/\/www.facebook.com\/Aliados17Pue","https:\/\/x.com\/AliadosPuebla"],"url":"https:\/\/www.aliadospuebla.com\/?author=2"}]}},"views":7,"_links":{"self":[{"href":"https:\/\/www.aliadospuebla.com\/index.php?rest_route=\/wp\/v2\/posts\/116824","targetHints":{"allow":["GET"]}}],"collection":[{"href":"https:\/\/www.aliadospuebla.com\/index.php?rest_route=\/wp\/v2\/posts"}],"about":[{"href":"https:\/\/www.aliadospuebla.com\/index.php?rest_route=\/wp\/v2\/types\/post"}],"author":[{"embeddable":true,"href":"https:\/\/www.aliadospuebla.com\/index.php?rest_route=\/wp\/v2\/users\/2"}],"replies":[{"embeddable":true,"href":"https:\/\/www.aliadospuebla.com\/index.php?rest_route=%2Fwp%2Fv2%2Fcomments&post=116824"}],"version-history":[{"count":1,"href":"https:\/\/www.aliadospuebla.com\/index.php?rest_route=\/wp\/v2\/posts\/116824\/revisions"}],"predecessor-version":[{"id":116826,"href":"https:\/\/www.aliadospuebla.com\/index.php?rest_route=\/wp\/v2\/posts\/116824\/revisions\/116826"}],"wp:featuredmedia":[{"embeddable":true,"href":"https:\/\/www.aliadospuebla.com\/index.php?rest_route=\/wp\/v2\/media\/116825"}],"wp:attachment":[{"href":"https:\/\/www.aliadospuebla.com\/index.php?rest_route=%2Fwp%2Fv2%2Fmedia&parent=116824"}],"wp:term":[{"taxonomy":"category","embeddable":true,"href":"https:\/\/www.aliadospuebla.com\/index.php?rest_route=%2Fwp%2Fv2%2Fcategories&post=116824"},{"taxonomy":"post_tag","embeddable":true,"href":"https:\/\/www.aliadospuebla.com\/index.php?rest_route=%2Fwp%2Fv2%2Ftags&post=116824"}],"curies":[{"name":"wp","href":"https:\/\/api.w.org\/{rel}","templated":true}]}}