{"id":116818,"date":"2026-08-30T22:26:21","date_gmt":"2026-08-31T04:26:21","guid":{"rendered":"https:\/\/www.aliadospuebla.com\/?p=116818"},"modified":"2026-08-30T22:26:21","modified_gmt":"2026-08-31T04:26:21","slug":"en-san-miguel-canoa-se-realizo-la-asamblea-regional-con-el-pueblo-nahua-en-el-marco-de-la-consulta-de-la-ley-general-de-derechos-de-los-pueblos-indigenas","status":"publish","type":"post","link":"https:\/\/www.aliadospuebla.com\/?p=116818","title":{"rendered":"En San Miguel Canoa se realiz\u00f3 la Asamblea Regional con el Pueblo Nahua en el marco de  la Consulta de la Ley General de Derechos de los Pueblos Ind\u00edgenas"},"content":{"rendered":"<h4><em>El diputado P\u00e1vel Gaspar Ram\u00edrez particip\u00f3 en la Primera Asamblea Regional con el Pueblo Nahua<\/em><\/h4>\n<p>El diputado P\u00e1vel Gaspar Ram\u00edrez, presidente de la Junta de Gobierno y Coordinaci\u00f3n Pol\u00edtica<\/p>\n<p>del Congreso del Estado, particip\u00f3 en la Asamblea Regional del Pueblo Nahua,<\/p>\n<p>como parte del Di\u00e1logo y Consulta Previa, Libre e Informada sobre la propuesta<\/p>\n<p>de Iniciativa de la Ley General de Derechos de los Pueblos Ind\u00edgenas y Afromexicanos,<\/p>\n<p>que se llev\u00f3 a cabo en la Junta Auxiliar de San Miguel Canoa, perteneciente al municipio de Puebla.<\/p>\n<p>El encuentro, convocado por el Gobierno de M\u00e9xico a trav\u00e9s del Instituto Nacional<\/p>\n<p>de los Pueblos Ind\u00edgenas (INPI), tuvo como prop\u00f3sito escuchar a las comunidades<\/p>\n<p>y dar cumplimiento a lo establecido en el art\u00edculo 2.\u00ba constitucional para reconocer plenamente a los pueblos ind\u00edgenas y afromexicanos como sujetos colectivos de derecho, con capacidad jur\u00eddica plena.<\/p>\n<p>&nbsp;<\/p>\n<p>Durante su intervenci\u00f3n, el diputado P\u00e1vel Gaspar Ram\u00edrez destac\u00f3 que estas acciones representan un hecho hist\u00f3rico para los pueblos ind\u00edgenas de Puebla, al considerar que este ejercicio de consulta es resultado de una lucha hist\u00f3rica por el reconocimiento de sus derechos.<\/p>\n<p>&nbsp;<\/p>\n<p>\u201cHoy estamos haciendo historia; hoy se reivindica esa lucha de todas nuestras hermanas y hermanos\u201d, afirm\u00f3 el diputado, tras destacar el trabajo del Gobierno Federal para fortalecer este proceso mediante la consulta directa a las comunidades.<\/p>\n<p>&nbsp;<\/p>\n<p>Finalmente, Gaspar Ram\u00edrez refrend\u00f3 el compromiso de acompa\u00f1ar los procesos de di\u00e1logo y consulta con las comunidades ind\u00edgenas y de impulsar, desde el Congreso del Estado, acciones que contribuyan al reconocimiento, respeto y ejercicio pleno de sus derechos.<\/p>\n","protected":false},"excerpt":{"rendered":"<p>El diputado P\u00e1vel Gaspar Ram\u00edrez particip\u00f3 en la Primera Asamblea Regional con el Pueblo Nahua El diputado P\u00e1vel Gaspar Ram\u00edrez, presidente de la Junta de Gobierno y Coordinaci\u00f3n Pol\u00edtica del Congreso del Estado, particip\u00f3 en la Asamblea Regional del Pueblo Nahua, como parte del Di\u00e1logo y Consulta Previa, Libre e Informada sobre la propuesta de Iniciativa de la Ley General de Derechos de los Pueblos Ind\u00edgenas y Afromexicanos, que se llev\u00f3 a cabo en la Junta Auxiliar de San Miguel Canoa, perteneciente al municipio de Puebla. El encuentro, convocado por el Gobierno de M\u00e9xico a trav\u00e9s del Instituto Nacional de los Pueblos Ind\u00edgenas (INPI), tuvo como prop\u00f3sito escuchar a las comunidades y dar cumplimiento a lo establecido en el art\u00edculo 2.\u00ba constitucional para reconocer plenamente&hellip;<\/p>\n<p class=\"excerpt-more\"><a class=\"blog-excerpt button\" href=\"https:\/\/www.aliadospuebla.com\/?p=116818\">Leer m\u00e1s&#8230;<\/a><\/p>\n","protected":false},"author":2,"featured_media":116819,"comment_status":"open","ping_status":"open","sticky":false,"template":"","format":"standard","meta":{"_monsterinsights_skip_tracking":false,"footnotes":""},"categories":[6],"tags":[34900,24279,3802,24915,34901,1646],"class_list":["post-116818","post","type-post","status-publish","format-standard","has-post-thumbnail","hentry","category-politica","tag-asamblea-regional","tag-derechos-de-los-pueblos-indigenas","tag-dialogo","tag-pavel-gaspar-ramirez","tag-pueblo-nahua","tag-san-miguel-canoa"],"yoast_head":"<!-- This site is optimized with the Yoast SEO plugin v28.4 - https:\/\/yoast.com\/product\/yoast-seo-wordpress\/ -->\n<title>En San Miguel Canoa se realiz\u00f3 la Asamblea Regional con el Pueblo Nahua en el marco de la Consulta de la Ley General de Derechos de los Pueblos Ind\u00edgenas - AliadosPuebla<\/title>\n<meta name=\"robots\" content=\"index, follow, max-snippet:-1, max-image-preview:large, max-video-preview:-1\" \/>\n<link rel=\"canonical\" href=\"https:\/\/www.aliadospuebla.com\/?p=116818\" \/>\n<meta property=\"og:locale\" content=\"es_ES\" \/>\n<meta property=\"og:type\" content=\"article\" \/>\n<meta property=\"og:title\" content=\"En San Miguel Canoa se realiz\u00f3 la Asamblea Regional con el Pueblo Nahua en el marco de la Consulta de la Ley General de Derechos de los Pueblos Ind\u00edgenas - AliadosPuebla\" \/>\n<meta property=\"og:description\" content=\"El diputado P\u00e1vel Gaspar Ram\u00edrez particip\u00f3 en la Primera Asamblea Regional con el Pueblo Nahua El diputado P\u00e1vel Gaspar Ram\u00edrez, presidente de la Junta de Gobierno y Coordinaci\u00f3n Pol\u00edtica del Congreso del Estado, particip\u00f3 en la Asamblea Regional del Pueblo Nahua, como parte del Di\u00e1logo y Consulta Previa, Libre e Informada sobre la propuesta de Iniciativa de la Ley General de Derechos de los Pueblos Ind\u00edgenas y Afromexicanos, que se llev\u00f3 a cabo en la Junta Auxiliar de San Miguel Canoa, perteneciente al municipio de Puebla. El encuentro, convocado por el Gobierno de M\u00e9xico a trav\u00e9s del Instituto Nacional de los Pueblos Ind\u00edgenas (INPI), tuvo como prop\u00f3sito escuchar a las comunidades y dar cumplimiento a lo establecido en el art\u00edculo 2.\u00ba constitucional para reconocer plenamente&hellip;Leer m\u00e1s...\" \/>\n<meta property=\"og:url\" content=\"https:\/\/www.aliadospuebla.com\/?p=116818\" \/>\n<meta property=\"og:site_name\" content=\"AliadosPuebla\" \/>\n<meta property=\"article:author\" content=\"https:\/\/www.facebook.com\/Aliados17Pue\" \/>\n<meta property=\"article:published_time\" content=\"2026-08-31T04:26:21+00:00\" \/>\n<meta property=\"og:image\" content=\"https:\/\/www.aliadospuebla.com\/web2017\/wp-content\/uploads\/2026\/08\/199.jpg\" \/>\n\t<meta property=\"og:image:width\" content=\"600\" \/>\n\t<meta property=\"og:image:height\" content=\"450\" \/>\n\t<meta property=\"og:image:type\" content=\"image\/jpeg\" \/>\n<meta name=\"author\" content=\"Aliados17\" \/>\n<meta name=\"twitter:card\" content=\"summary_large_image\" \/>\n<meta name=\"twitter:creator\" content=\"@AliadosPuebla\" \/>\n<meta name=\"twitter:label1\" content=\"Escrito por\" \/>\n\t<meta name=\"twitter:data1\" content=\"Aliados17\" \/>\n\t<meta name=\"twitter:label2\" content=\"Tiempo de lectura\" \/>\n\t<meta name=\"twitter:data2\" content=\"2 minutos\" \/>\n<script type=\"application\/ld+json\" class=\"yoast-schema-graph\">{\"@context\":\"https:\\\/\\\/schema.org\",\"@graph\":[{\"@type\":\"Article\",\"@id\":\"https:\\\/\\\/www.aliadospuebla.com\\\/?p=116818#article\",\"isPartOf\":{\"@id\":\"https:\\\/\\\/www.aliadospuebla.com\\\/?p=116818\"},\"author\":{\"name\":\"Aliados17\",\"@id\":\"https:\\\/\\\/www.aliadospuebla.com\\\/#\\\/schema\\\/person\\\/5da7dd09320bd4f392b710017ed5f8ad\"},\"headline\":\"En San Miguel Canoa se realiz\u00f3 la Asamblea Regional con el Pueblo Nahua en el marco de la Consulta de la Ley General de Derechos de los Pueblos Ind\u00edgenas\",\"datePublished\":\"2026-08-31T04:26:21+00:00\",\"mainEntityOfPage\":{\"@id\":\"https:\\\/\\\/www.aliadospuebla.com\\\/?p=116818\"},\"wordCount\":312,\"commentCount\":0,\"image\":{\"@id\":\"https:\\\/\\\/www.aliadospuebla.com\\\/?p=116818#primaryimage\"},\"thumbnailUrl\":\"https:\\\/\\\/www.aliadospuebla.com\\\/web2017\\\/wp-content\\\/uploads\\\/2026\\\/08\\\/199.jpg\",\"keywords\":[\"Asamblea Regional\",\"Derechos de los pueblos ind\u00edgenas\",\"DI\u00c1LOGO\",\"P\u00e1vel Gaspar Ram\u00edrez\",\"Pueblo Nahua\",\"SAN MIGUEL CANOA\"],\"articleSection\":[\"Pol\u00edtica\"],\"inLanguage\":\"es\",\"potentialAction\":[{\"@type\":\"CommentAction\",\"name\":\"Comment\",\"target\":[\"https:\\\/\\\/www.aliadospuebla.com\\\/?p=116818#respond\"]}]},{\"@type\":\"WebPage\",\"@id\":\"https:\\\/\\\/www.aliadospuebla.com\\\/?p=116818\",\"url\":\"https:\\\/\\\/www.aliadospuebla.com\\\/?p=116818\",\"name\":\"En San Miguel Canoa se realiz\u00f3 la Asamblea Regional con el Pueblo Nahua en el marco de la Consulta de la Ley General de Derechos de los Pueblos Ind\u00edgenas - AliadosPuebla\",\"isPartOf\":{\"@id\":\"https:\\\/\\\/www.aliadospuebla.com\\\/#website\"},\"primaryImageOfPage\":{\"@id\":\"https:\\\/\\\/www.aliadospuebla.com\\\/?p=116818#primaryimage\"},\"image\":{\"@id\":\"https:\\\/\\\/www.aliadospuebla.com\\\/?p=116818#primaryimage\"},\"thumbnailUrl\":\"https:\\\/\\\/www.aliadospuebla.com\\\/web2017\\\/wp-content\\\/uploads\\\/2026\\\/08\\\/199.jpg\",\"datePublished\":\"2026-08-31T04:26:21+00:00\",\"author\":{\"@id\":\"https:\\\/\\\/www.aliadospuebla.com\\\/#\\\/schema\\\/person\\\/5da7dd09320bd4f392b710017ed5f8ad\"},\"breadcrumb\":{\"@id\":\"https:\\\/\\\/www.aliadospuebla.com\\\/?p=116818#breadcrumb\"},\"inLanguage\":\"es\",\"potentialAction\":[{\"@type\":\"ReadAction\",\"target\":[\"https:\\\/\\\/www.aliadospuebla.com\\\/?p=116818\"]}]},{\"@type\":\"ImageObject\",\"inLanguage\":\"es\",\"@id\":\"https:\\\/\\\/www.aliadospuebla.com\\\/?p=116818#primaryimage\",\"url\":\"https:\\\/\\\/www.aliadospuebla.com\\\/web2017\\\/wp-content\\\/uploads\\\/2026\\\/08\\\/199.jpg\",\"contentUrl\":\"https:\\\/\\\/www.aliadospuebla.com\\\/web2017\\\/wp-content\\\/uploads\\\/2026\\\/08\\\/199.jpg\",\"width\":600,\"height\":450},{\"@type\":\"BreadcrumbList\",\"@id\":\"https:\\\/\\\/www.aliadospuebla.com\\\/?p=116818#breadcrumb\",\"itemListElement\":[{\"@type\":\"ListItem\",\"position\":1,\"name\":\"Portada\",\"item\":\"https:\\\/\\\/www.aliadospuebla.com\\\/\"},{\"@type\":\"ListItem\",\"position\":2,\"name\":\"En San Miguel Canoa se realiz\u00f3 la Asamblea Regional con el Pueblo Nahua en el marco de la Consulta de la Ley General de Derechos de los Pueblos Ind\u00edgenas\"}]},{\"@type\":\"WebSite\",\"@id\":\"https:\\\/\\\/www.aliadospuebla.com\\\/#website\",\"url\":\"https:\\\/\\\/www.aliadospuebla.com\\\/\",\"name\":\"AliadosPuebla\",\"description\":\"La informaci\u00f3n en tus manos\",\"potentialAction\":[{\"@type\":\"SearchAction\",\"target\":{\"@type\":\"EntryPoint\",\"urlTemplate\":\"https:\\\/\\\/www.aliadospuebla.com\\\/?s={search_term_string}\"},\"query-input\":{\"@type\":\"PropertyValueSpecification\",\"valueRequired\":true,\"valueName\":\"search_term_string\"}}],\"inLanguage\":\"es\"},{\"@type\":\"Person\",\"@id\":\"https:\\\/\\\/www.aliadospuebla.com\\\/#\\\/schema\\\/person\\\/5da7dd09320bd4f392b710017ed5f8ad\",\"name\":\"Aliados17\",\"image\":{\"@type\":\"ImageObject\",\"inLanguage\":\"es\",\"@id\":\"https:\\\/\\\/www.aliadospuebla.com\\\/web2017\\\/wp-content\\\/uploads\\\/2025\\\/03\\\/cropped-para-perfil-8-anos-1-96x96.jpg\",\"url\":\"https:\\\/\\\/www.aliadospuebla.com\\\/web2017\\\/wp-content\\\/uploads\\\/2025\\\/03\\\/cropped-para-perfil-8-anos-1-96x96.jpg\",\"contentUrl\":\"https:\\\/\\\/www.aliadospuebla.com\\\/web2017\\\/wp-content\\\/uploads\\\/2025\\\/03\\\/cropped-para-perfil-8-anos-1-96x96.jpg\",\"caption\":\"Aliados17\"},\"sameAs\":[\"https:\\\/\\\/www.aliados17.com\",\"https:\\\/\\\/www.facebook.com\\\/Aliados17Pue\",\"https:\\\/\\\/x.com\\\/AliadosPuebla\"],\"url\":\"https:\\\/\\\/www.aliadospuebla.com\\\/?author=2\"}]}<\/script>\n<!-- \/ Yoast SEO plugin. -->","yoast_head_json":{"title":"En San Miguel Canoa se realiz\u00f3 la Asamblea Regional con el Pueblo Nahua en el marco de la Consulta de la Ley General de Derechos de los Pueblos Ind\u00edgenas - AliadosPuebla","robots":{"index":"index","follow":"follow","max-snippet":"max-snippet:-1","max-image-preview":"max-image-preview:large","max-video-preview":"max-video-preview:-1"},"canonical":"https:\/\/www.aliadospuebla.com\/?p=116818","og_locale":"es_ES","og_type":"article","og_title":"En San Miguel Canoa se realiz\u00f3 la Asamblea Regional con el Pueblo Nahua en el marco de la Consulta de la Ley General de Derechos de los Pueblos Ind\u00edgenas - AliadosPuebla","og_description":"El diputado P\u00e1vel Gaspar Ram\u00edrez particip\u00f3 en la Primera Asamblea Regional con el Pueblo Nahua El diputado P\u00e1vel Gaspar Ram\u00edrez, presidente de la Junta de Gobierno y Coordinaci\u00f3n Pol\u00edtica del Congreso del Estado, particip\u00f3 en la Asamblea Regional del Pueblo Nahua, como parte del Di\u00e1logo y Consulta Previa, Libre e Informada sobre la propuesta de Iniciativa de la Ley General de Derechos de los Pueblos Ind\u00edgenas y Afromexicanos, que se llev\u00f3 a cabo en la Junta Auxiliar de San Miguel Canoa, perteneciente al municipio de Puebla. El encuentro, convocado por el Gobierno de M\u00e9xico a trav\u00e9s del Instituto Nacional de los Pueblos Ind\u00edgenas (INPI), tuvo como prop\u00f3sito escuchar a las comunidades y dar cumplimiento a lo establecido en el art\u00edculo 2.\u00ba constitucional para reconocer plenamente&hellip;Leer m\u00e1s...","og_url":"https:\/\/www.aliadospuebla.com\/?p=116818","og_site_name":"AliadosPuebla","article_author":"https:\/\/www.facebook.com\/Aliados17Pue","article_published_time":"2026-08-31T04:26:21+00:00","og_image":[{"width":600,"height":450,"url":"https:\/\/www.aliadospuebla.com\/web2017\/wp-content\/uploads\/2026\/08\/199.jpg","type":"image\/jpeg"}],"author":"Aliados17","twitter_card":"summary_large_image","twitter_creator":"@AliadosPuebla","twitter_misc":{"Escrito por":"Aliados17","Tiempo de lectura":"2 minutos"},"schema":{"@context":"https:\/\/schema.org","@graph":[{"@type":"Article","@id":"https:\/\/www.aliadospuebla.com\/?p=116818#article","isPartOf":{"@id":"https:\/\/www.aliadospuebla.com\/?p=116818"},"author":{"name":"Aliados17","@id":"https:\/\/www.aliadospuebla.com\/#\/schema\/person\/5da7dd09320bd4f392b710017ed5f8ad"},"headline":"En San Miguel Canoa se realiz\u00f3 la Asamblea Regional con el Pueblo Nahua en el marco de la Consulta de la Ley General de Derechos de los Pueblos Ind\u00edgenas","datePublished":"2026-08-31T04:26:21+00:00","mainEntityOfPage":{"@id":"https:\/\/www.aliadospuebla.com\/?p=116818"},"wordCount":312,"commentCount":0,"image":{"@id":"https:\/\/www.aliadospuebla.com\/?p=116818#primaryimage"},"thumbnailUrl":"https:\/\/www.aliadospuebla.com\/web2017\/wp-content\/uploads\/2026\/08\/199.jpg","keywords":["Asamblea Regional","Derechos de los pueblos ind\u00edgenas","DI\u00c1LOGO","P\u00e1vel Gaspar Ram\u00edrez","Pueblo Nahua","SAN MIGUEL CANOA"],"articleSection":["Pol\u00edtica"],"inLanguage":"es","potentialAction":[{"@type":"CommentAction","name":"Comment","target":["https:\/\/www.aliadospuebla.com\/?p=116818#respond"]}]},{"@type":"WebPage","@id":"https:\/\/www.aliadospuebla.com\/?p=116818","url":"https:\/\/www.aliadospuebla.com\/?p=116818","name":"En San Miguel Canoa se realiz\u00f3 la Asamblea Regional con el Pueblo Nahua en el marco de la Consulta de la Ley General de Derechos de los Pueblos Ind\u00edgenas - AliadosPuebla","isPartOf":{"@id":"https:\/\/www.aliadospuebla.com\/#website"},"primaryImageOfPage":{"@id":"https:\/\/www.aliadospuebla.com\/?p=116818#primaryimage"},"image":{"@id":"https:\/\/www.aliadospuebla.com\/?p=116818#primaryimage"},"thumbnailUrl":"https:\/\/www.aliadospuebla.com\/web2017\/wp-content\/uploads\/2026\/08\/199.jpg","datePublished":"2026-08-31T04:26:21+00:00","author":{"@id":"https:\/\/www.aliadospuebla.com\/#\/schema\/person\/5da7dd09320bd4f392b710017ed5f8ad"},"breadcrumb":{"@id":"https:\/\/www.aliadospuebla.com\/?p=116818#breadcrumb"},"inLanguage":"es","potentialAction":[{"@type":"ReadAction","target":["https:\/\/www.aliadospuebla.com\/?p=116818"]}]},{"@type":"ImageObject","inLanguage":"es","@id":"https:\/\/www.aliadospuebla.com\/?p=116818#primaryimage","url":"https:\/\/www.aliadospuebla.com\/web2017\/wp-content\/uploads\/2026\/08\/199.jpg","contentUrl":"https:\/\/www.aliadospuebla.com\/web2017\/wp-content\/uploads\/2026\/08\/199.jpg","width":600,"height":450},{"@type":"BreadcrumbList","@id":"https:\/\/www.aliadospuebla.com\/?p=116818#breadcrumb","itemListElement":[{"@type":"ListItem","position":1,"name":"Portada","item":"https:\/\/www.aliadospuebla.com\/"},{"@type":"ListItem","position":2,"name":"En San Miguel Canoa se realiz\u00f3 la Asamblea Regional con el Pueblo Nahua en el marco de la Consulta de la Ley General de Derechos de los Pueblos Ind\u00edgenas"}]},{"@type":"WebSite","@id":"https:\/\/www.aliadospuebla.com\/#website","url":"https:\/\/www.aliadospuebla.com\/","name":"AliadosPuebla","description":"La informaci\u00f3n en tus manos","potentialAction":[{"@type":"SearchAction","target":{"@type":"EntryPoint","urlTemplate":"https:\/\/www.aliadospuebla.com\/?s={search_term_string}"},"query-input":{"@type":"PropertyValueSpecification","valueRequired":true,"valueName":"search_term_string"}}],"inLanguage":"es"},{"@type":"Person","@id":"https:\/\/www.aliadospuebla.com\/#\/schema\/person\/5da7dd09320bd4f392b710017ed5f8ad","name":"Aliados17","image":{"@type":"ImageObject","inLanguage":"es","@id":"https:\/\/www.aliadospuebla.com\/web2017\/wp-content\/uploads\/2025\/03\/cropped-para-perfil-8-anos-1-96x96.jpg","url":"https:\/\/www.aliadospuebla.com\/web2017\/wp-content\/uploads\/2025\/03\/cropped-para-perfil-8-anos-1-96x96.jpg","contentUrl":"https:\/\/www.aliadospuebla.com\/web2017\/wp-content\/uploads\/2025\/03\/cropped-para-perfil-8-anos-1-96x96.jpg","caption":"Aliados17"},"sameAs":["https:\/\/www.aliados17.com","https:\/\/www.facebook.com\/Aliados17Pue","https:\/\/x.com\/AliadosPuebla"],"url":"https:\/\/www.aliadospuebla.com\/?author=2"}]}},"views":5,"_links":{"self":[{"href":"https:\/\/www.aliadospuebla.com\/index.php?rest_route=\/wp\/v2\/posts\/116818","targetHints":{"allow":["GET"]}}],"collection":[{"href":"https:\/\/www.aliadospuebla.com\/index.php?rest_route=\/wp\/v2\/posts"}],"about":[{"href":"https:\/\/www.aliadospuebla.com\/index.php?rest_route=\/wp\/v2\/types\/post"}],"author":[{"embeddable":true,"href":"https:\/\/www.aliadospuebla.com\/index.php?rest_route=\/wp\/v2\/users\/2"}],"replies":[{"embeddable":true,"href":"https:\/\/www.aliadospuebla.com\/index.php?rest_route=%2Fwp%2Fv2%2Fcomments&post=116818"}],"version-history":[{"count":1,"href":"https:\/\/www.aliadospuebla.com\/index.php?rest_route=\/wp\/v2\/posts\/116818\/revisions"}],"predecessor-version":[{"id":116820,"href":"https:\/\/www.aliadospuebla.com\/index.php?rest_route=\/wp\/v2\/posts\/116818\/revisions\/116820"}],"wp:featuredmedia":[{"embeddable":true,"href":"https:\/\/www.aliadospuebla.com\/index.php?rest_route=\/wp\/v2\/media\/116819"}],"wp:attachment":[{"href":"https:\/\/www.aliadospuebla.com\/index.php?rest_route=%2Fwp%2Fv2%2Fmedia&parent=116818"}],"wp:term":[{"taxonomy":"category","embeddable":true,"href":"https:\/\/www.aliadospuebla.com\/index.php?rest_route=%2Fwp%2Fv2%2Fcategories&post=116818"},{"taxonomy":"post_tag","embeddable":true,"href":"https:\/\/www.aliadospuebla.com\/index.php?rest_route=%2Fwp%2Fv2%2Ftags&post=116818"}],"curies":[{"name":"wp","href":"https:\/\/api.w.org\/{rel}","templated":true}]}}